{"id":20587,"date":"2016-01-21T20:26:44","date_gmt":"2016-01-22T02:26:44","guid":{"rendered":"http:\/\/www.lospoliticosveracruz.com.mx\/?p=20587"},"modified":"2016-01-21T20:26:44","modified_gmt":"2016-01-22T02:26:44","slug":"el-mentiroso-erick-lagos","status":"publish","type":"post","link":"https:\/\/lospoliticosveracruz.com\/?p=20587","title":{"rendered":"El mentiroso \u00c9rick Lagos"},"content":{"rendered":"<blockquote><p><a href=\"http:\/\/www.lospoliticosveracruz.com.mx\/wp-content\/uploads\/2014\/12\/Erick-Lagos1.jpg\"><img loading=\"lazy\" decoding=\"async\" class=\"alignnone size-medium wp-image-14098\" src=\"http:\/\/www.lospoliticosveracruz.com.mx\/wp-content\/uploads\/2014\/12\/Erick-Lagos1-300x210.jpg\" alt=\"Erick Lagos\" width=\"300\" height=\"210\" \/><\/a><\/p>\n<p>\u00bfY\u00a0\u00e9ste quiere ser coordinador de campa\u00f1a de H\u00e9ctor?<\/p><\/blockquote>\n<p><strong>Armando Ortiz<\/strong><\/p>\n<p><em>El Hijo Pr\u00f3digo<\/em><\/p>\n<p>En una reuni\u00f3n de trabajo de la Comisi\u00f3n de Gobernaci\u00f3n, Puntos Constitucionales y Justicia realizada el d\u00eda 20 de enero, el diputado moderador dijo que se estaba analizando un punto de acuerdo por el que se condenaban las agresiones policiacas consumadas contra pensionados y jubilados de Veracruz, suscrita por el senador Fernando Yunes M\u00e1rquez y al que se sumaron la diputada Roc\u00edo Nahle y el diputado Cuitl\u00e1huac Garc\u00eda.<br \/>\nSeg\u00fan nota del peri\u00f3dico La Jornada los diputados \u201cpiden que la Comisi\u00f3n Permanente del Congreso de la Uni\u00f3n exhorte a la Comisi\u00f3n Nacional de Derechos Humanos (CNDH) a que investigue la agresi\u00f3n contra jubilados y pensionados y se finquen las responsabilidades administrativas y penales, seg\u00fan sea el caso\u201d En ese mismo acuerdo se exhorta a que el Congreso de Veracruz \u201cvigile el cumplimiento de las obligaciones que tiene la entidad con sus pensionados y jubilados se les pague oportunamente\u201d.<br \/>\nEn esa reuni\u00f3n de trabajo particip\u00f3 el diputado \u00c9rick Lagos quien, con voz tartajeante, paso de la justificaci\u00f3n del hecho a la negaci\u00f3n total de lo ocurrido.<br \/>\nEn primer lugar el diputado \u00c9rick Lagos dijo que la propuesta de dictamen la conoci\u00f3 apenas en ese d\u00eda, despu\u00e9s se\u00f1al\u00f3 que la propuesta es incongruente porque seg\u00fan \u00e9l las acciones que ocurrieron no son como se detallan en el documento. El diputado Lagos dijo que no hubo tal enfrentamiento entre los elementos de la Fuerza Civil y los jubilados y pensionados. Despu\u00e9s de decir eso \u00c9rick Lagos se regodeo en su mentira diciendo que no hubo tal, enfrentamiento, pues simplemente hubo la intervenci\u00f3n de estos elementos \u201cpara replegar a quienes imped\u00edan el libre tr\u00e1nsito de los ciudadanos, destacando que en todo momento se actu\u00f3 de acuerdo al protocolo establecido con personal de la Comisi\u00f3n Estatal de Derechos Humanos, con funcionarios que estaban muy pendientes de todo esto\u201d.<br \/>\nComo si no le hubiera bastado con decir semejante mentira, el diputado Lagos se\u00f1al\u00f3 que el gobierno del estado hab\u00eda pagado a todos los jubilados y pensionados \u201cen tiempo y forma antes de que hicieran su expresi\u00f3n ese d\u00eda en la ciudad de Xalapa\u201d. Si ese es su actuar como diputado federal, como representante de los veracruzanos, imag\u00ednese lo que hubiera hecho como gobernador.<br \/>\nLos acontecimientos ocurridos en v\u00edsperas de navidad est\u00e1n bien documentados por los compa\u00f1eros periodistas que estuvieron presentes ese d\u00eda, incluso fueron agredidos tambi\u00e9n por los polic\u00edas. Existen videos en donde se observan las agresiones f\u00edsicas en contra de los adultos mayores; existen videos sobre las agresiones verbales, particularmente la del polic\u00eda identificado como A. Paredes G. quien le comenta a un empleado de gobierno: \u00abLes dije que me los iba a llevar a los dos hijos de sus puta madre\u00bb, refiri\u00e9ndose a la maestra Charo Pi\u00f1a y a otro jubilado.<br \/>\nPero todo eso no existi\u00f3 para el diputado del pueblo \u00c9rick Lagos, quien quiso ser gobernador y ahora busca ser el coordinador de campa\u00f1a del candidato del PRI H\u00e9ctor Yunes Landa. Mal har\u00eda H\u00e9ctor si deja que un sujeto mentiroso e indolente como este, que s\u00f3lo busca proteger los intereses de su jefe Fidel Herrera, coordinara su campa\u00f1a. H\u00e9ctor no sabr\u00eda en qu\u00e9 momento su coordinador habla con la verdad y en qu\u00e9 momento s\u00f3lo dice mentiras.<\/p>\n<p>Armando Ortiz aortiz52@hotmail.com<\/p>\n","protected":false},"excerpt":{"rendered":"<p>\u00bfY\u00a0\u00e9ste quiere ser coordinador de campa\u00f1a de H\u00e9ctor? Armando Ortiz El Hijo Pr\u00f3digo En una reuni\u00f3n de trabajo de la Comisi\u00f3n de Gobernaci\u00f3n, Puntos Constitucionales y Justicia realizada el d\u00eda 20 de enero, el diputado moderador dijo que se estaba analizando un punto de acuerdo por el que se condenaban las agresiones policiacas consumadas contra [&hellip;]<\/p>\n","protected":false},"author":2,"featured_media":0,"comment_status":"open","ping_status":"open","sticky":false,"template":"","format":"standard","meta":{"tdm_status":"","tdm_grid_status":"","footnotes":""},"categories":[70],"tags":[1681,141,818,3578],"class_list":{"0":"post-20587","1":"post","2":"type-post","3":"status-publish","4":"format-standard","6":"category-de-opinion","7":"tag-cuitlahuac-garcia","8":"tag-erick-lagos","9":"tag-fernando-yunes-marquez","10":"tag-rocio-nahle"},"yoast_head":"<!-- This site is optimized with the Yoast SEO plugin v27.4 - https:\/\/yoast.com\/product\/yoast-seo-wordpress\/ -->\n<title>El mentiroso \u00c9rick Lagos - Los pol\u00edticos Veracruz<\/title>\n<meta name=\"robots\" content=\"index, follow, max-snippet:-1, max-image-preview:large, max-video-preview:-1\" \/>\n<link rel=\"canonical\" href=\"https:\/\/lospoliticosveracruz.com\/?p=20587\" \/>\n<meta property=\"og:locale\" content=\"es_ES\" \/>\n<meta property=\"og:type\" content=\"article\" \/>\n<meta property=\"og:title\" content=\"El mentiroso \u00c9rick Lagos - Los pol\u00edticos Veracruz\" \/>\n<meta property=\"og:description\" content=\"\u00bfY\u00a0\u00e9ste quiere ser coordinador de campa\u00f1a de H\u00e9ctor? Armando Ortiz El Hijo Pr\u00f3digo En una reuni\u00f3n de trabajo de la Comisi\u00f3n de Gobernaci\u00f3n, Puntos Constitucionales y Justicia realizada el d\u00eda 20 de enero, el diputado moderador dijo que se estaba analizando un punto de acuerdo por el que se condenaban las agresiones policiacas consumadas contra [&hellip;]\" \/>\n<meta property=\"og:url\" content=\"https:\/\/lospoliticosveracruz.com\/?p=20587\" \/>\n<meta property=\"og:site_name\" content=\"Los pol\u00edticos Veracruz\" \/>\n<meta property=\"article:publisher\" content=\"https:\/\/www.facebook.com\/people\/Notimemes-de-los-Polticos\/61565672886568\/\" \/>\n<meta property=\"article:published_time\" content=\"2016-01-22T02:26:44+00:00\" \/>\n<meta property=\"og:image\" content=\"http:\/\/www.lospoliticosveracruz.com.mx\/wp-content\/uploads\/2014\/12\/Erick-Lagos1-300x210.jpg\" \/>\n<meta name=\"author\" content=\"Lo viste en Los Pol\u00edticos\" \/>\n<meta name=\"twitter:card\" content=\"summary_large_image\" \/>\n<meta name=\"twitter:creator\" content=\"@LosPoliticosVer\" \/>\n<meta name=\"twitter:site\" content=\"@LosPoliticosVer\" \/>\n<meta name=\"twitter:label1\" content=\"Escrito por\" \/>\n\t<meta name=\"twitter:data1\" content=\"Lo viste en Los Pol\u00edticos\" \/>\n\t<meta name=\"twitter:label2\" content=\"Tiempo de lectura\" \/>\n\t<meta name=\"twitter:data2\" content=\"3 minutos\" \/>\n<script type=\"application\/ld+json\" class=\"yoast-schema-graph\">{\"@context\":\"https:\\\/\\\/schema.org\",\"@graph\":[{\"@type\":\"Article\",\"@id\":\"https:\\\/\\\/lospoliticosveracruz.com\\\/?p=20587#article\",\"isPartOf\":{\"@id\":\"https:\\\/\\\/lospoliticosveracruz.com\\\/?p=20587\"},\"author\":{\"name\":\"Lo viste en Los Pol\u00edticos\",\"@id\":\"https:\\\/\\\/lospoliticosveracruz.com\\\/#\\\/schema\\\/person\\\/b8702bb0e538456e6efd07080bf2a4a2\"},\"headline\":\"El mentiroso \u00c9rick Lagos\",\"datePublished\":\"2016-01-22T02:26:44+00:00\",\"mainEntityOfPage\":{\"@id\":\"https:\\\/\\\/lospoliticosveracruz.com\\\/?p=20587\"},\"wordCount\":609,\"commentCount\":0,\"publisher\":{\"@id\":\"https:\\\/\\\/lospoliticosveracruz.com\\\/#organization\"},\"image\":{\"@id\":\"https:\\\/\\\/lospoliticosveracruz.com\\\/?p=20587#primaryimage\"},\"thumbnailUrl\":\"http:\\\/\\\/www.lospoliticosveracruz.com.mx\\\/wp-content\\\/uploads\\\/2014\\\/12\\\/Erick-Lagos1-300x210.jpg\",\"keywords\":[\"Cuitl\u00e1huac Garc\u00eda\",\"Erick Lagos\",\"Fernando Yunes M\u00e1rquez\",\"Roc\u00edo Nahle\"],\"articleSection\":[\"De Opini\u00f3n\"],\"inLanguage\":\"es\",\"potentialAction\":[{\"@type\":\"CommentAction\",\"name\":\"Comment\",\"target\":[\"https:\\\/\\\/lospoliticosveracruz.com\\\/?p=20587#respond\"]}]},{\"@type\":\"WebPage\",\"@id\":\"https:\\\/\\\/lospoliticosveracruz.com\\\/?p=20587\",\"url\":\"https:\\\/\\\/lospoliticosveracruz.com\\\/?p=20587\",\"name\":\"El mentiroso \u00c9rick Lagos - Los pol\u00edticos Veracruz\",\"isPartOf\":{\"@id\":\"https:\\\/\\\/lospoliticosveracruz.com\\\/#website\"},\"primaryImageOfPage\":{\"@id\":\"https:\\\/\\\/lospoliticosveracruz.com\\\/?p=20587#primaryimage\"},\"image\":{\"@id\":\"https:\\\/\\\/lospoliticosveracruz.com\\\/?p=20587#primaryimage\"},\"thumbnailUrl\":\"http:\\\/\\\/www.lospoliticosveracruz.com.mx\\\/wp-content\\\/uploads\\\/2014\\\/12\\\/Erick-Lagos1-300x210.jpg\",\"datePublished\":\"2016-01-22T02:26:44+00:00\",\"breadcrumb\":{\"@id\":\"https:\\\/\\\/lospoliticosveracruz.com\\\/?p=20587#breadcrumb\"},\"inLanguage\":\"es\",\"potentialAction\":[{\"@type\":\"ReadAction\",\"target\":[\"https:\\\/\\\/lospoliticosveracruz.com\\\/?p=20587\"]}]},{\"@type\":\"ImageObject\",\"inLanguage\":\"es\",\"@id\":\"https:\\\/\\\/lospoliticosveracruz.com\\\/?p=20587#primaryimage\",\"url\":\"http:\\\/\\\/www.lospoliticosveracruz.com.mx\\\/wp-content\\\/uploads\\\/2014\\\/12\\\/Erick-Lagos1-300x210.jpg\",\"contentUrl\":\"http:\\\/\\\/www.lospoliticosveracruz.com.mx\\\/wp-content\\\/uploads\\\/2014\\\/12\\\/Erick-Lagos1-300x210.jpg\"},{\"@type\":\"BreadcrumbList\",\"@id\":\"https:\\\/\\\/lospoliticosveracruz.com\\\/?p=20587#breadcrumb\",\"itemListElement\":[{\"@type\":\"ListItem\",\"position\":1,\"name\":\"Portada\",\"item\":\"https:\\\/\\\/lospoliticosveracruz.com\\\/\"},{\"@type\":\"ListItem\",\"position\":2,\"name\":\"El mentiroso \u00c9rick Lagos\"}]},{\"@type\":\"WebSite\",\"@id\":\"https:\\\/\\\/lospoliticosveracruz.com\\\/#website\",\"url\":\"https:\\\/\\\/lospoliticosveracruz.com\\\/\",\"name\":\"Los pol\u00edticos Veracruz\",\"description\":\"\",\"publisher\":{\"@id\":\"https:\\\/\\\/lospoliticosveracruz.com\\\/#organization\"},\"potentialAction\":[{\"@type\":\"SearchAction\",\"target\":{\"@type\":\"EntryPoint\",\"urlTemplate\":\"https:\\\/\\\/lospoliticosveracruz.com\\\/?s={search_term_string}\"},\"query-input\":{\"@type\":\"PropertyValueSpecification\",\"valueRequired\":true,\"valueName\":\"search_term_string\"}}],\"inLanguage\":\"es\"},{\"@type\":\"Organization\",\"@id\":\"https:\\\/\\\/lospoliticosveracruz.com\\\/#organization\",\"name\":\"Los pol\u00edticos Veracruz\",\"url\":\"https:\\\/\\\/lospoliticosveracruz.com\\\/\",\"logo\":{\"@type\":\"ImageObject\",\"inLanguage\":\"es\",\"@id\":\"https:\\\/\\\/lospoliticosveracruz.com\\\/#\\\/schema\\\/logo\\\/image\\\/\",\"url\":\"https:\\\/\\\/lospoliticosveracruz.com\\\/wp-content\\\/uploads\\\/2025\\\/12\\\/Logo-Nuevo-LOS-POLITICOS-1.jpg\",\"contentUrl\":\"https:\\\/\\\/lospoliticosveracruz.com\\\/wp-content\\\/uploads\\\/2025\\\/12\\\/Logo-Nuevo-LOS-POLITICOS-1.jpg\",\"width\":260,\"height\":70,\"caption\":\"Los pol\u00edticos Veracruz\"},\"image\":{\"@id\":\"https:\\\/\\\/lospoliticosveracruz.com\\\/#\\\/schema\\\/logo\\\/image\\\/\"},\"sameAs\":[\"https:\\\/\\\/www.facebook.com\\\/people\\\/Notimemes-de-los-Polticos\\\/61565672886568\\\/\",\"https:\\\/\\\/x.com\\\/LosPoliticosVer\"]},{\"@type\":\"Person\",\"@id\":\"https:\\\/\\\/lospoliticosveracruz.com\\\/#\\\/schema\\\/person\\\/b8702bb0e538456e6efd07080bf2a4a2\",\"name\":\"Lo viste en Los Pol\u00edticos\",\"image\":{\"@type\":\"ImageObject\",\"inLanguage\":\"es\",\"@id\":\"https:\\\/\\\/secure.gravatar.com\\\/avatar\\\/3a8de04a2656d44082be478bd6c086daa447c4651605818287b9532d3d0bd435?s=96&d=mm&r=g\",\"url\":\"https:\\\/\\\/secure.gravatar.com\\\/avatar\\\/3a8de04a2656d44082be478bd6c086daa447c4651605818287b9532d3d0bd435?s=96&d=mm&r=g\",\"contentUrl\":\"https:\\\/\\\/secure.gravatar.com\\\/avatar\\\/3a8de04a2656d44082be478bd6c086daa447c4651605818287b9532d3d0bd435?s=96&d=mm&r=g\",\"caption\":\"Lo viste en Los Pol\u00edticos\"},\"url\":\"https:\\\/\\\/lospoliticosveracruz.com\\\/?author=2\"}]}<\/script>\n<!-- \/ Yoast SEO plugin. -->","yoast_head_json":{"title":"El mentiroso \u00c9rick Lagos - Los pol\u00edticos Veracruz","robots":{"index":"index","follow":"follow","max-snippet":"max-snippet:-1","max-image-preview":"max-image-preview:large","max-video-preview":"max-video-preview:-1"},"canonical":"https:\/\/lospoliticosveracruz.com\/?p=20587","og_locale":"es_ES","og_type":"article","og_title":"El mentiroso \u00c9rick Lagos - Los pol\u00edticos Veracruz","og_description":"\u00bfY\u00a0\u00e9ste quiere ser coordinador de campa\u00f1a de H\u00e9ctor? Armando Ortiz El Hijo Pr\u00f3digo En una reuni\u00f3n de trabajo de la Comisi\u00f3n de Gobernaci\u00f3n, Puntos Constitucionales y Justicia realizada el d\u00eda 20 de enero, el diputado moderador dijo que se estaba analizando un punto de acuerdo por el que se condenaban las agresiones policiacas consumadas contra [&hellip;]","og_url":"https:\/\/lospoliticosveracruz.com\/?p=20587","og_site_name":"Los pol\u00edticos Veracruz","article_publisher":"https:\/\/www.facebook.com\/people\/Notimemes-de-los-Polticos\/61565672886568\/","article_published_time":"2016-01-22T02:26:44+00:00","og_image":[{"url":"http:\/\/www.lospoliticosveracruz.com.mx\/wp-content\/uploads\/2014\/12\/Erick-Lagos1-300x210.jpg","type":"","width":"","height":""}],"author":"Lo viste en Los Pol\u00edticos","twitter_card":"summary_large_image","twitter_creator":"@LosPoliticosVer","twitter_site":"@LosPoliticosVer","twitter_misc":{"Escrito por":"Lo viste en Los Pol\u00edticos","Tiempo de lectura":"3 minutos"},"schema":{"@context":"https:\/\/schema.org","@graph":[{"@type":"Article","@id":"https:\/\/lospoliticosveracruz.com\/?p=20587#article","isPartOf":{"@id":"https:\/\/lospoliticosveracruz.com\/?p=20587"},"author":{"name":"Lo viste en Los Pol\u00edticos","@id":"https:\/\/lospoliticosveracruz.com\/#\/schema\/person\/b8702bb0e538456e6efd07080bf2a4a2"},"headline":"El mentiroso \u00c9rick Lagos","datePublished":"2016-01-22T02:26:44+00:00","mainEntityOfPage":{"@id":"https:\/\/lospoliticosveracruz.com\/?p=20587"},"wordCount":609,"commentCount":0,"publisher":{"@id":"https:\/\/lospoliticosveracruz.com\/#organization"},"image":{"@id":"https:\/\/lospoliticosveracruz.com\/?p=20587#primaryimage"},"thumbnailUrl":"http:\/\/www.lospoliticosveracruz.com.mx\/wp-content\/uploads\/2014\/12\/Erick-Lagos1-300x210.jpg","keywords":["Cuitl\u00e1huac Garc\u00eda","Erick Lagos","Fernando Yunes M\u00e1rquez","Roc\u00edo Nahle"],"articleSection":["De Opini\u00f3n"],"inLanguage":"es","potentialAction":[{"@type":"CommentAction","name":"Comment","target":["https:\/\/lospoliticosveracruz.com\/?p=20587#respond"]}]},{"@type":"WebPage","@id":"https:\/\/lospoliticosveracruz.com\/?p=20587","url":"https:\/\/lospoliticosveracruz.com\/?p=20587","name":"El mentiroso \u00c9rick Lagos - Los pol\u00edticos Veracruz","isPartOf":{"@id":"https:\/\/lospoliticosveracruz.com\/#website"},"primaryImageOfPage":{"@id":"https:\/\/lospoliticosveracruz.com\/?p=20587#primaryimage"},"image":{"@id":"https:\/\/lospoliticosveracruz.com\/?p=20587#primaryimage"},"thumbnailUrl":"http:\/\/www.lospoliticosveracruz.com.mx\/wp-content\/uploads\/2014\/12\/Erick-Lagos1-300x210.jpg","datePublished":"2016-01-22T02:26:44+00:00","breadcrumb":{"@id":"https:\/\/lospoliticosveracruz.com\/?p=20587#breadcrumb"},"inLanguage":"es","potentialAction":[{"@type":"ReadAction","target":["https:\/\/lospoliticosveracruz.com\/?p=20587"]}]},{"@type":"ImageObject","inLanguage":"es","@id":"https:\/\/lospoliticosveracruz.com\/?p=20587#primaryimage","url":"http:\/\/www.lospoliticosveracruz.com.mx\/wp-content\/uploads\/2014\/12\/Erick-Lagos1-300x210.jpg","contentUrl":"http:\/\/www.lospoliticosveracruz.com.mx\/wp-content\/uploads\/2014\/12\/Erick-Lagos1-300x210.jpg"},{"@type":"BreadcrumbList","@id":"https:\/\/lospoliticosveracruz.com\/?p=20587#breadcrumb","itemListElement":[{"@type":"ListItem","position":1,"name":"Portada","item":"https:\/\/lospoliticosveracruz.com\/"},{"@type":"ListItem","position":2,"name":"El mentiroso \u00c9rick Lagos"}]},{"@type":"WebSite","@id":"https:\/\/lospoliticosveracruz.com\/#website","url":"https:\/\/lospoliticosveracruz.com\/","name":"Los pol\u00edticos Veracruz","description":"","publisher":{"@id":"https:\/\/lospoliticosveracruz.com\/#organization"},"potentialAction":[{"@type":"SearchAction","target":{"@type":"EntryPoint","urlTemplate":"https:\/\/lospoliticosveracruz.com\/?s={search_term_string}"},"query-input":{"@type":"PropertyValueSpecification","valueRequired":true,"valueName":"search_term_string"}}],"inLanguage":"es"},{"@type":"Organization","@id":"https:\/\/lospoliticosveracruz.com\/#organization","name":"Los pol\u00edticos Veracruz","url":"https:\/\/lospoliticosveracruz.com\/","logo":{"@type":"ImageObject","inLanguage":"es","@id":"https:\/\/lospoliticosveracruz.com\/#\/schema\/logo\/image\/","url":"https:\/\/lospoliticosveracruz.com\/wp-content\/uploads\/2025\/12\/Logo-Nuevo-LOS-POLITICOS-1.jpg","contentUrl":"https:\/\/lospoliticosveracruz.com\/wp-content\/uploads\/2025\/12\/Logo-Nuevo-LOS-POLITICOS-1.jpg","width":260,"height":70,"caption":"Los pol\u00edticos Veracruz"},"image":{"@id":"https:\/\/lospoliticosveracruz.com\/#\/schema\/logo\/image\/"},"sameAs":["https:\/\/www.facebook.com\/people\/Notimemes-de-los-Polticos\/61565672886568\/","https:\/\/x.com\/LosPoliticosVer"]},{"@type":"Person","@id":"https:\/\/lospoliticosveracruz.com\/#\/schema\/person\/b8702bb0e538456e6efd07080bf2a4a2","name":"Lo viste en Los Pol\u00edticos","image":{"@type":"ImageObject","inLanguage":"es","@id":"https:\/\/secure.gravatar.com\/avatar\/3a8de04a2656d44082be478bd6c086daa447c4651605818287b9532d3d0bd435?s=96&d=mm&r=g","url":"https:\/\/secure.gravatar.com\/avatar\/3a8de04a2656d44082be478bd6c086daa447c4651605818287b9532d3d0bd435?s=96&d=mm&r=g","contentUrl":"https:\/\/secure.gravatar.com\/avatar\/3a8de04a2656d44082be478bd6c086daa447c4651605818287b9532d3d0bd435?s=96&d=mm&r=g","caption":"Lo viste en Los Pol\u00edticos"},"url":"https:\/\/lospoliticosveracruz.com\/?author=2"}]}},"_links":{"self":[{"href":"https:\/\/lospoliticosveracruz.com\/index.php?rest_route=\/wp\/v2\/posts\/20587","targetHints":{"allow":["GET"]}}],"collection":[{"href":"https:\/\/lospoliticosveracruz.com\/index.php?rest_route=\/wp\/v2\/posts"}],"about":[{"href":"https:\/\/lospoliticosveracruz.com\/index.php?rest_route=\/wp\/v2\/types\/post"}],"author":[{"embeddable":true,"href":"https:\/\/lospoliticosveracruz.com\/index.php?rest_route=\/wp\/v2\/users\/2"}],"replies":[{"embeddable":true,"href":"https:\/\/lospoliticosveracruz.com\/index.php?rest_route=%2Fwp%2Fv2%2Fcomments&post=20587"}],"version-history":[{"count":1,"href":"https:\/\/lospoliticosveracruz.com\/index.php?rest_route=\/wp\/v2\/posts\/20587\/revisions"}],"predecessor-version":[{"id":20588,"href":"https:\/\/lospoliticosveracruz.com\/index.php?rest_route=\/wp\/v2\/posts\/20587\/revisions\/20588"}],"wp:attachment":[{"href":"https:\/\/lospoliticosveracruz.com\/index.php?rest_route=%2Fwp%2Fv2%2Fmedia&parent=20587"}],"wp:term":[{"taxonomy":"category","embeddable":true,"href":"https:\/\/lospoliticosveracruz.com\/index.php?rest_route=%2Fwp%2Fv2%2Fcategories&post=20587"},{"taxonomy":"post_tag","embeddable":true,"href":"https:\/\/lospoliticosveracruz.com\/index.php?rest_route=%2Fwp%2Fv2%2Ftags&post=20587"}],"curies":[{"name":"wp","href":"https:\/\/api.w.org\/{rel}","templated":true}]}}