{"id":20674,"date":"2016-01-25T08:43:10","date_gmt":"2016-01-25T14:43:10","guid":{"rendered":"http:\/\/www.lospoliticosveracruz.com.mx\/?p=20674"},"modified":"2016-01-25T08:43:10","modified_gmt":"2016-01-25T14:43:10","slug":"la-sucesion-ya-inicio","status":"publish","type":"post","link":"https:\/\/lospoliticosveracruz.com\/?p=20674","title":{"rendered":"La sucesi\u00f3n ya inici\u00f3"},"content":{"rendered":"<p><a href=\"http:\/\/www.lospoliticosveracruz.com.mx\/wp-content\/uploads\/2015\/10\/H\u00e9ctor-Yunes-Landa.jpeg\"><img loading=\"lazy\" decoding=\"async\" class=\"alignnone size-medium wp-image-18586\" src=\"http:\/\/www.lospoliticosveracruz.com.mx\/wp-content\/uploads\/2015\/10\/H\u00e9ctor-Yunes-Landa-300x197.jpeg\" alt=\"H\u00e9ctor Yunes Landa\" width=\"300\" height=\"197\" \/><\/a><\/p>\n<p><strong>Valeria Marcial<\/strong><\/p>\n<p><em>En Politica&#8230; Personas y Personalidades<\/em><\/p>\n<p>Esa excusa de que realmente no quieren ir por la diputaci\u00f3n local que algunos secretarios del gabinete archiduartistas han dado, no es m\u00e1s que el reflejo de las mediciones que han recibido, que los colocan por la lona, pues los secretarios que tienen pensado irse a fin de mes, son como un Tehuac\u00e1n destapado.<\/p>\n<p>A los que han dicho ni me encarto ni me descarto es realmente porque a\u00fan no les definen si ser\u00e1n los candidatos o realmente porque si le piensan en meterle lana de sus bolsillos, sabedores de que esto es un juego de azar.<\/p>\n<p>El panorama era un poco \u00abm\u00e1s f\u00e1cil\u00bb cuando a\u00fan no se designaba a H\u00e9ctor Yunes, pero luego de la designaci\u00f3n por unidad, que no fue otra cosa m\u00e1s que reconocer que es el \u00fanico que le puede garantizar al PRI la permanencia en Palacio de Gobierno, esos duartistas le pensaron al doble, para ir por la candidatura.<\/p>\n<p>A fin de cuentas quien empieza a tomar las decisiones en el PRI y en el gobierno de Javier Duarte ya es H\u00e9ctor Yunes, la sucesi\u00f3n ya comenz\u00f3, los secretarios tienen que alinearse para mantenerse en los 10 meses que restan de gobierno y quiz\u00e1 buscar repetir o mantenerse en un cargo de menor rango en lo que ser\u00e1 la pr\u00f3xima administraci\u00f3n, si es que llega llega H\u00e9ctor Yunes Landa.<\/p>\n<p>Pero si no llega H\u00e9ctor Yunes Landa, toda, toda la \u00e9lite pol\u00edtica saldr\u00e1 como tap\u00f3n de sidra.<\/p>\n<p>El proyecto que inici\u00f3 Fidel Herrera Beltr\u00e1n con Javier Duarte y daba continuidad con Alberto Silva, acab\u00f3 el jueves 14 de enero, por m\u00e1s que buscaron perpetuarse, se acab\u00f3.<\/p>\n<p>Aunque en pol\u00edtica hasta el m\u00e1s muerto revive, y as\u00ed son los priistas, vaya personalidades.<\/p>\n<p>Y ese mismo d\u00eda cobr\u00f3 fuerza la gubernatura de ocho a\u00f1os, la de H\u00e9ctor Yunes Landa y Jos\u00e9 Yunes Zorrilla. \u00bfQui\u00e9n le seguir\u00e1? Am\u00e9rico Z\u00fa\u00f1iga, Juan Manuel Vel\u00e1squez Yunes&#8230; As\u00ed se reconfigura el escenario pol\u00edtico veracruzano, regresar\u00e1n los pol\u00edticos de carrera al tricolor, como lo que es hoy, la posible llegada de Amadeo Flores.<\/p>\n<p>Este lunes se inscribe H\u00e9ctor Yunes Landa, al m\u00e1s viejo estilo priista, se espera la llegada de los principales cuadros pol\u00edticos del tricolor veracruzano, luego de cumplir con el apoyo de los sectores y las organizaciones cuyos pronunciamientos ya hicieron en las \u00faltimas horas.<\/p>\n<p><strong>LA REVOLCADA<\/strong><br \/>\n*Fuego amigo en el tricolor<br \/>\nCon esos integrantes y cuadros del PRI, para qu\u00e9 quieren enemigos, mal hizo ese \u201cl\u00edder\u201d N\u00e9stor Leyva en mandar a sus muchachos a clausurar de manera simb\u00f3lica el Partido Revolucionario Institucional.<br \/>\nLas hojas pegadas en las paredes se\u00f1alaban que el PRI no cumple\u2026<br \/>\nEst\u00e1n viendo que el candidato anda tratando de recuperar los votos perdidos en anteriores elecciones y estos muchachos van al PRI a decir que no cumplen.<br \/>\n\u00bfY as\u00ed quiere ser l\u00edder?<br \/>\nEllos mismos se autodestruyen\u2026<\/p>\n<p><strong>Tache a Salud<\/strong><br \/>\nEn una semana arribar\u00e1n al Puerto de Veracruz miles de turistas para presenciar los paseos del Carnaval, pero de nada sirven las campa\u00f1as de promoci\u00f3n si los restauranteros no mantienen la higiene en los productos que ofrecen a los clientes.<br \/>\nEl llamando es para las autoridades de salud de todos los niveles para que revisen las condiciones de limpieza de los alimentos que se ofrecen en Los Portales de Veracruz y toda la zona restaurantera.<\/p>\n<p><strong>Joyitas<\/strong><\/p>\n<p>Aunque a \u00faltima hora, Jorge Carvallo Delfin se disciplin\u00f3 y se sum\u00f3 a H\u00e9ctor Yunes Landa, habr\u00e1 que ver si en la operaci\u00f3n electoral del 5 de junio se nota la simpat\u00eda. Lo que a\u00fan no hemos escuchado es el pronunciamiento de Erick Lagos Hern\u00e1ndez y Tom\u00e1s Ru\u00edz Gonz\u00e1lez, ah, no, no pueden, incurrir\u00edan en violaci\u00f3n a la Ley Electoral, ha\u00a0de ser por eso, que no han hecho pronunciamiento a favor del senador con licencia. \u00a1Vaya personalidades!<\/p>\n<p>Twitter @ValeriaMarcial<br \/>\nEmail: vale_1887@hotmail.com<\/p>\n","protected":false},"excerpt":{"rendered":"<p>Valeria Marcial En Politica&#8230; Personas y Personalidades Esa excusa de que realmente no quieren ir por la diputaci\u00f3n local que algunos secretarios del gabinete archiduartistas han dado, no es m\u00e1s que el reflejo de las mediciones que han recibido, que los colocan por la lona, pues los secretarios que tienen pensado irse a fin de [&hellip;]<\/p>\n","protected":false},"author":2,"featured_media":0,"comment_status":"open","ping_status":"open","sticky":false,"template":"","format":"standard","meta":{"tdm_status":"","tdm_grid_status":"","footnotes":""},"categories":[70],"tags":[410,348,260,227,4611],"class_list":{"0":"post-20674","1":"post","2":"type-post","3":"status-publish","4":"format-standard","6":"category-de-opinion","7":"tag-fidel-herrera-beltran","8":"tag-hector-yunes-landa","9":"tag-javier-duarte-de-ochoa","10":"tag-jose-yunes-zorrilla","11":"tag-nestor-leyva"},"yoast_head":"<!-- This site is optimized with the Yoast SEO plugin v27.4 - https:\/\/yoast.com\/product\/yoast-seo-wordpress\/ -->\n<title>La sucesi\u00f3n ya inici\u00f3 - Los pol\u00edticos Veracruz<\/title>\n<meta name=\"robots\" content=\"index, follow, max-snippet:-1, max-image-preview:large, max-video-preview:-1\" \/>\n<link rel=\"canonical\" href=\"https:\/\/lospoliticosveracruz.com\/?p=20674\" \/>\n<meta property=\"og:locale\" content=\"es_ES\" \/>\n<meta property=\"og:type\" content=\"article\" \/>\n<meta property=\"og:title\" content=\"La sucesi\u00f3n ya inici\u00f3 - Los pol\u00edticos Veracruz\" \/>\n<meta property=\"og:description\" content=\"Valeria Marcial En Politica&#8230; Personas y Personalidades Esa excusa de que realmente no quieren ir por la diputaci\u00f3n local que algunos secretarios del gabinete archiduartistas han dado, no es m\u00e1s que el reflejo de las mediciones que han recibido, que los colocan por la lona, pues los secretarios que tienen pensado irse a fin de [&hellip;]\" \/>\n<meta property=\"og:url\" content=\"https:\/\/lospoliticosveracruz.com\/?p=20674\" \/>\n<meta property=\"og:site_name\" content=\"Los pol\u00edticos Veracruz\" \/>\n<meta property=\"article:publisher\" content=\"https:\/\/www.facebook.com\/people\/Notimemes-de-los-Polticos\/61565672886568\/\" \/>\n<meta property=\"article:published_time\" content=\"2016-01-25T14:43:10+00:00\" \/>\n<meta property=\"og:image\" content=\"https:\/\/lospoliticosveracruz.com\/wp-content\/uploads\/2016\/07\/Logo-Dor.jpg\" \/>\n\t<meta property=\"og:image:width\" content=\"200\" \/>\n\t<meta property=\"og:image:height\" content=\"200\" \/>\n\t<meta property=\"og:image:type\" content=\"image\/jpeg\" \/>\n<meta name=\"author\" content=\"Lo viste en Los Pol\u00edticos\" \/>\n<meta name=\"twitter:card\" content=\"summary_large_image\" \/>\n<meta name=\"twitter:creator\" content=\"@LosPoliticosVer\" \/>\n<meta name=\"twitter:site\" content=\"@LosPoliticosVer\" \/>\n<meta name=\"twitter:label1\" content=\"Escrito por\" \/>\n\t<meta name=\"twitter:data1\" content=\"Lo viste en Los Pol\u00edticos\" \/>\n\t<meta name=\"twitter:label2\" content=\"Tiempo de lectura\" \/>\n\t<meta name=\"twitter:data2\" content=\"3 minutos\" \/>\n<script type=\"application\/ld+json\" class=\"yoast-schema-graph\">{\"@context\":\"https:\\\/\\\/schema.org\",\"@graph\":[{\"@type\":\"Article\",\"@id\":\"https:\\\/\\\/lospoliticosveracruz.com\\\/?p=20674#article\",\"isPartOf\":{\"@id\":\"https:\\\/\\\/lospoliticosveracruz.com\\\/?p=20674\"},\"author\":{\"name\":\"Lo viste en Los Pol\u00edticos\",\"@id\":\"https:\\\/\\\/lospoliticosveracruz.com\\\/#\\\/schema\\\/person\\\/b8702bb0e538456e6efd07080bf2a4a2\"},\"headline\":\"La sucesi\u00f3n ya inici\u00f3\",\"datePublished\":\"2016-01-25T14:43:10+00:00\",\"mainEntityOfPage\":{\"@id\":\"https:\\\/\\\/lospoliticosveracruz.com\\\/?p=20674\"},\"wordCount\":695,\"commentCount\":0,\"publisher\":{\"@id\":\"https:\\\/\\\/lospoliticosveracruz.com\\\/#organization\"},\"keywords\":[\"Fidel Herrera Beltr\u00e1n\",\"H\u00e9ctor Yunes Landa\",\"Javier Duarte de Ochoa\",\"Jos\u00e9 Yunes Zorrilla\",\"N\u00e9stor Leyva\"],\"articleSection\":[\"De Opini\u00f3n\"],\"inLanguage\":\"es\",\"potentialAction\":[{\"@type\":\"CommentAction\",\"name\":\"Comment\",\"target\":[\"https:\\\/\\\/lospoliticosveracruz.com\\\/?p=20674#respond\"]}]},{\"@type\":\"WebPage\",\"@id\":\"https:\\\/\\\/lospoliticosveracruz.com\\\/?p=20674\",\"url\":\"https:\\\/\\\/lospoliticosveracruz.com\\\/?p=20674\",\"name\":\"La sucesi\u00f3n ya inici\u00f3 - Los pol\u00edticos Veracruz\",\"isPartOf\":{\"@id\":\"https:\\\/\\\/lospoliticosveracruz.com\\\/#website\"},\"datePublished\":\"2016-01-25T14:43:10+00:00\",\"breadcrumb\":{\"@id\":\"https:\\\/\\\/lospoliticosveracruz.com\\\/?p=20674#breadcrumb\"},\"inLanguage\":\"es\",\"potentialAction\":[{\"@type\":\"ReadAction\",\"target\":[\"https:\\\/\\\/lospoliticosveracruz.com\\\/?p=20674\"]}]},{\"@type\":\"BreadcrumbList\",\"@id\":\"https:\\\/\\\/lospoliticosveracruz.com\\\/?p=20674#breadcrumb\",\"itemListElement\":[{\"@type\":\"ListItem\",\"position\":1,\"name\":\"Portada\",\"item\":\"https:\\\/\\\/lospoliticosveracruz.com\\\/\"},{\"@type\":\"ListItem\",\"position\":2,\"name\":\"La sucesi\u00f3n ya inici\u00f3\"}]},{\"@type\":\"WebSite\",\"@id\":\"https:\\\/\\\/lospoliticosveracruz.com\\\/#website\",\"url\":\"https:\\\/\\\/lospoliticosveracruz.com\\\/\",\"name\":\"Los pol\u00edticos Veracruz\",\"description\":\"\",\"publisher\":{\"@id\":\"https:\\\/\\\/lospoliticosveracruz.com\\\/#organization\"},\"potentialAction\":[{\"@type\":\"SearchAction\",\"target\":{\"@type\":\"EntryPoint\",\"urlTemplate\":\"https:\\\/\\\/lospoliticosveracruz.com\\\/?s={search_term_string}\"},\"query-input\":{\"@type\":\"PropertyValueSpecification\",\"valueRequired\":true,\"valueName\":\"search_term_string\"}}],\"inLanguage\":\"es\"},{\"@type\":\"Organization\",\"@id\":\"https:\\\/\\\/lospoliticosveracruz.com\\\/#organization\",\"name\":\"Los pol\u00edticos Veracruz\",\"url\":\"https:\\\/\\\/lospoliticosveracruz.com\\\/\",\"logo\":{\"@type\":\"ImageObject\",\"inLanguage\":\"es\",\"@id\":\"https:\\\/\\\/lospoliticosveracruz.com\\\/#\\\/schema\\\/logo\\\/image\\\/\",\"url\":\"https:\\\/\\\/lospoliticosveracruz.com\\\/wp-content\\\/uploads\\\/2025\\\/12\\\/Logo-Nuevo-LOS-POLITICOS-1.jpg\",\"contentUrl\":\"https:\\\/\\\/lospoliticosveracruz.com\\\/wp-content\\\/uploads\\\/2025\\\/12\\\/Logo-Nuevo-LOS-POLITICOS-1.jpg\",\"width\":260,\"height\":70,\"caption\":\"Los pol\u00edticos Veracruz\"},\"image\":{\"@id\":\"https:\\\/\\\/lospoliticosveracruz.com\\\/#\\\/schema\\\/logo\\\/image\\\/\"},\"sameAs\":[\"https:\\\/\\\/www.facebook.com\\\/people\\\/Notimemes-de-los-Polticos\\\/61565672886568\\\/\",\"https:\\\/\\\/x.com\\\/LosPoliticosVer\"]},{\"@type\":\"Person\",\"@id\":\"https:\\\/\\\/lospoliticosveracruz.com\\\/#\\\/schema\\\/person\\\/b8702bb0e538456e6efd07080bf2a4a2\",\"name\":\"Lo viste en Los Pol\u00edticos\",\"image\":{\"@type\":\"ImageObject\",\"inLanguage\":\"es\",\"@id\":\"https:\\\/\\\/secure.gravatar.com\\\/avatar\\\/3a8de04a2656d44082be478bd6c086daa447c4651605818287b9532d3d0bd435?s=96&d=mm&r=g\",\"url\":\"https:\\\/\\\/secure.gravatar.com\\\/avatar\\\/3a8de04a2656d44082be478bd6c086daa447c4651605818287b9532d3d0bd435?s=96&d=mm&r=g\",\"contentUrl\":\"https:\\\/\\\/secure.gravatar.com\\\/avatar\\\/3a8de04a2656d44082be478bd6c086daa447c4651605818287b9532d3d0bd435?s=96&d=mm&r=g\",\"caption\":\"Lo viste en Los Pol\u00edticos\"},\"url\":\"https:\\\/\\\/lospoliticosveracruz.com\\\/?author=2\"}]}<\/script>\n<!-- \/ Yoast SEO plugin. -->","yoast_head_json":{"title":"La sucesi\u00f3n ya inici\u00f3 - Los pol\u00edticos Veracruz","robots":{"index":"index","follow":"follow","max-snippet":"max-snippet:-1","max-image-preview":"max-image-preview:large","max-video-preview":"max-video-preview:-1"},"canonical":"https:\/\/lospoliticosveracruz.com\/?p=20674","og_locale":"es_ES","og_type":"article","og_title":"La sucesi\u00f3n ya inici\u00f3 - Los pol\u00edticos Veracruz","og_description":"Valeria Marcial En Politica&#8230; Personas y Personalidades Esa excusa de que realmente no quieren ir por la diputaci\u00f3n local que algunos secretarios del gabinete archiduartistas han dado, no es m\u00e1s que el reflejo de las mediciones que han recibido, que los colocan por la lona, pues los secretarios que tienen pensado irse a fin de [&hellip;]","og_url":"https:\/\/lospoliticosveracruz.com\/?p=20674","og_site_name":"Los pol\u00edticos Veracruz","article_publisher":"https:\/\/www.facebook.com\/people\/Notimemes-de-los-Polticos\/61565672886568\/","article_published_time":"2016-01-25T14:43:10+00:00","og_image":[{"width":200,"height":200,"url":"https:\/\/lospoliticosveracruz.com\/wp-content\/uploads\/2016\/07\/Logo-Dor.jpg","type":"image\/jpeg"}],"author":"Lo viste en Los Pol\u00edticos","twitter_card":"summary_large_image","twitter_creator":"@LosPoliticosVer","twitter_site":"@LosPoliticosVer","twitter_misc":{"Escrito por":"Lo viste en Los Pol\u00edticos","Tiempo de lectura":"3 minutos"},"schema":{"@context":"https:\/\/schema.org","@graph":[{"@type":"Article","@id":"https:\/\/lospoliticosveracruz.com\/?p=20674#article","isPartOf":{"@id":"https:\/\/lospoliticosveracruz.com\/?p=20674"},"author":{"name":"Lo viste en Los Pol\u00edticos","@id":"https:\/\/lospoliticosveracruz.com\/#\/schema\/person\/b8702bb0e538456e6efd07080bf2a4a2"},"headline":"La sucesi\u00f3n ya inici\u00f3","datePublished":"2016-01-25T14:43:10+00:00","mainEntityOfPage":{"@id":"https:\/\/lospoliticosveracruz.com\/?p=20674"},"wordCount":695,"commentCount":0,"publisher":{"@id":"https:\/\/lospoliticosveracruz.com\/#organization"},"keywords":["Fidel Herrera Beltr\u00e1n","H\u00e9ctor Yunes Landa","Javier Duarte de Ochoa","Jos\u00e9 Yunes Zorrilla","N\u00e9stor Leyva"],"articleSection":["De Opini\u00f3n"],"inLanguage":"es","potentialAction":[{"@type":"CommentAction","name":"Comment","target":["https:\/\/lospoliticosveracruz.com\/?p=20674#respond"]}]},{"@type":"WebPage","@id":"https:\/\/lospoliticosveracruz.com\/?p=20674","url":"https:\/\/lospoliticosveracruz.com\/?p=20674","name":"La sucesi\u00f3n ya inici\u00f3 - Los pol\u00edticos Veracruz","isPartOf":{"@id":"https:\/\/lospoliticosveracruz.com\/#website"},"datePublished":"2016-01-25T14:43:10+00:00","breadcrumb":{"@id":"https:\/\/lospoliticosveracruz.com\/?p=20674#breadcrumb"},"inLanguage":"es","potentialAction":[{"@type":"ReadAction","target":["https:\/\/lospoliticosveracruz.com\/?p=20674"]}]},{"@type":"BreadcrumbList","@id":"https:\/\/lospoliticosveracruz.com\/?p=20674#breadcrumb","itemListElement":[{"@type":"ListItem","position":1,"name":"Portada","item":"https:\/\/lospoliticosveracruz.com\/"},{"@type":"ListItem","position":2,"name":"La sucesi\u00f3n ya inici\u00f3"}]},{"@type":"WebSite","@id":"https:\/\/lospoliticosveracruz.com\/#website","url":"https:\/\/lospoliticosveracruz.com\/","name":"Los pol\u00edticos Veracruz","description":"","publisher":{"@id":"https:\/\/lospoliticosveracruz.com\/#organization"},"potentialAction":[{"@type":"SearchAction","target":{"@type":"EntryPoint","urlTemplate":"https:\/\/lospoliticosveracruz.com\/?s={search_term_string}"},"query-input":{"@type":"PropertyValueSpecification","valueRequired":true,"valueName":"search_term_string"}}],"inLanguage":"es"},{"@type":"Organization","@id":"https:\/\/lospoliticosveracruz.com\/#organization","name":"Los pol\u00edticos Veracruz","url":"https:\/\/lospoliticosveracruz.com\/","logo":{"@type":"ImageObject","inLanguage":"es","@id":"https:\/\/lospoliticosveracruz.com\/#\/schema\/logo\/image\/","url":"https:\/\/lospoliticosveracruz.com\/wp-content\/uploads\/2025\/12\/Logo-Nuevo-LOS-POLITICOS-1.jpg","contentUrl":"https:\/\/lospoliticosveracruz.com\/wp-content\/uploads\/2025\/12\/Logo-Nuevo-LOS-POLITICOS-1.jpg","width":260,"height":70,"caption":"Los pol\u00edticos Veracruz"},"image":{"@id":"https:\/\/lospoliticosveracruz.com\/#\/schema\/logo\/image\/"},"sameAs":["https:\/\/www.facebook.com\/people\/Notimemes-de-los-Polticos\/61565672886568\/","https:\/\/x.com\/LosPoliticosVer"]},{"@type":"Person","@id":"https:\/\/lospoliticosveracruz.com\/#\/schema\/person\/b8702bb0e538456e6efd07080bf2a4a2","name":"Lo viste en Los Pol\u00edticos","image":{"@type":"ImageObject","inLanguage":"es","@id":"https:\/\/secure.gravatar.com\/avatar\/3a8de04a2656d44082be478bd6c086daa447c4651605818287b9532d3d0bd435?s=96&d=mm&r=g","url":"https:\/\/secure.gravatar.com\/avatar\/3a8de04a2656d44082be478bd6c086daa447c4651605818287b9532d3d0bd435?s=96&d=mm&r=g","contentUrl":"https:\/\/secure.gravatar.com\/avatar\/3a8de04a2656d44082be478bd6c086daa447c4651605818287b9532d3d0bd435?s=96&d=mm&r=g","caption":"Lo viste en Los Pol\u00edticos"},"url":"https:\/\/lospoliticosveracruz.com\/?author=2"}]}},"_links":{"self":[{"href":"https:\/\/lospoliticosveracruz.com\/index.php?rest_route=\/wp\/v2\/posts\/20674","targetHints":{"allow":["GET"]}}],"collection":[{"href":"https:\/\/lospoliticosveracruz.com\/index.php?rest_route=\/wp\/v2\/posts"}],"about":[{"href":"https:\/\/lospoliticosveracruz.com\/index.php?rest_route=\/wp\/v2\/types\/post"}],"author":[{"embeddable":true,"href":"https:\/\/lospoliticosveracruz.com\/index.php?rest_route=\/wp\/v2\/users\/2"}],"replies":[{"embeddable":true,"href":"https:\/\/lospoliticosveracruz.com\/index.php?rest_route=%2Fwp%2Fv2%2Fcomments&post=20674"}],"version-history":[{"count":1,"href":"https:\/\/lospoliticosveracruz.com\/index.php?rest_route=\/wp\/v2\/posts\/20674\/revisions"}],"predecessor-version":[{"id":20675,"href":"https:\/\/lospoliticosveracruz.com\/index.php?rest_route=\/wp\/v2\/posts\/20674\/revisions\/20675"}],"wp:attachment":[{"href":"https:\/\/lospoliticosveracruz.com\/index.php?rest_route=%2Fwp%2Fv2%2Fmedia&parent=20674"}],"wp:term":[{"taxonomy":"category","embeddable":true,"href":"https:\/\/lospoliticosveracruz.com\/index.php?rest_route=%2Fwp%2Fv2%2Fcategories&post=20674"},{"taxonomy":"post_tag","embeddable":true,"href":"https:\/\/lospoliticosveracruz.com\/index.php?rest_route=%2Fwp%2Fv2%2Ftags&post=20674"}],"curies":[{"name":"wp","href":"https:\/\/api.w.org\/{rel}","templated":true}]}}