{"id":20698,"date":"2016-01-25T23:08:03","date_gmt":"2016-01-26T05:08:03","guid":{"rendered":"http:\/\/www.lospoliticosveracruz.com.mx\/?p=20698"},"modified":"2016-01-25T23:08:03","modified_gmt":"2016-01-26T05:08:03","slug":"el-folklore-priista","status":"publish","type":"post","link":"https:\/\/lospoliticosveracruz.com\/?p=20698","title":{"rendered":"El folklore priista"},"content":{"rendered":"<p><a href=\"http:\/\/www.lospoliticosveracruz.com.mx\/wp-content\/uploads\/2016\/01\/H\u00e9ctor-Yunes.jpg\"><img loading=\"lazy\" decoding=\"async\" class=\"alignnone size-medium wp-image-20699\" src=\"http:\/\/www.lospoliticosveracruz.com.mx\/wp-content\/uploads\/2016\/01\/H\u00e9ctor-Yunes-300x200.jpg\" alt=\"H\u00e9ctor Yunes\" width=\"300\" height=\"200\" \/><\/a><br \/>\n<strong>Salvador Mu\u00f1oz<\/strong><\/p>\n<p><em>Los Pol\u00edticos<\/em><\/p>\n<p>Sin rencores. Sin revanchas. Sin confrontaciones. Tampoco su campa\u00f1a y gobierno se convertir\u00e1n en una cacer\u00eda de brujas que se traduzca en obsesi\u00f3n. Claro, si se identifica a quien hizo mal uso de los recursos, se actuar\u00e1 y de ser necesario, se proceder\u00e1 con c\u00e1rcel. As\u00ed culmin\u00f3 en una rueda de prensa, el registro del precandidato a la Gubernatura de Veracruz, H\u00e9ctor Yunes Landa, respondiendo a los cuestionamientos de reporteros.<br \/>\n\u00bfEmpezar con el final? Cr\u00e9ame que el principio fue lo m\u00e1s divertido.<br \/>\nEl PRI, a diferencia de los otros partidos, cuando se trata de eventos pol\u00edticos, se caracteriza por su alegr\u00eda, su desmadre, lo guapachoso, chunchaquero, y este tr\u00e1mite que implica llenar un requisito m\u00e1s por parte de Yunes Landa, demuestra el folklore priista.<br \/>\n* Son las 10:30 horas. La avenida de tres carriles que lleva a la sede del PRI, s\u00fabitamente, a una cuadra, deja espacio para un carril. El resto, es para la gente que se arremolina frente al edificio del PRI y la cochera, como para permitir que los dino-autos se estacionen, bajen pol\u00edticos y se den un ba\u00f1o de militancia.<br \/>\n* A las 10:40, llega Erick Lagos Hern\u00e1ndez, quien camina aprisa mientras alguien se le acerca, pero la zancada del diputado federal \u201cle impide escuchar\u201d la petici\u00f3n. Casi de inmediato, aparece Corintia Cruz Oreg\u00f3n. Cuando la batucada la ve, le gritan por su nombre \u00a1y suena la m\u00fasica! Corintia agradece el gesto y va saludando a cada integrante filarm\u00f3nico. Selfies, fotos grupales, muestras de afecto. Vamos\u2026 \u00a1ni a Erick!<br \/>\n* \u00a1Un Tibur\u00f3n y un Diablo! No, no es Fidel Kuri con El Negro Cruz. Nos referimos a Amadeo Flores Espinosa, siempre bien resguardado por Antonio V\u00e1zquez Gonz\u00e1lez. A la entrada del estacionamiento, por donde est\u00e1n dando acceso a todos los pol\u00edticos, se juntan con Miguel Alem\u00e1n Velasco y Alejandro Montano Guzm\u00e1n. S\u00ed, como en los viejos tiempos cuando se reun\u00edan para platicar Amadeo y Miguel mientras que El Diablo y Montano cuidaban algo m\u00e1s que puertas\u2026 \u00a1espaldas! Entre los empujones, tiene que entrar al quite El Diablo para que le sea m\u00e1s f\u00e1cil el acceso a don Miguel. Montano ya no est\u00e1 para esos trotes\u2026 \u201cvengo a apoyar a mi candidato\u201d, es el mensaje de Alem\u00e1n.<br \/>\n* Un sombrero aparece por all\u00ed. Es el delegado Manuel Cavazos Lerma, seguido de Alfredo Ferrari Saavedra. Pero no hacen bulla\u2026 igual que Sandro G\u00f3mez, el l\u00edder de los priistas j\u00f3venes. Cavazos regresa del desayuno que tuvo con Erika Ayala, Pepe Yunes y H\u00e9ctor Yunes\u2026 \u00bftambi\u00e9n el Senador Salvador Vega?<br \/>\n* Iresine Calzada Rivera y Lorena Pi\u00f1\u00f3n intentan entrar pero les da \u201ccus-cus\u201d que les den sus apretones y reculan\u2026<br \/>\n* De repente, alguien grita: \u201c\u00a1ai viene!\u201d \u00bfQui\u00e9n? La gente se arremolina, los fot\u00f3grafos alistan sus c\u00e1maras y los reporteros sus grabadoras \u00a1y baja! Parece candidato, pero no\u2026 es Jorge Carvallo Delf\u00edn, quien con su caracter\u00edstica sonrisa de \u201cmedio-lao\u201d, se deja querer y apapachar por el que se le acerque.<br \/>\n* Rafael P\u00e9rez Partida, el fot\u00f3grafo que Juan Nicol\u00e1s Callejas Arroyo envidia, me dice que entremos por el estacionamiento y all\u00ed nos encontramos al maestro Fernando Gonz\u00e1lez Arroyo, quien con su esposa, tampoco se le permit\u00eda el paso, pero un par de ayudantes le hicieron el favor de abrirle camino. P\u00e9rez Partida perdi\u00f3 un ojo hace poco por cuestiones de salud, pero \u00abel de vidrio\u00bb que le pusieron se le ve tan real que Callejas ya le pidi\u00f3 el nombre de su \u201cOjera\u201d.<br \/>\n* Tarek Abdal\u00e1 Saad se acerca a la puerta. Alguien al interior lo identifica y lo llama para que entre. Entre apretujones y arrimones, apenas si avanza el diputado Tonatiuh Pola. Como buen samaritano, Tarek le abre paso y entra primero el porte\u00f1o. Aprovechamos la coyuntura y pasamos. Una jovencita, a medio pasillo, alza un celular blanco y le pregunta a otra se\u00f1orita a la que de un patad\u00f3n, le rompieron su media, si es suyo\u2026 la respuesta es negativa.<br \/>\n* Entrar al recinto es imposible, por lo que decido quedarme fuera. \u201cEs peligroso\u2026 est\u00e1 lleno\u201d, advierte un tipo con chaleco de la CTM. S\u00ed, le hago m\u00e1s caso.<br \/>\n* Un grito por la puerta de atr\u00e1s llama mi atenci\u00f3n: \u201c\u00a1Es la esposa del candidato!\u201d Brinco y efectivamente. Ver\u00f3nica de la Medina junto con una se\u00f1ora que carga al peque\u00f1o H\u00e9ctor, est\u00e1n en la puerta trasera del PRI pero junto a ellas, un grupo de personas est\u00e1 deseoso de \u201cpasar lista de asistencia\u201d, por lo que no dejan entrar a la se\u00f1ora Ver\u00f3nica.<br \/>\n* Llega H\u00e9ctor Yunes Landa entre saludos, gritos de apoyo y extensiones de manos que quieren saludarlo. Pide orden el chole\u00f1o y se suma a ello Liz, su hija, quien le pide a la gente que no se empujen. No oyen y presionan hacia la puerta que abre un momento para que la se\u00f1ora que carga al peque\u00f1o H\u00e9ctor pase seguida de Ver\u00f3nica de la Medina, que no pierde el estilo aunque la est\u00e9n empujando. H\u00e9ctor entra raudo para cumplir con su registro. No as\u00ed Olga Lidia Robles Ar\u00e9valo, quien recibe un \u201ccandado\u201d al cuello que le hace perder la figura. \u201cNo mamen, no mamen\u201d, grita una de sus acompa\u00f1antes.<br \/>\n* \u00a1Otro grito!: \u201c\u00a1Aqu\u00ed est\u00e1 el senador Pepe!\u201d Me vuelvo a asomar y efectivamente. A Yunes Zorrilla lo pasan por el \u201capret\u00f3metro\u201d. Su tez se torna roja. Camina despacio sin perder la compostura. \u00a1Entra entre empujones seguido de Juan Manuel Vel\u00e1zquez Yunes y el Osito Tequilero! \u201c\u00a1Qu\u00e9 faje te dieron!\u201d, le digo en broma al perote\u00f1o. Me responde: \u201c\u00a1Me toc\u00f3 tragar tierra!\u201d<br \/>\n* Don Manuel Lila de Arce est\u00e1 preocupado. Perdi\u00f3 su celular cuando entramos. \u00a1Es el celular blanco que la chica recogi\u00f3! Tonatiuh Pola devuelve el acto samaritano de Tarek y le pide el n\u00famero al doctor para llamar\u2026 \u00a1lo mandan a buz\u00f3n!<br \/>\n* Desde afuera, casi no se oye nada\u2026 pero la salida de diputados locales como Adolfo Ram\u00edrez Arana, Alfredo G\u00e1ndara, Callejas Arroyo, Tava Ortega, indican que el evento ya acab\u00f3\u2026 \u00a1un remolino de reporteros se hace! el ojo del meteoro reporteril es Miguel Alem\u00e1n Velasco. Breve entrevista y despu\u00e9s las selfies con el empresario.<br \/>\n* Un \u00faltimo intento del doctor Lila de Arce: Se acerca a una jovencita que se parece a la que recogi\u00f3 su celular\u2026 pero no es. Sale Carvallo Delf\u00edn. Se despide de todos. \u201c\u00bfNos vemos el 18?\u201d, le pregunto. \u201c\u00a1S\u00ed, claro; ya quedamos\u2026 yo te hablo!\u201d Es evidente que no entendi\u00f3 el doble sentido\u2026 y sin albur. Me env\u00edan un mensaje: H\u00e9ctor Yunes Landa dar\u00e1 una rueda de prensa\u2026 y vamos para all\u00e1.<br \/>\n\u00bfA poco no estuvo mejor el principio que el final? \u00a1\u00c9se es el folklore priista!<\/p>\n<p>PD<br \/>\nAh, el lunes, dicen que Anil\u00fa Ingram vuelve a Xalapa y no precisamente al Congreso. La porte\u00f1a viene con todo. \u00a1Hagan sus cuentas! Si es as\u00ed, ser\u00e1 una figura a destacar en lo que resta del sexenio de Duarte y de Pe\u00f1a Nieto\u2026<\/p>\n<p>smcainito@gmail.com<\/p>\n","protected":false},"excerpt":{"rendered":"<p>Salvador Mu\u00f1oz Los Pol\u00edticos Sin rencores. Sin revanchas. Sin confrontaciones. Tampoco su campa\u00f1a y gobierno se convertir\u00e1n en una cacer\u00eda de brujas que se traduzca en obsesi\u00f3n. Claro, si se identifica a quien hizo mal uso de los recursos, se actuar\u00e1 y de ser necesario, se proceder\u00e1 con c\u00e1rcel. As\u00ed culmin\u00f3 en una rueda de [&hellip;]<\/p>\n","protected":false},"author":2,"featured_media":0,"comment_status":"open","ping_status":"open","sticky":false,"template":"","format":"standard","meta":{"tdm_status":"","tdm_grid_status":"","footnotes":""},"categories":[70],"tags":[344,3685,582,852,348,851,4617,4618,1800,195],"class_list":{"0":"post-20698","1":"post","2":"type-post","3":"status-publish","4":"format-standard","6":"category-de-opinion","7":"tag-alejandro-montano-guzman","8":"tag-amadeo-flores-espinosa","9":"tag-corintia-cruz-oregon","10":"tag-erick-lagos-hernandez","11":"tag-hector-yunes-landa","12":"tag-jorge-carvallo-delfin","13":"tag-liz-yunes-yunes","14":"tag-manuel-lila-de-arce","15":"tag-miguel-aleman-velasco","16":"tag-veracruz"},"yoast_head":"<!-- This site is optimized with the Yoast SEO plugin v27.4 - https:\/\/yoast.com\/product\/yoast-seo-wordpress\/ -->\n<title>El folklore priista - Los pol\u00edticos Veracruz<\/title>\n<meta name=\"robots\" content=\"index, follow, max-snippet:-1, max-image-preview:large, max-video-preview:-1\" \/>\n<link rel=\"canonical\" href=\"https:\/\/lospoliticosveracruz.com\/?p=20698\" \/>\n<meta property=\"og:locale\" content=\"es_ES\" \/>\n<meta property=\"og:type\" content=\"article\" \/>\n<meta property=\"og:title\" content=\"El folklore priista - Los pol\u00edticos Veracruz\" \/>\n<meta property=\"og:description\" content=\"Salvador Mu\u00f1oz Los Pol\u00edticos Sin rencores. Sin revanchas. Sin confrontaciones. Tampoco su campa\u00f1a y gobierno se convertir\u00e1n en una cacer\u00eda de brujas que se traduzca en obsesi\u00f3n. Claro, si se identifica a quien hizo mal uso de los recursos, se actuar\u00e1 y de ser necesario, se proceder\u00e1 con c\u00e1rcel. As\u00ed culmin\u00f3 en una rueda de [&hellip;]\" \/>\n<meta property=\"og:url\" content=\"https:\/\/lospoliticosveracruz.com\/?p=20698\" \/>\n<meta property=\"og:site_name\" content=\"Los pol\u00edticos Veracruz\" \/>\n<meta property=\"article:publisher\" content=\"https:\/\/www.facebook.com\/people\/Notimemes-de-los-Polticos\/61565672886568\/\" \/>\n<meta property=\"article:published_time\" content=\"2016-01-26T05:08:03+00:00\" \/>\n<meta property=\"og:image\" content=\"https:\/\/lospoliticosveracruz.com\/wp-content\/uploads\/2016\/07\/Logo-Dor.jpg\" \/>\n\t<meta property=\"og:image:width\" content=\"200\" \/>\n\t<meta property=\"og:image:height\" content=\"200\" \/>\n\t<meta property=\"og:image:type\" content=\"image\/jpeg\" \/>\n<meta name=\"author\" content=\"Lo viste en Los Pol\u00edticos\" \/>\n<meta name=\"twitter:card\" content=\"summary_large_image\" \/>\n<meta name=\"twitter:creator\" content=\"@LosPoliticosVer\" \/>\n<meta name=\"twitter:site\" content=\"@LosPoliticosVer\" \/>\n<meta name=\"twitter:label1\" content=\"Escrito por\" \/>\n\t<meta name=\"twitter:data1\" content=\"Lo viste en Los Pol\u00edticos\" \/>\n\t<meta name=\"twitter:label2\" content=\"Tiempo de lectura\" \/>\n\t<meta name=\"twitter:data2\" content=\"6 minutos\" \/>\n<script type=\"application\/ld+json\" class=\"yoast-schema-graph\">{\"@context\":\"https:\\\/\\\/schema.org\",\"@graph\":[{\"@type\":\"Article\",\"@id\":\"https:\\\/\\\/lospoliticosveracruz.com\\\/?p=20698#article\",\"isPartOf\":{\"@id\":\"https:\\\/\\\/lospoliticosveracruz.com\\\/?p=20698\"},\"author\":{\"name\":\"Lo viste en Los Pol\u00edticos\",\"@id\":\"https:\\\/\\\/lospoliticosveracruz.com\\\/#\\\/schema\\\/person\\\/b8702bb0e538456e6efd07080bf2a4a2\"},\"headline\":\"El folklore priista\",\"datePublished\":\"2016-01-26T05:08:03+00:00\",\"mainEntityOfPage\":{\"@id\":\"https:\\\/\\\/lospoliticosveracruz.com\\\/?p=20698\"},\"wordCount\":1226,\"commentCount\":0,\"publisher\":{\"@id\":\"https:\\\/\\\/lospoliticosveracruz.com\\\/#organization\"},\"keywords\":[\"Alejandro Montano Guzm\u00e1n\",\"Amadeo Flores Espinosa\",\"Corintia Cruz Oreg\u00f3n\",\"Erick Lagos Hern\u00e1ndez\",\"H\u00e9ctor Yunes Landa\",\"Jorge Carvallo Delf\u00edn\",\"Liz Yunes Yunes\",\"Manuel Lila de Arce\",\"Miguel Alem\u00e1n Velasco\",\"Veracruz\"],\"articleSection\":[\"De Opini\u00f3n\"],\"inLanguage\":\"es\",\"potentialAction\":[{\"@type\":\"CommentAction\",\"name\":\"Comment\",\"target\":[\"https:\\\/\\\/lospoliticosveracruz.com\\\/?p=20698#respond\"]}]},{\"@type\":\"WebPage\",\"@id\":\"https:\\\/\\\/lospoliticosveracruz.com\\\/?p=20698\",\"url\":\"https:\\\/\\\/lospoliticosveracruz.com\\\/?p=20698\",\"name\":\"El folklore priista - Los pol\u00edticos Veracruz\",\"isPartOf\":{\"@id\":\"https:\\\/\\\/lospoliticosveracruz.com\\\/#website\"},\"datePublished\":\"2016-01-26T05:08:03+00:00\",\"breadcrumb\":{\"@id\":\"https:\\\/\\\/lospoliticosveracruz.com\\\/?p=20698#breadcrumb\"},\"inLanguage\":\"es\",\"potentialAction\":[{\"@type\":\"ReadAction\",\"target\":[\"https:\\\/\\\/lospoliticosveracruz.com\\\/?p=20698\"]}]},{\"@type\":\"BreadcrumbList\",\"@id\":\"https:\\\/\\\/lospoliticosveracruz.com\\\/?p=20698#breadcrumb\",\"itemListElement\":[{\"@type\":\"ListItem\",\"position\":1,\"name\":\"Portada\",\"item\":\"https:\\\/\\\/lospoliticosveracruz.com\\\/\"},{\"@type\":\"ListItem\",\"position\":2,\"name\":\"El folklore priista\"}]},{\"@type\":\"WebSite\",\"@id\":\"https:\\\/\\\/lospoliticosveracruz.com\\\/#website\",\"url\":\"https:\\\/\\\/lospoliticosveracruz.com\\\/\",\"name\":\"Los pol\u00edticos Veracruz\",\"description\":\"\",\"publisher\":{\"@id\":\"https:\\\/\\\/lospoliticosveracruz.com\\\/#organization\"},\"potentialAction\":[{\"@type\":\"SearchAction\",\"target\":{\"@type\":\"EntryPoint\",\"urlTemplate\":\"https:\\\/\\\/lospoliticosveracruz.com\\\/?s={search_term_string}\"},\"query-input\":{\"@type\":\"PropertyValueSpecification\",\"valueRequired\":true,\"valueName\":\"search_term_string\"}}],\"inLanguage\":\"es\"},{\"@type\":\"Organization\",\"@id\":\"https:\\\/\\\/lospoliticosveracruz.com\\\/#organization\",\"name\":\"Los pol\u00edticos Veracruz\",\"url\":\"https:\\\/\\\/lospoliticosveracruz.com\\\/\",\"logo\":{\"@type\":\"ImageObject\",\"inLanguage\":\"es\",\"@id\":\"https:\\\/\\\/lospoliticosveracruz.com\\\/#\\\/schema\\\/logo\\\/image\\\/\",\"url\":\"https:\\\/\\\/lospoliticosveracruz.com\\\/wp-content\\\/uploads\\\/2025\\\/12\\\/Logo-Nuevo-LOS-POLITICOS-1.jpg\",\"contentUrl\":\"https:\\\/\\\/lospoliticosveracruz.com\\\/wp-content\\\/uploads\\\/2025\\\/12\\\/Logo-Nuevo-LOS-POLITICOS-1.jpg\",\"width\":260,\"height\":70,\"caption\":\"Los pol\u00edticos Veracruz\"},\"image\":{\"@id\":\"https:\\\/\\\/lospoliticosveracruz.com\\\/#\\\/schema\\\/logo\\\/image\\\/\"},\"sameAs\":[\"https:\\\/\\\/www.facebook.com\\\/people\\\/Notimemes-de-los-Polticos\\\/61565672886568\\\/\",\"https:\\\/\\\/x.com\\\/LosPoliticosVer\"]},{\"@type\":\"Person\",\"@id\":\"https:\\\/\\\/lospoliticosveracruz.com\\\/#\\\/schema\\\/person\\\/b8702bb0e538456e6efd07080bf2a4a2\",\"name\":\"Lo viste en Los Pol\u00edticos\",\"image\":{\"@type\":\"ImageObject\",\"inLanguage\":\"es\",\"@id\":\"https:\\\/\\\/secure.gravatar.com\\\/avatar\\\/3a8de04a2656d44082be478bd6c086daa447c4651605818287b9532d3d0bd435?s=96&d=mm&r=g\",\"url\":\"https:\\\/\\\/secure.gravatar.com\\\/avatar\\\/3a8de04a2656d44082be478bd6c086daa447c4651605818287b9532d3d0bd435?s=96&d=mm&r=g\",\"contentUrl\":\"https:\\\/\\\/secure.gravatar.com\\\/avatar\\\/3a8de04a2656d44082be478bd6c086daa447c4651605818287b9532d3d0bd435?s=96&d=mm&r=g\",\"caption\":\"Lo viste en Los Pol\u00edticos\"},\"url\":\"https:\\\/\\\/lospoliticosveracruz.com\\\/?author=2\"}]}<\/script>\n<!-- \/ Yoast SEO plugin. -->","yoast_head_json":{"title":"El folklore priista - Los pol\u00edticos Veracruz","robots":{"index":"index","follow":"follow","max-snippet":"max-snippet:-1","max-image-preview":"max-image-preview:large","max-video-preview":"max-video-preview:-1"},"canonical":"https:\/\/lospoliticosveracruz.com\/?p=20698","og_locale":"es_ES","og_type":"article","og_title":"El folklore priista - Los pol\u00edticos Veracruz","og_description":"Salvador Mu\u00f1oz Los Pol\u00edticos Sin rencores. Sin revanchas. Sin confrontaciones. Tampoco su campa\u00f1a y gobierno se convertir\u00e1n en una cacer\u00eda de brujas que se traduzca en obsesi\u00f3n. Claro, si se identifica a quien hizo mal uso de los recursos, se actuar\u00e1 y de ser necesario, se proceder\u00e1 con c\u00e1rcel. As\u00ed culmin\u00f3 en una rueda de [&hellip;]","og_url":"https:\/\/lospoliticosveracruz.com\/?p=20698","og_site_name":"Los pol\u00edticos Veracruz","article_publisher":"https:\/\/www.facebook.com\/people\/Notimemes-de-los-Polticos\/61565672886568\/","article_published_time":"2016-01-26T05:08:03+00:00","og_image":[{"width":200,"height":200,"url":"https:\/\/lospoliticosveracruz.com\/wp-content\/uploads\/2016\/07\/Logo-Dor.jpg","type":"image\/jpeg"}],"author":"Lo viste en Los Pol\u00edticos","twitter_card":"summary_large_image","twitter_creator":"@LosPoliticosVer","twitter_site":"@LosPoliticosVer","twitter_misc":{"Escrito por":"Lo viste en Los Pol\u00edticos","Tiempo de lectura":"6 minutos"},"schema":{"@context":"https:\/\/schema.org","@graph":[{"@type":"Article","@id":"https:\/\/lospoliticosveracruz.com\/?p=20698#article","isPartOf":{"@id":"https:\/\/lospoliticosveracruz.com\/?p=20698"},"author":{"name":"Lo viste en Los Pol\u00edticos","@id":"https:\/\/lospoliticosveracruz.com\/#\/schema\/person\/b8702bb0e538456e6efd07080bf2a4a2"},"headline":"El folklore priista","datePublished":"2016-01-26T05:08:03+00:00","mainEntityOfPage":{"@id":"https:\/\/lospoliticosveracruz.com\/?p=20698"},"wordCount":1226,"commentCount":0,"publisher":{"@id":"https:\/\/lospoliticosveracruz.com\/#organization"},"keywords":["Alejandro Montano Guzm\u00e1n","Amadeo Flores Espinosa","Corintia Cruz Oreg\u00f3n","Erick Lagos Hern\u00e1ndez","H\u00e9ctor Yunes Landa","Jorge Carvallo Delf\u00edn","Liz Yunes Yunes","Manuel Lila de Arce","Miguel Alem\u00e1n Velasco","Veracruz"],"articleSection":["De Opini\u00f3n"],"inLanguage":"es","potentialAction":[{"@type":"CommentAction","name":"Comment","target":["https:\/\/lospoliticosveracruz.com\/?p=20698#respond"]}]},{"@type":"WebPage","@id":"https:\/\/lospoliticosveracruz.com\/?p=20698","url":"https:\/\/lospoliticosveracruz.com\/?p=20698","name":"El folklore priista - Los pol\u00edticos Veracruz","isPartOf":{"@id":"https:\/\/lospoliticosveracruz.com\/#website"},"datePublished":"2016-01-26T05:08:03+00:00","breadcrumb":{"@id":"https:\/\/lospoliticosveracruz.com\/?p=20698#breadcrumb"},"inLanguage":"es","potentialAction":[{"@type":"ReadAction","target":["https:\/\/lospoliticosveracruz.com\/?p=20698"]}]},{"@type":"BreadcrumbList","@id":"https:\/\/lospoliticosveracruz.com\/?p=20698#breadcrumb","itemListElement":[{"@type":"ListItem","position":1,"name":"Portada","item":"https:\/\/lospoliticosveracruz.com\/"},{"@type":"ListItem","position":2,"name":"El folklore priista"}]},{"@type":"WebSite","@id":"https:\/\/lospoliticosveracruz.com\/#website","url":"https:\/\/lospoliticosveracruz.com\/","name":"Los pol\u00edticos Veracruz","description":"","publisher":{"@id":"https:\/\/lospoliticosveracruz.com\/#organization"},"potentialAction":[{"@type":"SearchAction","target":{"@type":"EntryPoint","urlTemplate":"https:\/\/lospoliticosveracruz.com\/?s={search_term_string}"},"query-input":{"@type":"PropertyValueSpecification","valueRequired":true,"valueName":"search_term_string"}}],"inLanguage":"es"},{"@type":"Organization","@id":"https:\/\/lospoliticosveracruz.com\/#organization","name":"Los pol\u00edticos Veracruz","url":"https:\/\/lospoliticosveracruz.com\/","logo":{"@type":"ImageObject","inLanguage":"es","@id":"https:\/\/lospoliticosveracruz.com\/#\/schema\/logo\/image\/","url":"https:\/\/lospoliticosveracruz.com\/wp-content\/uploads\/2025\/12\/Logo-Nuevo-LOS-POLITICOS-1.jpg","contentUrl":"https:\/\/lospoliticosveracruz.com\/wp-content\/uploads\/2025\/12\/Logo-Nuevo-LOS-POLITICOS-1.jpg","width":260,"height":70,"caption":"Los pol\u00edticos Veracruz"},"image":{"@id":"https:\/\/lospoliticosveracruz.com\/#\/schema\/logo\/image\/"},"sameAs":["https:\/\/www.facebook.com\/people\/Notimemes-de-los-Polticos\/61565672886568\/","https:\/\/x.com\/LosPoliticosVer"]},{"@type":"Person","@id":"https:\/\/lospoliticosveracruz.com\/#\/schema\/person\/b8702bb0e538456e6efd07080bf2a4a2","name":"Lo viste en Los Pol\u00edticos","image":{"@type":"ImageObject","inLanguage":"es","@id":"https:\/\/secure.gravatar.com\/avatar\/3a8de04a2656d44082be478bd6c086daa447c4651605818287b9532d3d0bd435?s=96&d=mm&r=g","url":"https:\/\/secure.gravatar.com\/avatar\/3a8de04a2656d44082be478bd6c086daa447c4651605818287b9532d3d0bd435?s=96&d=mm&r=g","contentUrl":"https:\/\/secure.gravatar.com\/avatar\/3a8de04a2656d44082be478bd6c086daa447c4651605818287b9532d3d0bd435?s=96&d=mm&r=g","caption":"Lo viste en Los Pol\u00edticos"},"url":"https:\/\/lospoliticosveracruz.com\/?author=2"}]}},"_links":{"self":[{"href":"https:\/\/lospoliticosveracruz.com\/index.php?rest_route=\/wp\/v2\/posts\/20698","targetHints":{"allow":["GET"]}}],"collection":[{"href":"https:\/\/lospoliticosveracruz.com\/index.php?rest_route=\/wp\/v2\/posts"}],"about":[{"href":"https:\/\/lospoliticosveracruz.com\/index.php?rest_route=\/wp\/v2\/types\/post"}],"author":[{"embeddable":true,"href":"https:\/\/lospoliticosveracruz.com\/index.php?rest_route=\/wp\/v2\/users\/2"}],"replies":[{"embeddable":true,"href":"https:\/\/lospoliticosveracruz.com\/index.php?rest_route=%2Fwp%2Fv2%2Fcomments&post=20698"}],"version-history":[{"count":1,"href":"https:\/\/lospoliticosveracruz.com\/index.php?rest_route=\/wp\/v2\/posts\/20698\/revisions"}],"predecessor-version":[{"id":20700,"href":"https:\/\/lospoliticosveracruz.com\/index.php?rest_route=\/wp\/v2\/posts\/20698\/revisions\/20700"}],"wp:attachment":[{"href":"https:\/\/lospoliticosveracruz.com\/index.php?rest_route=%2Fwp%2Fv2%2Fmedia&parent=20698"}],"wp:term":[{"taxonomy":"category","embeddable":true,"href":"https:\/\/lospoliticosveracruz.com\/index.php?rest_route=%2Fwp%2Fv2%2Fcategories&post=20698"},{"taxonomy":"post_tag","embeddable":true,"href":"https:\/\/lospoliticosveracruz.com\/index.php?rest_route=%2Fwp%2Fv2%2Ftags&post=20698"}],"curies":[{"name":"wp","href":"https:\/\/api.w.org\/{rel}","templated":true}]}}