{"id":20704,"date":"2016-01-26T09:23:48","date_gmt":"2016-01-26T15:23:48","guid":{"rendered":"http:\/\/www.lospoliticosveracruz.com.mx\/?p=20704"},"modified":"2016-01-26T09:23:48","modified_gmt":"2016-01-26T15:23:48","slug":"hector-marca-distancia","status":"publish","type":"post","link":"https:\/\/lospoliticosveracruz.com\/?p=20704","title":{"rendered":"H\u00e9ctor marca distancia"},"content":{"rendered":"<p><a href=\"http:\/\/www.lospoliticosveracruz.com.mx\/wp-content\/uploads\/2016\/01\/Ricardo-Ahued-H\u00e9ctor-Yunes1.jpg\"><img loading=\"lazy\" decoding=\"async\" class=\"alignnone size-medium wp-image-20480\" src=\"http:\/\/www.lospoliticosveracruz.com.mx\/wp-content\/uploads\/2016\/01\/Ricardo-Ahued-H\u00e9ctor-Yunes1-300x201.jpg\" alt=\"Ricardo Ahued H\u00e9ctor Yunes\" width=\"300\" height=\"201\" \/><\/a><\/p>\n<p><strong>M\u00f3nica Camarena Crespo<\/strong><\/p>\n<p><em>Parque Ju\u00e1rez<\/em><br \/>\nSin exagerar, sin protagonismos, sin palabras de odio, H\u00e9ctor Yunes Landa marca distancia y delinea en forma clara, cual ser\u00e1 la ruta que habr\u00e1 de seguir para la intensa campa\u00f1a que le espera.<br \/>\n\u201c No me conformar\u00e9 con la realidad que vivimos, no negar\u00e9 la realidad, sea buena o sea mala, ser\u00e9 lo que siempre he sido, un veracruzano limpio. No me tiembla la mano pero tampoco me envuelve el odio, estoy listo y estoy limpio, no tengo en el pasado hechos que me averg\u00fcencen ni v\u00edctimas que me se\u00f1alen, ni riquezas que empa\u00f1en mi nombre que voy a heredar a mis hijos. Soy un veracruzano leal\u201d, ofreci\u00f3 ante un auditorio lleno de priistas en su registro como pre candidato al gobierno de Veracruz.<br \/>\nDos personajes tuvieron especial trato en el acto, el Senador Jos\u00e9 Yunes Zorrilla que tuvo a su cargo la presentaci\u00f3n de la documentaci\u00f3n del precandidato, incluso con participaci\u00f3n discursiva y sin duda, el ex gobernador Miguel Alem\u00e1n Velasco, quien con su presencia avala la candidatura de H\u00e9ctor Yunes.<br \/>\nAh\u00ed mismo el precandidato nombrar\u00eda durante su discurso a personajes cercanos a el, que tienen ya a su cargo grandes responsabilidades para el dif\u00edcil tramo electoral que inicia; Jorge Moreno Salinas, el mejor amigo de H\u00e9ctor, lo quiere como a un hermano seg\u00fan sus propias palabras.<br \/>\nRicardo Ahued Bardahuil, empresario xalape\u00f1o, ex alcalde de Xalapa, legislador, pero sobre todo, de probada honradez y transparencia en sus quehaceres pol\u00edticos. Congruente y respetado.<br \/>\nAmadeo Flores Espinosa, que como lo adelantamos desde la semana pasada en este mismo espacio, ser\u00e1 el nuevo Presidente del PRI Estatal; encabezara el partido que por el momento carece de verdadera unidad. Va a tejer fino como es su costumbre, con experiencia probada y lealtad pol\u00edtica.<br \/>\nErika Ayala R\u00edos, quien fue presentada ya por Yunes Landa durante el registro, como Senadora; mujer de resultados, que con trabajo ha demostrado ser una verdadera l\u00edder y quien asumir\u00e1 la suplencia en la importante curul que deja H\u00e9ctor en el Senado de la Rep\u00fablica.<br \/>\nFiel a su identidad, el ahora precandidato del PRI, dedico parte de su discurso a reconocer el gran equipo con el que cuenta; su esposa Ver\u00f3nica de la Medina, sus hijos, Andrea, Liz y el peque\u00f1o H\u00e9ctor. Quienes siempre han sido, su mayor fortaleza.<br \/>\nH\u00e9ctor Yunes Landa fue muy claro \u201c Ser\u00e9 un veracruzano critico. Aspiro a ser un gobernador honesto \u201c. M\u00e1s claro, ni el agua, como reza el dicho.<br \/>\n<strong>\u00c1gora<\/strong><br \/>\nDe todos los Diputados Federales del PRI presentes en el acto de H\u00e9ctor Yunes Landa en su registro, el que se ve\u00eda m\u00e1s contento y sincero fue sin duda Adolfo Mota.<br \/>\n<strong>\u00c1gora II<\/strong><br \/>\nDespu\u00e9s del relevo en el PRI Estatal, uno de los primeros retos para el experimentado Felipe Amadeo Flores Espinoza, ser\u00e1 la selecci\u00f3n de candidatos a Diputados Locales; se requieren perfiles sin cuestionamientos, ni cola que les pisen y lo principal y m\u00e1s importante, que sean cercanos al candidato a la gubernatura, pues a partir de este momento, de lo que se trata es de allegar lealtad y muchos, pero muchos votos.<br \/>\nPara los que ya se sent\u00edan candidatos les van a recordar la frase<br \/>\n\u201c Mas ayuda el que no estorba \u201c.<br \/>\n@monicamarena<\/p>\n","protected":false},"excerpt":{"rendered":"<p>M\u00f3nica Camarena Crespo Parque Ju\u00e1rez Sin exagerar, sin protagonismos, sin palabras de odio, H\u00e9ctor Yunes Landa marca distancia y delinea en forma clara, cual ser\u00e1 la ruta que habr\u00e1 de seguir para la intensa campa\u00f1a que le espera. \u201c No me conformar\u00e9 con la realidad que vivimos, no negar\u00e9 la realidad, sea buena o sea [&hellip;]<\/p>\n","protected":false},"author":2,"featured_media":0,"comment_status":"open","ping_status":"open","sticky":false,"template":"","format":"standard","meta":{"tdm_status":"","tdm_grid_status":"","footnotes":""},"categories":[70],"tags":[3685,348,4619,227,1800,2812],"class_list":{"0":"post-20704","1":"post","2":"type-post","3":"status-publish","4":"format-standard","6":"category-de-opinion","7":"tag-amadeo-flores-espinosa","8":"tag-hector-yunes-landa","9":"tag-jorge-moreno-salinas","10":"tag-jose-yunes-zorrilla","11":"tag-miguel-aleman-velasco","12":"tag-ricardo-ahued-bardahuil"},"yoast_head":"<!-- This site is optimized with the Yoast SEO plugin v27.4 - https:\/\/yoast.com\/product\/yoast-seo-wordpress\/ -->\n<title>H\u00e9ctor marca distancia - Los pol\u00edticos Veracruz<\/title>\n<meta name=\"robots\" content=\"index, follow, max-snippet:-1, max-image-preview:large, max-video-preview:-1\" \/>\n<link rel=\"canonical\" href=\"https:\/\/lospoliticosveracruz.com\/?p=20704\" \/>\n<meta property=\"og:locale\" content=\"es_ES\" \/>\n<meta property=\"og:type\" content=\"article\" \/>\n<meta property=\"og:title\" content=\"H\u00e9ctor marca distancia - Los pol\u00edticos Veracruz\" \/>\n<meta property=\"og:description\" content=\"M\u00f3nica Camarena Crespo Parque Ju\u00e1rez Sin exagerar, sin protagonismos, sin palabras de odio, H\u00e9ctor Yunes Landa marca distancia y delinea en forma clara, cual ser\u00e1 la ruta que habr\u00e1 de seguir para la intensa campa\u00f1a que le espera. \u201c No me conformar\u00e9 con la realidad que vivimos, no negar\u00e9 la realidad, sea buena o sea [&hellip;]\" \/>\n<meta property=\"og:url\" content=\"https:\/\/lospoliticosveracruz.com\/?p=20704\" \/>\n<meta property=\"og:site_name\" content=\"Los pol\u00edticos Veracruz\" \/>\n<meta property=\"article:publisher\" content=\"https:\/\/www.facebook.com\/people\/Notimemes-de-los-Polticos\/61565672886568\/\" \/>\n<meta property=\"article:published_time\" content=\"2016-01-26T15:23:48+00:00\" \/>\n<meta property=\"og:image\" content=\"https:\/\/lospoliticosveracruz.com\/wp-content\/uploads\/2016\/07\/Logo-Dor.jpg\" \/>\n\t<meta property=\"og:image:width\" content=\"200\" \/>\n\t<meta property=\"og:image:height\" content=\"200\" \/>\n\t<meta property=\"og:image:type\" content=\"image\/jpeg\" \/>\n<meta name=\"author\" content=\"Lo viste en Los Pol\u00edticos\" \/>\n<meta name=\"twitter:card\" content=\"summary_large_image\" \/>\n<meta name=\"twitter:creator\" content=\"@LosPoliticosVer\" \/>\n<meta name=\"twitter:site\" content=\"@LosPoliticosVer\" \/>\n<meta name=\"twitter:label1\" content=\"Escrito por\" \/>\n\t<meta name=\"twitter:data1\" content=\"Lo viste en Los Pol\u00edticos\" \/>\n\t<meta name=\"twitter:label2\" content=\"Tiempo de lectura\" \/>\n\t<meta name=\"twitter:data2\" content=\"3 minutos\" \/>\n<script type=\"application\/ld+json\" class=\"yoast-schema-graph\">{\"@context\":\"https:\\\/\\\/schema.org\",\"@graph\":[{\"@type\":\"Article\",\"@id\":\"https:\\\/\\\/lospoliticosveracruz.com\\\/?p=20704#article\",\"isPartOf\":{\"@id\":\"https:\\\/\\\/lospoliticosveracruz.com\\\/?p=20704\"},\"author\":{\"name\":\"Lo viste en Los Pol\u00edticos\",\"@id\":\"https:\\\/\\\/lospoliticosveracruz.com\\\/#\\\/schema\\\/person\\\/b8702bb0e538456e6efd07080bf2a4a2\"},\"headline\":\"H\u00e9ctor marca distancia\",\"datePublished\":\"2016-01-26T15:23:48+00:00\",\"mainEntityOfPage\":{\"@id\":\"https:\\\/\\\/lospoliticosveracruz.com\\\/?p=20704\"},\"wordCount\":573,\"commentCount\":0,\"publisher\":{\"@id\":\"https:\\\/\\\/lospoliticosveracruz.com\\\/#organization\"},\"keywords\":[\"Amadeo Flores Espinosa\",\"H\u00e9ctor Yunes Landa\",\"Jorge Moreno Salinas\",\"Jos\u00e9 Yunes Zorrilla\",\"Miguel Alem\u00e1n Velasco\",\"Ricardo Ahued Bardahuil\"],\"articleSection\":[\"De Opini\u00f3n\"],\"inLanguage\":\"es\",\"potentialAction\":[{\"@type\":\"CommentAction\",\"name\":\"Comment\",\"target\":[\"https:\\\/\\\/lospoliticosveracruz.com\\\/?p=20704#respond\"]}]},{\"@type\":\"WebPage\",\"@id\":\"https:\\\/\\\/lospoliticosveracruz.com\\\/?p=20704\",\"url\":\"https:\\\/\\\/lospoliticosveracruz.com\\\/?p=20704\",\"name\":\"H\u00e9ctor marca distancia - Los pol\u00edticos Veracruz\",\"isPartOf\":{\"@id\":\"https:\\\/\\\/lospoliticosveracruz.com\\\/#website\"},\"datePublished\":\"2016-01-26T15:23:48+00:00\",\"breadcrumb\":{\"@id\":\"https:\\\/\\\/lospoliticosveracruz.com\\\/?p=20704#breadcrumb\"},\"inLanguage\":\"es\",\"potentialAction\":[{\"@type\":\"ReadAction\",\"target\":[\"https:\\\/\\\/lospoliticosveracruz.com\\\/?p=20704\"]}]},{\"@type\":\"BreadcrumbList\",\"@id\":\"https:\\\/\\\/lospoliticosveracruz.com\\\/?p=20704#breadcrumb\",\"itemListElement\":[{\"@type\":\"ListItem\",\"position\":1,\"name\":\"Portada\",\"item\":\"https:\\\/\\\/lospoliticosveracruz.com\\\/\"},{\"@type\":\"ListItem\",\"position\":2,\"name\":\"H\u00e9ctor marca distancia\"}]},{\"@type\":\"WebSite\",\"@id\":\"https:\\\/\\\/lospoliticosveracruz.com\\\/#website\",\"url\":\"https:\\\/\\\/lospoliticosveracruz.com\\\/\",\"name\":\"Los pol\u00edticos Veracruz\",\"description\":\"\",\"publisher\":{\"@id\":\"https:\\\/\\\/lospoliticosveracruz.com\\\/#organization\"},\"potentialAction\":[{\"@type\":\"SearchAction\",\"target\":{\"@type\":\"EntryPoint\",\"urlTemplate\":\"https:\\\/\\\/lospoliticosveracruz.com\\\/?s={search_term_string}\"},\"query-input\":{\"@type\":\"PropertyValueSpecification\",\"valueRequired\":true,\"valueName\":\"search_term_string\"}}],\"inLanguage\":\"es\"},{\"@type\":\"Organization\",\"@id\":\"https:\\\/\\\/lospoliticosveracruz.com\\\/#organization\",\"name\":\"Los pol\u00edticos Veracruz\",\"url\":\"https:\\\/\\\/lospoliticosveracruz.com\\\/\",\"logo\":{\"@type\":\"ImageObject\",\"inLanguage\":\"es\",\"@id\":\"https:\\\/\\\/lospoliticosveracruz.com\\\/#\\\/schema\\\/logo\\\/image\\\/\",\"url\":\"https:\\\/\\\/lospoliticosveracruz.com\\\/wp-content\\\/uploads\\\/2025\\\/12\\\/Logo-Nuevo-LOS-POLITICOS-1.jpg\",\"contentUrl\":\"https:\\\/\\\/lospoliticosveracruz.com\\\/wp-content\\\/uploads\\\/2025\\\/12\\\/Logo-Nuevo-LOS-POLITICOS-1.jpg\",\"width\":260,\"height\":70,\"caption\":\"Los pol\u00edticos Veracruz\"},\"image\":{\"@id\":\"https:\\\/\\\/lospoliticosveracruz.com\\\/#\\\/schema\\\/logo\\\/image\\\/\"},\"sameAs\":[\"https:\\\/\\\/www.facebook.com\\\/people\\\/Notimemes-de-los-Polticos\\\/61565672886568\\\/\",\"https:\\\/\\\/x.com\\\/LosPoliticosVer\"]},{\"@type\":\"Person\",\"@id\":\"https:\\\/\\\/lospoliticosveracruz.com\\\/#\\\/schema\\\/person\\\/b8702bb0e538456e6efd07080bf2a4a2\",\"name\":\"Lo viste en Los Pol\u00edticos\",\"image\":{\"@type\":\"ImageObject\",\"inLanguage\":\"es\",\"@id\":\"https:\\\/\\\/secure.gravatar.com\\\/avatar\\\/3a8de04a2656d44082be478bd6c086daa447c4651605818287b9532d3d0bd435?s=96&d=mm&r=g\",\"url\":\"https:\\\/\\\/secure.gravatar.com\\\/avatar\\\/3a8de04a2656d44082be478bd6c086daa447c4651605818287b9532d3d0bd435?s=96&d=mm&r=g\",\"contentUrl\":\"https:\\\/\\\/secure.gravatar.com\\\/avatar\\\/3a8de04a2656d44082be478bd6c086daa447c4651605818287b9532d3d0bd435?s=96&d=mm&r=g\",\"caption\":\"Lo viste en Los Pol\u00edticos\"},\"url\":\"https:\\\/\\\/lospoliticosveracruz.com\\\/?author=2\"}]}<\/script>\n<!-- \/ Yoast SEO plugin. -->","yoast_head_json":{"title":"H\u00e9ctor marca distancia - Los pol\u00edticos Veracruz","robots":{"index":"index","follow":"follow","max-snippet":"max-snippet:-1","max-image-preview":"max-image-preview:large","max-video-preview":"max-video-preview:-1"},"canonical":"https:\/\/lospoliticosveracruz.com\/?p=20704","og_locale":"es_ES","og_type":"article","og_title":"H\u00e9ctor marca distancia - Los pol\u00edticos Veracruz","og_description":"M\u00f3nica Camarena Crespo Parque Ju\u00e1rez Sin exagerar, sin protagonismos, sin palabras de odio, H\u00e9ctor Yunes Landa marca distancia y delinea en forma clara, cual ser\u00e1 la ruta que habr\u00e1 de seguir para la intensa campa\u00f1a que le espera. \u201c No me conformar\u00e9 con la realidad que vivimos, no negar\u00e9 la realidad, sea buena o sea [&hellip;]","og_url":"https:\/\/lospoliticosveracruz.com\/?p=20704","og_site_name":"Los pol\u00edticos Veracruz","article_publisher":"https:\/\/www.facebook.com\/people\/Notimemes-de-los-Polticos\/61565672886568\/","article_published_time":"2016-01-26T15:23:48+00:00","og_image":[{"width":200,"height":200,"url":"https:\/\/lospoliticosveracruz.com\/wp-content\/uploads\/2016\/07\/Logo-Dor.jpg","type":"image\/jpeg"}],"author":"Lo viste en Los Pol\u00edticos","twitter_card":"summary_large_image","twitter_creator":"@LosPoliticosVer","twitter_site":"@LosPoliticosVer","twitter_misc":{"Escrito por":"Lo viste en Los Pol\u00edticos","Tiempo de lectura":"3 minutos"},"schema":{"@context":"https:\/\/schema.org","@graph":[{"@type":"Article","@id":"https:\/\/lospoliticosveracruz.com\/?p=20704#article","isPartOf":{"@id":"https:\/\/lospoliticosveracruz.com\/?p=20704"},"author":{"name":"Lo viste en Los Pol\u00edticos","@id":"https:\/\/lospoliticosveracruz.com\/#\/schema\/person\/b8702bb0e538456e6efd07080bf2a4a2"},"headline":"H\u00e9ctor marca distancia","datePublished":"2016-01-26T15:23:48+00:00","mainEntityOfPage":{"@id":"https:\/\/lospoliticosveracruz.com\/?p=20704"},"wordCount":573,"commentCount":0,"publisher":{"@id":"https:\/\/lospoliticosveracruz.com\/#organization"},"keywords":["Amadeo Flores Espinosa","H\u00e9ctor Yunes Landa","Jorge Moreno Salinas","Jos\u00e9 Yunes Zorrilla","Miguel Alem\u00e1n Velasco","Ricardo Ahued Bardahuil"],"articleSection":["De Opini\u00f3n"],"inLanguage":"es","potentialAction":[{"@type":"CommentAction","name":"Comment","target":["https:\/\/lospoliticosveracruz.com\/?p=20704#respond"]}]},{"@type":"WebPage","@id":"https:\/\/lospoliticosveracruz.com\/?p=20704","url":"https:\/\/lospoliticosveracruz.com\/?p=20704","name":"H\u00e9ctor marca distancia - Los pol\u00edticos Veracruz","isPartOf":{"@id":"https:\/\/lospoliticosveracruz.com\/#website"},"datePublished":"2016-01-26T15:23:48+00:00","breadcrumb":{"@id":"https:\/\/lospoliticosveracruz.com\/?p=20704#breadcrumb"},"inLanguage":"es","potentialAction":[{"@type":"ReadAction","target":["https:\/\/lospoliticosveracruz.com\/?p=20704"]}]},{"@type":"BreadcrumbList","@id":"https:\/\/lospoliticosveracruz.com\/?p=20704#breadcrumb","itemListElement":[{"@type":"ListItem","position":1,"name":"Portada","item":"https:\/\/lospoliticosveracruz.com\/"},{"@type":"ListItem","position":2,"name":"H\u00e9ctor marca distancia"}]},{"@type":"WebSite","@id":"https:\/\/lospoliticosveracruz.com\/#website","url":"https:\/\/lospoliticosveracruz.com\/","name":"Los pol\u00edticos Veracruz","description":"","publisher":{"@id":"https:\/\/lospoliticosveracruz.com\/#organization"},"potentialAction":[{"@type":"SearchAction","target":{"@type":"EntryPoint","urlTemplate":"https:\/\/lospoliticosveracruz.com\/?s={search_term_string}"},"query-input":{"@type":"PropertyValueSpecification","valueRequired":true,"valueName":"search_term_string"}}],"inLanguage":"es"},{"@type":"Organization","@id":"https:\/\/lospoliticosveracruz.com\/#organization","name":"Los pol\u00edticos Veracruz","url":"https:\/\/lospoliticosveracruz.com\/","logo":{"@type":"ImageObject","inLanguage":"es","@id":"https:\/\/lospoliticosveracruz.com\/#\/schema\/logo\/image\/","url":"https:\/\/lospoliticosveracruz.com\/wp-content\/uploads\/2025\/12\/Logo-Nuevo-LOS-POLITICOS-1.jpg","contentUrl":"https:\/\/lospoliticosveracruz.com\/wp-content\/uploads\/2025\/12\/Logo-Nuevo-LOS-POLITICOS-1.jpg","width":260,"height":70,"caption":"Los pol\u00edticos Veracruz"},"image":{"@id":"https:\/\/lospoliticosveracruz.com\/#\/schema\/logo\/image\/"},"sameAs":["https:\/\/www.facebook.com\/people\/Notimemes-de-los-Polticos\/61565672886568\/","https:\/\/x.com\/LosPoliticosVer"]},{"@type":"Person","@id":"https:\/\/lospoliticosveracruz.com\/#\/schema\/person\/b8702bb0e538456e6efd07080bf2a4a2","name":"Lo viste en Los Pol\u00edticos","image":{"@type":"ImageObject","inLanguage":"es","@id":"https:\/\/secure.gravatar.com\/avatar\/3a8de04a2656d44082be478bd6c086daa447c4651605818287b9532d3d0bd435?s=96&d=mm&r=g","url":"https:\/\/secure.gravatar.com\/avatar\/3a8de04a2656d44082be478bd6c086daa447c4651605818287b9532d3d0bd435?s=96&d=mm&r=g","contentUrl":"https:\/\/secure.gravatar.com\/avatar\/3a8de04a2656d44082be478bd6c086daa447c4651605818287b9532d3d0bd435?s=96&d=mm&r=g","caption":"Lo viste en Los Pol\u00edticos"},"url":"https:\/\/lospoliticosveracruz.com\/?author=2"}]}},"_links":{"self":[{"href":"https:\/\/lospoliticosveracruz.com\/index.php?rest_route=\/wp\/v2\/posts\/20704","targetHints":{"allow":["GET"]}}],"collection":[{"href":"https:\/\/lospoliticosveracruz.com\/index.php?rest_route=\/wp\/v2\/posts"}],"about":[{"href":"https:\/\/lospoliticosveracruz.com\/index.php?rest_route=\/wp\/v2\/types\/post"}],"author":[{"embeddable":true,"href":"https:\/\/lospoliticosveracruz.com\/index.php?rest_route=\/wp\/v2\/users\/2"}],"replies":[{"embeddable":true,"href":"https:\/\/lospoliticosveracruz.com\/index.php?rest_route=%2Fwp%2Fv2%2Fcomments&post=20704"}],"version-history":[{"count":1,"href":"https:\/\/lospoliticosveracruz.com\/index.php?rest_route=\/wp\/v2\/posts\/20704\/revisions"}],"predecessor-version":[{"id":20705,"href":"https:\/\/lospoliticosveracruz.com\/index.php?rest_route=\/wp\/v2\/posts\/20704\/revisions\/20705"}],"wp:attachment":[{"href":"https:\/\/lospoliticosveracruz.com\/index.php?rest_route=%2Fwp%2Fv2%2Fmedia&parent=20704"}],"wp:term":[{"taxonomy":"category","embeddable":true,"href":"https:\/\/lospoliticosveracruz.com\/index.php?rest_route=%2Fwp%2Fv2%2Fcategories&post=20704"},{"taxonomy":"post_tag","embeddable":true,"href":"https:\/\/lospoliticosveracruz.com\/index.php?rest_route=%2Fwp%2Fv2%2Ftags&post=20704"}],"curies":[{"name":"wp","href":"https:\/\/api.w.org\/{rel}","templated":true}]}}