{"id":20710,"date":"2016-01-26T19:38:17","date_gmt":"2016-01-27T01:38:17","guid":{"rendered":"http:\/\/www.lospoliticosveracruz.com.mx\/?p=20710"},"modified":"2016-01-26T19:38:17","modified_gmt":"2016-01-27T01:38:17","slug":"pocos-ayuntamientos-bien-librados-de-las-auditorias","status":"publish","type":"post","link":"https:\/\/lospoliticosveracruz.com\/?p=20710","title":{"rendered":"Pocos ayuntamientos, bien librados de las auditor\u00edas"},"content":{"rendered":"<p><a href=\"http:\/\/www.lospoliticosveracruz.com.mx\/wp-content\/uploads\/2015\/11\/Tuxpan.jpg\"><img loading=\"lazy\" decoding=\"async\" class=\"alignnone size-medium wp-image-19425\" src=\"http:\/\/www.lospoliticosveracruz.com.mx\/wp-content\/uploads\/2015\/11\/Tuxpan-300x200.jpg\" alt=\"Tuxpan\" width=\"300\" height=\"200\" \/><\/a><br \/>\n<strong>Luis Alberto Romero<\/strong><\/p>\n<p><em>Hora Cero<\/em><\/p>\n<p>Muy pocos son los ayuntamientos que salen bien librados de una auditor\u00eda; la revisi\u00f3n a las cuentas p\u00fablicas ha sido uno de los talones de Aquiles de las administraciones municipales.<br \/>\nLamentablemente, ya estamos acostumbrados a leer o escuchar noticias sobre irregularidades en el manejo de los recursos p\u00fablicos, en la construcci\u00f3n de obras, en los criterios de transparencia y rendici\u00f3n de cuentas y, en general, en el desempe\u00f1o de las autoridades.<br \/>\nDerivado de la revisi\u00f3n a la cuenta p\u00fablica de 2010, por ejemplo, el \u00d3rgano de Fiscalizaci\u00f3n Superior del estado detect\u00f3 irregularidades en 80 de los 212 ayuntamientos; es decir, en 38 por ciento de los municipios de la entidad. M\u00e1s recientemente, en agosto del a\u00f1o pasado, la misma dependencia anunci\u00f3 que 13 ayuntamientos fueron denunciados por un presunto da\u00f1o patrimonial.<br \/>\nEs una historia que se repite a\u00f1o con a\u00f1o y de la que escapan muy pocos ayuntamientos. En t\u00e9rminos generales, casi todos los municipios presentan irregularidades en la administraci\u00f3n de los recursos.<br \/>\nUna de las excepciones se registra en la zona norte de Veracruz, espec\u00edficamente en el municipio de Tuxpan, que ha pasado sin mayores problemas las auditor\u00edas derivadas de la cuenta p\u00fablica 2014. En ayuntamiento que encabeza Ra\u00fal Ruiz D\u00edaz no recibi\u00f3 una sola observaci\u00f3n que hable de da\u00f1o patrimonial. En ese sentido, las revisiones practicadas a ese gobierno local dejan ver una correcta y transparente aplicaci\u00f3n de los recursos p\u00fablicos.<\/p>\n<p><strong>Tuxpan, bien evaluado por compa\u00f1\u00edas calificadoras<\/strong><br \/>\nEse factor, la limpieza en el manejo de los recursos, ha generado buenas opiniones por parte de las compa\u00f1\u00edas especializadas en el tema financiero. Recientemente, por ejemplo, Moody\u00b4s Investors Service, prestigiosa agencia de calificaci\u00f3n de riesgo, evalu\u00f3 al ayuntamiento tuxpe\u00f1o con una calificaci\u00f3n estable, Ba2.mx, que refleja \u201cun incipiente proceso de consolidaci\u00f3n fiscal iniciado por el municipio a inicios de 2014\u201d.<br \/>\nOtra agencia, Fitch Ratings, especializada en calificaci\u00f3n crediticia, ratific\u00f3 recientemente la calificaci\u00f3n BBmex para Tuxpan, lo que habla de una perspectiva positiva, que se sustenta \u201cen la recuperaci\u00f3n del nivel de ahorro interno por segundo a\u00f1o consecutivo, as\u00ed como en el desempe\u00f1o presupuestal al avance de 2015\u201d.<br \/>\nDe manera particular, Fitch Ratings ponder\u00f3 el fortalecimiento y el esfuerzo recaudatorio de ese ayuntamiento.<br \/>\nNo es todo; para esa agencia calificadora internacional, hubo otros factores igualmente importantes, como las expectativas econ\u00f3micas favorables que se derivan de la construcci\u00f3n del Puerto Tuxpan II, y la autopista M\u00e9xico-Tuxpan; de igual manera, \u201cla ausencia de contingencias relacionadas con la materia de seguridad social y prestaci\u00f3n de servicios de agua presentes en otras entidades calificadas por Fitch\u201d.<br \/>\nEsa compa\u00f1\u00eda, por cierto, se refiere a un nivel de endeudamiento moderado y un pasivo circulante elevado en dicho puerto; tambi\u00e9n habla de un desempe\u00f1o financiero favorable y pondera el hecho de que el municipio emprendi\u00f3 acciones que le permitieron reducir el gasto corriente y aumentar la recaudaci\u00f3n de ingresos propios.<br \/>\nA todo ello se deben las buenas notas que otorgaron las compa\u00f1\u00edas calificadoras a Tuxpan (estable y positiva), cuyo ayuntamiento no solo trabaja para salir bien librado de las auditor\u00edas y revisiones a las cuentas p\u00fablicas, sino para consolidar al municipio con un buen destino para la inversi\u00f3n.<\/p>\n<p><strong>Se complica la alianza PAN-PRD en Puebla<\/strong><br \/>\nEn Puebla, el gobernador Rafael Moreno Valle parece estar desesperado por concretar la alianza entre PAN y PRD.<br \/>\nEn los c\u00edrculos pol\u00edticos de esa capital cada vez cobran mayor fuerza los comentarios en el sentido de que con la sucesi\u00f3n poblana, Moreno Valle est\u00e1 jugando su resto en la partida por llegar bien posicionado de cara a 2018.<br \/>\nHasta hace tres o cuatro a\u00f1os, el gobernador de esa entidad, la quinta m\u00e1s poblada del pa\u00eds, se ve\u00eda fuerte, consolidado en el tema sucesorio. Parec\u00eda una de las cartas a vencer dentro del panismo; hoy, sin embargo, el escenario ha cambiado radicalmente y en Acci\u00f3n Nacional se habla ya de una carrera s\u00f3lo entre dos caballos, Margarita Zavala de Calder\u00f3n y Gustavo Madero Mu\u00f1oz.<br \/>\nMoreno Valle ya se observa rezagado y lo sabe; el gobernador del estado no se ha logrado consolidar como una figura pol\u00edtica de dimensiones nacionales, sigue siendo un producto regional y a ello se debe su intento por consolidar la alianza entre panistas y perredistas; si pierde la elecci\u00f3n del domingo 5 de junio se podr\u00eda despedir de 2018.<br \/>\nEn ese contexto, sus principales adversarios no est\u00e1n en el PRI, sino al interior de su propio partido. Lo quieren descarrilar, sacar de la jugada sucesoria.<br \/>\nEste martes, el dirigente nacional del Sol Azteca, Agust\u00edn Basave, denunci\u00f3 una supuesta injerencia del gobierno poblano en el Consejo Estatal del PRD para que la alianza fuera aprobada; por ello, el dirigente perredista anunci\u00f3 que pedir\u00e1 a los integrantes del Comit\u00e9 Ejecutivo Nacional que rechacen la alianza en esa entidad.<br \/>\nPreviamente, Acci\u00f3n Nacional hab\u00eda rechazado la posible coalici\u00f3n en Tlaxcala, donde el PRD pretend\u00eda llevar mano en la postulaci\u00f3n del candidato. En pocas palabras, el mensaje del perredismo va en el sentido de que si no hay alianza en Tlaxcala, tampoco la habr\u00e1 Puebla.<\/p>\n","protected":false},"excerpt":{"rendered":"<p>Luis Alberto Romero Hora Cero Muy pocos son los ayuntamientos que salen bien librados de una auditor\u00eda; la revisi\u00f3n a las cuentas p\u00fablicas ha sido uno de los talones de Aquiles de las administraciones municipales. Lamentablemente, ya estamos acostumbrados a leer o escuchar noticias sobre irregularidades en el manejo de los recursos p\u00fablicos, en la [&hellip;]<\/p>\n","protected":false},"author":2,"featured_media":0,"comment_status":"open","ping_status":"open","sticky":false,"template":"","format":"standard","meta":{"tdm_status":"","tdm_grid_status":"","footnotes":""},"categories":[70],"tags":[135],"class_list":{"0":"post-20710","1":"post","2":"type-post","3":"status-publish","4":"format-standard","6":"category-de-opinion","7":"tag-orfis"},"yoast_head":"<!-- This site is optimized with the Yoast SEO plugin v27.4 - https:\/\/yoast.com\/product\/yoast-seo-wordpress\/ -->\n<title>Pocos ayuntamientos, bien librados de las auditor\u00edas - Los pol\u00edticos Veracruz<\/title>\n<meta name=\"robots\" content=\"index, follow, max-snippet:-1, max-image-preview:large, max-video-preview:-1\" \/>\n<link rel=\"canonical\" href=\"https:\/\/lospoliticosveracruz.com\/?p=20710\" \/>\n<meta property=\"og:locale\" content=\"es_ES\" \/>\n<meta property=\"og:type\" content=\"article\" \/>\n<meta property=\"og:title\" content=\"Pocos ayuntamientos, bien librados de las auditor\u00edas - Los pol\u00edticos Veracruz\" \/>\n<meta property=\"og:description\" content=\"Luis Alberto Romero Hora Cero Muy pocos son los ayuntamientos que salen bien librados de una auditor\u00eda; la revisi\u00f3n a las cuentas p\u00fablicas ha sido uno de los talones de Aquiles de las administraciones municipales. Lamentablemente, ya estamos acostumbrados a leer o escuchar noticias sobre irregularidades en el manejo de los recursos p\u00fablicos, en la [&hellip;]\" \/>\n<meta property=\"og:url\" content=\"https:\/\/lospoliticosveracruz.com\/?p=20710\" \/>\n<meta property=\"og:site_name\" content=\"Los pol\u00edticos Veracruz\" \/>\n<meta property=\"article:publisher\" content=\"https:\/\/www.facebook.com\/people\/Notimemes-de-los-Polticos\/61565672886568\/\" \/>\n<meta property=\"article:published_time\" content=\"2016-01-27T01:38:17+00:00\" \/>\n<meta property=\"og:image\" content=\"http:\/\/www.lospoliticosveracruz.com.mx\/wp-content\/uploads\/2015\/11\/Tuxpan-300x200.jpg\" \/>\n<meta name=\"author\" content=\"Lo viste en Los Pol\u00edticos\" \/>\n<meta name=\"twitter:card\" content=\"summary_large_image\" \/>\n<meta name=\"twitter:creator\" content=\"@LosPoliticosVer\" \/>\n<meta name=\"twitter:site\" content=\"@LosPoliticosVer\" \/>\n<meta name=\"twitter:label1\" content=\"Escrito por\" \/>\n\t<meta name=\"twitter:data1\" content=\"Lo viste en Los Pol\u00edticos\" \/>\n\t<meta name=\"twitter:label2\" content=\"Tiempo de lectura\" \/>\n\t<meta name=\"twitter:data2\" content=\"4 minutos\" \/>\n<script type=\"application\/ld+json\" class=\"yoast-schema-graph\">{\"@context\":\"https:\\\/\\\/schema.org\",\"@graph\":[{\"@type\":\"Article\",\"@id\":\"https:\\\/\\\/lospoliticosveracruz.com\\\/?p=20710#article\",\"isPartOf\":{\"@id\":\"https:\\\/\\\/lospoliticosveracruz.com\\\/?p=20710\"},\"author\":{\"name\":\"Lo viste en Los Pol\u00edticos\",\"@id\":\"https:\\\/\\\/lospoliticosveracruz.com\\\/#\\\/schema\\\/person\\\/b8702bb0e538456e6efd07080bf2a4a2\"},\"headline\":\"Pocos ayuntamientos, bien librados de las auditor\u00edas\",\"datePublished\":\"2016-01-27T01:38:17+00:00\",\"mainEntityOfPage\":{\"@id\":\"https:\\\/\\\/lospoliticosveracruz.com\\\/?p=20710\"},\"wordCount\":905,\"commentCount\":0,\"publisher\":{\"@id\":\"https:\\\/\\\/lospoliticosveracruz.com\\\/#organization\"},\"image\":{\"@id\":\"https:\\\/\\\/lospoliticosveracruz.com\\\/?p=20710#primaryimage\"},\"thumbnailUrl\":\"http:\\\/\\\/www.lospoliticosveracruz.com.mx\\\/wp-content\\\/uploads\\\/2015\\\/11\\\/Tuxpan-300x200.jpg\",\"keywords\":[\"Orfis\"],\"articleSection\":[\"De Opini\u00f3n\"],\"inLanguage\":\"es\",\"potentialAction\":[{\"@type\":\"CommentAction\",\"name\":\"Comment\",\"target\":[\"https:\\\/\\\/lospoliticosveracruz.com\\\/?p=20710#respond\"]}]},{\"@type\":\"WebPage\",\"@id\":\"https:\\\/\\\/lospoliticosveracruz.com\\\/?p=20710\",\"url\":\"https:\\\/\\\/lospoliticosveracruz.com\\\/?p=20710\",\"name\":\"Pocos ayuntamientos, bien librados de las auditor\u00edas - Los pol\u00edticos Veracruz\",\"isPartOf\":{\"@id\":\"https:\\\/\\\/lospoliticosveracruz.com\\\/#website\"},\"primaryImageOfPage\":{\"@id\":\"https:\\\/\\\/lospoliticosveracruz.com\\\/?p=20710#primaryimage\"},\"image\":{\"@id\":\"https:\\\/\\\/lospoliticosveracruz.com\\\/?p=20710#primaryimage\"},\"thumbnailUrl\":\"http:\\\/\\\/www.lospoliticosveracruz.com.mx\\\/wp-content\\\/uploads\\\/2015\\\/11\\\/Tuxpan-300x200.jpg\",\"datePublished\":\"2016-01-27T01:38:17+00:00\",\"breadcrumb\":{\"@id\":\"https:\\\/\\\/lospoliticosveracruz.com\\\/?p=20710#breadcrumb\"},\"inLanguage\":\"es\",\"potentialAction\":[{\"@type\":\"ReadAction\",\"target\":[\"https:\\\/\\\/lospoliticosveracruz.com\\\/?p=20710\"]}]},{\"@type\":\"ImageObject\",\"inLanguage\":\"es\",\"@id\":\"https:\\\/\\\/lospoliticosveracruz.com\\\/?p=20710#primaryimage\",\"url\":\"http:\\\/\\\/www.lospoliticosveracruz.com.mx\\\/wp-content\\\/uploads\\\/2015\\\/11\\\/Tuxpan-300x200.jpg\",\"contentUrl\":\"http:\\\/\\\/www.lospoliticosveracruz.com.mx\\\/wp-content\\\/uploads\\\/2015\\\/11\\\/Tuxpan-300x200.jpg\"},{\"@type\":\"BreadcrumbList\",\"@id\":\"https:\\\/\\\/lospoliticosveracruz.com\\\/?p=20710#breadcrumb\",\"itemListElement\":[{\"@type\":\"ListItem\",\"position\":1,\"name\":\"Portada\",\"item\":\"https:\\\/\\\/lospoliticosveracruz.com\\\/\"},{\"@type\":\"ListItem\",\"position\":2,\"name\":\"Pocos ayuntamientos, bien librados de las auditor\u00edas\"}]},{\"@type\":\"WebSite\",\"@id\":\"https:\\\/\\\/lospoliticosveracruz.com\\\/#website\",\"url\":\"https:\\\/\\\/lospoliticosveracruz.com\\\/\",\"name\":\"Los pol\u00edticos Veracruz\",\"description\":\"\",\"publisher\":{\"@id\":\"https:\\\/\\\/lospoliticosveracruz.com\\\/#organization\"},\"potentialAction\":[{\"@type\":\"SearchAction\",\"target\":{\"@type\":\"EntryPoint\",\"urlTemplate\":\"https:\\\/\\\/lospoliticosveracruz.com\\\/?s={search_term_string}\"},\"query-input\":{\"@type\":\"PropertyValueSpecification\",\"valueRequired\":true,\"valueName\":\"search_term_string\"}}],\"inLanguage\":\"es\"},{\"@type\":\"Organization\",\"@id\":\"https:\\\/\\\/lospoliticosveracruz.com\\\/#organization\",\"name\":\"Los pol\u00edticos Veracruz\",\"url\":\"https:\\\/\\\/lospoliticosveracruz.com\\\/\",\"logo\":{\"@type\":\"ImageObject\",\"inLanguage\":\"es\",\"@id\":\"https:\\\/\\\/lospoliticosveracruz.com\\\/#\\\/schema\\\/logo\\\/image\\\/\",\"url\":\"https:\\\/\\\/lospoliticosveracruz.com\\\/wp-content\\\/uploads\\\/2025\\\/12\\\/Logo-Nuevo-LOS-POLITICOS-1.jpg\",\"contentUrl\":\"https:\\\/\\\/lospoliticosveracruz.com\\\/wp-content\\\/uploads\\\/2025\\\/12\\\/Logo-Nuevo-LOS-POLITICOS-1.jpg\",\"width\":260,\"height\":70,\"caption\":\"Los pol\u00edticos Veracruz\"},\"image\":{\"@id\":\"https:\\\/\\\/lospoliticosveracruz.com\\\/#\\\/schema\\\/logo\\\/image\\\/\"},\"sameAs\":[\"https:\\\/\\\/www.facebook.com\\\/people\\\/Notimemes-de-los-Polticos\\\/61565672886568\\\/\",\"https:\\\/\\\/x.com\\\/LosPoliticosVer\"]},{\"@type\":\"Person\",\"@id\":\"https:\\\/\\\/lospoliticosveracruz.com\\\/#\\\/schema\\\/person\\\/b8702bb0e538456e6efd07080bf2a4a2\",\"name\":\"Lo viste en Los Pol\u00edticos\",\"image\":{\"@type\":\"ImageObject\",\"inLanguage\":\"es\",\"@id\":\"https:\\\/\\\/secure.gravatar.com\\\/avatar\\\/3a8de04a2656d44082be478bd6c086daa447c4651605818287b9532d3d0bd435?s=96&d=mm&r=g\",\"url\":\"https:\\\/\\\/secure.gravatar.com\\\/avatar\\\/3a8de04a2656d44082be478bd6c086daa447c4651605818287b9532d3d0bd435?s=96&d=mm&r=g\",\"contentUrl\":\"https:\\\/\\\/secure.gravatar.com\\\/avatar\\\/3a8de04a2656d44082be478bd6c086daa447c4651605818287b9532d3d0bd435?s=96&d=mm&r=g\",\"caption\":\"Lo viste en Los Pol\u00edticos\"},\"url\":\"https:\\\/\\\/lospoliticosveracruz.com\\\/?author=2\"}]}<\/script>\n<!-- \/ Yoast SEO plugin. -->","yoast_head_json":{"title":"Pocos ayuntamientos, bien librados de las auditor\u00edas - Los pol\u00edticos Veracruz","robots":{"index":"index","follow":"follow","max-snippet":"max-snippet:-1","max-image-preview":"max-image-preview:large","max-video-preview":"max-video-preview:-1"},"canonical":"https:\/\/lospoliticosveracruz.com\/?p=20710","og_locale":"es_ES","og_type":"article","og_title":"Pocos ayuntamientos, bien librados de las auditor\u00edas - Los pol\u00edticos Veracruz","og_description":"Luis Alberto Romero Hora Cero Muy pocos son los ayuntamientos que salen bien librados de una auditor\u00eda; la revisi\u00f3n a las cuentas p\u00fablicas ha sido uno de los talones de Aquiles de las administraciones municipales. Lamentablemente, ya estamos acostumbrados a leer o escuchar noticias sobre irregularidades en el manejo de los recursos p\u00fablicos, en la [&hellip;]","og_url":"https:\/\/lospoliticosveracruz.com\/?p=20710","og_site_name":"Los pol\u00edticos Veracruz","article_publisher":"https:\/\/www.facebook.com\/people\/Notimemes-de-los-Polticos\/61565672886568\/","article_published_time":"2016-01-27T01:38:17+00:00","og_image":[{"url":"http:\/\/www.lospoliticosveracruz.com.mx\/wp-content\/uploads\/2015\/11\/Tuxpan-300x200.jpg","type":"","width":"","height":""}],"author":"Lo viste en Los Pol\u00edticos","twitter_card":"summary_large_image","twitter_creator":"@LosPoliticosVer","twitter_site":"@LosPoliticosVer","twitter_misc":{"Escrito por":"Lo viste en Los Pol\u00edticos","Tiempo de lectura":"4 minutos"},"schema":{"@context":"https:\/\/schema.org","@graph":[{"@type":"Article","@id":"https:\/\/lospoliticosveracruz.com\/?p=20710#article","isPartOf":{"@id":"https:\/\/lospoliticosveracruz.com\/?p=20710"},"author":{"name":"Lo viste en Los Pol\u00edticos","@id":"https:\/\/lospoliticosveracruz.com\/#\/schema\/person\/b8702bb0e538456e6efd07080bf2a4a2"},"headline":"Pocos ayuntamientos, bien librados de las auditor\u00edas","datePublished":"2016-01-27T01:38:17+00:00","mainEntityOfPage":{"@id":"https:\/\/lospoliticosveracruz.com\/?p=20710"},"wordCount":905,"commentCount":0,"publisher":{"@id":"https:\/\/lospoliticosveracruz.com\/#organization"},"image":{"@id":"https:\/\/lospoliticosveracruz.com\/?p=20710#primaryimage"},"thumbnailUrl":"http:\/\/www.lospoliticosveracruz.com.mx\/wp-content\/uploads\/2015\/11\/Tuxpan-300x200.jpg","keywords":["Orfis"],"articleSection":["De Opini\u00f3n"],"inLanguage":"es","potentialAction":[{"@type":"CommentAction","name":"Comment","target":["https:\/\/lospoliticosveracruz.com\/?p=20710#respond"]}]},{"@type":"WebPage","@id":"https:\/\/lospoliticosveracruz.com\/?p=20710","url":"https:\/\/lospoliticosveracruz.com\/?p=20710","name":"Pocos ayuntamientos, bien librados de las auditor\u00edas - Los pol\u00edticos Veracruz","isPartOf":{"@id":"https:\/\/lospoliticosveracruz.com\/#website"},"primaryImageOfPage":{"@id":"https:\/\/lospoliticosveracruz.com\/?p=20710#primaryimage"},"image":{"@id":"https:\/\/lospoliticosveracruz.com\/?p=20710#primaryimage"},"thumbnailUrl":"http:\/\/www.lospoliticosveracruz.com.mx\/wp-content\/uploads\/2015\/11\/Tuxpan-300x200.jpg","datePublished":"2016-01-27T01:38:17+00:00","breadcrumb":{"@id":"https:\/\/lospoliticosveracruz.com\/?p=20710#breadcrumb"},"inLanguage":"es","potentialAction":[{"@type":"ReadAction","target":["https:\/\/lospoliticosveracruz.com\/?p=20710"]}]},{"@type":"ImageObject","inLanguage":"es","@id":"https:\/\/lospoliticosveracruz.com\/?p=20710#primaryimage","url":"http:\/\/www.lospoliticosveracruz.com.mx\/wp-content\/uploads\/2015\/11\/Tuxpan-300x200.jpg","contentUrl":"http:\/\/www.lospoliticosveracruz.com.mx\/wp-content\/uploads\/2015\/11\/Tuxpan-300x200.jpg"},{"@type":"BreadcrumbList","@id":"https:\/\/lospoliticosveracruz.com\/?p=20710#breadcrumb","itemListElement":[{"@type":"ListItem","position":1,"name":"Portada","item":"https:\/\/lospoliticosveracruz.com\/"},{"@type":"ListItem","position":2,"name":"Pocos ayuntamientos, bien librados de las auditor\u00edas"}]},{"@type":"WebSite","@id":"https:\/\/lospoliticosveracruz.com\/#website","url":"https:\/\/lospoliticosveracruz.com\/","name":"Los pol\u00edticos Veracruz","description":"","publisher":{"@id":"https:\/\/lospoliticosveracruz.com\/#organization"},"potentialAction":[{"@type":"SearchAction","target":{"@type":"EntryPoint","urlTemplate":"https:\/\/lospoliticosveracruz.com\/?s={search_term_string}"},"query-input":{"@type":"PropertyValueSpecification","valueRequired":true,"valueName":"search_term_string"}}],"inLanguage":"es"},{"@type":"Organization","@id":"https:\/\/lospoliticosveracruz.com\/#organization","name":"Los pol\u00edticos Veracruz","url":"https:\/\/lospoliticosveracruz.com\/","logo":{"@type":"ImageObject","inLanguage":"es","@id":"https:\/\/lospoliticosveracruz.com\/#\/schema\/logo\/image\/","url":"https:\/\/lospoliticosveracruz.com\/wp-content\/uploads\/2025\/12\/Logo-Nuevo-LOS-POLITICOS-1.jpg","contentUrl":"https:\/\/lospoliticosveracruz.com\/wp-content\/uploads\/2025\/12\/Logo-Nuevo-LOS-POLITICOS-1.jpg","width":260,"height":70,"caption":"Los pol\u00edticos Veracruz"},"image":{"@id":"https:\/\/lospoliticosveracruz.com\/#\/schema\/logo\/image\/"},"sameAs":["https:\/\/www.facebook.com\/people\/Notimemes-de-los-Polticos\/61565672886568\/","https:\/\/x.com\/LosPoliticosVer"]},{"@type":"Person","@id":"https:\/\/lospoliticosveracruz.com\/#\/schema\/person\/b8702bb0e538456e6efd07080bf2a4a2","name":"Lo viste en Los Pol\u00edticos","image":{"@type":"ImageObject","inLanguage":"es","@id":"https:\/\/secure.gravatar.com\/avatar\/3a8de04a2656d44082be478bd6c086daa447c4651605818287b9532d3d0bd435?s=96&d=mm&r=g","url":"https:\/\/secure.gravatar.com\/avatar\/3a8de04a2656d44082be478bd6c086daa447c4651605818287b9532d3d0bd435?s=96&d=mm&r=g","contentUrl":"https:\/\/secure.gravatar.com\/avatar\/3a8de04a2656d44082be478bd6c086daa447c4651605818287b9532d3d0bd435?s=96&d=mm&r=g","caption":"Lo viste en Los Pol\u00edticos"},"url":"https:\/\/lospoliticosveracruz.com\/?author=2"}]}},"_links":{"self":[{"href":"https:\/\/lospoliticosveracruz.com\/index.php?rest_route=\/wp\/v2\/posts\/20710","targetHints":{"allow":["GET"]}}],"collection":[{"href":"https:\/\/lospoliticosveracruz.com\/index.php?rest_route=\/wp\/v2\/posts"}],"about":[{"href":"https:\/\/lospoliticosveracruz.com\/index.php?rest_route=\/wp\/v2\/types\/post"}],"author":[{"embeddable":true,"href":"https:\/\/lospoliticosveracruz.com\/index.php?rest_route=\/wp\/v2\/users\/2"}],"replies":[{"embeddable":true,"href":"https:\/\/lospoliticosveracruz.com\/index.php?rest_route=%2Fwp%2Fv2%2Fcomments&post=20710"}],"version-history":[{"count":1,"href":"https:\/\/lospoliticosveracruz.com\/index.php?rest_route=\/wp\/v2\/posts\/20710\/revisions"}],"predecessor-version":[{"id":20711,"href":"https:\/\/lospoliticosveracruz.com\/index.php?rest_route=\/wp\/v2\/posts\/20710\/revisions\/20711"}],"wp:attachment":[{"href":"https:\/\/lospoliticosveracruz.com\/index.php?rest_route=%2Fwp%2Fv2%2Fmedia&parent=20710"}],"wp:term":[{"taxonomy":"category","embeddable":true,"href":"https:\/\/lospoliticosveracruz.com\/index.php?rest_route=%2Fwp%2Fv2%2Fcategories&post=20710"},{"taxonomy":"post_tag","embeddable":true,"href":"https:\/\/lospoliticosveracruz.com\/index.php?rest_route=%2Fwp%2Fv2%2Ftags&post=20710"}],"curies":[{"name":"wp","href":"https:\/\/api.w.org\/{rel}","templated":true}]}}