{"id":20712,"date":"2016-01-26T20:07:44","date_gmt":"2016-01-27T02:07:44","guid":{"rendered":"http:\/\/www.lospoliticosveracruz.com.mx\/?p=20712"},"modified":"2016-01-26T20:07:44","modified_gmt":"2016-01-27T02:07:44","slug":"ave-tato-morena-giovanni","status":"publish","type":"post","link":"https:\/\/lospoliticosveracruz.com\/?p=20712","title":{"rendered":"AVE, Tato; Morena, Giovanni"},"content":{"rendered":"<p><a href=\"http:\/\/www.lospoliticosveracruz.com.mx\/wp-content\/uploads\/2016\/01\/Tato-Vega-Giovanni-Arcos.jpg\"><img loading=\"lazy\" decoding=\"async\" class=\"alignnone size-medium wp-image-20713\" src=\"http:\/\/www.lospoliticosveracruz.com.mx\/wp-content\/uploads\/2016\/01\/Tato-Vega-Giovanni-Arcos-300x218.jpg\" alt=\"Tato Vega Giovanni Arcos\" width=\"300\" height=\"218\" \/><\/a><br \/>\n<strong>Salvador Mu\u00f1oz<\/strong><\/p>\n<p><em>Los Pol\u00edticos<\/em><\/p>\n<p>\u00bfPor qui\u00e9n vas?, me pregunta Domingo Bahena Corbal\u00e1.<br \/>\n\u2013\u00a1Por Yunes!\u2013 le respondo.<br \/>\n\u2013\u00a1Qu\u00e9 casualidad! \u00a1Yo tambi\u00e9n voy por Yunes!\u2013 me responde mientras se estampan sendas sonrisas en nuestros rostros.<br \/>\n\u2013\u00a1Ah, pero yo voy por el de Soledad de Doblado!\u2013 le digo.<br \/>\n\u2013\u00a1Eso s\u00ed es coincidencia!\u2013 me revira \u2013\u00a1yo tambi\u00e9n!<br \/>\nSoltamos la carcajada. El juego de palabras es s\u00f3lo eso: un juego.<br \/>\nII<br \/>\nH\u00e9ctor Yunes Landa parece que conform\u00f3 la unidad en su entorno dentro del PRI. Ahora le tocar\u00e1 trabajar junto con su partido, las alianzas\u2026 se habla del AVE, Cardenista, el PVEM, quiz\u00e1s el PT, y se intenta a\u00fan con el PES.<br \/>\nEn el partido que encabeza en Veracruz Gonzalo Gu\u00edzar Valladares, se dice que quieren \u201cirse solos\u201d, sin alianza. El PVEM es aliado \u201cnatural\u201d; ni se diga del Cardenista. Habr\u00e1 que esperar la decisi\u00f3n del Partido del Trabajo. En el caso del AVE, es cantada la alianza.<br \/>\nEl asunto en el AVE ser\u00e1 interesante. Si bien es cierto que Alfredo Tress Jim\u00e9nez presume compadrazgo con H\u00e9ctor Yunes Landa, el candidato y equipo tendr\u00e1n que decidir entre la amistad y la pol\u00edtica.<br \/>\nEl AVE, se quiera o no, tiene dos cabezas de manada. El de facto, y el natural.<br \/>\nAlfredo Tress Jim\u00e9nez es dirigente por membrete, por t\u00edtulo, para que no se piense que es despectivo el asunto. Paco Garrido S\u00e1nchez se ha convertido en un l\u00edder en distintos puntos del estado, no s\u00f3lo en Emiliano Zapata.<br \/>\nIII<br \/>\nEl AVE va colocando sus piezas y reclama para s\u00ed, en caso de darse la alianza, algunos distritos, como Misantla, Acayucan, San Andr\u00e9s Tuxtla, Emiliano Zapata, Xalapa rural, por citar los m\u00e1s mencionados.<br \/>\nLo curioso son los candidatos\u2026 la mayor\u00eda, alcaldes en funciones, como El Gallo Bolo, Ernesto Cuevas (Juchique de Ferrer) y Marco Antonio Mart\u00ednez Amador (Acayucan). En el caso del edil de Banderilla, Esteban Acosta Lagunes, todo indica que, como \u201cconsentido\u201d de Tress Jim\u00e9nez, estar\u00e1 como n\u00famero 1 en la lista de \u201cpluris\u201d.<br \/>\nPor Xalapa rural, el eterno Beto Meza Abud. \u00bfY por Emiliano Zapata?<br \/>\nIV<br \/>\nEn Emiliano Zapata, nuevo distrito, por el PRI, hay varios suspirantes, como Frida Celeste Rosas Peralta (La Antigua), Daniel Baizabal (Emiliano Zapata), Ana Rosa Vald\u00e9s (Paso de Ovejas), Natalia Callejas (Emiliano Zapata), Sandro G\u00f3mez (Rinconada) y Tato Vega Yunes (Emiliano Zapata).<br \/>\nCada uno de estos aspirantes tiene su liderazgo en determinadas regiones como es Paso de Ovejas, La Antigua y Emiliano Zapata pero casi ninguno tiene recorrido las dem\u00e1s zonas como son Actopan, Apazapan, Tlaltetela, Ursulo Galv\u00e1n, Jalcomulco y Puente Nacional\u2026<br \/>\nBueno, dije \u201ccasi ninguno\u201d. Tato Vega all\u00ed los aventaja por condiciones de trabajo\u2026 ya fue candidato a diputado y recorri\u00f3 la zona. Fue titular de la Junta de Mejoras y recorri\u00f3 la zona y m\u00e1s. Como subsecretario de Sedesol igual recorri\u00f3 esa zona y muchas m\u00e1s. A ello hay que agregarle que es el \u00fanico de los aspirantes que tiene un fuerte nexo pol\u00edtico con Paco Garrido, el l\u00edder natural del AVE.<br \/>\nV<br \/>\nLos \u201cPeros\u201d a Tato Vega es seguro que floten m\u00e1s pronto que las virtudes de un difunto.<br \/>\nEl primero: \u00a1Es sobrino de H\u00e9ctor Yunes Landa!&#8230; s\u00ed, pero tambi\u00e9n es sobrino de Miguel \u00c1ngel Yunes Linares\u2026 \u00a1empate! \u00a1Es Duartista!&#8230; pues habr\u00eda que meterlo al costal con los otros precandidatos por el distrito de Emiliano Zapata y aplicarles la misma que a H\u00e9ctor Yunes Landa: \u00a1Encuestas!<br \/>\nPero no hay que olvidar que Yunes Landa le agreg\u00f3 un factor nuevo a quienes pretendan aspirar a una curul: La percepci\u00f3n social de su trabajo y de su forma de vida.<br \/>\nAs\u00ed, Frida, Ana Rosa, Daniel, Sandro, Natalia y Tato estar\u00e1n en condiciones de igualdad para competir\u2026 aunque si en el Distrito de Emiliano Zapata lleva mano el AVE, habr\u00eda que preguntar qu\u00e9 tanto ha de aplicarse el m\u00e9todo que pretende H\u00e9ctor Yunes Landa con sus partidos aliados. \u00bfIr\u00eda Tato directamente?<br \/>\nVI<br \/>\n\u00bfY Morena? Dicen que Cuitl\u00e1huac Garc\u00eda est\u00e1 entusiasmado con la idea de ser candidato a la gubernatura, tan as\u00ed que se la pasa haciendo recorridos por Veracruz. \u00bfY en Xalapa? Al menos por el distrito Urbano empieza a sonar, s\u00ed, literalmente \u201ca sonar\u201d un nombre: Giovanni Arcos.<br \/>\nTiene 28 a\u00f1os pero desde chavo sabe lo que es fletarse, trabajar. Lo conoc\u00ed precisamente haciendo lo que le gusta hacer: \u00a1Cantar! Lo curioso: En dos eventos de H\u00e9ctor Yunes Landa.<br \/>\nEs el vocalista del Grupo Jaleo, estirpe del otro famoso grupo musical Los Joao.<br \/>\nGiovanni es un joven entusiasta que le gustan los proyectos. Joven emprendedor pero tambi\u00e9n, dicen sus cercanos, una gran persona que piensa en los dem\u00e1s\u2026<br \/>\nSi va como candidato de Morena por Xalapa urbano, la alianza PAN-PRD, PRI y Movimiento Ciudadano, tendr\u00e1n una preocupaci\u00f3n m\u00e1s\u2026<\/p>\n<p>smcainito@gmail.com<\/p>\n","protected":false},"excerpt":{"rendered":"<p>Salvador Mu\u00f1oz Los Pol\u00edticos \u00bfPor qui\u00e9n vas?, me pregunta Domingo Bahena Corbal\u00e1. \u2013\u00a1Por Yunes!\u2013 le respondo. \u2013\u00a1Qu\u00e9 casualidad! \u00a1Yo tambi\u00e9n voy por Yunes!\u2013 me responde mientras se estampan sendas sonrisas en nuestros rostros. \u2013\u00a1Ah, pero yo voy por el de Soledad de Doblado!\u2013 le digo. \u2013\u00a1Eso s\u00ed es coincidencia!\u2013 me revira \u2013\u00a1yo tambi\u00e9n! Soltamos la [&hellip;]<\/p>\n","protected":false},"author":2,"featured_media":0,"comment_status":"open","ping_status":"open","sticky":false,"template":"","format":"standard","meta":{"tdm_status":"","tdm_grid_status":"","footnotes":""},"categories":[70],"tags":[103,2952,1681,3278,2223,469,4622,4626,4621,4628,438,4629,348,4623,4630,4624,4627,3616,3065,4620,249],"class_list":{"0":"post-20712","1":"post","2":"type-post","3":"status-publish","4":"format-standard","6":"category-de-opinion","7":"tag-acayucan","8":"tag-ana-rosa-valdes","9":"tag-cuitlahuac-garcia","10":"tag-daniel-baizabal","11":"tag-domingo-bahena-corbala","12":"tag-emiliano-zapata","13":"tag-ernesto-cuevas","14":"tag-frida-celeste-rosas-peralta","15":"tag-gallo-bolo","16":"tag-giovanni-arcos","17":"tag-gonzalo-guizar-valladares","18":"tag-grupo-jaleo","19":"tag-hector-yunes-landa","20":"tag-juchique-de-ferrer","21":"tag-los-joao","22":"tag-marco-antonio-martinez-amador","23":"tag-natalia-callejas","24":"tag-paco-garrido-sanchez","25":"tag-sandro-gomez","26":"tag-soledad-de-doblado","27":"tag-tato-vega-yunes"},"yoast_head":"<!-- This site is optimized with the Yoast SEO plugin v27.4 - https:\/\/yoast.com\/product\/yoast-seo-wordpress\/ -->\n<title>AVE, Tato; Morena, Giovanni - Los pol\u00edticos Veracruz<\/title>\n<meta name=\"robots\" content=\"index, follow, max-snippet:-1, max-image-preview:large, max-video-preview:-1\" \/>\n<link rel=\"canonical\" href=\"https:\/\/lospoliticosveracruz.com\/?p=20712\" \/>\n<meta property=\"og:locale\" content=\"es_ES\" \/>\n<meta property=\"og:type\" content=\"article\" \/>\n<meta property=\"og:title\" content=\"AVE, Tato; Morena, Giovanni - Los pol\u00edticos Veracruz\" \/>\n<meta property=\"og:description\" content=\"Salvador Mu\u00f1oz Los Pol\u00edticos \u00bfPor qui\u00e9n vas?, me pregunta Domingo Bahena Corbal\u00e1. \u2013\u00a1Por Yunes!\u2013 le respondo. \u2013\u00a1Qu\u00e9 casualidad! \u00a1Yo tambi\u00e9n voy por Yunes!\u2013 me responde mientras se estampan sendas sonrisas en nuestros rostros. \u2013\u00a1Ah, pero yo voy por el de Soledad de Doblado!\u2013 le digo. \u2013\u00a1Eso s\u00ed es coincidencia!\u2013 me revira \u2013\u00a1yo tambi\u00e9n! Soltamos la [&hellip;]\" \/>\n<meta property=\"og:url\" content=\"https:\/\/lospoliticosveracruz.com\/?p=20712\" \/>\n<meta property=\"og:site_name\" content=\"Los pol\u00edticos Veracruz\" \/>\n<meta property=\"article:publisher\" content=\"https:\/\/www.facebook.com\/people\/Notimemes-de-los-Polticos\/61565672886568\/\" \/>\n<meta property=\"article:published_time\" content=\"2016-01-27T02:07:44+00:00\" \/>\n<meta property=\"og:image\" content=\"http:\/\/www.lospoliticosveracruz.com.mx\/wp-content\/uploads\/2016\/01\/Tato-Vega-Giovanni-Arcos-300x218.jpg\" \/>\n<meta name=\"author\" content=\"Lo viste en Los Pol\u00edticos\" \/>\n<meta name=\"twitter:card\" content=\"summary_large_image\" \/>\n<meta name=\"twitter:creator\" content=\"@LosPoliticosVer\" \/>\n<meta name=\"twitter:site\" content=\"@LosPoliticosVer\" \/>\n<meta name=\"twitter:label1\" content=\"Escrito por\" \/>\n\t<meta name=\"twitter:data1\" content=\"Lo viste en Los Pol\u00edticos\" \/>\n\t<meta name=\"twitter:label2\" content=\"Tiempo de lectura\" \/>\n\t<meta name=\"twitter:data2\" content=\"4 minutos\" \/>\n<script type=\"application\/ld+json\" class=\"yoast-schema-graph\">{\"@context\":\"https:\\\/\\\/schema.org\",\"@graph\":[{\"@type\":\"Article\",\"@id\":\"https:\\\/\\\/lospoliticosveracruz.com\\\/?p=20712#article\",\"isPartOf\":{\"@id\":\"https:\\\/\\\/lospoliticosveracruz.com\\\/?p=20712\"},\"author\":{\"name\":\"Lo viste en Los Pol\u00edticos\",\"@id\":\"https:\\\/\\\/lospoliticosveracruz.com\\\/#\\\/schema\\\/person\\\/b8702bb0e538456e6efd07080bf2a4a2\"},\"headline\":\"AVE, Tato; Morena, Giovanni\",\"datePublished\":\"2016-01-27T02:07:44+00:00\",\"mainEntityOfPage\":{\"@id\":\"https:\\\/\\\/lospoliticosveracruz.com\\\/?p=20712\"},\"wordCount\":838,\"commentCount\":2,\"publisher\":{\"@id\":\"https:\\\/\\\/lospoliticosveracruz.com\\\/#organization\"},\"image\":{\"@id\":\"https:\\\/\\\/lospoliticosveracruz.com\\\/?p=20712#primaryimage\"},\"thumbnailUrl\":\"http:\\\/\\\/www.lospoliticosveracruz.com.mx\\\/wp-content\\\/uploads\\\/2016\\\/01\\\/Tato-Vega-Giovanni-Arcos-300x218.jpg\",\"keywords\":[\"Acayucan\",\"Ana Rosa Vald\u00e9s\",\"Cuitl\u00e1huac Garc\u00eda\",\"Daniel Baizabal\",\"Domingo Bahena Corbal\u00e1\",\"Emiliano Zapata\",\"Ernesto Cuevas\",\"Frida Celeste Rosas Peralta\",\"Gallo Bolo\",\"Giovanni Arcos\",\"Gonzalo Gu\u00edzar Valladares\",\"Grupo Jaleo\",\"H\u00e9ctor Yunes Landa\",\"Juchique de Ferrer\",\"Los Joao\",\"Marco Antonio Mart\u00ednez Amador\",\"Natalia Callejas\",\"Paco Garrido S\u00e1nchez\",\"Sandro G\u00f3mez\",\"Soledad de Doblado\",\"Tato Vega Yunes\"],\"articleSection\":[\"De Opini\u00f3n\"],\"inLanguage\":\"es\",\"potentialAction\":[{\"@type\":\"CommentAction\",\"name\":\"Comment\",\"target\":[\"https:\\\/\\\/lospoliticosveracruz.com\\\/?p=20712#respond\"]}]},{\"@type\":\"WebPage\",\"@id\":\"https:\\\/\\\/lospoliticosveracruz.com\\\/?p=20712\",\"url\":\"https:\\\/\\\/lospoliticosveracruz.com\\\/?p=20712\",\"name\":\"AVE, Tato; Morena, Giovanni - Los pol\u00edticos Veracruz\",\"isPartOf\":{\"@id\":\"https:\\\/\\\/lospoliticosveracruz.com\\\/#website\"},\"primaryImageOfPage\":{\"@id\":\"https:\\\/\\\/lospoliticosveracruz.com\\\/?p=20712#primaryimage\"},\"image\":{\"@id\":\"https:\\\/\\\/lospoliticosveracruz.com\\\/?p=20712#primaryimage\"},\"thumbnailUrl\":\"http:\\\/\\\/www.lospoliticosveracruz.com.mx\\\/wp-content\\\/uploads\\\/2016\\\/01\\\/Tato-Vega-Giovanni-Arcos-300x218.jpg\",\"datePublished\":\"2016-01-27T02:07:44+00:00\",\"breadcrumb\":{\"@id\":\"https:\\\/\\\/lospoliticosveracruz.com\\\/?p=20712#breadcrumb\"},\"inLanguage\":\"es\",\"potentialAction\":[{\"@type\":\"ReadAction\",\"target\":[\"https:\\\/\\\/lospoliticosveracruz.com\\\/?p=20712\"]}]},{\"@type\":\"ImageObject\",\"inLanguage\":\"es\",\"@id\":\"https:\\\/\\\/lospoliticosveracruz.com\\\/?p=20712#primaryimage\",\"url\":\"http:\\\/\\\/www.lospoliticosveracruz.com.mx\\\/wp-content\\\/uploads\\\/2016\\\/01\\\/Tato-Vega-Giovanni-Arcos-300x218.jpg\",\"contentUrl\":\"http:\\\/\\\/www.lospoliticosveracruz.com.mx\\\/wp-content\\\/uploads\\\/2016\\\/01\\\/Tato-Vega-Giovanni-Arcos-300x218.jpg\"},{\"@type\":\"BreadcrumbList\",\"@id\":\"https:\\\/\\\/lospoliticosveracruz.com\\\/?p=20712#breadcrumb\",\"itemListElement\":[{\"@type\":\"ListItem\",\"position\":1,\"name\":\"Portada\",\"item\":\"https:\\\/\\\/lospoliticosveracruz.com\\\/\"},{\"@type\":\"ListItem\",\"position\":2,\"name\":\"AVE, Tato; Morena, Giovanni\"}]},{\"@type\":\"WebSite\",\"@id\":\"https:\\\/\\\/lospoliticosveracruz.com\\\/#website\",\"url\":\"https:\\\/\\\/lospoliticosveracruz.com\\\/\",\"name\":\"Los pol\u00edticos Veracruz\",\"description\":\"\",\"publisher\":{\"@id\":\"https:\\\/\\\/lospoliticosveracruz.com\\\/#organization\"},\"potentialAction\":[{\"@type\":\"SearchAction\",\"target\":{\"@type\":\"EntryPoint\",\"urlTemplate\":\"https:\\\/\\\/lospoliticosveracruz.com\\\/?s={search_term_string}\"},\"query-input\":{\"@type\":\"PropertyValueSpecification\",\"valueRequired\":true,\"valueName\":\"search_term_string\"}}],\"inLanguage\":\"es\"},{\"@type\":\"Organization\",\"@id\":\"https:\\\/\\\/lospoliticosveracruz.com\\\/#organization\",\"name\":\"Los pol\u00edticos Veracruz\",\"url\":\"https:\\\/\\\/lospoliticosveracruz.com\\\/\",\"logo\":{\"@type\":\"ImageObject\",\"inLanguage\":\"es\",\"@id\":\"https:\\\/\\\/lospoliticosveracruz.com\\\/#\\\/schema\\\/logo\\\/image\\\/\",\"url\":\"https:\\\/\\\/lospoliticosveracruz.com\\\/wp-content\\\/uploads\\\/2025\\\/12\\\/Logo-Nuevo-LOS-POLITICOS-1.jpg\",\"contentUrl\":\"https:\\\/\\\/lospoliticosveracruz.com\\\/wp-content\\\/uploads\\\/2025\\\/12\\\/Logo-Nuevo-LOS-POLITICOS-1.jpg\",\"width\":260,\"height\":70,\"caption\":\"Los pol\u00edticos Veracruz\"},\"image\":{\"@id\":\"https:\\\/\\\/lospoliticosveracruz.com\\\/#\\\/schema\\\/logo\\\/image\\\/\"},\"sameAs\":[\"https:\\\/\\\/www.facebook.com\\\/people\\\/Notimemes-de-los-Polticos\\\/61565672886568\\\/\",\"https:\\\/\\\/x.com\\\/LosPoliticosVer\"]},{\"@type\":\"Person\",\"@id\":\"https:\\\/\\\/lospoliticosveracruz.com\\\/#\\\/schema\\\/person\\\/b8702bb0e538456e6efd07080bf2a4a2\",\"name\":\"Lo viste en Los Pol\u00edticos\",\"image\":{\"@type\":\"ImageObject\",\"inLanguage\":\"es\",\"@id\":\"https:\\\/\\\/secure.gravatar.com\\\/avatar\\\/3a8de04a2656d44082be478bd6c086daa447c4651605818287b9532d3d0bd435?s=96&d=mm&r=g\",\"url\":\"https:\\\/\\\/secure.gravatar.com\\\/avatar\\\/3a8de04a2656d44082be478bd6c086daa447c4651605818287b9532d3d0bd435?s=96&d=mm&r=g\",\"contentUrl\":\"https:\\\/\\\/secure.gravatar.com\\\/avatar\\\/3a8de04a2656d44082be478bd6c086daa447c4651605818287b9532d3d0bd435?s=96&d=mm&r=g\",\"caption\":\"Lo viste en Los Pol\u00edticos\"},\"url\":\"https:\\\/\\\/lospoliticosveracruz.com\\\/?author=2\"}]}<\/script>\n<!-- \/ Yoast SEO plugin. -->","yoast_head_json":{"title":"AVE, Tato; Morena, Giovanni - Los pol\u00edticos Veracruz","robots":{"index":"index","follow":"follow","max-snippet":"max-snippet:-1","max-image-preview":"max-image-preview:large","max-video-preview":"max-video-preview:-1"},"canonical":"https:\/\/lospoliticosveracruz.com\/?p=20712","og_locale":"es_ES","og_type":"article","og_title":"AVE, Tato; Morena, Giovanni - Los pol\u00edticos Veracruz","og_description":"Salvador Mu\u00f1oz Los Pol\u00edticos \u00bfPor qui\u00e9n vas?, me pregunta Domingo Bahena Corbal\u00e1. \u2013\u00a1Por Yunes!\u2013 le respondo. \u2013\u00a1Qu\u00e9 casualidad! \u00a1Yo tambi\u00e9n voy por Yunes!\u2013 me responde mientras se estampan sendas sonrisas en nuestros rostros. \u2013\u00a1Ah, pero yo voy por el de Soledad de Doblado!\u2013 le digo. \u2013\u00a1Eso s\u00ed es coincidencia!\u2013 me revira \u2013\u00a1yo tambi\u00e9n! Soltamos la [&hellip;]","og_url":"https:\/\/lospoliticosveracruz.com\/?p=20712","og_site_name":"Los pol\u00edticos Veracruz","article_publisher":"https:\/\/www.facebook.com\/people\/Notimemes-de-los-Polticos\/61565672886568\/","article_published_time":"2016-01-27T02:07:44+00:00","og_image":[{"url":"http:\/\/www.lospoliticosveracruz.com.mx\/wp-content\/uploads\/2016\/01\/Tato-Vega-Giovanni-Arcos-300x218.jpg","type":"","width":"","height":""}],"author":"Lo viste en Los Pol\u00edticos","twitter_card":"summary_large_image","twitter_creator":"@LosPoliticosVer","twitter_site":"@LosPoliticosVer","twitter_misc":{"Escrito por":"Lo viste en Los Pol\u00edticos","Tiempo de lectura":"4 minutos"},"schema":{"@context":"https:\/\/schema.org","@graph":[{"@type":"Article","@id":"https:\/\/lospoliticosveracruz.com\/?p=20712#article","isPartOf":{"@id":"https:\/\/lospoliticosveracruz.com\/?p=20712"},"author":{"name":"Lo viste en Los Pol\u00edticos","@id":"https:\/\/lospoliticosveracruz.com\/#\/schema\/person\/b8702bb0e538456e6efd07080bf2a4a2"},"headline":"AVE, Tato; Morena, Giovanni","datePublished":"2016-01-27T02:07:44+00:00","mainEntityOfPage":{"@id":"https:\/\/lospoliticosveracruz.com\/?p=20712"},"wordCount":838,"commentCount":2,"publisher":{"@id":"https:\/\/lospoliticosveracruz.com\/#organization"},"image":{"@id":"https:\/\/lospoliticosveracruz.com\/?p=20712#primaryimage"},"thumbnailUrl":"http:\/\/www.lospoliticosveracruz.com.mx\/wp-content\/uploads\/2016\/01\/Tato-Vega-Giovanni-Arcos-300x218.jpg","keywords":["Acayucan","Ana Rosa Vald\u00e9s","Cuitl\u00e1huac Garc\u00eda","Daniel Baizabal","Domingo Bahena Corbal\u00e1","Emiliano Zapata","Ernesto Cuevas","Frida Celeste Rosas Peralta","Gallo Bolo","Giovanni Arcos","Gonzalo Gu\u00edzar Valladares","Grupo Jaleo","H\u00e9ctor Yunes Landa","Juchique de Ferrer","Los Joao","Marco Antonio Mart\u00ednez Amador","Natalia Callejas","Paco Garrido S\u00e1nchez","Sandro G\u00f3mez","Soledad de Doblado","Tato Vega Yunes"],"articleSection":["De Opini\u00f3n"],"inLanguage":"es","potentialAction":[{"@type":"CommentAction","name":"Comment","target":["https:\/\/lospoliticosveracruz.com\/?p=20712#respond"]}]},{"@type":"WebPage","@id":"https:\/\/lospoliticosveracruz.com\/?p=20712","url":"https:\/\/lospoliticosveracruz.com\/?p=20712","name":"AVE, Tato; Morena, Giovanni - Los pol\u00edticos Veracruz","isPartOf":{"@id":"https:\/\/lospoliticosveracruz.com\/#website"},"primaryImageOfPage":{"@id":"https:\/\/lospoliticosveracruz.com\/?p=20712#primaryimage"},"image":{"@id":"https:\/\/lospoliticosveracruz.com\/?p=20712#primaryimage"},"thumbnailUrl":"http:\/\/www.lospoliticosveracruz.com.mx\/wp-content\/uploads\/2016\/01\/Tato-Vega-Giovanni-Arcos-300x218.jpg","datePublished":"2016-01-27T02:07:44+00:00","breadcrumb":{"@id":"https:\/\/lospoliticosveracruz.com\/?p=20712#breadcrumb"},"inLanguage":"es","potentialAction":[{"@type":"ReadAction","target":["https:\/\/lospoliticosveracruz.com\/?p=20712"]}]},{"@type":"ImageObject","inLanguage":"es","@id":"https:\/\/lospoliticosveracruz.com\/?p=20712#primaryimage","url":"http:\/\/www.lospoliticosveracruz.com.mx\/wp-content\/uploads\/2016\/01\/Tato-Vega-Giovanni-Arcos-300x218.jpg","contentUrl":"http:\/\/www.lospoliticosveracruz.com.mx\/wp-content\/uploads\/2016\/01\/Tato-Vega-Giovanni-Arcos-300x218.jpg"},{"@type":"BreadcrumbList","@id":"https:\/\/lospoliticosveracruz.com\/?p=20712#breadcrumb","itemListElement":[{"@type":"ListItem","position":1,"name":"Portada","item":"https:\/\/lospoliticosveracruz.com\/"},{"@type":"ListItem","position":2,"name":"AVE, Tato; Morena, Giovanni"}]},{"@type":"WebSite","@id":"https:\/\/lospoliticosveracruz.com\/#website","url":"https:\/\/lospoliticosveracruz.com\/","name":"Los pol\u00edticos Veracruz","description":"","publisher":{"@id":"https:\/\/lospoliticosveracruz.com\/#organization"},"potentialAction":[{"@type":"SearchAction","target":{"@type":"EntryPoint","urlTemplate":"https:\/\/lospoliticosveracruz.com\/?s={search_term_string}"},"query-input":{"@type":"PropertyValueSpecification","valueRequired":true,"valueName":"search_term_string"}}],"inLanguage":"es"},{"@type":"Organization","@id":"https:\/\/lospoliticosveracruz.com\/#organization","name":"Los pol\u00edticos Veracruz","url":"https:\/\/lospoliticosveracruz.com\/","logo":{"@type":"ImageObject","inLanguage":"es","@id":"https:\/\/lospoliticosveracruz.com\/#\/schema\/logo\/image\/","url":"https:\/\/lospoliticosveracruz.com\/wp-content\/uploads\/2025\/12\/Logo-Nuevo-LOS-POLITICOS-1.jpg","contentUrl":"https:\/\/lospoliticosveracruz.com\/wp-content\/uploads\/2025\/12\/Logo-Nuevo-LOS-POLITICOS-1.jpg","width":260,"height":70,"caption":"Los pol\u00edticos Veracruz"},"image":{"@id":"https:\/\/lospoliticosveracruz.com\/#\/schema\/logo\/image\/"},"sameAs":["https:\/\/www.facebook.com\/people\/Notimemes-de-los-Polticos\/61565672886568\/","https:\/\/x.com\/LosPoliticosVer"]},{"@type":"Person","@id":"https:\/\/lospoliticosveracruz.com\/#\/schema\/person\/b8702bb0e538456e6efd07080bf2a4a2","name":"Lo viste en Los Pol\u00edticos","image":{"@type":"ImageObject","inLanguage":"es","@id":"https:\/\/secure.gravatar.com\/avatar\/3a8de04a2656d44082be478bd6c086daa447c4651605818287b9532d3d0bd435?s=96&d=mm&r=g","url":"https:\/\/secure.gravatar.com\/avatar\/3a8de04a2656d44082be478bd6c086daa447c4651605818287b9532d3d0bd435?s=96&d=mm&r=g","contentUrl":"https:\/\/secure.gravatar.com\/avatar\/3a8de04a2656d44082be478bd6c086daa447c4651605818287b9532d3d0bd435?s=96&d=mm&r=g","caption":"Lo viste en Los Pol\u00edticos"},"url":"https:\/\/lospoliticosveracruz.com\/?author=2"}]}},"_links":{"self":[{"href":"https:\/\/lospoliticosveracruz.com\/index.php?rest_route=\/wp\/v2\/posts\/20712","targetHints":{"allow":["GET"]}}],"collection":[{"href":"https:\/\/lospoliticosveracruz.com\/index.php?rest_route=\/wp\/v2\/posts"}],"about":[{"href":"https:\/\/lospoliticosveracruz.com\/index.php?rest_route=\/wp\/v2\/types\/post"}],"author":[{"embeddable":true,"href":"https:\/\/lospoliticosveracruz.com\/index.php?rest_route=\/wp\/v2\/users\/2"}],"replies":[{"embeddable":true,"href":"https:\/\/lospoliticosveracruz.com\/index.php?rest_route=%2Fwp%2Fv2%2Fcomments&post=20712"}],"version-history":[{"count":1,"href":"https:\/\/lospoliticosveracruz.com\/index.php?rest_route=\/wp\/v2\/posts\/20712\/revisions"}],"predecessor-version":[{"id":20714,"href":"https:\/\/lospoliticosveracruz.com\/index.php?rest_route=\/wp\/v2\/posts\/20712\/revisions\/20714"}],"wp:attachment":[{"href":"https:\/\/lospoliticosveracruz.com\/index.php?rest_route=%2Fwp%2Fv2%2Fmedia&parent=20712"}],"wp:term":[{"taxonomy":"category","embeddable":true,"href":"https:\/\/lospoliticosveracruz.com\/index.php?rest_route=%2Fwp%2Fv2%2Fcategories&post=20712"},{"taxonomy":"post_tag","embeddable":true,"href":"https:\/\/lospoliticosveracruz.com\/index.php?rest_route=%2Fwp%2Fv2%2Ftags&post=20712"}],"curies":[{"name":"wp","href":"https:\/\/api.w.org\/{rel}","templated":true}]}}