{"id":20737,"date":"2016-01-28T20:45:59","date_gmt":"2016-01-29T02:45:59","guid":{"rendered":"http:\/\/www.lospoliticosveracruz.com.mx\/?p=20737"},"modified":"2016-01-28T20:45:59","modified_gmt":"2016-01-29T02:45:59","slug":"concluye-la-etapa-de-silva-ramos-en-el-pri","status":"publish","type":"post","link":"https:\/\/lospoliticosveracruz.com\/?p=20737","title":{"rendered":"Concluye la etapa de Silva Ramos en el PRI"},"content":{"rendered":"<p><a href=\"http:\/\/www.lospoliticosveracruz.com.mx\/wp-content\/uploads\/2015\/11\/Alberto-Silva1.jpg\"><img loading=\"lazy\" decoding=\"async\" class=\"alignnone size-medium wp-image-19222\" src=\"http:\/\/www.lospoliticosveracruz.com.mx\/wp-content\/uploads\/2015\/11\/Alberto-Silva1-300x169.jpg\" alt=\"Alberto Silva\" width=\"300\" height=\"169\" \/><\/a><br \/>\n<strong>Luis Alberto Romero<\/strong><\/p>\n<p><em>Hora Cero<\/em><\/p>\n<p>Quienes conocen las entra\u00f1as del Partido Revolucionario Institucional en Veracruz y han vivido cerca del poder estatal apuntan que dif\u00edcilmente se encontrar\u00e1, en la historia del Comit\u00e9 Directivo Estatal del tricolor, a un dirigente tan ef\u00edmero como Alberto Silva Ramos.<br \/>\nExcluyendo a quienes llegaron al m\u00e1ximo cargo partidista del tricolor en Veracruz por prelaci\u00f3n (los secretarios generales que ante la renuncia del presidente llegan al cargo vacante), no existe antecedente de pol\u00edticos que hayan ocupado el cargo por un lapso tan breve.<br \/>\nUno de los casos m\u00e1s recientes de secretarios generales que llegaron a la presidencia del partido ante la renuncia del titular ocurri\u00f3 hace tres meses, cuando del cargo sali\u00f3 Alfredo Ferrari Saavedra, quien fue llamado a ocupar la Secretar\u00eda de Desarrollo Social en el gobierno de Javier Duarte.<br \/>\nEl lugar de Ferrari fue cubierto, por muy breve tiempo, por la entonces secretaria general, Corintia Cruz Oreg\u00f3n, quien lleg\u00f3 de forma interina.<br \/>\nDespu\u00e9s de la salida de Alfredo Ferrari y del muy breve interinato de Corintia Cruz asumi\u00f3 la dirigencia del partido Alberto Silva Ramos, ex alcalde de Tuxpan, ex vocero del gobierno estatal y actual diputado federal por ese distrito, acompa\u00f1ado por Regina V\u00e1zquez Saut en la Secretar\u00eda General.<br \/>\nEl nuevo presidente del CDE rindi\u00f3 protesta ante el l\u00edder nacional del partido, Manlio Fabio Beltrones, el 25 de octubre del a\u00f1o pasado, y en ese momento defini\u00f3 lo que ser\u00eda su etapa; dijo, por ejemplo, que su partido \u201cnaci\u00f3 para ser gobierno\u201d y que \u201cla dirigencia que hoy inicia ser\u00e1 dura, frontal, directa, implacable, pero no con los de adentro, pero no con los nuestros\u201d.<br \/>\nSilva Ramos inici\u00f3 una campa\u00f1a para intentar, de forma desesperada, posicionarse como posible carta del PRI a la gubernatura de la entidad y, en otra pista, para lanzarse contra el tambi\u00e9n diputado federal Miguel \u00c1ngel Yunes Linares, considerado uno de los m\u00e1s f\u00e9rreos cr\u00edticos del grupo que actualmente se encuentra en el gobierno estatal.<br \/>\nEn ese contexto, el paso de Alberto Silva por la dirigencia estatal del PRI en Veracruz fue marcado por la confrontaci\u00f3n con los partidos de oposici\u00f3n y, particularmente, con la cabeza del llamado grupo Boca del R\u00edo, a quien dedic\u00f3 varios videos que fueron transmitidos por medios electr\u00f3nicos y redes sociales; de igual manera, el sello que caracteriz\u00f3 esa etapa fue una estrategia de promoci\u00f3n que a la postre le dar\u00eda muy escasos resultados al hoy ex dirigente.<br \/>\nEl tema del fortalecimiento de la estructura priista siempre qued\u00f3 relegado a segundo o tercer t\u00e9rmino.<br \/>\nDe igual forma, el periodo del tuxpe\u00f1o dej\u00f3 desatinos que pasaron al anecdotario pol\u00edtico veracruzano, como la declaraci\u00f3n en el sentido de que el partido aplicar\u00eda pruebas de embarazo a las aspirantes a una candidatura, error que le cost\u00f3 el se\u00f1alamiento p\u00fablico por asumir una posici\u00f3n que no pocos grupos sociales interpretaron como acto de misoginia. Al final de esa historia, el principal protagonista tuvo que pedir disculpas y retractarse.<\/p>\n<p><strong>En la carrera sucesoria no era opci\u00f3n real<\/strong><br \/>\nLa realidad es que el ex alcalde tuxpe\u00f1o, sus aliados en el gobierno y sus incondicionales en el partido repitieron tanto el cuento de que Silva Ramos estar\u00eda llamado a convertirse en el candidato priista al gobierno estatal, que terminaron por creer que sus probabilidades eran altas; en pocas palabras, se subieron a su nube, no midieron su realidad y subestimaron la ventaja que en esa carrera llevaban los senadores H\u00e9ctor Yunes Landa y Jos\u00e9 Francisco Yunes Zorrilla, mucho mejor posicionados al interior del partido.<br \/>\nA esa clara e irreversible ventaja de Yunes Landa, por cierto, se debieron los intentos de los promotores de Alberto Silva por desestimar las encuestas, que lo mostraban con muy bajos bonos y en un nivel muy inferior al registrado por sus contendientes internos.<\/p>\n<p><strong>Termina el proyecto<\/strong><br \/>\nEl caso es que este jueves termin\u00f3 la breve etapa de Alberto Silva en el Comit\u00e9 Directivo Estatal del tricolor. Concluye, de esa manera, la aspiraci\u00f3n del grupo en el poder por mantenerse, otros dos a\u00f1os, en el gobierno veracruzano. Silva Ramos ser\u00e1 recordado, como tantos otros, como un proyecto pol\u00edtico que no logr\u00f3 consolidarse. Es claro que su dimensi\u00f3n, en estos momentos y bajo las actuales circunstancias de Veracruz, no es suficiente para llegar a la gubernatura y ni siquiera para la candidatura priista.<br \/>\nRegina V\u00e1zquez Saut ocupa, por dos d\u00edas, la presidencia interina y podr\u00e1 presumirlo en su curr\u00edculum, como en su momento lo hizo Corintia Cruz. Tal vez, m\u00e1s como una puntada, tambi\u00e9n colgar su foto en la Sala de Presidentes.<br \/>\nPara el priismo veracruzano, el nombre de Alberto Silva Ramos y sus aspiraciones por convertirse en un proyecto que trascendiera el actual sexenio ser\u00e1n cosa del pasado. El diputado federal por Tuxpan regresa a su curul en San L\u00e1zaro, donde no tendr\u00e1 ni siquiera la presidencia de la Comisi\u00f3n de Poblaci\u00f3n, que hoy ocupa Adolfo Mota Hern\u00e1ndez. A su lugar, en el partido, llegar\u00e1 un nuevo equipo, que ser\u00e1 encabezado a partir del domingo por el experimentado Felipe Amadeo Flores Espinoza. @luisromero85<\/p>\n","protected":false},"excerpt":{"rendered":"<p>Luis Alberto Romero Hora Cero Quienes conocen las entra\u00f1as del Partido Revolucionario Institucional en Veracruz y han vivido cerca del poder estatal apuntan que dif\u00edcilmente se encontrar\u00e1, en la historia del Comit\u00e9 Directivo Estatal del tricolor, a un dirigente tan ef\u00edmero como Alberto Silva Ramos. Excluyendo a quienes llegaron al m\u00e1ximo cargo partidista del tricolor [&hellip;]<\/p>\n","protected":false},"author":2,"featured_media":0,"comment_status":"open","ping_status":"open","sticky":false,"template":"","format":"standard","meta":{"tdm_status":"","tdm_grid_status":"","footnotes":""},"categories":[70],"tags":[617,251],"class_list":{"0":"post-20737","1":"post","2":"type-post","3":"status-publish","4":"format-standard","6":"category-de-opinion","7":"tag-manlio-fabio-beltrones","8":"tag-pri"},"yoast_head":"<!-- This site is optimized with the Yoast SEO plugin v27.4 - https:\/\/yoast.com\/product\/yoast-seo-wordpress\/ -->\n<title>Concluye la etapa de Silva Ramos en el PRI - Los pol\u00edticos Veracruz<\/title>\n<meta name=\"robots\" content=\"index, follow, max-snippet:-1, max-image-preview:large, max-video-preview:-1\" \/>\n<link rel=\"canonical\" href=\"https:\/\/lospoliticosveracruz.com\/?p=20737\" \/>\n<meta property=\"og:locale\" content=\"es_ES\" \/>\n<meta property=\"og:type\" content=\"article\" \/>\n<meta property=\"og:title\" content=\"Concluye la etapa de Silva Ramos en el PRI - Los pol\u00edticos Veracruz\" \/>\n<meta property=\"og:description\" content=\"Luis Alberto Romero Hora Cero Quienes conocen las entra\u00f1as del Partido Revolucionario Institucional en Veracruz y han vivido cerca del poder estatal apuntan que dif\u00edcilmente se encontrar\u00e1, en la historia del Comit\u00e9 Directivo Estatal del tricolor, a un dirigente tan ef\u00edmero como Alberto Silva Ramos. Excluyendo a quienes llegaron al m\u00e1ximo cargo partidista del tricolor [&hellip;]\" \/>\n<meta property=\"og:url\" content=\"https:\/\/lospoliticosveracruz.com\/?p=20737\" \/>\n<meta property=\"og:site_name\" content=\"Los pol\u00edticos Veracruz\" \/>\n<meta property=\"article:publisher\" content=\"https:\/\/www.facebook.com\/people\/Notimemes-de-los-Polticos\/61565672886568\/\" \/>\n<meta property=\"article:published_time\" content=\"2016-01-29T02:45:59+00:00\" \/>\n<meta property=\"og:image\" content=\"http:\/\/www.lospoliticosveracruz.com.mx\/wp-content\/uploads\/2015\/11\/Alberto-Silva1-300x169.jpg\" \/>\n<meta name=\"author\" content=\"Lo viste en Los Pol\u00edticos\" \/>\n<meta name=\"twitter:card\" content=\"summary_large_image\" \/>\n<meta name=\"twitter:creator\" content=\"@LosPoliticosVer\" \/>\n<meta name=\"twitter:site\" content=\"@LosPoliticosVer\" \/>\n<meta name=\"twitter:label1\" content=\"Escrito por\" \/>\n\t<meta name=\"twitter:data1\" content=\"Lo viste en Los Pol\u00edticos\" \/>\n\t<meta name=\"twitter:label2\" content=\"Tiempo de lectura\" \/>\n\t<meta name=\"twitter:data2\" content=\"4 minutos\" \/>\n<script type=\"application\/ld+json\" class=\"yoast-schema-graph\">{\"@context\":\"https:\\\/\\\/schema.org\",\"@graph\":[{\"@type\":\"Article\",\"@id\":\"https:\\\/\\\/lospoliticosveracruz.com\\\/?p=20737#article\",\"isPartOf\":{\"@id\":\"https:\\\/\\\/lospoliticosveracruz.com\\\/?p=20737\"},\"author\":{\"name\":\"Lo viste en Los Pol\u00edticos\",\"@id\":\"https:\\\/\\\/lospoliticosveracruz.com\\\/#\\\/schema\\\/person\\\/b8702bb0e538456e6efd07080bf2a4a2\"},\"headline\":\"Concluye la etapa de Silva Ramos en el PRI\",\"datePublished\":\"2016-01-29T02:45:59+00:00\",\"mainEntityOfPage\":{\"@id\":\"https:\\\/\\\/lospoliticosveracruz.com\\\/?p=20737\"},\"wordCount\":897,\"commentCount\":0,\"publisher\":{\"@id\":\"https:\\\/\\\/lospoliticosveracruz.com\\\/#organization\"},\"image\":{\"@id\":\"https:\\\/\\\/lospoliticosveracruz.com\\\/?p=20737#primaryimage\"},\"thumbnailUrl\":\"http:\\\/\\\/www.lospoliticosveracruz.com.mx\\\/wp-content\\\/uploads\\\/2015\\\/11\\\/Alberto-Silva1-300x169.jpg\",\"keywords\":[\"Manlio Fabio Beltrones\",\"PRI\"],\"articleSection\":[\"De Opini\u00f3n\"],\"inLanguage\":\"es\",\"potentialAction\":[{\"@type\":\"CommentAction\",\"name\":\"Comment\",\"target\":[\"https:\\\/\\\/lospoliticosveracruz.com\\\/?p=20737#respond\"]}]},{\"@type\":\"WebPage\",\"@id\":\"https:\\\/\\\/lospoliticosveracruz.com\\\/?p=20737\",\"url\":\"https:\\\/\\\/lospoliticosveracruz.com\\\/?p=20737\",\"name\":\"Concluye la etapa de Silva Ramos en el PRI - Los pol\u00edticos Veracruz\",\"isPartOf\":{\"@id\":\"https:\\\/\\\/lospoliticosveracruz.com\\\/#website\"},\"primaryImageOfPage\":{\"@id\":\"https:\\\/\\\/lospoliticosveracruz.com\\\/?p=20737#primaryimage\"},\"image\":{\"@id\":\"https:\\\/\\\/lospoliticosveracruz.com\\\/?p=20737#primaryimage\"},\"thumbnailUrl\":\"http:\\\/\\\/www.lospoliticosveracruz.com.mx\\\/wp-content\\\/uploads\\\/2015\\\/11\\\/Alberto-Silva1-300x169.jpg\",\"datePublished\":\"2016-01-29T02:45:59+00:00\",\"breadcrumb\":{\"@id\":\"https:\\\/\\\/lospoliticosveracruz.com\\\/?p=20737#breadcrumb\"},\"inLanguage\":\"es\",\"potentialAction\":[{\"@type\":\"ReadAction\",\"target\":[\"https:\\\/\\\/lospoliticosveracruz.com\\\/?p=20737\"]}]},{\"@type\":\"ImageObject\",\"inLanguage\":\"es\",\"@id\":\"https:\\\/\\\/lospoliticosveracruz.com\\\/?p=20737#primaryimage\",\"url\":\"http:\\\/\\\/www.lospoliticosveracruz.com.mx\\\/wp-content\\\/uploads\\\/2015\\\/11\\\/Alberto-Silva1-300x169.jpg\",\"contentUrl\":\"http:\\\/\\\/www.lospoliticosveracruz.com.mx\\\/wp-content\\\/uploads\\\/2015\\\/11\\\/Alberto-Silva1-300x169.jpg\"},{\"@type\":\"BreadcrumbList\",\"@id\":\"https:\\\/\\\/lospoliticosveracruz.com\\\/?p=20737#breadcrumb\",\"itemListElement\":[{\"@type\":\"ListItem\",\"position\":1,\"name\":\"Portada\",\"item\":\"https:\\\/\\\/lospoliticosveracruz.com\\\/\"},{\"@type\":\"ListItem\",\"position\":2,\"name\":\"Concluye la etapa de Silva Ramos en el PRI\"}]},{\"@type\":\"WebSite\",\"@id\":\"https:\\\/\\\/lospoliticosveracruz.com\\\/#website\",\"url\":\"https:\\\/\\\/lospoliticosveracruz.com\\\/\",\"name\":\"Los pol\u00edticos Veracruz\",\"description\":\"\",\"publisher\":{\"@id\":\"https:\\\/\\\/lospoliticosveracruz.com\\\/#organization\"},\"potentialAction\":[{\"@type\":\"SearchAction\",\"target\":{\"@type\":\"EntryPoint\",\"urlTemplate\":\"https:\\\/\\\/lospoliticosveracruz.com\\\/?s={search_term_string}\"},\"query-input\":{\"@type\":\"PropertyValueSpecification\",\"valueRequired\":true,\"valueName\":\"search_term_string\"}}],\"inLanguage\":\"es\"},{\"@type\":\"Organization\",\"@id\":\"https:\\\/\\\/lospoliticosveracruz.com\\\/#organization\",\"name\":\"Los pol\u00edticos Veracruz\",\"url\":\"https:\\\/\\\/lospoliticosveracruz.com\\\/\",\"logo\":{\"@type\":\"ImageObject\",\"inLanguage\":\"es\",\"@id\":\"https:\\\/\\\/lospoliticosveracruz.com\\\/#\\\/schema\\\/logo\\\/image\\\/\",\"url\":\"https:\\\/\\\/lospoliticosveracruz.com\\\/wp-content\\\/uploads\\\/2025\\\/12\\\/Logo-Nuevo-LOS-POLITICOS-1.jpg\",\"contentUrl\":\"https:\\\/\\\/lospoliticosveracruz.com\\\/wp-content\\\/uploads\\\/2025\\\/12\\\/Logo-Nuevo-LOS-POLITICOS-1.jpg\",\"width\":260,\"height\":70,\"caption\":\"Los pol\u00edticos Veracruz\"},\"image\":{\"@id\":\"https:\\\/\\\/lospoliticosveracruz.com\\\/#\\\/schema\\\/logo\\\/image\\\/\"},\"sameAs\":[\"https:\\\/\\\/www.facebook.com\\\/people\\\/Notimemes-de-los-Polticos\\\/61565672886568\\\/\",\"https:\\\/\\\/x.com\\\/LosPoliticosVer\"]},{\"@type\":\"Person\",\"@id\":\"https:\\\/\\\/lospoliticosveracruz.com\\\/#\\\/schema\\\/person\\\/b8702bb0e538456e6efd07080bf2a4a2\",\"name\":\"Lo viste en Los Pol\u00edticos\",\"image\":{\"@type\":\"ImageObject\",\"inLanguage\":\"es\",\"@id\":\"https:\\\/\\\/secure.gravatar.com\\\/avatar\\\/3a8de04a2656d44082be478bd6c086daa447c4651605818287b9532d3d0bd435?s=96&d=mm&r=g\",\"url\":\"https:\\\/\\\/secure.gravatar.com\\\/avatar\\\/3a8de04a2656d44082be478bd6c086daa447c4651605818287b9532d3d0bd435?s=96&d=mm&r=g\",\"contentUrl\":\"https:\\\/\\\/secure.gravatar.com\\\/avatar\\\/3a8de04a2656d44082be478bd6c086daa447c4651605818287b9532d3d0bd435?s=96&d=mm&r=g\",\"caption\":\"Lo viste en Los Pol\u00edticos\"},\"url\":\"https:\\\/\\\/lospoliticosveracruz.com\\\/?author=2\"}]}<\/script>\n<!-- \/ Yoast SEO plugin. -->","yoast_head_json":{"title":"Concluye la etapa de Silva Ramos en el PRI - Los pol\u00edticos Veracruz","robots":{"index":"index","follow":"follow","max-snippet":"max-snippet:-1","max-image-preview":"max-image-preview:large","max-video-preview":"max-video-preview:-1"},"canonical":"https:\/\/lospoliticosveracruz.com\/?p=20737","og_locale":"es_ES","og_type":"article","og_title":"Concluye la etapa de Silva Ramos en el PRI - Los pol\u00edticos Veracruz","og_description":"Luis Alberto Romero Hora Cero Quienes conocen las entra\u00f1as del Partido Revolucionario Institucional en Veracruz y han vivido cerca del poder estatal apuntan que dif\u00edcilmente se encontrar\u00e1, en la historia del Comit\u00e9 Directivo Estatal del tricolor, a un dirigente tan ef\u00edmero como Alberto Silva Ramos. Excluyendo a quienes llegaron al m\u00e1ximo cargo partidista del tricolor [&hellip;]","og_url":"https:\/\/lospoliticosveracruz.com\/?p=20737","og_site_name":"Los pol\u00edticos Veracruz","article_publisher":"https:\/\/www.facebook.com\/people\/Notimemes-de-los-Polticos\/61565672886568\/","article_published_time":"2016-01-29T02:45:59+00:00","og_image":[{"url":"http:\/\/www.lospoliticosveracruz.com.mx\/wp-content\/uploads\/2015\/11\/Alberto-Silva1-300x169.jpg","type":"","width":"","height":""}],"author":"Lo viste en Los Pol\u00edticos","twitter_card":"summary_large_image","twitter_creator":"@LosPoliticosVer","twitter_site":"@LosPoliticosVer","twitter_misc":{"Escrito por":"Lo viste en Los Pol\u00edticos","Tiempo de lectura":"4 minutos"},"schema":{"@context":"https:\/\/schema.org","@graph":[{"@type":"Article","@id":"https:\/\/lospoliticosveracruz.com\/?p=20737#article","isPartOf":{"@id":"https:\/\/lospoliticosveracruz.com\/?p=20737"},"author":{"name":"Lo viste en Los Pol\u00edticos","@id":"https:\/\/lospoliticosveracruz.com\/#\/schema\/person\/b8702bb0e538456e6efd07080bf2a4a2"},"headline":"Concluye la etapa de Silva Ramos en el PRI","datePublished":"2016-01-29T02:45:59+00:00","mainEntityOfPage":{"@id":"https:\/\/lospoliticosveracruz.com\/?p=20737"},"wordCount":897,"commentCount":0,"publisher":{"@id":"https:\/\/lospoliticosveracruz.com\/#organization"},"image":{"@id":"https:\/\/lospoliticosveracruz.com\/?p=20737#primaryimage"},"thumbnailUrl":"http:\/\/www.lospoliticosveracruz.com.mx\/wp-content\/uploads\/2015\/11\/Alberto-Silva1-300x169.jpg","keywords":["Manlio Fabio Beltrones","PRI"],"articleSection":["De Opini\u00f3n"],"inLanguage":"es","potentialAction":[{"@type":"CommentAction","name":"Comment","target":["https:\/\/lospoliticosveracruz.com\/?p=20737#respond"]}]},{"@type":"WebPage","@id":"https:\/\/lospoliticosveracruz.com\/?p=20737","url":"https:\/\/lospoliticosveracruz.com\/?p=20737","name":"Concluye la etapa de Silva Ramos en el PRI - Los pol\u00edticos Veracruz","isPartOf":{"@id":"https:\/\/lospoliticosveracruz.com\/#website"},"primaryImageOfPage":{"@id":"https:\/\/lospoliticosveracruz.com\/?p=20737#primaryimage"},"image":{"@id":"https:\/\/lospoliticosveracruz.com\/?p=20737#primaryimage"},"thumbnailUrl":"http:\/\/www.lospoliticosveracruz.com.mx\/wp-content\/uploads\/2015\/11\/Alberto-Silva1-300x169.jpg","datePublished":"2016-01-29T02:45:59+00:00","breadcrumb":{"@id":"https:\/\/lospoliticosveracruz.com\/?p=20737#breadcrumb"},"inLanguage":"es","potentialAction":[{"@type":"ReadAction","target":["https:\/\/lospoliticosveracruz.com\/?p=20737"]}]},{"@type":"ImageObject","inLanguage":"es","@id":"https:\/\/lospoliticosveracruz.com\/?p=20737#primaryimage","url":"http:\/\/www.lospoliticosveracruz.com.mx\/wp-content\/uploads\/2015\/11\/Alberto-Silva1-300x169.jpg","contentUrl":"http:\/\/www.lospoliticosveracruz.com.mx\/wp-content\/uploads\/2015\/11\/Alberto-Silva1-300x169.jpg"},{"@type":"BreadcrumbList","@id":"https:\/\/lospoliticosveracruz.com\/?p=20737#breadcrumb","itemListElement":[{"@type":"ListItem","position":1,"name":"Portada","item":"https:\/\/lospoliticosveracruz.com\/"},{"@type":"ListItem","position":2,"name":"Concluye la etapa de Silva Ramos en el PRI"}]},{"@type":"WebSite","@id":"https:\/\/lospoliticosveracruz.com\/#website","url":"https:\/\/lospoliticosveracruz.com\/","name":"Los pol\u00edticos Veracruz","description":"","publisher":{"@id":"https:\/\/lospoliticosveracruz.com\/#organization"},"potentialAction":[{"@type":"SearchAction","target":{"@type":"EntryPoint","urlTemplate":"https:\/\/lospoliticosveracruz.com\/?s={search_term_string}"},"query-input":{"@type":"PropertyValueSpecification","valueRequired":true,"valueName":"search_term_string"}}],"inLanguage":"es"},{"@type":"Organization","@id":"https:\/\/lospoliticosveracruz.com\/#organization","name":"Los pol\u00edticos Veracruz","url":"https:\/\/lospoliticosveracruz.com\/","logo":{"@type":"ImageObject","inLanguage":"es","@id":"https:\/\/lospoliticosveracruz.com\/#\/schema\/logo\/image\/","url":"https:\/\/lospoliticosveracruz.com\/wp-content\/uploads\/2025\/12\/Logo-Nuevo-LOS-POLITICOS-1.jpg","contentUrl":"https:\/\/lospoliticosveracruz.com\/wp-content\/uploads\/2025\/12\/Logo-Nuevo-LOS-POLITICOS-1.jpg","width":260,"height":70,"caption":"Los pol\u00edticos Veracruz"},"image":{"@id":"https:\/\/lospoliticosveracruz.com\/#\/schema\/logo\/image\/"},"sameAs":["https:\/\/www.facebook.com\/people\/Notimemes-de-los-Polticos\/61565672886568\/","https:\/\/x.com\/LosPoliticosVer"]},{"@type":"Person","@id":"https:\/\/lospoliticosveracruz.com\/#\/schema\/person\/b8702bb0e538456e6efd07080bf2a4a2","name":"Lo viste en Los Pol\u00edticos","image":{"@type":"ImageObject","inLanguage":"es","@id":"https:\/\/secure.gravatar.com\/avatar\/3a8de04a2656d44082be478bd6c086daa447c4651605818287b9532d3d0bd435?s=96&d=mm&r=g","url":"https:\/\/secure.gravatar.com\/avatar\/3a8de04a2656d44082be478bd6c086daa447c4651605818287b9532d3d0bd435?s=96&d=mm&r=g","contentUrl":"https:\/\/secure.gravatar.com\/avatar\/3a8de04a2656d44082be478bd6c086daa447c4651605818287b9532d3d0bd435?s=96&d=mm&r=g","caption":"Lo viste en Los Pol\u00edticos"},"url":"https:\/\/lospoliticosveracruz.com\/?author=2"}]}},"_links":{"self":[{"href":"https:\/\/lospoliticosveracruz.com\/index.php?rest_route=\/wp\/v2\/posts\/20737","targetHints":{"allow":["GET"]}}],"collection":[{"href":"https:\/\/lospoliticosveracruz.com\/index.php?rest_route=\/wp\/v2\/posts"}],"about":[{"href":"https:\/\/lospoliticosveracruz.com\/index.php?rest_route=\/wp\/v2\/types\/post"}],"author":[{"embeddable":true,"href":"https:\/\/lospoliticosveracruz.com\/index.php?rest_route=\/wp\/v2\/users\/2"}],"replies":[{"embeddable":true,"href":"https:\/\/lospoliticosveracruz.com\/index.php?rest_route=%2Fwp%2Fv2%2Fcomments&post=20737"}],"version-history":[{"count":1,"href":"https:\/\/lospoliticosveracruz.com\/index.php?rest_route=\/wp\/v2\/posts\/20737\/revisions"}],"predecessor-version":[{"id":20738,"href":"https:\/\/lospoliticosveracruz.com\/index.php?rest_route=\/wp\/v2\/posts\/20737\/revisions\/20738"}],"wp:attachment":[{"href":"https:\/\/lospoliticosveracruz.com\/index.php?rest_route=%2Fwp%2Fv2%2Fmedia&parent=20737"}],"wp:term":[{"taxonomy":"category","embeddable":true,"href":"https:\/\/lospoliticosveracruz.com\/index.php?rest_route=%2Fwp%2Fv2%2Fcategories&post=20737"},{"taxonomy":"post_tag","embeddable":true,"href":"https:\/\/lospoliticosveracruz.com\/index.php?rest_route=%2Fwp%2Fv2%2Ftags&post=20737"}],"curies":[{"name":"wp","href":"https:\/\/api.w.org\/{rel}","templated":true}]}}