{"id":20762,"date":"2016-01-31T20:59:57","date_gmt":"2016-02-01T02:59:57","guid":{"rendered":"http:\/\/www.lospoliticosveracruz.com.mx\/?p=20762"},"modified":"2016-01-31T21:02:34","modified_gmt":"2016-02-01T03:02:34","slug":"la-vieja-guardia-los-ninos-fieles","status":"publish","type":"post","link":"https:\/\/lospoliticosveracruz.com\/?p=20762","title":{"rendered":"La vieja guardia, los ni\u00f1os fieles"},"content":{"rendered":"<figure id=\"attachment_20766\" aria-describedby=\"caption-attachment-20766\" style=\"width: 300px\" class=\"wp-caption alignnone\"><a href=\"http:\/\/www.lospoliticosveracruz.com.mx\/wp-content\/uploads\/2016\/01\/PRI.jpg\"><img loading=\"lazy\" decoding=\"async\" class=\"wp-image-20766 size-medium\" src=\"http:\/\/www.lospoliticosveracruz.com.mx\/wp-content\/uploads\/2016\/01\/PRI-300x200.jpg\" alt=\"PRI\" width=\"300\" height=\"200\" \/><\/a><figcaption id=\"caption-attachment-20766\" class=\"wp-caption-text\">Foto Alfredo Espinosa<\/figcaption><\/figure>\n<p><strong>Pablo Jair Ortega<\/strong><\/p>\n<p><em>Columna sin Nombre<\/em><\/p>\n<p>Aunque s\u00f3lo ser\u00e1n dos a\u00f1os para gobernar, el agarr\u00f3n que viene estar\u00e1 verdaderamente de peso.<\/p>\n<p>Y es que mientras los ni\u00f1os fieles ya jugaron y se divirtieron a lo grande, ahora le toca a los grandes jugar: la vieja guardia de la pol\u00edtica tendr\u00e1 un encontronazo de trenes, volviendo la pol\u00edtica al redil que nunca debi\u00f3 haberse salido.<\/p>\n<p>La experiencia, la habilidad pol\u00edtica se prev\u00e9 que se vea ahora en las campa\u00f1as por venir, desplazando la manera poco fina de soltar dinero a lo bruto y en millonarias cantidades para comprar, corromper y conseguir con lana todo lo que se pudiera para un proyecto que finalmente se desmoron\u00f3.<\/p>\n<p>En ese sentido, no dude que el problema financiero de Veracruz est\u00e1 precisamente en todo ese dinero que qui\u00e9n sabe a d\u00f3nde fue a parar.<\/p>\n<p>Lo que s\u00ed es seguro es que hay dos cosas imposibles de ocultar: lo rico y lo ya-sabe-qu\u00e9; por eso est\u00e1n a la vista los nuevos veracruzanos millonarios de los recientes a\u00f1os; los ins\u00f3litos y pr\u00f3speros empresarios inmobiliarios (en contraste con los arruinados y casi quebrados constructores veracruzanos) que de la nada ya tienen edificios de lujo, entre otras lindezas que compra el dinero ajeno y p\u00fablico.<\/p>\n<p>Vaya, se metieron hasta una restiradita los ni\u00f1os coquetos y vanidosos.<\/p>\n<p>Llega la vieja guardia, la que muchos extra\u00f1aban; la de los c\u00f3digos, la de valores entendidos, la que &#8211;muchos dicen&#8211; nunca debi\u00f3 irse.<\/p>\n<p>S\u00ed, tambi\u00e9n son pol\u00edticos: ya sabe qu\u00e9 fama tienen bien ganada, pero se entiende que lo \u00faltimo que quisieran hacer es repetir los errores de la chaviza que tuvo su debut y despedida a la gaver.<\/p>\n<p>Los ni\u00f1os fieles ya se divirtieron (en exceso)&#8230; Ahora le toca jugar a los grandes.<\/p>\n","protected":false},"excerpt":{"rendered":"<p>Pablo Jair Ortega Columna sin Nombre Aunque s\u00f3lo ser\u00e1n dos a\u00f1os para gobernar, el agarr\u00f3n que viene estar\u00e1 verdaderamente de peso. Y es que mientras los ni\u00f1os fieles ya jugaron y se divirtieron a lo grande, ahora le toca a los grandes jugar: la vieja guardia de la pol\u00edtica tendr\u00e1 un encontronazo de trenes, volviendo [&hellip;]<\/p>\n","protected":false},"author":2,"featured_media":0,"comment_status":"open","ping_status":"open","sticky":false,"template":"","format":"standard","meta":{"tdm_status":"","tdm_grid_status":"","footnotes":""},"categories":[70],"tags":[195],"class_list":{"0":"post-20762","1":"post","2":"type-post","3":"status-publish","4":"format-standard","6":"category-de-opinion","7":"tag-veracruz"},"yoast_head":"<!-- This site is optimized with the Yoast SEO plugin v27.4 - https:\/\/yoast.com\/product\/yoast-seo-wordpress\/ -->\n<title>La vieja guardia, los ni\u00f1os fieles - Los pol\u00edticos Veracruz<\/title>\n<meta name=\"robots\" content=\"index, follow, max-snippet:-1, max-image-preview:large, max-video-preview:-1\" \/>\n<link rel=\"canonical\" href=\"https:\/\/lospoliticosveracruz.com\/?p=20762\" \/>\n<meta property=\"og:locale\" content=\"es_ES\" \/>\n<meta property=\"og:type\" content=\"article\" \/>\n<meta property=\"og:title\" content=\"La vieja guardia, los ni\u00f1os fieles - Los pol\u00edticos Veracruz\" \/>\n<meta property=\"og:description\" content=\"Pablo Jair Ortega Columna sin Nombre Aunque s\u00f3lo ser\u00e1n dos a\u00f1os para gobernar, el agarr\u00f3n que viene estar\u00e1 verdaderamente de peso. Y es que mientras los ni\u00f1os fieles ya jugaron y se divirtieron a lo grande, ahora le toca a los grandes jugar: la vieja guardia de la pol\u00edtica tendr\u00e1 un encontronazo de trenes, volviendo [&hellip;]\" \/>\n<meta property=\"og:url\" content=\"https:\/\/lospoliticosveracruz.com\/?p=20762\" \/>\n<meta property=\"og:site_name\" content=\"Los pol\u00edticos Veracruz\" \/>\n<meta property=\"article:publisher\" content=\"https:\/\/www.facebook.com\/people\/Notimemes-de-los-Polticos\/61565672886568\/\" \/>\n<meta property=\"article:published_time\" content=\"2016-02-01T02:59:57+00:00\" \/>\n<meta property=\"article:modified_time\" content=\"2016-02-01T03:02:34+00:00\" \/>\n<meta property=\"og:image\" content=\"http:\/\/www.lospoliticosveracruz.com.mx\/wp-content\/uploads\/2016\/01\/PRI-300x200.jpg\" \/>\n<meta name=\"author\" content=\"Lo viste en Los Pol\u00edticos\" \/>\n<meta name=\"twitter:card\" content=\"summary_large_image\" \/>\n<meta name=\"twitter:creator\" content=\"@LosPoliticosVer\" \/>\n<meta name=\"twitter:site\" content=\"@LosPoliticosVer\" \/>\n<meta name=\"twitter:label1\" content=\"Escrito por\" \/>\n\t<meta name=\"twitter:data1\" content=\"Lo viste en Los Pol\u00edticos\" \/>\n\t<meta name=\"twitter:label2\" content=\"Tiempo de lectura\" \/>\n\t<meta name=\"twitter:data2\" content=\"2 minutos\" \/>\n<script type=\"application\/ld+json\" class=\"yoast-schema-graph\">{\"@context\":\"https:\\\/\\\/schema.org\",\"@graph\":[{\"@type\":\"Article\",\"@id\":\"https:\\\/\\\/lospoliticosveracruz.com\\\/?p=20762#article\",\"isPartOf\":{\"@id\":\"https:\\\/\\\/lospoliticosveracruz.com\\\/?p=20762\"},\"author\":{\"name\":\"Lo viste en Los Pol\u00edticos\",\"@id\":\"https:\\\/\\\/lospoliticosveracruz.com\\\/#\\\/schema\\\/person\\\/b8702bb0e538456e6efd07080bf2a4a2\"},\"headline\":\"La vieja guardia, los ni\u00f1os fieles\",\"datePublished\":\"2016-02-01T02:59:57+00:00\",\"dateModified\":\"2016-02-01T03:02:34+00:00\",\"mainEntityOfPage\":{\"@id\":\"https:\\\/\\\/lospoliticosveracruz.com\\\/?p=20762\"},\"wordCount\":330,\"commentCount\":0,\"publisher\":{\"@id\":\"https:\\\/\\\/lospoliticosveracruz.com\\\/#organization\"},\"image\":{\"@id\":\"https:\\\/\\\/lospoliticosveracruz.com\\\/?p=20762#primaryimage\"},\"thumbnailUrl\":\"http:\\\/\\\/www.lospoliticosveracruz.com.mx\\\/wp-content\\\/uploads\\\/2016\\\/01\\\/PRI-300x200.jpg\",\"keywords\":[\"Veracruz\"],\"articleSection\":[\"De Opini\u00f3n\"],\"inLanguage\":\"es\",\"potentialAction\":[{\"@type\":\"CommentAction\",\"name\":\"Comment\",\"target\":[\"https:\\\/\\\/lospoliticosveracruz.com\\\/?p=20762#respond\"]}]},{\"@type\":\"WebPage\",\"@id\":\"https:\\\/\\\/lospoliticosveracruz.com\\\/?p=20762\",\"url\":\"https:\\\/\\\/lospoliticosveracruz.com\\\/?p=20762\",\"name\":\"La vieja guardia, los ni\u00f1os fieles - Los pol\u00edticos Veracruz\",\"isPartOf\":{\"@id\":\"https:\\\/\\\/lospoliticosveracruz.com\\\/#website\"},\"primaryImageOfPage\":{\"@id\":\"https:\\\/\\\/lospoliticosveracruz.com\\\/?p=20762#primaryimage\"},\"image\":{\"@id\":\"https:\\\/\\\/lospoliticosveracruz.com\\\/?p=20762#primaryimage\"},\"thumbnailUrl\":\"http:\\\/\\\/www.lospoliticosveracruz.com.mx\\\/wp-content\\\/uploads\\\/2016\\\/01\\\/PRI-300x200.jpg\",\"datePublished\":\"2016-02-01T02:59:57+00:00\",\"dateModified\":\"2016-02-01T03:02:34+00:00\",\"breadcrumb\":{\"@id\":\"https:\\\/\\\/lospoliticosveracruz.com\\\/?p=20762#breadcrumb\"},\"inLanguage\":\"es\",\"potentialAction\":[{\"@type\":\"ReadAction\",\"target\":[\"https:\\\/\\\/lospoliticosveracruz.com\\\/?p=20762\"]}]},{\"@type\":\"ImageObject\",\"inLanguage\":\"es\",\"@id\":\"https:\\\/\\\/lospoliticosveracruz.com\\\/?p=20762#primaryimage\",\"url\":\"http:\\\/\\\/www.lospoliticosveracruz.com.mx\\\/wp-content\\\/uploads\\\/2016\\\/01\\\/PRI-300x200.jpg\",\"contentUrl\":\"http:\\\/\\\/www.lospoliticosveracruz.com.mx\\\/wp-content\\\/uploads\\\/2016\\\/01\\\/PRI-300x200.jpg\"},{\"@type\":\"BreadcrumbList\",\"@id\":\"https:\\\/\\\/lospoliticosveracruz.com\\\/?p=20762#breadcrumb\",\"itemListElement\":[{\"@type\":\"ListItem\",\"position\":1,\"name\":\"Portada\",\"item\":\"https:\\\/\\\/lospoliticosveracruz.com\\\/\"},{\"@type\":\"ListItem\",\"position\":2,\"name\":\"La vieja guardia, los ni\u00f1os fieles\"}]},{\"@type\":\"WebSite\",\"@id\":\"https:\\\/\\\/lospoliticosveracruz.com\\\/#website\",\"url\":\"https:\\\/\\\/lospoliticosveracruz.com\\\/\",\"name\":\"Los pol\u00edticos Veracruz\",\"description\":\"\",\"publisher\":{\"@id\":\"https:\\\/\\\/lospoliticosveracruz.com\\\/#organization\"},\"potentialAction\":[{\"@type\":\"SearchAction\",\"target\":{\"@type\":\"EntryPoint\",\"urlTemplate\":\"https:\\\/\\\/lospoliticosveracruz.com\\\/?s={search_term_string}\"},\"query-input\":{\"@type\":\"PropertyValueSpecification\",\"valueRequired\":true,\"valueName\":\"search_term_string\"}}],\"inLanguage\":\"es\"},{\"@type\":\"Organization\",\"@id\":\"https:\\\/\\\/lospoliticosveracruz.com\\\/#organization\",\"name\":\"Los pol\u00edticos Veracruz\",\"url\":\"https:\\\/\\\/lospoliticosveracruz.com\\\/\",\"logo\":{\"@type\":\"ImageObject\",\"inLanguage\":\"es\",\"@id\":\"https:\\\/\\\/lospoliticosveracruz.com\\\/#\\\/schema\\\/logo\\\/image\\\/\",\"url\":\"https:\\\/\\\/lospoliticosveracruz.com\\\/wp-content\\\/uploads\\\/2025\\\/12\\\/Logo-Nuevo-LOS-POLITICOS-1.jpg\",\"contentUrl\":\"https:\\\/\\\/lospoliticosveracruz.com\\\/wp-content\\\/uploads\\\/2025\\\/12\\\/Logo-Nuevo-LOS-POLITICOS-1.jpg\",\"width\":260,\"height\":70,\"caption\":\"Los pol\u00edticos Veracruz\"},\"image\":{\"@id\":\"https:\\\/\\\/lospoliticosveracruz.com\\\/#\\\/schema\\\/logo\\\/image\\\/\"},\"sameAs\":[\"https:\\\/\\\/www.facebook.com\\\/people\\\/Notimemes-de-los-Polticos\\\/61565672886568\\\/\",\"https:\\\/\\\/x.com\\\/LosPoliticosVer\"]},{\"@type\":\"Person\",\"@id\":\"https:\\\/\\\/lospoliticosveracruz.com\\\/#\\\/schema\\\/person\\\/b8702bb0e538456e6efd07080bf2a4a2\",\"name\":\"Lo viste en Los Pol\u00edticos\",\"image\":{\"@type\":\"ImageObject\",\"inLanguage\":\"es\",\"@id\":\"https:\\\/\\\/secure.gravatar.com\\\/avatar\\\/3a8de04a2656d44082be478bd6c086daa447c4651605818287b9532d3d0bd435?s=96&d=mm&r=g\",\"url\":\"https:\\\/\\\/secure.gravatar.com\\\/avatar\\\/3a8de04a2656d44082be478bd6c086daa447c4651605818287b9532d3d0bd435?s=96&d=mm&r=g\",\"contentUrl\":\"https:\\\/\\\/secure.gravatar.com\\\/avatar\\\/3a8de04a2656d44082be478bd6c086daa447c4651605818287b9532d3d0bd435?s=96&d=mm&r=g\",\"caption\":\"Lo viste en Los Pol\u00edticos\"},\"url\":\"https:\\\/\\\/lospoliticosveracruz.com\\\/?author=2\"}]}<\/script>\n<!-- \/ Yoast SEO plugin. -->","yoast_head_json":{"title":"La vieja guardia, los ni\u00f1os fieles - Los pol\u00edticos Veracruz","robots":{"index":"index","follow":"follow","max-snippet":"max-snippet:-1","max-image-preview":"max-image-preview:large","max-video-preview":"max-video-preview:-1"},"canonical":"https:\/\/lospoliticosveracruz.com\/?p=20762","og_locale":"es_ES","og_type":"article","og_title":"La vieja guardia, los ni\u00f1os fieles - Los pol\u00edticos Veracruz","og_description":"Pablo Jair Ortega Columna sin Nombre Aunque s\u00f3lo ser\u00e1n dos a\u00f1os para gobernar, el agarr\u00f3n que viene estar\u00e1 verdaderamente de peso. Y es que mientras los ni\u00f1os fieles ya jugaron y se divirtieron a lo grande, ahora le toca a los grandes jugar: la vieja guardia de la pol\u00edtica tendr\u00e1 un encontronazo de trenes, volviendo [&hellip;]","og_url":"https:\/\/lospoliticosveracruz.com\/?p=20762","og_site_name":"Los pol\u00edticos Veracruz","article_publisher":"https:\/\/www.facebook.com\/people\/Notimemes-de-los-Polticos\/61565672886568\/","article_published_time":"2016-02-01T02:59:57+00:00","article_modified_time":"2016-02-01T03:02:34+00:00","og_image":[{"url":"http:\/\/www.lospoliticosveracruz.com.mx\/wp-content\/uploads\/2016\/01\/PRI-300x200.jpg","type":"","width":"","height":""}],"author":"Lo viste en Los Pol\u00edticos","twitter_card":"summary_large_image","twitter_creator":"@LosPoliticosVer","twitter_site":"@LosPoliticosVer","twitter_misc":{"Escrito por":"Lo viste en Los Pol\u00edticos","Tiempo de lectura":"2 minutos"},"schema":{"@context":"https:\/\/schema.org","@graph":[{"@type":"Article","@id":"https:\/\/lospoliticosveracruz.com\/?p=20762#article","isPartOf":{"@id":"https:\/\/lospoliticosveracruz.com\/?p=20762"},"author":{"name":"Lo viste en Los Pol\u00edticos","@id":"https:\/\/lospoliticosveracruz.com\/#\/schema\/person\/b8702bb0e538456e6efd07080bf2a4a2"},"headline":"La vieja guardia, los ni\u00f1os fieles","datePublished":"2016-02-01T02:59:57+00:00","dateModified":"2016-02-01T03:02:34+00:00","mainEntityOfPage":{"@id":"https:\/\/lospoliticosveracruz.com\/?p=20762"},"wordCount":330,"commentCount":0,"publisher":{"@id":"https:\/\/lospoliticosveracruz.com\/#organization"},"image":{"@id":"https:\/\/lospoliticosveracruz.com\/?p=20762#primaryimage"},"thumbnailUrl":"http:\/\/www.lospoliticosveracruz.com.mx\/wp-content\/uploads\/2016\/01\/PRI-300x200.jpg","keywords":["Veracruz"],"articleSection":["De Opini\u00f3n"],"inLanguage":"es","potentialAction":[{"@type":"CommentAction","name":"Comment","target":["https:\/\/lospoliticosveracruz.com\/?p=20762#respond"]}]},{"@type":"WebPage","@id":"https:\/\/lospoliticosveracruz.com\/?p=20762","url":"https:\/\/lospoliticosveracruz.com\/?p=20762","name":"La vieja guardia, los ni\u00f1os fieles - Los pol\u00edticos Veracruz","isPartOf":{"@id":"https:\/\/lospoliticosveracruz.com\/#website"},"primaryImageOfPage":{"@id":"https:\/\/lospoliticosveracruz.com\/?p=20762#primaryimage"},"image":{"@id":"https:\/\/lospoliticosveracruz.com\/?p=20762#primaryimage"},"thumbnailUrl":"http:\/\/www.lospoliticosveracruz.com.mx\/wp-content\/uploads\/2016\/01\/PRI-300x200.jpg","datePublished":"2016-02-01T02:59:57+00:00","dateModified":"2016-02-01T03:02:34+00:00","breadcrumb":{"@id":"https:\/\/lospoliticosveracruz.com\/?p=20762#breadcrumb"},"inLanguage":"es","potentialAction":[{"@type":"ReadAction","target":["https:\/\/lospoliticosveracruz.com\/?p=20762"]}]},{"@type":"ImageObject","inLanguage":"es","@id":"https:\/\/lospoliticosveracruz.com\/?p=20762#primaryimage","url":"http:\/\/www.lospoliticosveracruz.com.mx\/wp-content\/uploads\/2016\/01\/PRI-300x200.jpg","contentUrl":"http:\/\/www.lospoliticosveracruz.com.mx\/wp-content\/uploads\/2016\/01\/PRI-300x200.jpg"},{"@type":"BreadcrumbList","@id":"https:\/\/lospoliticosveracruz.com\/?p=20762#breadcrumb","itemListElement":[{"@type":"ListItem","position":1,"name":"Portada","item":"https:\/\/lospoliticosveracruz.com\/"},{"@type":"ListItem","position":2,"name":"La vieja guardia, los ni\u00f1os fieles"}]},{"@type":"WebSite","@id":"https:\/\/lospoliticosveracruz.com\/#website","url":"https:\/\/lospoliticosveracruz.com\/","name":"Los pol\u00edticos Veracruz","description":"","publisher":{"@id":"https:\/\/lospoliticosveracruz.com\/#organization"},"potentialAction":[{"@type":"SearchAction","target":{"@type":"EntryPoint","urlTemplate":"https:\/\/lospoliticosveracruz.com\/?s={search_term_string}"},"query-input":{"@type":"PropertyValueSpecification","valueRequired":true,"valueName":"search_term_string"}}],"inLanguage":"es"},{"@type":"Organization","@id":"https:\/\/lospoliticosveracruz.com\/#organization","name":"Los pol\u00edticos Veracruz","url":"https:\/\/lospoliticosveracruz.com\/","logo":{"@type":"ImageObject","inLanguage":"es","@id":"https:\/\/lospoliticosveracruz.com\/#\/schema\/logo\/image\/","url":"https:\/\/lospoliticosveracruz.com\/wp-content\/uploads\/2025\/12\/Logo-Nuevo-LOS-POLITICOS-1.jpg","contentUrl":"https:\/\/lospoliticosveracruz.com\/wp-content\/uploads\/2025\/12\/Logo-Nuevo-LOS-POLITICOS-1.jpg","width":260,"height":70,"caption":"Los pol\u00edticos Veracruz"},"image":{"@id":"https:\/\/lospoliticosveracruz.com\/#\/schema\/logo\/image\/"},"sameAs":["https:\/\/www.facebook.com\/people\/Notimemes-de-los-Polticos\/61565672886568\/","https:\/\/x.com\/LosPoliticosVer"]},{"@type":"Person","@id":"https:\/\/lospoliticosveracruz.com\/#\/schema\/person\/b8702bb0e538456e6efd07080bf2a4a2","name":"Lo viste en Los Pol\u00edticos","image":{"@type":"ImageObject","inLanguage":"es","@id":"https:\/\/secure.gravatar.com\/avatar\/3a8de04a2656d44082be478bd6c086daa447c4651605818287b9532d3d0bd435?s=96&d=mm&r=g","url":"https:\/\/secure.gravatar.com\/avatar\/3a8de04a2656d44082be478bd6c086daa447c4651605818287b9532d3d0bd435?s=96&d=mm&r=g","contentUrl":"https:\/\/secure.gravatar.com\/avatar\/3a8de04a2656d44082be478bd6c086daa447c4651605818287b9532d3d0bd435?s=96&d=mm&r=g","caption":"Lo viste en Los Pol\u00edticos"},"url":"https:\/\/lospoliticosveracruz.com\/?author=2"}]}},"_links":{"self":[{"href":"https:\/\/lospoliticosveracruz.com\/index.php?rest_route=\/wp\/v2\/posts\/20762","targetHints":{"allow":["GET"]}}],"collection":[{"href":"https:\/\/lospoliticosveracruz.com\/index.php?rest_route=\/wp\/v2\/posts"}],"about":[{"href":"https:\/\/lospoliticosveracruz.com\/index.php?rest_route=\/wp\/v2\/types\/post"}],"author":[{"embeddable":true,"href":"https:\/\/lospoliticosveracruz.com\/index.php?rest_route=\/wp\/v2\/users\/2"}],"replies":[{"embeddable":true,"href":"https:\/\/lospoliticosveracruz.com\/index.php?rest_route=%2Fwp%2Fv2%2Fcomments&post=20762"}],"version-history":[{"count":2,"href":"https:\/\/lospoliticosveracruz.com\/index.php?rest_route=\/wp\/v2\/posts\/20762\/revisions"}],"predecessor-version":[{"id":20768,"href":"https:\/\/lospoliticosveracruz.com\/index.php?rest_route=\/wp\/v2\/posts\/20762\/revisions\/20768"}],"wp:attachment":[{"href":"https:\/\/lospoliticosveracruz.com\/index.php?rest_route=%2Fwp%2Fv2%2Fmedia&parent=20762"}],"wp:term":[{"taxonomy":"category","embeddable":true,"href":"https:\/\/lospoliticosveracruz.com\/index.php?rest_route=%2Fwp%2Fv2%2Fcategories&post=20762"},{"taxonomy":"post_tag","embeddable":true,"href":"https:\/\/lospoliticosveracruz.com\/index.php?rest_route=%2Fwp%2Fv2%2Ftags&post=20762"}],"curies":[{"name":"wp","href":"https:\/\/api.w.org\/{rel}","templated":true}]}}