{"id":20778,"date":"2016-01-31T21:43:59","date_gmt":"2016-02-01T03:43:59","guid":{"rendered":"http:\/\/www.lospoliticosveracruz.com.mx\/?p=20778"},"modified":"2016-01-31T21:43:59","modified_gmt":"2016-02-01T03:43:59","slug":"xalapa-capital-del-beisbol-2017","status":"publish","type":"post","link":"https:\/\/lospoliticosveracruz.com\/?p=20778","title":{"rendered":"Xalapa, capital del B\u00e9isbol 2017"},"content":{"rendered":"<p><a href=\"http:\/\/www.lospoliticosveracruz.com.mx\/wp-content\/uploads\/2016\/01\/Am\u00e9rico-Z\u00fa\u00f1iga.jpg\"><img loading=\"lazy\" decoding=\"async\" class=\"alignnone size-medium wp-image-20779\" src=\"http:\/\/www.lospoliticosveracruz.com.mx\/wp-content\/uploads\/2016\/01\/Am\u00e9rico-Z\u00fa\u00f1iga-300x217.jpg\" alt=\"Am\u00e9rico Z\u00fa\u00f1iga\" width=\"300\" height=\"217\" \/><\/a><br \/>\n<strong>Rodrigo Montoya Rivera<\/strong><\/p>\n<p><em>Ideas<\/em><\/p>\n<p>Colombia, Panam\u00e1 y Nicaragua; \u00bfQu\u00e9 tiene en com\u00fan M\u00e9xico, nuestro pa\u00eds, con estas tres naciones latinoamericanas?, en primer momento podemos pensar en su crecimiento y colaboraci\u00f3n comercial de gran variedad de insumos, la buena cantidad de habitantes radicados entre estos pa\u00edses en las ciudades m\u00e1s importantes de todas estas naciones, o la riqueza cultural y transcendental que surge entre estas demarcaciones territoriales, sin embargo, la visi\u00f3n social ve m\u00e1s all\u00e1 de una simple relaci\u00f3n pol\u00edtica y econ\u00f3mica.<\/p>\n<p>Desde el a\u00f1o 2013, unidos por una gran calidad deportiva, funciona en coordinaci\u00f3n la Serie Latinoamericana de B\u00e9isbol, misma que desde su fundaci\u00f3n agrupa a los 4 equipos m\u00e1s representativos de cada pa\u00eds afiliados a la Asociaci\u00f3n Latinoamericana B\u00e9isbol Profesional y en el particular caso de nuestro pa\u00eds, se encuentra bien representado por la Liga Invernal Veracruzana.<\/p>\n<p>Desde su fundaci\u00f3n, nuestro pa\u00eds ha tenido la oportunidad de levantar 1 vez el t\u00edtulo de campe\u00f3n, en aquel entonces a mano de \u201cLos Brujos de los Tuxtlas\u201d, en el a\u00f1o 2013, y dando lugar a dos t\u00edtulos consecutivos a Colombia, los \u201cTigres de Cartagena\u201d y \u201cLeones de Monter\u00eda\u201d, primero y segundo respectivamente.<\/p>\n<p>Sin embargo, durante su visita en Managua, capital de las tierras Nicarag\u00fcenses, y despu\u00e9s de reunirse con los integrantes de la Asociaci\u00f3n Latinoamericana de B\u00e9isbol Profesional, el Presidente Municipal de Xalapa, Am\u00e9rico Z\u00fa\u00f1iga Mart\u00ednez, anunci\u00f3 en rueda de prensa que Xalapa, ser\u00e1 la sede de la quinta edici\u00f3n de la Serie Latinoamericana de B\u00e9isbol 2017, \u201cEstamos preparados para recibirlos y nuestro gran reto ser\u00e1 mejorar las experiencias anteriores para presenciar el espect\u00e1culo que queremos\u201d, afirm\u00f3.<\/p>\n<p>Es importante se\u00f1alar que Xalapa ha estado viviendo una etapa importante, as\u00ed como hist\u00f3rica en materia tur\u00edstica, ahora deportiva por lo que pone en evidencia el gran compromiso que se tiene con la recreaci\u00f3n para el fortalecimiento social y civil de las generaciones presentes y futuras.<\/p>\n<p>La iniciativa de invertir y destinar recursos a los equipos deportivos de nuestra ciudad, es posiblemente la mejor opci\u00f3n para vislumbrar una ciudad de avance recreativo y participaci\u00f3n social, ya que son estas actividades las enriquecen culturalmente la vida diaria de todo ciudadano, y la Serie Latinoamericana de B\u00e9isbol en Xalapa, no ser\u00e1 la excepci\u00f3n.<\/p>\n<p>Nota 1: El d\u00eda de ayer, asumi\u00f3 la dirigencia estatal del PRI en Veracruz, Felipe Amadeo Flores, pol\u00edtico de gran trayectoria y amplia experiencia, sin duda alguna un activo que dar\u00e1 los mejores resultados de cara a los pr\u00f3ximos comicios en nuestro estado.<\/p>\n","protected":false},"excerpt":{"rendered":"<p>Rodrigo Montoya Rivera Ideas Colombia, Panam\u00e1 y Nicaragua; \u00bfQu\u00e9 tiene en com\u00fan M\u00e9xico, nuestro pa\u00eds, con estas tres naciones latinoamericanas?, en primer momento podemos pensar en su crecimiento y colaboraci\u00f3n comercial de gran variedad de insumos, la buena cantidad de habitantes radicados entre estos pa\u00edses en las ciudades m\u00e1s importantes de todas estas naciones, o [&hellip;]<\/p>\n","protected":false},"author":2,"featured_media":0,"comment_status":"open","ping_status":"open","sticky":false,"template":"","format":"standard","meta":{"tdm_status":"","tdm_grid_status":"","footnotes":""},"categories":[70],"tags":[539,485,4671,395,4669,729,4670],"class_list":{"0":"post-20778","1":"post","2":"type-post","3":"status-publish","4":"format-standard","6":"category-de-opinion","7":"tag-americo-zuniga-martinez","8":"tag-colombia","9":"tag-liga-invernal-veracruzana","10":"tag-mexico","11":"tag-nicaragua","12":"tag-panama","13":"tag-serie-latinoamericana-de-beisbol"},"yoast_head":"<!-- This site is optimized with the Yoast SEO plugin v27.4 - https:\/\/yoast.com\/product\/yoast-seo-wordpress\/ -->\n<title>Xalapa, capital del B\u00e9isbol 2017 - Los pol\u00edticos Veracruz<\/title>\n<meta name=\"robots\" content=\"index, follow, max-snippet:-1, max-image-preview:large, max-video-preview:-1\" \/>\n<link rel=\"canonical\" href=\"https:\/\/lospoliticosveracruz.com\/?p=20778\" \/>\n<meta property=\"og:locale\" content=\"es_ES\" \/>\n<meta property=\"og:type\" content=\"article\" \/>\n<meta property=\"og:title\" content=\"Xalapa, capital del B\u00e9isbol 2017 - Los pol\u00edticos Veracruz\" \/>\n<meta property=\"og:description\" content=\"Rodrigo Montoya Rivera Ideas Colombia, Panam\u00e1 y Nicaragua; \u00bfQu\u00e9 tiene en com\u00fan M\u00e9xico, nuestro pa\u00eds, con estas tres naciones latinoamericanas?, en primer momento podemos pensar en su crecimiento y colaboraci\u00f3n comercial de gran variedad de insumos, la buena cantidad de habitantes radicados entre estos pa\u00edses en las ciudades m\u00e1s importantes de todas estas naciones, o [&hellip;]\" \/>\n<meta property=\"og:url\" content=\"https:\/\/lospoliticosveracruz.com\/?p=20778\" \/>\n<meta property=\"og:site_name\" content=\"Los pol\u00edticos Veracruz\" \/>\n<meta property=\"article:publisher\" content=\"https:\/\/www.facebook.com\/people\/Notimemes-de-los-Polticos\/61565672886568\/\" \/>\n<meta property=\"article:published_time\" content=\"2016-02-01T03:43:59+00:00\" \/>\n<meta property=\"og:image\" content=\"https:\/\/lospoliticosveracruz.com\/wp-content\/uploads\/2016\/07\/Logo-Dor.jpg\" \/>\n\t<meta property=\"og:image:width\" content=\"200\" \/>\n\t<meta property=\"og:image:height\" content=\"200\" \/>\n\t<meta property=\"og:image:type\" content=\"image\/jpeg\" \/>\n<meta name=\"author\" content=\"Lo viste en Los Pol\u00edticos\" \/>\n<meta name=\"twitter:card\" content=\"summary_large_image\" \/>\n<meta name=\"twitter:creator\" content=\"@LosPoliticosVer\" \/>\n<meta name=\"twitter:site\" content=\"@LosPoliticosVer\" \/>\n<meta name=\"twitter:label1\" content=\"Escrito por\" \/>\n\t<meta name=\"twitter:data1\" content=\"Lo viste en Los Pol\u00edticos\" \/>\n\t<meta name=\"twitter:label2\" content=\"Tiempo de lectura\" \/>\n\t<meta name=\"twitter:data2\" content=\"2 minutos\" \/>\n<script type=\"application\/ld+json\" class=\"yoast-schema-graph\">{\"@context\":\"https:\\\/\\\/schema.org\",\"@graph\":[{\"@type\":\"Article\",\"@id\":\"https:\\\/\\\/lospoliticosveracruz.com\\\/?p=20778#article\",\"isPartOf\":{\"@id\":\"https:\\\/\\\/lospoliticosveracruz.com\\\/?p=20778\"},\"author\":{\"name\":\"Lo viste en Los Pol\u00edticos\",\"@id\":\"https:\\\/\\\/lospoliticosveracruz.com\\\/#\\\/schema\\\/person\\\/b8702bb0e538456e6efd07080bf2a4a2\"},\"headline\":\"Xalapa, capital del B\u00e9isbol 2017\",\"datePublished\":\"2016-02-01T03:43:59+00:00\",\"mainEntityOfPage\":{\"@id\":\"https:\\\/\\\/lospoliticosveracruz.com\\\/?p=20778\"},\"wordCount\":457,\"commentCount\":0,\"publisher\":{\"@id\":\"https:\\\/\\\/lospoliticosveracruz.com\\\/#organization\"},\"keywords\":[\"Am\u00e9rico Z\u00fa\u00f1iga Mart\u00ednez\",\"Colombia\",\"Liga Invernal Veracruzana\",\"M\u00e9xico\",\"Nicaragua\",\"Panam\u00e1\",\"Serie Latinoamericana de B\u00e9isbol\"],\"articleSection\":[\"De Opini\u00f3n\"],\"inLanguage\":\"es\",\"potentialAction\":[{\"@type\":\"CommentAction\",\"name\":\"Comment\",\"target\":[\"https:\\\/\\\/lospoliticosveracruz.com\\\/?p=20778#respond\"]}]},{\"@type\":\"WebPage\",\"@id\":\"https:\\\/\\\/lospoliticosveracruz.com\\\/?p=20778\",\"url\":\"https:\\\/\\\/lospoliticosveracruz.com\\\/?p=20778\",\"name\":\"Xalapa, capital del B\u00e9isbol 2017 - Los pol\u00edticos Veracruz\",\"isPartOf\":{\"@id\":\"https:\\\/\\\/lospoliticosveracruz.com\\\/#website\"},\"datePublished\":\"2016-02-01T03:43:59+00:00\",\"breadcrumb\":{\"@id\":\"https:\\\/\\\/lospoliticosveracruz.com\\\/?p=20778#breadcrumb\"},\"inLanguage\":\"es\",\"potentialAction\":[{\"@type\":\"ReadAction\",\"target\":[\"https:\\\/\\\/lospoliticosveracruz.com\\\/?p=20778\"]}]},{\"@type\":\"BreadcrumbList\",\"@id\":\"https:\\\/\\\/lospoliticosveracruz.com\\\/?p=20778#breadcrumb\",\"itemListElement\":[{\"@type\":\"ListItem\",\"position\":1,\"name\":\"Portada\",\"item\":\"https:\\\/\\\/lospoliticosveracruz.com\\\/\"},{\"@type\":\"ListItem\",\"position\":2,\"name\":\"Xalapa, capital del B\u00e9isbol 2017\"}]},{\"@type\":\"WebSite\",\"@id\":\"https:\\\/\\\/lospoliticosveracruz.com\\\/#website\",\"url\":\"https:\\\/\\\/lospoliticosveracruz.com\\\/\",\"name\":\"Los pol\u00edticos Veracruz\",\"description\":\"\",\"publisher\":{\"@id\":\"https:\\\/\\\/lospoliticosveracruz.com\\\/#organization\"},\"potentialAction\":[{\"@type\":\"SearchAction\",\"target\":{\"@type\":\"EntryPoint\",\"urlTemplate\":\"https:\\\/\\\/lospoliticosveracruz.com\\\/?s={search_term_string}\"},\"query-input\":{\"@type\":\"PropertyValueSpecification\",\"valueRequired\":true,\"valueName\":\"search_term_string\"}}],\"inLanguage\":\"es\"},{\"@type\":\"Organization\",\"@id\":\"https:\\\/\\\/lospoliticosveracruz.com\\\/#organization\",\"name\":\"Los pol\u00edticos Veracruz\",\"url\":\"https:\\\/\\\/lospoliticosveracruz.com\\\/\",\"logo\":{\"@type\":\"ImageObject\",\"inLanguage\":\"es\",\"@id\":\"https:\\\/\\\/lospoliticosveracruz.com\\\/#\\\/schema\\\/logo\\\/image\\\/\",\"url\":\"https:\\\/\\\/lospoliticosveracruz.com\\\/wp-content\\\/uploads\\\/2025\\\/12\\\/Logo-Nuevo-LOS-POLITICOS-1.jpg\",\"contentUrl\":\"https:\\\/\\\/lospoliticosveracruz.com\\\/wp-content\\\/uploads\\\/2025\\\/12\\\/Logo-Nuevo-LOS-POLITICOS-1.jpg\",\"width\":260,\"height\":70,\"caption\":\"Los pol\u00edticos Veracruz\"},\"image\":{\"@id\":\"https:\\\/\\\/lospoliticosveracruz.com\\\/#\\\/schema\\\/logo\\\/image\\\/\"},\"sameAs\":[\"https:\\\/\\\/www.facebook.com\\\/people\\\/Notimemes-de-los-Polticos\\\/61565672886568\\\/\",\"https:\\\/\\\/x.com\\\/LosPoliticosVer\"]},{\"@type\":\"Person\",\"@id\":\"https:\\\/\\\/lospoliticosveracruz.com\\\/#\\\/schema\\\/person\\\/b8702bb0e538456e6efd07080bf2a4a2\",\"name\":\"Lo viste en Los Pol\u00edticos\",\"image\":{\"@type\":\"ImageObject\",\"inLanguage\":\"es\",\"@id\":\"https:\\\/\\\/secure.gravatar.com\\\/avatar\\\/3a8de04a2656d44082be478bd6c086daa447c4651605818287b9532d3d0bd435?s=96&d=mm&r=g\",\"url\":\"https:\\\/\\\/secure.gravatar.com\\\/avatar\\\/3a8de04a2656d44082be478bd6c086daa447c4651605818287b9532d3d0bd435?s=96&d=mm&r=g\",\"contentUrl\":\"https:\\\/\\\/secure.gravatar.com\\\/avatar\\\/3a8de04a2656d44082be478bd6c086daa447c4651605818287b9532d3d0bd435?s=96&d=mm&r=g\",\"caption\":\"Lo viste en Los Pol\u00edticos\"},\"url\":\"https:\\\/\\\/lospoliticosveracruz.com\\\/?author=2\"}]}<\/script>\n<!-- \/ Yoast SEO plugin. -->","yoast_head_json":{"title":"Xalapa, capital del B\u00e9isbol 2017 - Los pol\u00edticos Veracruz","robots":{"index":"index","follow":"follow","max-snippet":"max-snippet:-1","max-image-preview":"max-image-preview:large","max-video-preview":"max-video-preview:-1"},"canonical":"https:\/\/lospoliticosveracruz.com\/?p=20778","og_locale":"es_ES","og_type":"article","og_title":"Xalapa, capital del B\u00e9isbol 2017 - Los pol\u00edticos Veracruz","og_description":"Rodrigo Montoya Rivera Ideas Colombia, Panam\u00e1 y Nicaragua; \u00bfQu\u00e9 tiene en com\u00fan M\u00e9xico, nuestro pa\u00eds, con estas tres naciones latinoamericanas?, en primer momento podemos pensar en su crecimiento y colaboraci\u00f3n comercial de gran variedad de insumos, la buena cantidad de habitantes radicados entre estos pa\u00edses en las ciudades m\u00e1s importantes de todas estas naciones, o [&hellip;]","og_url":"https:\/\/lospoliticosveracruz.com\/?p=20778","og_site_name":"Los pol\u00edticos Veracruz","article_publisher":"https:\/\/www.facebook.com\/people\/Notimemes-de-los-Polticos\/61565672886568\/","article_published_time":"2016-02-01T03:43:59+00:00","og_image":[{"width":200,"height":200,"url":"https:\/\/lospoliticosveracruz.com\/wp-content\/uploads\/2016\/07\/Logo-Dor.jpg","type":"image\/jpeg"}],"author":"Lo viste en Los Pol\u00edticos","twitter_card":"summary_large_image","twitter_creator":"@LosPoliticosVer","twitter_site":"@LosPoliticosVer","twitter_misc":{"Escrito por":"Lo viste en Los Pol\u00edticos","Tiempo de lectura":"2 minutos"},"schema":{"@context":"https:\/\/schema.org","@graph":[{"@type":"Article","@id":"https:\/\/lospoliticosveracruz.com\/?p=20778#article","isPartOf":{"@id":"https:\/\/lospoliticosveracruz.com\/?p=20778"},"author":{"name":"Lo viste en Los Pol\u00edticos","@id":"https:\/\/lospoliticosveracruz.com\/#\/schema\/person\/b8702bb0e538456e6efd07080bf2a4a2"},"headline":"Xalapa, capital del B\u00e9isbol 2017","datePublished":"2016-02-01T03:43:59+00:00","mainEntityOfPage":{"@id":"https:\/\/lospoliticosveracruz.com\/?p=20778"},"wordCount":457,"commentCount":0,"publisher":{"@id":"https:\/\/lospoliticosveracruz.com\/#organization"},"keywords":["Am\u00e9rico Z\u00fa\u00f1iga Mart\u00ednez","Colombia","Liga Invernal Veracruzana","M\u00e9xico","Nicaragua","Panam\u00e1","Serie Latinoamericana de B\u00e9isbol"],"articleSection":["De Opini\u00f3n"],"inLanguage":"es","potentialAction":[{"@type":"CommentAction","name":"Comment","target":["https:\/\/lospoliticosveracruz.com\/?p=20778#respond"]}]},{"@type":"WebPage","@id":"https:\/\/lospoliticosveracruz.com\/?p=20778","url":"https:\/\/lospoliticosveracruz.com\/?p=20778","name":"Xalapa, capital del B\u00e9isbol 2017 - Los pol\u00edticos Veracruz","isPartOf":{"@id":"https:\/\/lospoliticosveracruz.com\/#website"},"datePublished":"2016-02-01T03:43:59+00:00","breadcrumb":{"@id":"https:\/\/lospoliticosveracruz.com\/?p=20778#breadcrumb"},"inLanguage":"es","potentialAction":[{"@type":"ReadAction","target":["https:\/\/lospoliticosveracruz.com\/?p=20778"]}]},{"@type":"BreadcrumbList","@id":"https:\/\/lospoliticosveracruz.com\/?p=20778#breadcrumb","itemListElement":[{"@type":"ListItem","position":1,"name":"Portada","item":"https:\/\/lospoliticosveracruz.com\/"},{"@type":"ListItem","position":2,"name":"Xalapa, capital del B\u00e9isbol 2017"}]},{"@type":"WebSite","@id":"https:\/\/lospoliticosveracruz.com\/#website","url":"https:\/\/lospoliticosveracruz.com\/","name":"Los pol\u00edticos Veracruz","description":"","publisher":{"@id":"https:\/\/lospoliticosveracruz.com\/#organization"},"potentialAction":[{"@type":"SearchAction","target":{"@type":"EntryPoint","urlTemplate":"https:\/\/lospoliticosveracruz.com\/?s={search_term_string}"},"query-input":{"@type":"PropertyValueSpecification","valueRequired":true,"valueName":"search_term_string"}}],"inLanguage":"es"},{"@type":"Organization","@id":"https:\/\/lospoliticosveracruz.com\/#organization","name":"Los pol\u00edticos Veracruz","url":"https:\/\/lospoliticosveracruz.com\/","logo":{"@type":"ImageObject","inLanguage":"es","@id":"https:\/\/lospoliticosveracruz.com\/#\/schema\/logo\/image\/","url":"https:\/\/lospoliticosveracruz.com\/wp-content\/uploads\/2025\/12\/Logo-Nuevo-LOS-POLITICOS-1.jpg","contentUrl":"https:\/\/lospoliticosveracruz.com\/wp-content\/uploads\/2025\/12\/Logo-Nuevo-LOS-POLITICOS-1.jpg","width":260,"height":70,"caption":"Los pol\u00edticos Veracruz"},"image":{"@id":"https:\/\/lospoliticosveracruz.com\/#\/schema\/logo\/image\/"},"sameAs":["https:\/\/www.facebook.com\/people\/Notimemes-de-los-Polticos\/61565672886568\/","https:\/\/x.com\/LosPoliticosVer"]},{"@type":"Person","@id":"https:\/\/lospoliticosveracruz.com\/#\/schema\/person\/b8702bb0e538456e6efd07080bf2a4a2","name":"Lo viste en Los Pol\u00edticos","image":{"@type":"ImageObject","inLanguage":"es","@id":"https:\/\/secure.gravatar.com\/avatar\/3a8de04a2656d44082be478bd6c086daa447c4651605818287b9532d3d0bd435?s=96&d=mm&r=g","url":"https:\/\/secure.gravatar.com\/avatar\/3a8de04a2656d44082be478bd6c086daa447c4651605818287b9532d3d0bd435?s=96&d=mm&r=g","contentUrl":"https:\/\/secure.gravatar.com\/avatar\/3a8de04a2656d44082be478bd6c086daa447c4651605818287b9532d3d0bd435?s=96&d=mm&r=g","caption":"Lo viste en Los Pol\u00edticos"},"url":"https:\/\/lospoliticosveracruz.com\/?author=2"}]}},"_links":{"self":[{"href":"https:\/\/lospoliticosveracruz.com\/index.php?rest_route=\/wp\/v2\/posts\/20778","targetHints":{"allow":["GET"]}}],"collection":[{"href":"https:\/\/lospoliticosveracruz.com\/index.php?rest_route=\/wp\/v2\/posts"}],"about":[{"href":"https:\/\/lospoliticosveracruz.com\/index.php?rest_route=\/wp\/v2\/types\/post"}],"author":[{"embeddable":true,"href":"https:\/\/lospoliticosveracruz.com\/index.php?rest_route=\/wp\/v2\/users\/2"}],"replies":[{"embeddable":true,"href":"https:\/\/lospoliticosveracruz.com\/index.php?rest_route=%2Fwp%2Fv2%2Fcomments&post=20778"}],"version-history":[{"count":1,"href":"https:\/\/lospoliticosveracruz.com\/index.php?rest_route=\/wp\/v2\/posts\/20778\/revisions"}],"predecessor-version":[{"id":20780,"href":"https:\/\/lospoliticosveracruz.com\/index.php?rest_route=\/wp\/v2\/posts\/20778\/revisions\/20780"}],"wp:attachment":[{"href":"https:\/\/lospoliticosveracruz.com\/index.php?rest_route=%2Fwp%2Fv2%2Fmedia&parent=20778"}],"wp:term":[{"taxonomy":"category","embeddable":true,"href":"https:\/\/lospoliticosveracruz.com\/index.php?rest_route=%2Fwp%2Fv2%2Fcategories&post=20778"},{"taxonomy":"post_tag","embeddable":true,"href":"https:\/\/lospoliticosveracruz.com\/index.php?rest_route=%2Fwp%2Fv2%2Ftags&post=20778"}],"curies":[{"name":"wp","href":"https:\/\/api.w.org\/{rel}","templated":true}]}}