{"id":20809,"date":"2016-02-02T21:29:59","date_gmt":"2016-02-03T03:29:59","guid":{"rendered":"http:\/\/www.lospoliticosveracruz.com.mx\/?p=20809"},"modified":"2016-02-02T21:29:59","modified_gmt":"2016-02-03T03:29:59","slug":"el-maestrito-y-manolete","status":"publish","type":"post","link":"https:\/\/lospoliticosveracruz.com\/?p=20809","title":{"rendered":"El Maestrito y Manolete"},"content":{"rendered":"<p><a href=\"http:\/\/www.lospoliticosveracruz.com.mx\/wp-content\/uploads\/2016\/02\/mario-molina-Montes.jpg\"><img loading=\"lazy\" decoding=\"async\" class=\"alignnone size-medium wp-image-20811\" src=\"http:\/\/www.lospoliticosveracruz.com.mx\/wp-content\/uploads\/2016\/02\/mario-molina-Montes-300x230.jpg\" alt=\"mario molina Montes\" width=\"300\" height=\"230\" \/><\/a><\/p>\n<p><strong>Gustavo Avila Maldonado<\/strong><\/p>\n<p><em>Ruizcortinadas<\/em><\/p>\n<p>La semana pasada escrib\u00ed sobre los compositores, esos seres especiales a los que se les aparecen las musas y nos regalan con sus composiciones. Mario Molina Montes naci\u00f3 el 16 de octubre de 1921 en Alvarado, Veracruz. En su adolescencia llego a la Ciudad de M\u00e9xico como novillero, y no lo hac\u00eda mal, hasta que una cornada estuvo a cerca de arrebatarle la vida y decidi\u00f3 abandonar los ruedos y dedicarse a otra cosa.<br \/>\nAl quedarse sin trabajo y con su escasa preparaci\u00f3n, pues s\u00f3lo hab\u00eda estudiado hasta el sexto de primaria, logr\u00f3 colocarse como reportero en una revista de espect\u00e1culos, pues ten\u00eda facilidad para escribir y expresarse. Esa era la \u00e9poca de oro del cine mexicano, as\u00ed que Mario Molina, el \u00abMaestrito de los ojos verdes\u00bb como le dec\u00edan sus amigos, frecuentaba los pasillos de la XEW y las cafeter\u00edas cercanas para entrevistar a los artistas m\u00e1s renombrados de aquella \u00e9poca, ah\u00ed se relacion\u00f3 e hizo buenos amigos como Jos\u00e9 Alfredo Jim\u00e9nez, Agust\u00edn Lara, Gabriel Ru\u00edz, Luis Arcaraz, entre otros, a ellos les vend\u00eda letras de canciones por veinte o treinta pesos, muchas de ellas se convirtieron en \u00e9xitos como \u00bb El dinero no es la vida\u00bb, \u00abViajera\u00bb, \u00bb Por vivir en quinto patio\u00bb que alcanz\u00f3 tanto \u00e9xito que hicieron una pel\u00edcula con el mismo nombre.<br \/>\nMe cuenta mi amigo Gast\u00f3n Guti\u00e9rrez-Laisequilla que en sus inicios \u00abEl Maestrito \u00bb pas\u00f3 una \u00e9poca dif\u00edcil antes de alcanzar la fama. Mario Molina solo viv\u00eda de el poco dinero que le daban por sus canciones. \u00c9l Maestrito viv\u00eda en un cuartucho en la azotea de un viejo edificio y com\u00eda tacos banqueteros.<br \/>\nEn una ocasi\u00f3n vino Manolete a torear a M\u00e9xico y se dio a la tarea de buscar al Maestrito para conocerlo y agradecerle la canci\u00f3n que le hab\u00eda compuesto. Cuando lo encontr\u00f3 lo invit\u00f3 a comer a su suite en el Hotel Reforma, en donde se hospedaba, les subieron los mejores platillos y abundantes bebidas, cognac, wisky y manzanilla que era la favorita del torero, antes de despedirse, Manolete le ofreci\u00f3 un dinero en muestra de agradecimiento, Mario se neg\u00f3 a aceptarlo, pues dijo que con la comida y la bebida se daba por pagado, y que adem\u00e1s \u00e9l era su \u00eddolo, pero el torero insisti\u00f3 y le meti\u00f3 unos billetes en su viejo abrigo.<br \/>\nCuando Mario sali\u00f3 del elevador a la recepci\u00f3n, saco los billetes para ver cu\u00e1nto le hab\u00eda dado, y cu\u00e1l no ser\u00eda su sorpresa de que eran m\u00e1s de dos mil pesos, se aquellos de los a\u00f1os cuarenta.<br \/>\nEl Maestrito se cambio a un departamento decoroso, se compro un Vocho y varios trajes, y durante un buen tiempo comi\u00f3 en buenos restaurantes.<br \/>\nUn lema que ten\u00eda el Maestrito era: \u00abGran parte del arte de la amistad es querer a los amigos a pesar de conocerlos\u00bb<\/p>\n","protected":false},"excerpt":{"rendered":"<p>Gustavo Avila Maldonado Ruizcortinadas La semana pasada escrib\u00ed sobre los compositores, esos seres especiales a los que se les aparecen las musas y nos regalan con sus composiciones. Mario Molina Montes naci\u00f3 el 16 de octubre de 1921 en Alvarado, Veracruz. En su adolescencia llego a la Ciudad de M\u00e9xico como novillero, y no lo [&hellip;]<\/p>\n","protected":false},"author":2,"featured_media":0,"comment_status":"open","ping_status":"open","sticky":false,"template":"","format":"standard","meta":{"tdm_status":"","tdm_grid_status":"","footnotes":""},"categories":[75],"tags":[4682,4681,4683,4680,4679],"class_list":{"0":"post-20809","1":"post","2":"type-post","3":"status-publish","4":"format-standard","6":"category-cine-libros-y-mas","7":"tag-gabriel-ruiz","8":"tag-jose-alfredo-jimenez","9":"tag-luis-arcaraz","10":"tag-maestrito-de-los-ojos-verdes","11":"tag-mario-molina-montes"},"yoast_head":"<!-- This site is optimized with the Yoast SEO plugin v27.4 - https:\/\/yoast.com\/product\/yoast-seo-wordpress\/ -->\n<title>El Maestrito y Manolete - Los pol\u00edticos Veracruz<\/title>\n<meta name=\"robots\" content=\"index, follow, max-snippet:-1, max-image-preview:large, max-video-preview:-1\" \/>\n<link rel=\"canonical\" href=\"https:\/\/lospoliticosveracruz.com\/?p=20809\" \/>\n<meta property=\"og:locale\" content=\"es_ES\" \/>\n<meta property=\"og:type\" content=\"article\" \/>\n<meta property=\"og:title\" content=\"El Maestrito y Manolete - Los pol\u00edticos Veracruz\" \/>\n<meta property=\"og:description\" content=\"Gustavo Avila Maldonado Ruizcortinadas La semana pasada escrib\u00ed sobre los compositores, esos seres especiales a los que se les aparecen las musas y nos regalan con sus composiciones. Mario Molina Montes naci\u00f3 el 16 de octubre de 1921 en Alvarado, Veracruz. En su adolescencia llego a la Ciudad de M\u00e9xico como novillero, y no lo [&hellip;]\" \/>\n<meta property=\"og:url\" content=\"https:\/\/lospoliticosveracruz.com\/?p=20809\" \/>\n<meta property=\"og:site_name\" content=\"Los pol\u00edticos Veracruz\" \/>\n<meta property=\"article:publisher\" content=\"https:\/\/www.facebook.com\/people\/Notimemes-de-los-Polticos\/61565672886568\/\" \/>\n<meta property=\"article:published_time\" content=\"2016-02-03T03:29:59+00:00\" \/>\n<meta property=\"og:image\" content=\"http:\/\/www.lospoliticosveracruz.com.mx\/wp-content\/uploads\/2016\/02\/mario-molina-Montes-300x230.jpg\" \/>\n<meta name=\"author\" content=\"Lo viste en Los Pol\u00edticos\" \/>\n<meta name=\"twitter:card\" content=\"summary_large_image\" \/>\n<meta name=\"twitter:creator\" content=\"@LosPoliticosVer\" \/>\n<meta name=\"twitter:site\" content=\"@LosPoliticosVer\" \/>\n<meta name=\"twitter:label1\" content=\"Escrito por\" \/>\n\t<meta name=\"twitter:data1\" content=\"Lo viste en Los Pol\u00edticos\" \/>\n\t<meta name=\"twitter:label2\" content=\"Tiempo de lectura\" \/>\n\t<meta name=\"twitter:data2\" content=\"3 minutos\" \/>\n<script type=\"application\/ld+json\" class=\"yoast-schema-graph\">{\"@context\":\"https:\\\/\\\/schema.org\",\"@graph\":[{\"@type\":\"Article\",\"@id\":\"https:\\\/\\\/lospoliticosveracruz.com\\\/?p=20809#article\",\"isPartOf\":{\"@id\":\"https:\\\/\\\/lospoliticosveracruz.com\\\/?p=20809\"},\"author\":{\"name\":\"Lo viste en Los Pol\u00edticos\",\"@id\":\"https:\\\/\\\/lospoliticosveracruz.com\\\/#\\\/schema\\\/person\\\/b8702bb0e538456e6efd07080bf2a4a2\"},\"headline\":\"El Maestrito y Manolete\",\"datePublished\":\"2016-02-03T03:29:59+00:00\",\"mainEntityOfPage\":{\"@id\":\"https:\\\/\\\/lospoliticosveracruz.com\\\/?p=20809\"},\"wordCount\":506,\"commentCount\":0,\"publisher\":{\"@id\":\"https:\\\/\\\/lospoliticosveracruz.com\\\/#organization\"},\"image\":{\"@id\":\"https:\\\/\\\/lospoliticosveracruz.com\\\/?p=20809#primaryimage\"},\"thumbnailUrl\":\"http:\\\/\\\/www.lospoliticosveracruz.com.mx\\\/wp-content\\\/uploads\\\/2016\\\/02\\\/mario-molina-Montes-300x230.jpg\",\"keywords\":[\"Gabriel Ruiz\",\"Jos\u00e9 Alfredo Jim\u00e9nez\",\"Luis Arcaraz\",\"Maestrito de los ojos verdes\",\"Mario Molina Montes\"],\"articleSection\":[\"Cine, Libros y m\u00e1s\"],\"inLanguage\":\"es\",\"potentialAction\":[{\"@type\":\"CommentAction\",\"name\":\"Comment\",\"target\":[\"https:\\\/\\\/lospoliticosveracruz.com\\\/?p=20809#respond\"]}]},{\"@type\":\"WebPage\",\"@id\":\"https:\\\/\\\/lospoliticosveracruz.com\\\/?p=20809\",\"url\":\"https:\\\/\\\/lospoliticosveracruz.com\\\/?p=20809\",\"name\":\"El Maestrito y Manolete - Los pol\u00edticos Veracruz\",\"isPartOf\":{\"@id\":\"https:\\\/\\\/lospoliticosveracruz.com\\\/#website\"},\"primaryImageOfPage\":{\"@id\":\"https:\\\/\\\/lospoliticosveracruz.com\\\/?p=20809#primaryimage\"},\"image\":{\"@id\":\"https:\\\/\\\/lospoliticosveracruz.com\\\/?p=20809#primaryimage\"},\"thumbnailUrl\":\"http:\\\/\\\/www.lospoliticosveracruz.com.mx\\\/wp-content\\\/uploads\\\/2016\\\/02\\\/mario-molina-Montes-300x230.jpg\",\"datePublished\":\"2016-02-03T03:29:59+00:00\",\"breadcrumb\":{\"@id\":\"https:\\\/\\\/lospoliticosveracruz.com\\\/?p=20809#breadcrumb\"},\"inLanguage\":\"es\",\"potentialAction\":[{\"@type\":\"ReadAction\",\"target\":[\"https:\\\/\\\/lospoliticosveracruz.com\\\/?p=20809\"]}]},{\"@type\":\"ImageObject\",\"inLanguage\":\"es\",\"@id\":\"https:\\\/\\\/lospoliticosveracruz.com\\\/?p=20809#primaryimage\",\"url\":\"http:\\\/\\\/www.lospoliticosveracruz.com.mx\\\/wp-content\\\/uploads\\\/2016\\\/02\\\/mario-molina-Montes-300x230.jpg\",\"contentUrl\":\"http:\\\/\\\/www.lospoliticosveracruz.com.mx\\\/wp-content\\\/uploads\\\/2016\\\/02\\\/mario-molina-Montes-300x230.jpg\"},{\"@type\":\"BreadcrumbList\",\"@id\":\"https:\\\/\\\/lospoliticosveracruz.com\\\/?p=20809#breadcrumb\",\"itemListElement\":[{\"@type\":\"ListItem\",\"position\":1,\"name\":\"Portada\",\"item\":\"https:\\\/\\\/lospoliticosveracruz.com\\\/\"},{\"@type\":\"ListItem\",\"position\":2,\"name\":\"El Maestrito y Manolete\"}]},{\"@type\":\"WebSite\",\"@id\":\"https:\\\/\\\/lospoliticosveracruz.com\\\/#website\",\"url\":\"https:\\\/\\\/lospoliticosveracruz.com\\\/\",\"name\":\"Los pol\u00edticos Veracruz\",\"description\":\"\",\"publisher\":{\"@id\":\"https:\\\/\\\/lospoliticosveracruz.com\\\/#organization\"},\"potentialAction\":[{\"@type\":\"SearchAction\",\"target\":{\"@type\":\"EntryPoint\",\"urlTemplate\":\"https:\\\/\\\/lospoliticosveracruz.com\\\/?s={search_term_string}\"},\"query-input\":{\"@type\":\"PropertyValueSpecification\",\"valueRequired\":true,\"valueName\":\"search_term_string\"}}],\"inLanguage\":\"es\"},{\"@type\":\"Organization\",\"@id\":\"https:\\\/\\\/lospoliticosveracruz.com\\\/#organization\",\"name\":\"Los pol\u00edticos Veracruz\",\"url\":\"https:\\\/\\\/lospoliticosveracruz.com\\\/\",\"logo\":{\"@type\":\"ImageObject\",\"inLanguage\":\"es\",\"@id\":\"https:\\\/\\\/lospoliticosveracruz.com\\\/#\\\/schema\\\/logo\\\/image\\\/\",\"url\":\"https:\\\/\\\/lospoliticosveracruz.com\\\/wp-content\\\/uploads\\\/2025\\\/12\\\/Logo-Nuevo-LOS-POLITICOS-1.jpg\",\"contentUrl\":\"https:\\\/\\\/lospoliticosveracruz.com\\\/wp-content\\\/uploads\\\/2025\\\/12\\\/Logo-Nuevo-LOS-POLITICOS-1.jpg\",\"width\":260,\"height\":70,\"caption\":\"Los pol\u00edticos Veracruz\"},\"image\":{\"@id\":\"https:\\\/\\\/lospoliticosveracruz.com\\\/#\\\/schema\\\/logo\\\/image\\\/\"},\"sameAs\":[\"https:\\\/\\\/www.facebook.com\\\/people\\\/Notimemes-de-los-Polticos\\\/61565672886568\\\/\",\"https:\\\/\\\/x.com\\\/LosPoliticosVer\"]},{\"@type\":\"Person\",\"@id\":\"https:\\\/\\\/lospoliticosveracruz.com\\\/#\\\/schema\\\/person\\\/b8702bb0e538456e6efd07080bf2a4a2\",\"name\":\"Lo viste en Los Pol\u00edticos\",\"image\":{\"@type\":\"ImageObject\",\"inLanguage\":\"es\",\"@id\":\"https:\\\/\\\/secure.gravatar.com\\\/avatar\\\/3a8de04a2656d44082be478bd6c086daa447c4651605818287b9532d3d0bd435?s=96&d=mm&r=g\",\"url\":\"https:\\\/\\\/secure.gravatar.com\\\/avatar\\\/3a8de04a2656d44082be478bd6c086daa447c4651605818287b9532d3d0bd435?s=96&d=mm&r=g\",\"contentUrl\":\"https:\\\/\\\/secure.gravatar.com\\\/avatar\\\/3a8de04a2656d44082be478bd6c086daa447c4651605818287b9532d3d0bd435?s=96&d=mm&r=g\",\"caption\":\"Lo viste en Los Pol\u00edticos\"},\"url\":\"https:\\\/\\\/lospoliticosveracruz.com\\\/?author=2\"}]}<\/script>\n<!-- \/ Yoast SEO plugin. -->","yoast_head_json":{"title":"El Maestrito y Manolete - Los pol\u00edticos Veracruz","robots":{"index":"index","follow":"follow","max-snippet":"max-snippet:-1","max-image-preview":"max-image-preview:large","max-video-preview":"max-video-preview:-1"},"canonical":"https:\/\/lospoliticosveracruz.com\/?p=20809","og_locale":"es_ES","og_type":"article","og_title":"El Maestrito y Manolete - Los pol\u00edticos Veracruz","og_description":"Gustavo Avila Maldonado Ruizcortinadas La semana pasada escrib\u00ed sobre los compositores, esos seres especiales a los que se les aparecen las musas y nos regalan con sus composiciones. Mario Molina Montes naci\u00f3 el 16 de octubre de 1921 en Alvarado, Veracruz. En su adolescencia llego a la Ciudad de M\u00e9xico como novillero, y no lo [&hellip;]","og_url":"https:\/\/lospoliticosveracruz.com\/?p=20809","og_site_name":"Los pol\u00edticos Veracruz","article_publisher":"https:\/\/www.facebook.com\/people\/Notimemes-de-los-Polticos\/61565672886568\/","article_published_time":"2016-02-03T03:29:59+00:00","og_image":[{"url":"http:\/\/www.lospoliticosveracruz.com.mx\/wp-content\/uploads\/2016\/02\/mario-molina-Montes-300x230.jpg","type":"","width":"","height":""}],"author":"Lo viste en Los Pol\u00edticos","twitter_card":"summary_large_image","twitter_creator":"@LosPoliticosVer","twitter_site":"@LosPoliticosVer","twitter_misc":{"Escrito por":"Lo viste en Los Pol\u00edticos","Tiempo de lectura":"3 minutos"},"schema":{"@context":"https:\/\/schema.org","@graph":[{"@type":"Article","@id":"https:\/\/lospoliticosveracruz.com\/?p=20809#article","isPartOf":{"@id":"https:\/\/lospoliticosveracruz.com\/?p=20809"},"author":{"name":"Lo viste en Los Pol\u00edticos","@id":"https:\/\/lospoliticosveracruz.com\/#\/schema\/person\/b8702bb0e538456e6efd07080bf2a4a2"},"headline":"El Maestrito y Manolete","datePublished":"2016-02-03T03:29:59+00:00","mainEntityOfPage":{"@id":"https:\/\/lospoliticosveracruz.com\/?p=20809"},"wordCount":506,"commentCount":0,"publisher":{"@id":"https:\/\/lospoliticosveracruz.com\/#organization"},"image":{"@id":"https:\/\/lospoliticosveracruz.com\/?p=20809#primaryimage"},"thumbnailUrl":"http:\/\/www.lospoliticosveracruz.com.mx\/wp-content\/uploads\/2016\/02\/mario-molina-Montes-300x230.jpg","keywords":["Gabriel Ruiz","Jos\u00e9 Alfredo Jim\u00e9nez","Luis Arcaraz","Maestrito de los ojos verdes","Mario Molina Montes"],"articleSection":["Cine, Libros y m\u00e1s"],"inLanguage":"es","potentialAction":[{"@type":"CommentAction","name":"Comment","target":["https:\/\/lospoliticosveracruz.com\/?p=20809#respond"]}]},{"@type":"WebPage","@id":"https:\/\/lospoliticosveracruz.com\/?p=20809","url":"https:\/\/lospoliticosveracruz.com\/?p=20809","name":"El Maestrito y Manolete - Los pol\u00edticos Veracruz","isPartOf":{"@id":"https:\/\/lospoliticosveracruz.com\/#website"},"primaryImageOfPage":{"@id":"https:\/\/lospoliticosveracruz.com\/?p=20809#primaryimage"},"image":{"@id":"https:\/\/lospoliticosveracruz.com\/?p=20809#primaryimage"},"thumbnailUrl":"http:\/\/www.lospoliticosveracruz.com.mx\/wp-content\/uploads\/2016\/02\/mario-molina-Montes-300x230.jpg","datePublished":"2016-02-03T03:29:59+00:00","breadcrumb":{"@id":"https:\/\/lospoliticosveracruz.com\/?p=20809#breadcrumb"},"inLanguage":"es","potentialAction":[{"@type":"ReadAction","target":["https:\/\/lospoliticosveracruz.com\/?p=20809"]}]},{"@type":"ImageObject","inLanguage":"es","@id":"https:\/\/lospoliticosveracruz.com\/?p=20809#primaryimage","url":"http:\/\/www.lospoliticosveracruz.com.mx\/wp-content\/uploads\/2016\/02\/mario-molina-Montes-300x230.jpg","contentUrl":"http:\/\/www.lospoliticosveracruz.com.mx\/wp-content\/uploads\/2016\/02\/mario-molina-Montes-300x230.jpg"},{"@type":"BreadcrumbList","@id":"https:\/\/lospoliticosveracruz.com\/?p=20809#breadcrumb","itemListElement":[{"@type":"ListItem","position":1,"name":"Portada","item":"https:\/\/lospoliticosveracruz.com\/"},{"@type":"ListItem","position":2,"name":"El Maestrito y Manolete"}]},{"@type":"WebSite","@id":"https:\/\/lospoliticosveracruz.com\/#website","url":"https:\/\/lospoliticosveracruz.com\/","name":"Los pol\u00edticos Veracruz","description":"","publisher":{"@id":"https:\/\/lospoliticosveracruz.com\/#organization"},"potentialAction":[{"@type":"SearchAction","target":{"@type":"EntryPoint","urlTemplate":"https:\/\/lospoliticosveracruz.com\/?s={search_term_string}"},"query-input":{"@type":"PropertyValueSpecification","valueRequired":true,"valueName":"search_term_string"}}],"inLanguage":"es"},{"@type":"Organization","@id":"https:\/\/lospoliticosveracruz.com\/#organization","name":"Los pol\u00edticos Veracruz","url":"https:\/\/lospoliticosveracruz.com\/","logo":{"@type":"ImageObject","inLanguage":"es","@id":"https:\/\/lospoliticosveracruz.com\/#\/schema\/logo\/image\/","url":"https:\/\/lospoliticosveracruz.com\/wp-content\/uploads\/2025\/12\/Logo-Nuevo-LOS-POLITICOS-1.jpg","contentUrl":"https:\/\/lospoliticosveracruz.com\/wp-content\/uploads\/2025\/12\/Logo-Nuevo-LOS-POLITICOS-1.jpg","width":260,"height":70,"caption":"Los pol\u00edticos Veracruz"},"image":{"@id":"https:\/\/lospoliticosveracruz.com\/#\/schema\/logo\/image\/"},"sameAs":["https:\/\/www.facebook.com\/people\/Notimemes-de-los-Polticos\/61565672886568\/","https:\/\/x.com\/LosPoliticosVer"]},{"@type":"Person","@id":"https:\/\/lospoliticosveracruz.com\/#\/schema\/person\/b8702bb0e538456e6efd07080bf2a4a2","name":"Lo viste en Los Pol\u00edticos","image":{"@type":"ImageObject","inLanguage":"es","@id":"https:\/\/secure.gravatar.com\/avatar\/3a8de04a2656d44082be478bd6c086daa447c4651605818287b9532d3d0bd435?s=96&d=mm&r=g","url":"https:\/\/secure.gravatar.com\/avatar\/3a8de04a2656d44082be478bd6c086daa447c4651605818287b9532d3d0bd435?s=96&d=mm&r=g","contentUrl":"https:\/\/secure.gravatar.com\/avatar\/3a8de04a2656d44082be478bd6c086daa447c4651605818287b9532d3d0bd435?s=96&d=mm&r=g","caption":"Lo viste en Los Pol\u00edticos"},"url":"https:\/\/lospoliticosveracruz.com\/?author=2"}]}},"_links":{"self":[{"href":"https:\/\/lospoliticosveracruz.com\/index.php?rest_route=\/wp\/v2\/posts\/20809","targetHints":{"allow":["GET"]}}],"collection":[{"href":"https:\/\/lospoliticosveracruz.com\/index.php?rest_route=\/wp\/v2\/posts"}],"about":[{"href":"https:\/\/lospoliticosveracruz.com\/index.php?rest_route=\/wp\/v2\/types\/post"}],"author":[{"embeddable":true,"href":"https:\/\/lospoliticosveracruz.com\/index.php?rest_route=\/wp\/v2\/users\/2"}],"replies":[{"embeddable":true,"href":"https:\/\/lospoliticosveracruz.com\/index.php?rest_route=%2Fwp%2Fv2%2Fcomments&post=20809"}],"version-history":[{"count":1,"href":"https:\/\/lospoliticosveracruz.com\/index.php?rest_route=\/wp\/v2\/posts\/20809\/revisions"}],"predecessor-version":[{"id":20812,"href":"https:\/\/lospoliticosveracruz.com\/index.php?rest_route=\/wp\/v2\/posts\/20809\/revisions\/20812"}],"wp:attachment":[{"href":"https:\/\/lospoliticosveracruz.com\/index.php?rest_route=%2Fwp%2Fv2%2Fmedia&parent=20809"}],"wp:term":[{"taxonomy":"category","embeddable":true,"href":"https:\/\/lospoliticosveracruz.com\/index.php?rest_route=%2Fwp%2Fv2%2Fcategories&post=20809"},{"taxonomy":"post_tag","embeddable":true,"href":"https:\/\/lospoliticosveracruz.com\/index.php?rest_route=%2Fwp%2Fv2%2Ftags&post=20809"}],"curies":[{"name":"wp","href":"https:\/\/api.w.org\/{rel}","templated":true}]}}