{"id":20825,"date":"2016-02-03T09:05:12","date_gmt":"2016-02-03T15:05:12","guid":{"rendered":"http:\/\/www.lospoliticosveracruz.com.mx\/?p=20825"},"modified":"2016-02-03T09:05:12","modified_gmt":"2016-02-03T15:05:12","slug":"serralde-el-otro-aspirante-panista","status":"publish","type":"post","link":"https:\/\/lospoliticosveracruz.com\/?p=20825","title":{"rendered":"Serralde, el otro aspirante panista"},"content":{"rendered":"<p><a href=\"http:\/\/www.lospoliticosveracruz.com.mx\/wp-content\/uploads\/2015\/04\/V\u00edctor-Serralde.jpg\"><img loading=\"lazy\" decoding=\"async\" class=\"alignnone size-medium wp-image-15700\" src=\"http:\/\/www.lospoliticosveracruz.com.mx\/wp-content\/uploads\/2015\/04\/V\u00edctor-Serralde-300x232.jpg\" alt=\"V\u00edctor Serralde\" width=\"300\" height=\"232\" \/><\/a><br \/>\n<strong>Luis Alberto Romero<\/strong><\/p>\n<p><em>Hora Cero<\/em><\/p>\n<p>Como balde de agua fr\u00eda debi\u00f3 caer a Miguel \u00c1ngel Yunes Linares el hecho de que su ex amigo, V\u00edctor Serralde Mart\u00ednez, intente ahora registrarse tambi\u00e9n como precandidato a gobernador de Veracruz por el Partido Acci\u00f3n Nacional y, por consiguiente, por la alianza PAN-PRD.<br \/>\nA diferencia de Juan Bueno Torio, que no contaba con una estructura real y propia, Serralde Mart\u00ednez, ex diputado federal por Huatusco, tiene posiciones en el consejo estatal de Acci\u00f3n Nacional, as\u00ed como presencia en m\u00e1s de la mitad de los comit\u00e9s municipales panistas.<br \/>\nEn los \u00faltimos a\u00f1os, V\u00edctor Serralde creci\u00f3 de manera importante al interior del albiazul; 40 de los 100 consejeros estatales de dicho partido le eran afines, por lo que ha disputado la supremac\u00eda con uno de los grupos de mayor peso, el de Enrique Cambranis Torres, ex dirigente estatal de Acci\u00f3n Nacional.<br \/>\nHoy, con el posible registro de la precandidatura del ex legislador por el distrito 13 parece que lejos quedaron esos d\u00edas en que ambos personajes, V\u00edctor Serralde y Miguel \u00c1ngel Yunes hac\u00edan mancuerna para lograr el control y la hegemon\u00eda del partido, y hasta presum\u00edan respaldarse uno a otro; nada tonto, el ex diputado federal por Huatusco teji\u00f3 su red pol\u00edtica muy aparte, por lo que podr\u00eda quitarle un considerable n\u00famero de votos albiazules a su hoy adversario interno.<br \/>\nSerralde, cuentan los propios panistas, se le meti\u00f3 como la humedad a Yunes Linares para estar muy cerca de \u00e9l, por lo que r\u00e1pido le aprendi\u00f3 los c\u00f3mos, los cu\u00e1ndos y los qui\u00e9nes; as\u00ed las cosas, de registrarse, no ser\u00eda un competidor menor, como si lo es Rafael Jes\u00fas Abreu Ponce, sino una roca en el zapato.<br \/>\nRecordemos que en las elecciones federales de 2012, el de Huatusco se convirti\u00f3 en el panista que logr\u00f3 la mayor cantidad de votos en el \u00e1mbito nacional, m\u00e1s de 90 sufragios en un proceso en el que acudi\u00f3 a las urnas m\u00e1s del 70 por ciento de los ciudadanos inscritos en el padr\u00f3n electoral. M\u00e1s de 29 mil votos le separaron del segundo lugar, Zaira Ochoa Valdivia, del Partido Revolucionario Institucional.<br \/>\nCon su inscripci\u00f3n como precandidato se desmiente eso de que entre gitanas no se leen la mano; y, de paso, queda claro que la unidad interna en la alianza PAN-PRD es tan fr\u00e1gil como un pedazo de papel.<\/p>\n<p>Poza Rica, el miedo a la delincuencia<br \/>\nLos robos a plena luz del d\u00eda en c\u00e9ntricos negocios, los asaltos a los autobuses y los secuestros se han incrementado en la zona norte de Veracruz y particularmente en la regi\u00f3n de Poza Rica, donde el comercio organizado se queja por el ambiente que prevalece y que est\u00e1 lejos de la seguridad y de la tranquilidad.<br \/>\nLo peor es que en ese punto de la geograf\u00eda veracruzana se habla ya de la indiferencia de la Fuerza Civil, que ahora solo se concentra a vigilar las instalaciones de los peri\u00f3dicos.<br \/>\nComo ejemplo del nivel de inseguridad que se registra en Poza Rica se tiene el reciente atraco al restaurante La Casa del Bocol, donde cerca de las tres de la tarde, un grupo de delincuentes despoj\u00f3 a los comensales de todas sus pertenencias.<br \/>\nEntre las v\u00edctimas del asalto se encontraba la ex directora de educaci\u00f3n en el ayuntamiento local, Marlizeth Hern\u00e1ndez R\u00edos, hija del ex l\u00edder magisterial y ex diputado federal Gaudencio Hern\u00e1ndez Burgos.<br \/>\nPor si lo anterior fuera poco, dos ni\u00f1as de 6 y 7 a\u00f1os fueron secuestradas cuando su padre, un conocido comerciante de Poza Rica, las dejaba en el Colegio Milenio; esos hechos se registraron a la hora de entrada a clases en la sede de dicha instituci\u00f3n educativa, en la colonia Las Granjas.<br \/>\nEl secuestro a plena luz del d\u00eda en una de las arterias m\u00e1s transitadas de la ciudad y en una de las escuelas m\u00e1s conocidas, fue para utilizar a las menores como medida de presi\u00f3n y exigir una muy fuerte suma de dinero a su familia.<br \/>\nEn esa zona conurbada, que adem\u00e1s de Poza Rica incluye a Coatzintla y Tihuatl\u00e1n, piden a gritos una mayor presencia policiaca, porque, evidentemente, los elementos de la Fuerza Civil asignados al lugar resultan insuficientes para cubrir las necesidades de seguridad y vigilancia de una poblaci\u00f3n que supera los 350 mil habitantes.<\/p>\n<p>Xalapa, hermanamiento con Managua<br \/>\nEl alcalde Am\u00e9rico Z\u00fa\u00f1iga Mart\u00ednez trajo buen saldo de su visita de trabajo a Nicaragua, logrando que Xalapa sea la pr\u00f3xima sede de la Serie Latinoamericana de Beisbol, lo que implicar\u00e1 que el Parque Deportivo Col\u00f3n se aliste a la altura de los mejores del pa\u00eds.<br \/>\nAdem\u00e1s, del pa\u00eds centroamericano produjo el hermanamiento con su capital, Managua, cuya alcaldesa, Daysi Torres, qued\u00f3 sorprendida del trabajo y vocaci\u00f3n de servicio de su hom\u00f3logo xalape\u00f1o.<br \/>\nPor cierto, nos dicen que el embajador de M\u00e9xico en ese pa\u00eds, Miguel D\u00edaz Reynoso, le brind\u00f3 un trato generoso a quien tambi\u00e9n es presidente de la Federaci\u00f3n Nacional de Municipios de M\u00e9xico. Trabajo de altos vuelos y beneficios concretos es el que realiza Z\u00fa\u00f1iga Mart\u00ednez m\u00e1s all\u00e1 de las fronteras nacionales.<br \/>\nContando a Managua, Xalapa tendr\u00e1 hermanamiento con 22 ciudades, 12 de nuestro pa\u00eds, 5 de Estados Unidos, 1 de Guatemala, e igual n\u00famero de Argentina, Ecuador y Espa\u00f1a. @luisromero85<\/p>\n","protected":false},"excerpt":{"rendered":"<p>Luis Alberto Romero Hora Cero Como balde de agua fr\u00eda debi\u00f3 caer a Miguel \u00c1ngel Yunes Linares el hecho de que su ex amigo, V\u00edctor Serralde Mart\u00ednez, intente ahora registrarse tambi\u00e9n como precandidato a gobernador de Veracruz por el Partido Acci\u00f3n Nacional y, por consiguiente, por la alianza PAN-PRD. A diferencia de Juan Bueno Torio, [&hellip;]<\/p>\n","protected":false},"author":2,"featured_media":0,"comment_status":"open","ping_status":"open","sticky":false,"template":"","format":"standard","meta":{"tdm_status":"","tdm_grid_status":"","footnotes":""},"categories":[70],"tags":[428,266],"class_list":{"0":"post-20825","1":"post","2":"type-post","3":"status-publish","4":"format-standard","6":"category-de-opinion","7":"tag-miguel-angel-yunes-linares","8":"tag-pan"},"yoast_head":"<!-- This site is optimized with the Yoast SEO plugin v27.4 - https:\/\/yoast.com\/product\/yoast-seo-wordpress\/ -->\n<title>Serralde, el otro aspirante panista - Los pol\u00edticos Veracruz<\/title>\n<meta name=\"robots\" content=\"index, follow, max-snippet:-1, max-image-preview:large, max-video-preview:-1\" \/>\n<link rel=\"canonical\" href=\"https:\/\/lospoliticosveracruz.com\/?p=20825\" \/>\n<meta property=\"og:locale\" content=\"es_ES\" \/>\n<meta property=\"og:type\" content=\"article\" \/>\n<meta property=\"og:title\" content=\"Serralde, el otro aspirante panista - Los pol\u00edticos Veracruz\" \/>\n<meta property=\"og:description\" content=\"Luis Alberto Romero Hora Cero Como balde de agua fr\u00eda debi\u00f3 caer a Miguel \u00c1ngel Yunes Linares el hecho de que su ex amigo, V\u00edctor Serralde Mart\u00ednez, intente ahora registrarse tambi\u00e9n como precandidato a gobernador de Veracruz por el Partido Acci\u00f3n Nacional y, por consiguiente, por la alianza PAN-PRD. A diferencia de Juan Bueno Torio, [&hellip;]\" \/>\n<meta property=\"og:url\" content=\"https:\/\/lospoliticosveracruz.com\/?p=20825\" \/>\n<meta property=\"og:site_name\" content=\"Los pol\u00edticos Veracruz\" \/>\n<meta property=\"article:publisher\" content=\"https:\/\/www.facebook.com\/people\/Notimemes-de-los-Polticos\/61565672886568\/\" \/>\n<meta property=\"article:published_time\" content=\"2016-02-03T15:05:12+00:00\" \/>\n<meta property=\"og:image\" content=\"https:\/\/lospoliticosveracruz.com\/wp-content\/uploads\/2016\/07\/Logo-Dor.jpg\" \/>\n\t<meta property=\"og:image:width\" content=\"200\" \/>\n\t<meta property=\"og:image:height\" content=\"200\" \/>\n\t<meta property=\"og:image:type\" content=\"image\/jpeg\" \/>\n<meta name=\"author\" content=\"Lo viste en Los Pol\u00edticos\" \/>\n<meta name=\"twitter:card\" content=\"summary_large_image\" \/>\n<meta name=\"twitter:creator\" content=\"@LosPoliticosVer\" \/>\n<meta name=\"twitter:site\" content=\"@LosPoliticosVer\" \/>\n<meta name=\"twitter:label1\" content=\"Escrito por\" \/>\n\t<meta name=\"twitter:data1\" content=\"Lo viste en Los Pol\u00edticos\" \/>\n\t<meta name=\"twitter:label2\" content=\"Tiempo de lectura\" \/>\n\t<meta name=\"twitter:data2\" content=\"5 minutos\" \/>\n<script type=\"application\/ld+json\" class=\"yoast-schema-graph\">{\"@context\":\"https:\\\/\\\/schema.org\",\"@graph\":[{\"@type\":\"Article\",\"@id\":\"https:\\\/\\\/lospoliticosveracruz.com\\\/?p=20825#article\",\"isPartOf\":{\"@id\":\"https:\\\/\\\/lospoliticosveracruz.com\\\/?p=20825\"},\"author\":{\"name\":\"Lo viste en Los Pol\u00edticos\",\"@id\":\"https:\\\/\\\/lospoliticosveracruz.com\\\/#\\\/schema\\\/person\\\/b8702bb0e538456e6efd07080bf2a4a2\"},\"headline\":\"Serralde, el otro aspirante panista\",\"datePublished\":\"2016-02-03T15:05:12+00:00\",\"mainEntityOfPage\":{\"@id\":\"https:\\\/\\\/lospoliticosveracruz.com\\\/?p=20825\"},\"wordCount\":937,\"commentCount\":0,\"publisher\":{\"@id\":\"https:\\\/\\\/lospoliticosveracruz.com\\\/#organization\"},\"keywords\":[\"Miguel Angel Yunes Linares\",\"PAN\"],\"articleSection\":[\"De Opini\u00f3n\"],\"inLanguage\":\"es\",\"potentialAction\":[{\"@type\":\"CommentAction\",\"name\":\"Comment\",\"target\":[\"https:\\\/\\\/lospoliticosveracruz.com\\\/?p=20825#respond\"]}]},{\"@type\":\"WebPage\",\"@id\":\"https:\\\/\\\/lospoliticosveracruz.com\\\/?p=20825\",\"url\":\"https:\\\/\\\/lospoliticosveracruz.com\\\/?p=20825\",\"name\":\"Serralde, el otro aspirante panista - Los pol\u00edticos Veracruz\",\"isPartOf\":{\"@id\":\"https:\\\/\\\/lospoliticosveracruz.com\\\/#website\"},\"datePublished\":\"2016-02-03T15:05:12+00:00\",\"breadcrumb\":{\"@id\":\"https:\\\/\\\/lospoliticosveracruz.com\\\/?p=20825#breadcrumb\"},\"inLanguage\":\"es\",\"potentialAction\":[{\"@type\":\"ReadAction\",\"target\":[\"https:\\\/\\\/lospoliticosveracruz.com\\\/?p=20825\"]}]},{\"@type\":\"BreadcrumbList\",\"@id\":\"https:\\\/\\\/lospoliticosveracruz.com\\\/?p=20825#breadcrumb\",\"itemListElement\":[{\"@type\":\"ListItem\",\"position\":1,\"name\":\"Portada\",\"item\":\"https:\\\/\\\/lospoliticosveracruz.com\\\/\"},{\"@type\":\"ListItem\",\"position\":2,\"name\":\"Serralde, el otro aspirante panista\"}]},{\"@type\":\"WebSite\",\"@id\":\"https:\\\/\\\/lospoliticosveracruz.com\\\/#website\",\"url\":\"https:\\\/\\\/lospoliticosveracruz.com\\\/\",\"name\":\"Los pol\u00edticos Veracruz\",\"description\":\"\",\"publisher\":{\"@id\":\"https:\\\/\\\/lospoliticosveracruz.com\\\/#organization\"},\"potentialAction\":[{\"@type\":\"SearchAction\",\"target\":{\"@type\":\"EntryPoint\",\"urlTemplate\":\"https:\\\/\\\/lospoliticosveracruz.com\\\/?s={search_term_string}\"},\"query-input\":{\"@type\":\"PropertyValueSpecification\",\"valueRequired\":true,\"valueName\":\"search_term_string\"}}],\"inLanguage\":\"es\"},{\"@type\":\"Organization\",\"@id\":\"https:\\\/\\\/lospoliticosveracruz.com\\\/#organization\",\"name\":\"Los pol\u00edticos Veracruz\",\"url\":\"https:\\\/\\\/lospoliticosveracruz.com\\\/\",\"logo\":{\"@type\":\"ImageObject\",\"inLanguage\":\"es\",\"@id\":\"https:\\\/\\\/lospoliticosveracruz.com\\\/#\\\/schema\\\/logo\\\/image\\\/\",\"url\":\"https:\\\/\\\/lospoliticosveracruz.com\\\/wp-content\\\/uploads\\\/2025\\\/12\\\/Logo-Nuevo-LOS-POLITICOS-1.jpg\",\"contentUrl\":\"https:\\\/\\\/lospoliticosveracruz.com\\\/wp-content\\\/uploads\\\/2025\\\/12\\\/Logo-Nuevo-LOS-POLITICOS-1.jpg\",\"width\":260,\"height\":70,\"caption\":\"Los pol\u00edticos Veracruz\"},\"image\":{\"@id\":\"https:\\\/\\\/lospoliticosveracruz.com\\\/#\\\/schema\\\/logo\\\/image\\\/\"},\"sameAs\":[\"https:\\\/\\\/www.facebook.com\\\/people\\\/Notimemes-de-los-Polticos\\\/61565672886568\\\/\",\"https:\\\/\\\/x.com\\\/LosPoliticosVer\"]},{\"@type\":\"Person\",\"@id\":\"https:\\\/\\\/lospoliticosveracruz.com\\\/#\\\/schema\\\/person\\\/b8702bb0e538456e6efd07080bf2a4a2\",\"name\":\"Lo viste en Los Pol\u00edticos\",\"image\":{\"@type\":\"ImageObject\",\"inLanguage\":\"es\",\"@id\":\"https:\\\/\\\/secure.gravatar.com\\\/avatar\\\/3a8de04a2656d44082be478bd6c086daa447c4651605818287b9532d3d0bd435?s=96&d=mm&r=g\",\"url\":\"https:\\\/\\\/secure.gravatar.com\\\/avatar\\\/3a8de04a2656d44082be478bd6c086daa447c4651605818287b9532d3d0bd435?s=96&d=mm&r=g\",\"contentUrl\":\"https:\\\/\\\/secure.gravatar.com\\\/avatar\\\/3a8de04a2656d44082be478bd6c086daa447c4651605818287b9532d3d0bd435?s=96&d=mm&r=g\",\"caption\":\"Lo viste en Los Pol\u00edticos\"},\"url\":\"https:\\\/\\\/lospoliticosveracruz.com\\\/?author=2\"}]}<\/script>\n<!-- \/ Yoast SEO plugin. -->","yoast_head_json":{"title":"Serralde, el otro aspirante panista - Los pol\u00edticos Veracruz","robots":{"index":"index","follow":"follow","max-snippet":"max-snippet:-1","max-image-preview":"max-image-preview:large","max-video-preview":"max-video-preview:-1"},"canonical":"https:\/\/lospoliticosveracruz.com\/?p=20825","og_locale":"es_ES","og_type":"article","og_title":"Serralde, el otro aspirante panista - Los pol\u00edticos Veracruz","og_description":"Luis Alberto Romero Hora Cero Como balde de agua fr\u00eda debi\u00f3 caer a Miguel \u00c1ngel Yunes Linares el hecho de que su ex amigo, V\u00edctor Serralde Mart\u00ednez, intente ahora registrarse tambi\u00e9n como precandidato a gobernador de Veracruz por el Partido Acci\u00f3n Nacional y, por consiguiente, por la alianza PAN-PRD. A diferencia de Juan Bueno Torio, [&hellip;]","og_url":"https:\/\/lospoliticosveracruz.com\/?p=20825","og_site_name":"Los pol\u00edticos Veracruz","article_publisher":"https:\/\/www.facebook.com\/people\/Notimemes-de-los-Polticos\/61565672886568\/","article_published_time":"2016-02-03T15:05:12+00:00","og_image":[{"width":200,"height":200,"url":"https:\/\/lospoliticosveracruz.com\/wp-content\/uploads\/2016\/07\/Logo-Dor.jpg","type":"image\/jpeg"}],"author":"Lo viste en Los Pol\u00edticos","twitter_card":"summary_large_image","twitter_creator":"@LosPoliticosVer","twitter_site":"@LosPoliticosVer","twitter_misc":{"Escrito por":"Lo viste en Los Pol\u00edticos","Tiempo de lectura":"5 minutos"},"schema":{"@context":"https:\/\/schema.org","@graph":[{"@type":"Article","@id":"https:\/\/lospoliticosveracruz.com\/?p=20825#article","isPartOf":{"@id":"https:\/\/lospoliticosveracruz.com\/?p=20825"},"author":{"name":"Lo viste en Los Pol\u00edticos","@id":"https:\/\/lospoliticosveracruz.com\/#\/schema\/person\/b8702bb0e538456e6efd07080bf2a4a2"},"headline":"Serralde, el otro aspirante panista","datePublished":"2016-02-03T15:05:12+00:00","mainEntityOfPage":{"@id":"https:\/\/lospoliticosveracruz.com\/?p=20825"},"wordCount":937,"commentCount":0,"publisher":{"@id":"https:\/\/lospoliticosveracruz.com\/#organization"},"keywords":["Miguel Angel Yunes Linares","PAN"],"articleSection":["De Opini\u00f3n"],"inLanguage":"es","potentialAction":[{"@type":"CommentAction","name":"Comment","target":["https:\/\/lospoliticosveracruz.com\/?p=20825#respond"]}]},{"@type":"WebPage","@id":"https:\/\/lospoliticosveracruz.com\/?p=20825","url":"https:\/\/lospoliticosveracruz.com\/?p=20825","name":"Serralde, el otro aspirante panista - Los pol\u00edticos Veracruz","isPartOf":{"@id":"https:\/\/lospoliticosveracruz.com\/#website"},"datePublished":"2016-02-03T15:05:12+00:00","breadcrumb":{"@id":"https:\/\/lospoliticosveracruz.com\/?p=20825#breadcrumb"},"inLanguage":"es","potentialAction":[{"@type":"ReadAction","target":["https:\/\/lospoliticosveracruz.com\/?p=20825"]}]},{"@type":"BreadcrumbList","@id":"https:\/\/lospoliticosveracruz.com\/?p=20825#breadcrumb","itemListElement":[{"@type":"ListItem","position":1,"name":"Portada","item":"https:\/\/lospoliticosveracruz.com\/"},{"@type":"ListItem","position":2,"name":"Serralde, el otro aspirante panista"}]},{"@type":"WebSite","@id":"https:\/\/lospoliticosveracruz.com\/#website","url":"https:\/\/lospoliticosveracruz.com\/","name":"Los pol\u00edticos Veracruz","description":"","publisher":{"@id":"https:\/\/lospoliticosveracruz.com\/#organization"},"potentialAction":[{"@type":"SearchAction","target":{"@type":"EntryPoint","urlTemplate":"https:\/\/lospoliticosveracruz.com\/?s={search_term_string}"},"query-input":{"@type":"PropertyValueSpecification","valueRequired":true,"valueName":"search_term_string"}}],"inLanguage":"es"},{"@type":"Organization","@id":"https:\/\/lospoliticosveracruz.com\/#organization","name":"Los pol\u00edticos Veracruz","url":"https:\/\/lospoliticosveracruz.com\/","logo":{"@type":"ImageObject","inLanguage":"es","@id":"https:\/\/lospoliticosveracruz.com\/#\/schema\/logo\/image\/","url":"https:\/\/lospoliticosveracruz.com\/wp-content\/uploads\/2025\/12\/Logo-Nuevo-LOS-POLITICOS-1.jpg","contentUrl":"https:\/\/lospoliticosveracruz.com\/wp-content\/uploads\/2025\/12\/Logo-Nuevo-LOS-POLITICOS-1.jpg","width":260,"height":70,"caption":"Los pol\u00edticos Veracruz"},"image":{"@id":"https:\/\/lospoliticosveracruz.com\/#\/schema\/logo\/image\/"},"sameAs":["https:\/\/www.facebook.com\/people\/Notimemes-de-los-Polticos\/61565672886568\/","https:\/\/x.com\/LosPoliticosVer"]},{"@type":"Person","@id":"https:\/\/lospoliticosveracruz.com\/#\/schema\/person\/b8702bb0e538456e6efd07080bf2a4a2","name":"Lo viste en Los Pol\u00edticos","image":{"@type":"ImageObject","inLanguage":"es","@id":"https:\/\/secure.gravatar.com\/avatar\/3a8de04a2656d44082be478bd6c086daa447c4651605818287b9532d3d0bd435?s=96&d=mm&r=g","url":"https:\/\/secure.gravatar.com\/avatar\/3a8de04a2656d44082be478bd6c086daa447c4651605818287b9532d3d0bd435?s=96&d=mm&r=g","contentUrl":"https:\/\/secure.gravatar.com\/avatar\/3a8de04a2656d44082be478bd6c086daa447c4651605818287b9532d3d0bd435?s=96&d=mm&r=g","caption":"Lo viste en Los Pol\u00edticos"},"url":"https:\/\/lospoliticosveracruz.com\/?author=2"}]}},"_links":{"self":[{"href":"https:\/\/lospoliticosveracruz.com\/index.php?rest_route=\/wp\/v2\/posts\/20825","targetHints":{"allow":["GET"]}}],"collection":[{"href":"https:\/\/lospoliticosveracruz.com\/index.php?rest_route=\/wp\/v2\/posts"}],"about":[{"href":"https:\/\/lospoliticosveracruz.com\/index.php?rest_route=\/wp\/v2\/types\/post"}],"author":[{"embeddable":true,"href":"https:\/\/lospoliticosveracruz.com\/index.php?rest_route=\/wp\/v2\/users\/2"}],"replies":[{"embeddable":true,"href":"https:\/\/lospoliticosveracruz.com\/index.php?rest_route=%2Fwp%2Fv2%2Fcomments&post=20825"}],"version-history":[{"count":1,"href":"https:\/\/lospoliticosveracruz.com\/index.php?rest_route=\/wp\/v2\/posts\/20825\/revisions"}],"predecessor-version":[{"id":20828,"href":"https:\/\/lospoliticosveracruz.com\/index.php?rest_route=\/wp\/v2\/posts\/20825\/revisions\/20828"}],"wp:attachment":[{"href":"https:\/\/lospoliticosveracruz.com\/index.php?rest_route=%2Fwp%2Fv2%2Fmedia&parent=20825"}],"wp:term":[{"taxonomy":"category","embeddable":true,"href":"https:\/\/lospoliticosveracruz.com\/index.php?rest_route=%2Fwp%2Fv2%2Fcategories&post=20825"},{"taxonomy":"post_tag","embeddable":true,"href":"https:\/\/lospoliticosveracruz.com\/index.php?rest_route=%2Fwp%2Fv2%2Ftags&post=20825"}],"curies":[{"name":"wp","href":"https:\/\/api.w.org\/{rel}","templated":true}]}}