{"id":20865,"date":"2016-02-04T10:15:56","date_gmt":"2016-02-04T16:15:56","guid":{"rendered":"http:\/\/www.lospoliticosveracruz.com.mx\/?p=20865"},"modified":"2016-02-04T10:15:56","modified_gmt":"2016-02-04T16:15:56","slug":"la-disputa-por-las-diputaciones","status":"publish","type":"post","link":"https:\/\/lospoliticosveracruz.com\/?p=20865","title":{"rendered":"La disputa por las diputaciones"},"content":{"rendered":"<p><a href=\"http:\/\/www.lospoliticosveracruz.com.mx\/wp-content\/uploads\/2014\/10\/Curules.jpg\"><img loading=\"lazy\" decoding=\"async\" class=\"alignnone size-full wp-image-12727\" src=\"http:\/\/www.lospoliticosveracruz.com.mx\/wp-content\/uploads\/2014\/10\/Curules.jpg\" alt=\"Curules\" width=\"275\" height=\"266\" \/><\/a><br \/>\n<strong>Luis Alberto Romero<\/strong><\/p>\n<p><em>Hora Cero<\/em><\/p>\n<p>Una vez definidas las candidaturas de los diferentes partidos pol\u00edticos y de los aspirantes independientes al gobierno de Veracruz, comenzar\u00e1n los procesos internos para la selecci\u00f3n de los abanderados a las diputaciones locales.<br \/>\nEn el Partido Revolucionario Institucional, as\u00ed como en Xalapa se menciona a Renato Alarc\u00f3n Guevara, delegado del Issste; Michelle Serv\u00edn Gonz\u00e1lez; s\u00edndica \u00fanica del ayuntamiento local; a Corintia Cruz Oreg\u00f3n, ex secretaria general del Comit\u00e9 Estatal del tricolor; y a Rodrigo Montoya Rivera, secretario privado del alcalde Am\u00e9rico Z\u00fa\u00f1iga, en pr\u00e1cticamente todos los distritos comienzan a intensificar su activismo los aspirantes a una curul.<br \/>\nEn el distrito de Perote, por ejemplo, el alcalde de Altotonga, Carlos Antonio Morales Guevara, ha mantenido un constante trabajo pol\u00edtico y, sobre todo, su cercan\u00eda con el senador Jos\u00e9 Francisco Yunes Zorrilla, jefe pol\u00edtico de dicha regi\u00f3n, lo convierte en fuerte prospecto para participar como candidato a diputado.<br \/>\nPor su parte, el presidente municipal de la cabecera, Paul Mart\u00ednez Mari\u00e9, a pesar de su muy cuestionado trabajo, ha expresado a sus amigos y cercanos que la idea de postularse no le resulta desagradable; incluso, hay comentarios en el sentido de que el alcalde perote\u00f1o, nacido en San Rafael, a m\u00e1s de 100 kil\u00f3metros del lugar que gobierna, ha intentado un acercamiento con partidos pol\u00edticos diferentes al PRI y coqueteado con la idea de lanzarse por una v\u00eda diferente al tricolor.<br \/>\nMart\u00ednez Mari\u00e9 parece olvidar que si gan\u00f3 la presidencia municipal de Perote fue gracias al impulso de su antecesor en el cargo, el hoy diputado Juan Manuel Vel\u00e1zquez Yunes, sin cuyo apoyo nunca hubiera sido ni siquiera secretario del ayuntamiento.<br \/>\nEn Perote, los principales protagonistas de este proceso interno se muestran nerviosos porque la decisi\u00f3n parece lejos de estar tomada y es evidente que \u00e9sta no pasar\u00e1 por Palacio de Gobierno.<br \/>\nEn ese distrito, un factor determinante ser\u00e1, sin duda, el senador Yunes Zorrilla, con quien el alcalde de la cabecera no tiene una buena relaci\u00f3n.<\/p>\n<p><strong>El cachorro de Alianza Generacional<\/strong><br \/>\nPor otro lado, en el distrito de Mart\u00ednez de la Torre, el llamado \u201ccachorro de Alianza Generacional\u201d, Omar G\u00f3mez L\u00f3pez, usa todos los recursos a su alcance para promoverse.<br \/>\nNos cuentan que con frecuencia realiza reuniones con los representantes de los grupos del partido y de las fuerzas pol\u00edticas aliadas del PRI.<br \/>\nYa ocup\u00f3 un espacio edilicio en la cabecera distrital; fue regidor durante la administraci\u00f3n de Hilario Ruiz Zurita, cargo en la que pas\u00f3 sin pena ni gloria.<br \/>\nCon Omar G\u00f3mez \u2013hijo, por cierto, de la ex alcaldesa de Alto Lucero, Trinidad L\u00f3pez Herrera\u2013, ocurre lo que con muchos otros pol\u00edticos m\u00e1s o menos cercanos al candidato a gobernador; tienen la idea de que esa relaci\u00f3n es suficiente para ser abanderados a la diputaci\u00f3n local y, casi por default, ganar la elecci\u00f3n constitucional.<br \/>\nEn ese como en otros distritos electorales, la selecci\u00f3n del candidato priista a la diputaci\u00f3n local pasar\u00e1 antes por la definici\u00f3n con relaci\u00f3n al tema de la equidad de g\u00e9nero; el PRI debe postular mujeres en 15 de los 30 distritos electorales y ese es un factor que podr\u00eda convertirse en un obst\u00e1culo para G\u00f3mez L\u00f3pez.<br \/>\nPor otro lado, cada vez con mayor insistencia se menciona, para la candidatura del tricolor a la diputaci\u00f3n local por el S\u00e9ptimo Distrito, el nombre del alcalde de la cabecera, Rolando Olivares Ahumada, quien cuenta, por obvias razones, con la estructura y los recursos suficientes para contender con altas probabilidades de \u00e9xito.<br \/>\nIncluso, hay quien ha filtrado el nombre de la hermana del actual edil, Martha Olivares Ahumada, ex regidora del ayuntamiento martinense, como una posibilidad, en el caso de que el partido determine que debe ir una mujer a dicha posici\u00f3n.<\/p>\n<p><strong>En Tuxpan, Gustin va por su segunda oportunidad<\/strong><br \/>\nM\u00e1s al norte, en el distrito de Tuxpan, son tres los nombres que m\u00e1s se mencionan: el regidor primero, Alfonso S\u00e1nchez Hern\u00e1ndez, por a\u00f1os vinculado a la Secci\u00f3n 32 del Sindicato Nacional de Trabajadores de la Educaci\u00f3n, SNTE, y ex delegado de Pol\u00edtica Regional en la zona; as\u00ed como Michelle Gustin C\u00e1rdenas, ex presidenta del DIF en Tihuatl\u00e1n, quien ocupara la Direcci\u00f3n de Infraestructura Social B\u00e1sica de la Secretar\u00eda de Desarrollo Social en la entidad.<br \/>\nDe lograr la candidatura, Michelle Gustin, hija del prominente empresario tuxpe\u00f1o Everardo Gustin S\u00e1nchez, estar\u00eda ante su segunda oportunidad para llegar a la Legislatura del Estado. En 2013 fue abanderada de la coalici\u00f3n \u201cVeracruz para Adelante\u201d (PRI-Verde-Panal) por el distrito de \u00c1lamo Temapache pero perdi\u00f3 la contienda contra el panista Jorge Vera Hern\u00e1ndez, ex alcalde de esa cabecera. En esa ocasi\u00f3n, los 32 mil votos obtenidos por Gustin C\u00e1rdenas no fueron suficientes y el de \u00c1lamo se impuso con poco m\u00e1s de 39 mil sufragios. @luisromero85<\/p>\n","protected":false},"excerpt":{"rendered":"<p>Luis Alberto Romero Hora Cero Una vez definidas las candidaturas de los diferentes partidos pol\u00edticos y de los aspirantes independientes al gobierno de Veracruz, comenzar\u00e1n los procesos internos para la selecci\u00f3n de los abanderados a las diputaciones locales. En el Partido Revolucionario Institucional, as\u00ed como en Xalapa se menciona a Renato Alarc\u00f3n Guevara, delegado del [&hellip;]<\/p>\n","protected":false},"author":2,"featured_media":0,"comment_status":"open","ping_status":"open","sticky":false,"template":"","format":"standard","meta":{"tdm_status":"","tdm_grid_status":"","footnotes":""},"categories":[70],"tags":[4552,582,4705,4706,4148,1128,2738],"class_list":{"0":"post-20865","1":"post","2":"type-post","3":"status-publish","4":"format-standard","6":"category-de-opinion","7":"tag-carlos-antonio-morales-guevara","8":"tag-corintia-cruz-oregon","9":"tag-michelle-servin-gonzalez","10":"tag-omar-gomez-lopez","11":"tag-paul-martinez-marie","12":"tag-renato-alarcon-guevara","13":"tag-rodrigo-montoya-rivera"},"yoast_head":"<!-- This site is optimized with the Yoast SEO plugin v27.4 - https:\/\/yoast.com\/product\/yoast-seo-wordpress\/ -->\n<title>La disputa por las diputaciones - Los pol\u00edticos Veracruz<\/title>\n<meta name=\"robots\" content=\"index, follow, max-snippet:-1, max-image-preview:large, max-video-preview:-1\" \/>\n<link rel=\"canonical\" href=\"https:\/\/lospoliticosveracruz.com\/?p=20865\" \/>\n<meta property=\"og:locale\" content=\"es_ES\" \/>\n<meta property=\"og:type\" content=\"article\" \/>\n<meta property=\"og:title\" content=\"La disputa por las diputaciones - Los pol\u00edticos Veracruz\" \/>\n<meta property=\"og:description\" content=\"Luis Alberto Romero Hora Cero Una vez definidas las candidaturas de los diferentes partidos pol\u00edticos y de los aspirantes independientes al gobierno de Veracruz, comenzar\u00e1n los procesos internos para la selecci\u00f3n de los abanderados a las diputaciones locales. En el Partido Revolucionario Institucional, as\u00ed como en Xalapa se menciona a Renato Alarc\u00f3n Guevara, delegado del [&hellip;]\" \/>\n<meta property=\"og:url\" content=\"https:\/\/lospoliticosveracruz.com\/?p=20865\" \/>\n<meta property=\"og:site_name\" content=\"Los pol\u00edticos Veracruz\" \/>\n<meta property=\"article:publisher\" content=\"https:\/\/www.facebook.com\/people\/Notimemes-de-los-Polticos\/61565672886568\/\" \/>\n<meta property=\"article:published_time\" content=\"2016-02-04T16:15:56+00:00\" \/>\n<meta property=\"og:image\" content=\"http:\/\/www.lospoliticosveracruz.com.mx\/wp-content\/uploads\/2014\/10\/Curules.jpg\" \/>\n<meta name=\"author\" content=\"Lo viste en Los Pol\u00edticos\" \/>\n<meta name=\"twitter:card\" content=\"summary_large_image\" \/>\n<meta name=\"twitter:creator\" content=\"@LosPoliticosVer\" \/>\n<meta name=\"twitter:site\" content=\"@LosPoliticosVer\" \/>\n<meta name=\"twitter:label1\" content=\"Escrito por\" \/>\n\t<meta name=\"twitter:data1\" content=\"Lo viste en Los Pol\u00edticos\" \/>\n\t<meta name=\"twitter:label2\" content=\"Tiempo de lectura\" \/>\n\t<meta name=\"twitter:data2\" content=\"4 minutos\" \/>\n<script type=\"application\/ld+json\" class=\"yoast-schema-graph\">{\"@context\":\"https:\\\/\\\/schema.org\",\"@graph\":[{\"@type\":\"Article\",\"@id\":\"https:\\\/\\\/lospoliticosveracruz.com\\\/?p=20865#article\",\"isPartOf\":{\"@id\":\"https:\\\/\\\/lospoliticosveracruz.com\\\/?p=20865\"},\"author\":{\"name\":\"Lo viste en Los Pol\u00edticos\",\"@id\":\"https:\\\/\\\/lospoliticosveracruz.com\\\/#\\\/schema\\\/person\\\/b8702bb0e538456e6efd07080bf2a4a2\"},\"headline\":\"La disputa por las diputaciones\",\"datePublished\":\"2016-02-04T16:15:56+00:00\",\"mainEntityOfPage\":{\"@id\":\"https:\\\/\\\/lospoliticosveracruz.com\\\/?p=20865\"},\"wordCount\":853,\"commentCount\":0,\"publisher\":{\"@id\":\"https:\\\/\\\/lospoliticosveracruz.com\\\/#organization\"},\"image\":{\"@id\":\"https:\\\/\\\/lospoliticosveracruz.com\\\/?p=20865#primaryimage\"},\"thumbnailUrl\":\"http:\\\/\\\/www.lospoliticosveracruz.com.mx\\\/wp-content\\\/uploads\\\/2014\\\/10\\\/Curules.jpg\",\"keywords\":[\"Carlos Antonio Morales Guevara\",\"Corintia Cruz Oreg\u00f3n\",\"Michelle Serv\u00edn Gonz\u00e1lez\",\"Omar G\u00f3mez L\u00f3pez\",\"Paul Mart\u00ednez Marie\",\"Renato Alarc\u00f3n Guevara\",\"Rodrigo Montoya Rivera\"],\"articleSection\":[\"De Opini\u00f3n\"],\"inLanguage\":\"es\",\"potentialAction\":[{\"@type\":\"CommentAction\",\"name\":\"Comment\",\"target\":[\"https:\\\/\\\/lospoliticosveracruz.com\\\/?p=20865#respond\"]}]},{\"@type\":\"WebPage\",\"@id\":\"https:\\\/\\\/lospoliticosveracruz.com\\\/?p=20865\",\"url\":\"https:\\\/\\\/lospoliticosveracruz.com\\\/?p=20865\",\"name\":\"La disputa por las diputaciones - Los pol\u00edticos Veracruz\",\"isPartOf\":{\"@id\":\"https:\\\/\\\/lospoliticosveracruz.com\\\/#website\"},\"primaryImageOfPage\":{\"@id\":\"https:\\\/\\\/lospoliticosveracruz.com\\\/?p=20865#primaryimage\"},\"image\":{\"@id\":\"https:\\\/\\\/lospoliticosveracruz.com\\\/?p=20865#primaryimage\"},\"thumbnailUrl\":\"http:\\\/\\\/www.lospoliticosveracruz.com.mx\\\/wp-content\\\/uploads\\\/2014\\\/10\\\/Curules.jpg\",\"datePublished\":\"2016-02-04T16:15:56+00:00\",\"breadcrumb\":{\"@id\":\"https:\\\/\\\/lospoliticosveracruz.com\\\/?p=20865#breadcrumb\"},\"inLanguage\":\"es\",\"potentialAction\":[{\"@type\":\"ReadAction\",\"target\":[\"https:\\\/\\\/lospoliticosveracruz.com\\\/?p=20865\"]}]},{\"@type\":\"ImageObject\",\"inLanguage\":\"es\",\"@id\":\"https:\\\/\\\/lospoliticosveracruz.com\\\/?p=20865#primaryimage\",\"url\":\"http:\\\/\\\/www.lospoliticosveracruz.com.mx\\\/wp-content\\\/uploads\\\/2014\\\/10\\\/Curules.jpg\",\"contentUrl\":\"http:\\\/\\\/www.lospoliticosveracruz.com.mx\\\/wp-content\\\/uploads\\\/2014\\\/10\\\/Curules.jpg\"},{\"@type\":\"BreadcrumbList\",\"@id\":\"https:\\\/\\\/lospoliticosveracruz.com\\\/?p=20865#breadcrumb\",\"itemListElement\":[{\"@type\":\"ListItem\",\"position\":1,\"name\":\"Portada\",\"item\":\"https:\\\/\\\/lospoliticosveracruz.com\\\/\"},{\"@type\":\"ListItem\",\"position\":2,\"name\":\"La disputa por las diputaciones\"}]},{\"@type\":\"WebSite\",\"@id\":\"https:\\\/\\\/lospoliticosveracruz.com\\\/#website\",\"url\":\"https:\\\/\\\/lospoliticosveracruz.com\\\/\",\"name\":\"Los pol\u00edticos Veracruz\",\"description\":\"\",\"publisher\":{\"@id\":\"https:\\\/\\\/lospoliticosveracruz.com\\\/#organization\"},\"potentialAction\":[{\"@type\":\"SearchAction\",\"target\":{\"@type\":\"EntryPoint\",\"urlTemplate\":\"https:\\\/\\\/lospoliticosveracruz.com\\\/?s={search_term_string}\"},\"query-input\":{\"@type\":\"PropertyValueSpecification\",\"valueRequired\":true,\"valueName\":\"search_term_string\"}}],\"inLanguage\":\"es\"},{\"@type\":\"Organization\",\"@id\":\"https:\\\/\\\/lospoliticosveracruz.com\\\/#organization\",\"name\":\"Los pol\u00edticos Veracruz\",\"url\":\"https:\\\/\\\/lospoliticosveracruz.com\\\/\",\"logo\":{\"@type\":\"ImageObject\",\"inLanguage\":\"es\",\"@id\":\"https:\\\/\\\/lospoliticosveracruz.com\\\/#\\\/schema\\\/logo\\\/image\\\/\",\"url\":\"https:\\\/\\\/lospoliticosveracruz.com\\\/wp-content\\\/uploads\\\/2025\\\/12\\\/Logo-Nuevo-LOS-POLITICOS-1.jpg\",\"contentUrl\":\"https:\\\/\\\/lospoliticosveracruz.com\\\/wp-content\\\/uploads\\\/2025\\\/12\\\/Logo-Nuevo-LOS-POLITICOS-1.jpg\",\"width\":260,\"height\":70,\"caption\":\"Los pol\u00edticos Veracruz\"},\"image\":{\"@id\":\"https:\\\/\\\/lospoliticosveracruz.com\\\/#\\\/schema\\\/logo\\\/image\\\/\"},\"sameAs\":[\"https:\\\/\\\/www.facebook.com\\\/people\\\/Notimemes-de-los-Polticos\\\/61565672886568\\\/\",\"https:\\\/\\\/x.com\\\/LosPoliticosVer\"]},{\"@type\":\"Person\",\"@id\":\"https:\\\/\\\/lospoliticosveracruz.com\\\/#\\\/schema\\\/person\\\/b8702bb0e538456e6efd07080bf2a4a2\",\"name\":\"Lo viste en Los Pol\u00edticos\",\"image\":{\"@type\":\"ImageObject\",\"inLanguage\":\"es\",\"@id\":\"https:\\\/\\\/secure.gravatar.com\\\/avatar\\\/3a8de04a2656d44082be478bd6c086daa447c4651605818287b9532d3d0bd435?s=96&d=mm&r=g\",\"url\":\"https:\\\/\\\/secure.gravatar.com\\\/avatar\\\/3a8de04a2656d44082be478bd6c086daa447c4651605818287b9532d3d0bd435?s=96&d=mm&r=g\",\"contentUrl\":\"https:\\\/\\\/secure.gravatar.com\\\/avatar\\\/3a8de04a2656d44082be478bd6c086daa447c4651605818287b9532d3d0bd435?s=96&d=mm&r=g\",\"caption\":\"Lo viste en Los Pol\u00edticos\"},\"url\":\"https:\\\/\\\/lospoliticosveracruz.com\\\/?author=2\"}]}<\/script>\n<!-- \/ Yoast SEO plugin. -->","yoast_head_json":{"title":"La disputa por las diputaciones - Los pol\u00edticos Veracruz","robots":{"index":"index","follow":"follow","max-snippet":"max-snippet:-1","max-image-preview":"max-image-preview:large","max-video-preview":"max-video-preview:-1"},"canonical":"https:\/\/lospoliticosveracruz.com\/?p=20865","og_locale":"es_ES","og_type":"article","og_title":"La disputa por las diputaciones - Los pol\u00edticos Veracruz","og_description":"Luis Alberto Romero Hora Cero Una vez definidas las candidaturas de los diferentes partidos pol\u00edticos y de los aspirantes independientes al gobierno de Veracruz, comenzar\u00e1n los procesos internos para la selecci\u00f3n de los abanderados a las diputaciones locales. En el Partido Revolucionario Institucional, as\u00ed como en Xalapa se menciona a Renato Alarc\u00f3n Guevara, delegado del [&hellip;]","og_url":"https:\/\/lospoliticosveracruz.com\/?p=20865","og_site_name":"Los pol\u00edticos Veracruz","article_publisher":"https:\/\/www.facebook.com\/people\/Notimemes-de-los-Polticos\/61565672886568\/","article_published_time":"2016-02-04T16:15:56+00:00","og_image":[{"url":"http:\/\/www.lospoliticosveracruz.com.mx\/wp-content\/uploads\/2014\/10\/Curules.jpg","type":"","width":"","height":""}],"author":"Lo viste en Los Pol\u00edticos","twitter_card":"summary_large_image","twitter_creator":"@LosPoliticosVer","twitter_site":"@LosPoliticosVer","twitter_misc":{"Escrito por":"Lo viste en Los Pol\u00edticos","Tiempo de lectura":"4 minutos"},"schema":{"@context":"https:\/\/schema.org","@graph":[{"@type":"Article","@id":"https:\/\/lospoliticosveracruz.com\/?p=20865#article","isPartOf":{"@id":"https:\/\/lospoliticosveracruz.com\/?p=20865"},"author":{"name":"Lo viste en Los Pol\u00edticos","@id":"https:\/\/lospoliticosveracruz.com\/#\/schema\/person\/b8702bb0e538456e6efd07080bf2a4a2"},"headline":"La disputa por las diputaciones","datePublished":"2016-02-04T16:15:56+00:00","mainEntityOfPage":{"@id":"https:\/\/lospoliticosveracruz.com\/?p=20865"},"wordCount":853,"commentCount":0,"publisher":{"@id":"https:\/\/lospoliticosveracruz.com\/#organization"},"image":{"@id":"https:\/\/lospoliticosveracruz.com\/?p=20865#primaryimage"},"thumbnailUrl":"http:\/\/www.lospoliticosveracruz.com.mx\/wp-content\/uploads\/2014\/10\/Curules.jpg","keywords":["Carlos Antonio Morales Guevara","Corintia Cruz Oreg\u00f3n","Michelle Serv\u00edn Gonz\u00e1lez","Omar G\u00f3mez L\u00f3pez","Paul Mart\u00ednez Marie","Renato Alarc\u00f3n Guevara","Rodrigo Montoya Rivera"],"articleSection":["De Opini\u00f3n"],"inLanguage":"es","potentialAction":[{"@type":"CommentAction","name":"Comment","target":["https:\/\/lospoliticosveracruz.com\/?p=20865#respond"]}]},{"@type":"WebPage","@id":"https:\/\/lospoliticosveracruz.com\/?p=20865","url":"https:\/\/lospoliticosveracruz.com\/?p=20865","name":"La disputa por las diputaciones - Los pol\u00edticos Veracruz","isPartOf":{"@id":"https:\/\/lospoliticosveracruz.com\/#website"},"primaryImageOfPage":{"@id":"https:\/\/lospoliticosveracruz.com\/?p=20865#primaryimage"},"image":{"@id":"https:\/\/lospoliticosveracruz.com\/?p=20865#primaryimage"},"thumbnailUrl":"http:\/\/www.lospoliticosveracruz.com.mx\/wp-content\/uploads\/2014\/10\/Curules.jpg","datePublished":"2016-02-04T16:15:56+00:00","breadcrumb":{"@id":"https:\/\/lospoliticosveracruz.com\/?p=20865#breadcrumb"},"inLanguage":"es","potentialAction":[{"@type":"ReadAction","target":["https:\/\/lospoliticosveracruz.com\/?p=20865"]}]},{"@type":"ImageObject","inLanguage":"es","@id":"https:\/\/lospoliticosveracruz.com\/?p=20865#primaryimage","url":"http:\/\/www.lospoliticosveracruz.com.mx\/wp-content\/uploads\/2014\/10\/Curules.jpg","contentUrl":"http:\/\/www.lospoliticosveracruz.com.mx\/wp-content\/uploads\/2014\/10\/Curules.jpg"},{"@type":"BreadcrumbList","@id":"https:\/\/lospoliticosveracruz.com\/?p=20865#breadcrumb","itemListElement":[{"@type":"ListItem","position":1,"name":"Portada","item":"https:\/\/lospoliticosveracruz.com\/"},{"@type":"ListItem","position":2,"name":"La disputa por las diputaciones"}]},{"@type":"WebSite","@id":"https:\/\/lospoliticosveracruz.com\/#website","url":"https:\/\/lospoliticosveracruz.com\/","name":"Los pol\u00edticos Veracruz","description":"","publisher":{"@id":"https:\/\/lospoliticosveracruz.com\/#organization"},"potentialAction":[{"@type":"SearchAction","target":{"@type":"EntryPoint","urlTemplate":"https:\/\/lospoliticosveracruz.com\/?s={search_term_string}"},"query-input":{"@type":"PropertyValueSpecification","valueRequired":true,"valueName":"search_term_string"}}],"inLanguage":"es"},{"@type":"Organization","@id":"https:\/\/lospoliticosveracruz.com\/#organization","name":"Los pol\u00edticos Veracruz","url":"https:\/\/lospoliticosveracruz.com\/","logo":{"@type":"ImageObject","inLanguage":"es","@id":"https:\/\/lospoliticosveracruz.com\/#\/schema\/logo\/image\/","url":"https:\/\/lospoliticosveracruz.com\/wp-content\/uploads\/2025\/12\/Logo-Nuevo-LOS-POLITICOS-1.jpg","contentUrl":"https:\/\/lospoliticosveracruz.com\/wp-content\/uploads\/2025\/12\/Logo-Nuevo-LOS-POLITICOS-1.jpg","width":260,"height":70,"caption":"Los pol\u00edticos Veracruz"},"image":{"@id":"https:\/\/lospoliticosveracruz.com\/#\/schema\/logo\/image\/"},"sameAs":["https:\/\/www.facebook.com\/people\/Notimemes-de-los-Polticos\/61565672886568\/","https:\/\/x.com\/LosPoliticosVer"]},{"@type":"Person","@id":"https:\/\/lospoliticosveracruz.com\/#\/schema\/person\/b8702bb0e538456e6efd07080bf2a4a2","name":"Lo viste en Los Pol\u00edticos","image":{"@type":"ImageObject","inLanguage":"es","@id":"https:\/\/secure.gravatar.com\/avatar\/3a8de04a2656d44082be478bd6c086daa447c4651605818287b9532d3d0bd435?s=96&d=mm&r=g","url":"https:\/\/secure.gravatar.com\/avatar\/3a8de04a2656d44082be478bd6c086daa447c4651605818287b9532d3d0bd435?s=96&d=mm&r=g","contentUrl":"https:\/\/secure.gravatar.com\/avatar\/3a8de04a2656d44082be478bd6c086daa447c4651605818287b9532d3d0bd435?s=96&d=mm&r=g","caption":"Lo viste en Los Pol\u00edticos"},"url":"https:\/\/lospoliticosveracruz.com\/?author=2"}]}},"_links":{"self":[{"href":"https:\/\/lospoliticosveracruz.com\/index.php?rest_route=\/wp\/v2\/posts\/20865","targetHints":{"allow":["GET"]}}],"collection":[{"href":"https:\/\/lospoliticosveracruz.com\/index.php?rest_route=\/wp\/v2\/posts"}],"about":[{"href":"https:\/\/lospoliticosveracruz.com\/index.php?rest_route=\/wp\/v2\/types\/post"}],"author":[{"embeddable":true,"href":"https:\/\/lospoliticosveracruz.com\/index.php?rest_route=\/wp\/v2\/users\/2"}],"replies":[{"embeddable":true,"href":"https:\/\/lospoliticosveracruz.com\/index.php?rest_route=%2Fwp%2Fv2%2Fcomments&post=20865"}],"version-history":[{"count":1,"href":"https:\/\/lospoliticosveracruz.com\/index.php?rest_route=\/wp\/v2\/posts\/20865\/revisions"}],"predecessor-version":[{"id":20866,"href":"https:\/\/lospoliticosveracruz.com\/index.php?rest_route=\/wp\/v2\/posts\/20865\/revisions\/20866"}],"wp:attachment":[{"href":"https:\/\/lospoliticosveracruz.com\/index.php?rest_route=%2Fwp%2Fv2%2Fmedia&parent=20865"}],"wp:term":[{"taxonomy":"category","embeddable":true,"href":"https:\/\/lospoliticosveracruz.com\/index.php?rest_route=%2Fwp%2Fv2%2Fcategories&post=20865"},{"taxonomy":"post_tag","embeddable":true,"href":"https:\/\/lospoliticosveracruz.com\/index.php?rest_route=%2Fwp%2Fv2%2Ftags&post=20865"}],"curies":[{"name":"wp","href":"https:\/\/api.w.org\/{rel}","templated":true}]}}