{"id":20879,"date":"2016-02-04T23:28:09","date_gmt":"2016-02-05T05:28:09","guid":{"rendered":"http:\/\/www.lospoliticosveracruz.com.mx\/?p=20879"},"modified":"2016-02-04T23:28:09","modified_gmt":"2016-02-05T05:28:09","slug":"que-quieren-los-ciudadanos","status":"publish","type":"post","link":"https:\/\/lospoliticosveracruz.com\/?p=20879","title":{"rendered":"\u00bfQu\u00e9 quieren los ciudadanos?"},"content":{"rendered":"<p><a href=\"http:\/\/www.lospoliticosveracruz.com.mx\/wp-content\/uploads\/2016\/02\/candidatos.png\"><img loading=\"lazy\" decoding=\"async\" class=\"alignnone size-medium wp-image-20885\" src=\"http:\/\/www.lospoliticosveracruz.com.mx\/wp-content\/uploads\/2016\/02\/candidatos-300x179.png\" alt=\"candidatos\" width=\"300\" height=\"179\" \/><\/a><br \/>\n<strong>Brenda Caballero<\/strong><br \/>\n<em>N\u00fameros Rojos<\/em><\/p>\n<p>Cuando veo al mont\u00f3n de pol\u00edticos que quieren un puesto de elecci\u00f3n popular, lo primero que me pregunto es: \u00bfbuscan el poder o el bienestar de los ciudadanos? La mayor\u00eda de los que conozco piensan en el poder y los beneficios que les dar\u00e1 el mismo, tales como canonj\u00edas en los diferentes niveles de gobierno; mejores relaciones sociales; y por supuesto, incrementar su patrimonio personal y familiar.<br \/>\nMuy pocos son los que verdaderamente se preocupan por el bienestar social. Y en extinci\u00f3n se encuentran los que una vez ganado el puesto, ayudan a sus paisanos a mejorar su calidad de vida.<br \/>\nEs por ello que, antes de echarse un discurso, los pol\u00edticos deber\u00edan saber qu\u00e9 es en realidad lo que queremos los ciudadanos.<br \/>\nSeg\u00fan varias encuestas, las preocupaciones de los ciudadanos son, en primer lugar, el empleo; en segundo lugar, la seguridad, y en tercero, la corrupci\u00f3n.<br \/>\nEs decir, el candidato debe basar su discurso en esos aspectos y en caso de ser electo, deber\u00e1 ejercer medidas y pol\u00edticas necesarias para cumplir las demandas que el pueblo le reclama.<br \/>\nEn la actualidad, la falta de credibilidad que tenemos los ciudadanos es porque todos los pol\u00edticos que llegan a un cargo de elecci\u00f3n popular, ll\u00e1mese alcald\u00eda, diputaci\u00f3n local o federal y senadur\u00eda, no cumplen con sus promesas de campa\u00f1a. Y no hablo de un partido en especial, porque en todos se cuecen habas, sean PRI, PAN, PRD, etc\u00e9tera.<br \/>\nAnalizando los tres aspectos que preocupan a los ciudadanos, veremos que van mezclados entre s\u00ed: s\u00ed no hay empleo o es mal remunerado, generar\u00e1 mayor inseguridad, y a su vez, la misma corrupci\u00f3n es como la cereza del pastel o el aderezo.<br \/>\nViendo el aspecto econ\u00f3mico en el pa\u00eds, el panorama es desalentador con la ca\u00edda del d\u00f3lar y el precio del barril de petr\u00f3leo, contrario a lo que dijera Andrea Legarreta, est\u00e1 situaci\u00f3n \u201cs\u00ed nos afecta\u201d y hasta se ve de cierto modo reflejado en el empleo. Seg\u00fan estimaciones se prev\u00e9 que en este 2016 se sigan generando 600 mil empleos al a\u00f1o, cantidad inferior a lo que realmente necesitamos, pues lo ideal ser\u00edan m\u00e1s de un mill\u00f3n.<br \/>\nCon respecto a la inseguridad, la Comisi\u00f3n de Derechos Humanos y los integrantes de la organizaci\u00f3n Desarma M\u00e9xico han estimado un incremento, pues el tr\u00e1fico desmedido de armas de nuestro vecino pa\u00eds del norte ha ca\u00eddo en manos criminales, situaci\u00f3n que marca un aumento similar en la violencia.<br \/>\nLa corrupci\u00f3n es un tema aparte y tema muy amplio para otra columna; sin embargo, aunque ocupe el tercer lugar en la preocupaci\u00f3n de los ciudadanos, es un factor determinante para su voto y para el repudio de los partidos pol\u00edticos.<br \/>\nEl ejemplo m\u00e1s claro lo vemos en el presidente Enrique Pe\u00f1a Nieto. Aunque en su gesti\u00f3n actual no ha generado el empleo suficiente y a pesar de que todos los d\u00edas vivimos en la inseguridad, lo que no le perdonan los ciudadanos es la corrupci\u00f3n y la falta de transparencia en la que se ve inmerso con el asunto de las \u201ccasas blancas\u201d tanto de \u00e9l, como de su esposa Ang\u00e9lica, o la de su amigo Luis Videgaray, que despu\u00e9s de \u201carduas investigaciones\u201d, no existen conflictos de intereses.<br \/>\nAhora, el malestar social se incrementa con el Caso Moreira, pues c\u00f3mo es posible que con todos los se\u00f1alamientos en contra del ex gobernador, resulta que es una perita en dulce. \u00a1Vaya! hasta Kate del Castillo es m\u00e1s culpable por conocer a El Chapo.<br \/>\nAs\u00ed es que candidatos \u00a1tomen nota de lo que quieren los ciudadanos, si es que ustedes quieren su voto!<\/p>\n<p>Email:caballero_brenda@hotmail.com<\/p>\n","protected":false},"excerpt":{"rendered":"<p>Brenda Caballero N\u00fameros Rojos Cuando veo al mont\u00f3n de pol\u00edticos que quieren un puesto de elecci\u00f3n popular, lo primero que me pregunto es: \u00bfbuscan el poder o el bienestar de los ciudadanos? La mayor\u00eda de los que conozco piensan en el poder y los beneficios que les dar\u00e1 el mismo, tales como canonj\u00edas en los [&hellip;]<\/p>\n","protected":false},"author":2,"featured_media":0,"comment_status":"open","ping_status":"open","sticky":false,"template":"","format":"standard","meta":{"tdm_status":"","tdm_grid_status":"","footnotes":""},"categories":[70],"tags":[1818,282,4712,4396,4518,266,107,251,360],"class_list":{"0":"post-20879","1":"post","2":"type-post","3":"status-publish","4":"format-standard","6":"category-de-opinion","7":"tag-candidatos","8":"tag-corrupcion","9":"tag-desarma-mexico","10":"tag-empleo","11":"tag-kate-del-castillo","12":"tag-pan","13":"tag-prd","14":"tag-pri","15":"tag-seguridad"},"yoast_head":"<!-- This site is optimized with the Yoast SEO plugin v27.4 - https:\/\/yoast.com\/product\/yoast-seo-wordpress\/ -->\n<title>\u00bfQu\u00e9 quieren los ciudadanos? - Los pol\u00edticos Veracruz<\/title>\n<meta name=\"robots\" content=\"index, follow, max-snippet:-1, max-image-preview:large, max-video-preview:-1\" \/>\n<link rel=\"canonical\" href=\"https:\/\/lospoliticosveracruz.com\/?p=20879\" \/>\n<meta property=\"og:locale\" content=\"es_ES\" \/>\n<meta property=\"og:type\" content=\"article\" \/>\n<meta property=\"og:title\" content=\"\u00bfQu\u00e9 quieren los ciudadanos? - Los pol\u00edticos Veracruz\" \/>\n<meta property=\"og:description\" content=\"Brenda Caballero N\u00fameros Rojos Cuando veo al mont\u00f3n de pol\u00edticos que quieren un puesto de elecci\u00f3n popular, lo primero que me pregunto es: \u00bfbuscan el poder o el bienestar de los ciudadanos? La mayor\u00eda de los que conozco piensan en el poder y los beneficios que les dar\u00e1 el mismo, tales como canonj\u00edas en los [&hellip;]\" \/>\n<meta property=\"og:url\" content=\"https:\/\/lospoliticosveracruz.com\/?p=20879\" \/>\n<meta property=\"og:site_name\" content=\"Los pol\u00edticos Veracruz\" \/>\n<meta property=\"article:publisher\" content=\"https:\/\/www.facebook.com\/people\/Notimemes-de-los-Polticos\/61565672886568\/\" \/>\n<meta property=\"article:published_time\" content=\"2016-02-05T05:28:09+00:00\" \/>\n<meta property=\"og:image\" content=\"http:\/\/www.lospoliticosveracruz.com.mx\/wp-content\/uploads\/2016\/02\/candidatos-300x179.png\" \/>\n<meta name=\"author\" content=\"Lo viste en Los Pol\u00edticos\" \/>\n<meta name=\"twitter:card\" content=\"summary_large_image\" \/>\n<meta name=\"twitter:creator\" content=\"@LosPoliticosVer\" \/>\n<meta name=\"twitter:site\" content=\"@LosPoliticosVer\" \/>\n<meta name=\"twitter:label1\" content=\"Escrito por\" \/>\n\t<meta name=\"twitter:data1\" content=\"Lo viste en Los Pol\u00edticos\" \/>\n\t<meta name=\"twitter:label2\" content=\"Tiempo de lectura\" \/>\n\t<meta name=\"twitter:data2\" content=\"3 minutos\" \/>\n<script type=\"application\/ld+json\" class=\"yoast-schema-graph\">{\"@context\":\"https:\\\/\\\/schema.org\",\"@graph\":[{\"@type\":\"Article\",\"@id\":\"https:\\\/\\\/lospoliticosveracruz.com\\\/?p=20879#article\",\"isPartOf\":{\"@id\":\"https:\\\/\\\/lospoliticosveracruz.com\\\/?p=20879\"},\"author\":{\"name\":\"Lo viste en Los Pol\u00edticos\",\"@id\":\"https:\\\/\\\/lospoliticosveracruz.com\\\/#\\\/schema\\\/person\\\/b8702bb0e538456e6efd07080bf2a4a2\"},\"headline\":\"\u00bfQu\u00e9 quieren los ciudadanos?\",\"datePublished\":\"2016-02-05T05:28:09+00:00\",\"mainEntityOfPage\":{\"@id\":\"https:\\\/\\\/lospoliticosveracruz.com\\\/?p=20879\"},\"wordCount\":659,\"commentCount\":0,\"publisher\":{\"@id\":\"https:\\\/\\\/lospoliticosveracruz.com\\\/#organization\"},\"image\":{\"@id\":\"https:\\\/\\\/lospoliticosveracruz.com\\\/?p=20879#primaryimage\"},\"thumbnailUrl\":\"http:\\\/\\\/www.lospoliticosveracruz.com.mx\\\/wp-content\\\/uploads\\\/2016\\\/02\\\/candidatos-300x179.png\",\"keywords\":[\"candidatos\",\"corrupci\u00f3n\",\"Desarma M\u00e9xico\",\"empleo\",\"Kate del Castillo\",\"PAN\",\"PRD\",\"PRI\",\"Seguridad\"],\"articleSection\":[\"De Opini\u00f3n\"],\"inLanguage\":\"es\",\"potentialAction\":[{\"@type\":\"CommentAction\",\"name\":\"Comment\",\"target\":[\"https:\\\/\\\/lospoliticosveracruz.com\\\/?p=20879#respond\"]}]},{\"@type\":\"WebPage\",\"@id\":\"https:\\\/\\\/lospoliticosveracruz.com\\\/?p=20879\",\"url\":\"https:\\\/\\\/lospoliticosveracruz.com\\\/?p=20879\",\"name\":\"\u00bfQu\u00e9 quieren los ciudadanos? - Los pol\u00edticos Veracruz\",\"isPartOf\":{\"@id\":\"https:\\\/\\\/lospoliticosveracruz.com\\\/#website\"},\"primaryImageOfPage\":{\"@id\":\"https:\\\/\\\/lospoliticosveracruz.com\\\/?p=20879#primaryimage\"},\"image\":{\"@id\":\"https:\\\/\\\/lospoliticosveracruz.com\\\/?p=20879#primaryimage\"},\"thumbnailUrl\":\"http:\\\/\\\/www.lospoliticosveracruz.com.mx\\\/wp-content\\\/uploads\\\/2016\\\/02\\\/candidatos-300x179.png\",\"datePublished\":\"2016-02-05T05:28:09+00:00\",\"breadcrumb\":{\"@id\":\"https:\\\/\\\/lospoliticosveracruz.com\\\/?p=20879#breadcrumb\"},\"inLanguage\":\"es\",\"potentialAction\":[{\"@type\":\"ReadAction\",\"target\":[\"https:\\\/\\\/lospoliticosveracruz.com\\\/?p=20879\"]}]},{\"@type\":\"ImageObject\",\"inLanguage\":\"es\",\"@id\":\"https:\\\/\\\/lospoliticosveracruz.com\\\/?p=20879#primaryimage\",\"url\":\"http:\\\/\\\/www.lospoliticosveracruz.com.mx\\\/wp-content\\\/uploads\\\/2016\\\/02\\\/candidatos-300x179.png\",\"contentUrl\":\"http:\\\/\\\/www.lospoliticosveracruz.com.mx\\\/wp-content\\\/uploads\\\/2016\\\/02\\\/candidatos-300x179.png\"},{\"@type\":\"BreadcrumbList\",\"@id\":\"https:\\\/\\\/lospoliticosveracruz.com\\\/?p=20879#breadcrumb\",\"itemListElement\":[{\"@type\":\"ListItem\",\"position\":1,\"name\":\"Portada\",\"item\":\"https:\\\/\\\/lospoliticosveracruz.com\\\/\"},{\"@type\":\"ListItem\",\"position\":2,\"name\":\"\u00bfQu\u00e9 quieren los ciudadanos?\"}]},{\"@type\":\"WebSite\",\"@id\":\"https:\\\/\\\/lospoliticosveracruz.com\\\/#website\",\"url\":\"https:\\\/\\\/lospoliticosveracruz.com\\\/\",\"name\":\"Los pol\u00edticos Veracruz\",\"description\":\"\",\"publisher\":{\"@id\":\"https:\\\/\\\/lospoliticosveracruz.com\\\/#organization\"},\"potentialAction\":[{\"@type\":\"SearchAction\",\"target\":{\"@type\":\"EntryPoint\",\"urlTemplate\":\"https:\\\/\\\/lospoliticosveracruz.com\\\/?s={search_term_string}\"},\"query-input\":{\"@type\":\"PropertyValueSpecification\",\"valueRequired\":true,\"valueName\":\"search_term_string\"}}],\"inLanguage\":\"es\"},{\"@type\":\"Organization\",\"@id\":\"https:\\\/\\\/lospoliticosveracruz.com\\\/#organization\",\"name\":\"Los pol\u00edticos Veracruz\",\"url\":\"https:\\\/\\\/lospoliticosveracruz.com\\\/\",\"logo\":{\"@type\":\"ImageObject\",\"inLanguage\":\"es\",\"@id\":\"https:\\\/\\\/lospoliticosveracruz.com\\\/#\\\/schema\\\/logo\\\/image\\\/\",\"url\":\"https:\\\/\\\/lospoliticosveracruz.com\\\/wp-content\\\/uploads\\\/2025\\\/12\\\/Logo-Nuevo-LOS-POLITICOS-1.jpg\",\"contentUrl\":\"https:\\\/\\\/lospoliticosveracruz.com\\\/wp-content\\\/uploads\\\/2025\\\/12\\\/Logo-Nuevo-LOS-POLITICOS-1.jpg\",\"width\":260,\"height\":70,\"caption\":\"Los pol\u00edticos Veracruz\"},\"image\":{\"@id\":\"https:\\\/\\\/lospoliticosveracruz.com\\\/#\\\/schema\\\/logo\\\/image\\\/\"},\"sameAs\":[\"https:\\\/\\\/www.facebook.com\\\/people\\\/Notimemes-de-los-Polticos\\\/61565672886568\\\/\",\"https:\\\/\\\/x.com\\\/LosPoliticosVer\"]},{\"@type\":\"Person\",\"@id\":\"https:\\\/\\\/lospoliticosveracruz.com\\\/#\\\/schema\\\/person\\\/b8702bb0e538456e6efd07080bf2a4a2\",\"name\":\"Lo viste en Los Pol\u00edticos\",\"image\":{\"@type\":\"ImageObject\",\"inLanguage\":\"es\",\"@id\":\"https:\\\/\\\/secure.gravatar.com\\\/avatar\\\/3a8de04a2656d44082be478bd6c086daa447c4651605818287b9532d3d0bd435?s=96&d=mm&r=g\",\"url\":\"https:\\\/\\\/secure.gravatar.com\\\/avatar\\\/3a8de04a2656d44082be478bd6c086daa447c4651605818287b9532d3d0bd435?s=96&d=mm&r=g\",\"contentUrl\":\"https:\\\/\\\/secure.gravatar.com\\\/avatar\\\/3a8de04a2656d44082be478bd6c086daa447c4651605818287b9532d3d0bd435?s=96&d=mm&r=g\",\"caption\":\"Lo viste en Los Pol\u00edticos\"},\"url\":\"https:\\\/\\\/lospoliticosveracruz.com\\\/?author=2\"}]}<\/script>\n<!-- \/ Yoast SEO plugin. -->","yoast_head_json":{"title":"\u00bfQu\u00e9 quieren los ciudadanos? - Los pol\u00edticos Veracruz","robots":{"index":"index","follow":"follow","max-snippet":"max-snippet:-1","max-image-preview":"max-image-preview:large","max-video-preview":"max-video-preview:-1"},"canonical":"https:\/\/lospoliticosveracruz.com\/?p=20879","og_locale":"es_ES","og_type":"article","og_title":"\u00bfQu\u00e9 quieren los ciudadanos? - Los pol\u00edticos Veracruz","og_description":"Brenda Caballero N\u00fameros Rojos Cuando veo al mont\u00f3n de pol\u00edticos que quieren un puesto de elecci\u00f3n popular, lo primero que me pregunto es: \u00bfbuscan el poder o el bienestar de los ciudadanos? La mayor\u00eda de los que conozco piensan en el poder y los beneficios que les dar\u00e1 el mismo, tales como canonj\u00edas en los [&hellip;]","og_url":"https:\/\/lospoliticosveracruz.com\/?p=20879","og_site_name":"Los pol\u00edticos Veracruz","article_publisher":"https:\/\/www.facebook.com\/people\/Notimemes-de-los-Polticos\/61565672886568\/","article_published_time":"2016-02-05T05:28:09+00:00","og_image":[{"url":"http:\/\/www.lospoliticosveracruz.com.mx\/wp-content\/uploads\/2016\/02\/candidatos-300x179.png","type":"","width":"","height":""}],"author":"Lo viste en Los Pol\u00edticos","twitter_card":"summary_large_image","twitter_creator":"@LosPoliticosVer","twitter_site":"@LosPoliticosVer","twitter_misc":{"Escrito por":"Lo viste en Los Pol\u00edticos","Tiempo de lectura":"3 minutos"},"schema":{"@context":"https:\/\/schema.org","@graph":[{"@type":"Article","@id":"https:\/\/lospoliticosveracruz.com\/?p=20879#article","isPartOf":{"@id":"https:\/\/lospoliticosveracruz.com\/?p=20879"},"author":{"name":"Lo viste en Los Pol\u00edticos","@id":"https:\/\/lospoliticosveracruz.com\/#\/schema\/person\/b8702bb0e538456e6efd07080bf2a4a2"},"headline":"\u00bfQu\u00e9 quieren los ciudadanos?","datePublished":"2016-02-05T05:28:09+00:00","mainEntityOfPage":{"@id":"https:\/\/lospoliticosveracruz.com\/?p=20879"},"wordCount":659,"commentCount":0,"publisher":{"@id":"https:\/\/lospoliticosveracruz.com\/#organization"},"image":{"@id":"https:\/\/lospoliticosveracruz.com\/?p=20879#primaryimage"},"thumbnailUrl":"http:\/\/www.lospoliticosveracruz.com.mx\/wp-content\/uploads\/2016\/02\/candidatos-300x179.png","keywords":["candidatos","corrupci\u00f3n","Desarma M\u00e9xico","empleo","Kate del Castillo","PAN","PRD","PRI","Seguridad"],"articleSection":["De Opini\u00f3n"],"inLanguage":"es","potentialAction":[{"@type":"CommentAction","name":"Comment","target":["https:\/\/lospoliticosveracruz.com\/?p=20879#respond"]}]},{"@type":"WebPage","@id":"https:\/\/lospoliticosveracruz.com\/?p=20879","url":"https:\/\/lospoliticosveracruz.com\/?p=20879","name":"\u00bfQu\u00e9 quieren los ciudadanos? - Los pol\u00edticos Veracruz","isPartOf":{"@id":"https:\/\/lospoliticosveracruz.com\/#website"},"primaryImageOfPage":{"@id":"https:\/\/lospoliticosveracruz.com\/?p=20879#primaryimage"},"image":{"@id":"https:\/\/lospoliticosveracruz.com\/?p=20879#primaryimage"},"thumbnailUrl":"http:\/\/www.lospoliticosveracruz.com.mx\/wp-content\/uploads\/2016\/02\/candidatos-300x179.png","datePublished":"2016-02-05T05:28:09+00:00","breadcrumb":{"@id":"https:\/\/lospoliticosveracruz.com\/?p=20879#breadcrumb"},"inLanguage":"es","potentialAction":[{"@type":"ReadAction","target":["https:\/\/lospoliticosveracruz.com\/?p=20879"]}]},{"@type":"ImageObject","inLanguage":"es","@id":"https:\/\/lospoliticosveracruz.com\/?p=20879#primaryimage","url":"http:\/\/www.lospoliticosveracruz.com.mx\/wp-content\/uploads\/2016\/02\/candidatos-300x179.png","contentUrl":"http:\/\/www.lospoliticosveracruz.com.mx\/wp-content\/uploads\/2016\/02\/candidatos-300x179.png"},{"@type":"BreadcrumbList","@id":"https:\/\/lospoliticosveracruz.com\/?p=20879#breadcrumb","itemListElement":[{"@type":"ListItem","position":1,"name":"Portada","item":"https:\/\/lospoliticosveracruz.com\/"},{"@type":"ListItem","position":2,"name":"\u00bfQu\u00e9 quieren los ciudadanos?"}]},{"@type":"WebSite","@id":"https:\/\/lospoliticosveracruz.com\/#website","url":"https:\/\/lospoliticosveracruz.com\/","name":"Los pol\u00edticos Veracruz","description":"","publisher":{"@id":"https:\/\/lospoliticosveracruz.com\/#organization"},"potentialAction":[{"@type":"SearchAction","target":{"@type":"EntryPoint","urlTemplate":"https:\/\/lospoliticosveracruz.com\/?s={search_term_string}"},"query-input":{"@type":"PropertyValueSpecification","valueRequired":true,"valueName":"search_term_string"}}],"inLanguage":"es"},{"@type":"Organization","@id":"https:\/\/lospoliticosveracruz.com\/#organization","name":"Los pol\u00edticos Veracruz","url":"https:\/\/lospoliticosveracruz.com\/","logo":{"@type":"ImageObject","inLanguage":"es","@id":"https:\/\/lospoliticosveracruz.com\/#\/schema\/logo\/image\/","url":"https:\/\/lospoliticosveracruz.com\/wp-content\/uploads\/2025\/12\/Logo-Nuevo-LOS-POLITICOS-1.jpg","contentUrl":"https:\/\/lospoliticosveracruz.com\/wp-content\/uploads\/2025\/12\/Logo-Nuevo-LOS-POLITICOS-1.jpg","width":260,"height":70,"caption":"Los pol\u00edticos Veracruz"},"image":{"@id":"https:\/\/lospoliticosveracruz.com\/#\/schema\/logo\/image\/"},"sameAs":["https:\/\/www.facebook.com\/people\/Notimemes-de-los-Polticos\/61565672886568\/","https:\/\/x.com\/LosPoliticosVer"]},{"@type":"Person","@id":"https:\/\/lospoliticosveracruz.com\/#\/schema\/person\/b8702bb0e538456e6efd07080bf2a4a2","name":"Lo viste en Los Pol\u00edticos","image":{"@type":"ImageObject","inLanguage":"es","@id":"https:\/\/secure.gravatar.com\/avatar\/3a8de04a2656d44082be478bd6c086daa447c4651605818287b9532d3d0bd435?s=96&d=mm&r=g","url":"https:\/\/secure.gravatar.com\/avatar\/3a8de04a2656d44082be478bd6c086daa447c4651605818287b9532d3d0bd435?s=96&d=mm&r=g","contentUrl":"https:\/\/secure.gravatar.com\/avatar\/3a8de04a2656d44082be478bd6c086daa447c4651605818287b9532d3d0bd435?s=96&d=mm&r=g","caption":"Lo viste en Los Pol\u00edticos"},"url":"https:\/\/lospoliticosveracruz.com\/?author=2"}]}},"_links":{"self":[{"href":"https:\/\/lospoliticosveracruz.com\/index.php?rest_route=\/wp\/v2\/posts\/20879","targetHints":{"allow":["GET"]}}],"collection":[{"href":"https:\/\/lospoliticosveracruz.com\/index.php?rest_route=\/wp\/v2\/posts"}],"about":[{"href":"https:\/\/lospoliticosveracruz.com\/index.php?rest_route=\/wp\/v2\/types\/post"}],"author":[{"embeddable":true,"href":"https:\/\/lospoliticosveracruz.com\/index.php?rest_route=\/wp\/v2\/users\/2"}],"replies":[{"embeddable":true,"href":"https:\/\/lospoliticosveracruz.com\/index.php?rest_route=%2Fwp%2Fv2%2Fcomments&post=20879"}],"version-history":[{"count":1,"href":"https:\/\/lospoliticosveracruz.com\/index.php?rest_route=\/wp\/v2\/posts\/20879\/revisions"}],"predecessor-version":[{"id":20886,"href":"https:\/\/lospoliticosveracruz.com\/index.php?rest_route=\/wp\/v2\/posts\/20879\/revisions\/20886"}],"wp:attachment":[{"href":"https:\/\/lospoliticosveracruz.com\/index.php?rest_route=%2Fwp%2Fv2%2Fmedia&parent=20879"}],"wp:term":[{"taxonomy":"category","embeddable":true,"href":"https:\/\/lospoliticosveracruz.com\/index.php?rest_route=%2Fwp%2Fv2%2Fcategories&post=20879"},{"taxonomy":"post_tag","embeddable":true,"href":"https:\/\/lospoliticosveracruz.com\/index.php?rest_route=%2Fwp%2Fv2%2Ftags&post=20879"}],"curies":[{"name":"wp","href":"https:\/\/api.w.org\/{rel}","templated":true}]}}