{"id":20904,"date":"2016-02-07T22:19:04","date_gmt":"2016-02-08T04:19:04","guid":{"rendered":"http:\/\/www.lospoliticosveracruz.com.mx\/?p=20904"},"modified":"2016-02-07T22:19:04","modified_gmt":"2016-02-08T04:19:04","slug":"la-educacion-como-botin","status":"publish","type":"post","link":"https:\/\/lospoliticosveracruz.com\/?p=20904","title":{"rendered":"La educaci\u00f3n como bot\u00edn"},"content":{"rendered":"<p><a href=\"http:\/\/www.lospoliticosveracruz.com.mx\/wp-content\/uploads\/2016\/02\/Coatepec-Aurelio-Nu\u00f1o.jpg\"><img loading=\"lazy\" decoding=\"async\" class=\"alignnone size-medium wp-image-20907\" src=\"http:\/\/www.lospoliticosveracruz.com.mx\/wp-content\/uploads\/2016\/02\/Coatepec-Aurelio-Nu\u00f1o-300x231.jpg\" alt=\"Coatepec Aurelio Nu\u00f1o\" width=\"300\" height=\"231\" \/><\/a><br \/>\n<strong>Ricardo V\u00e1zquez Salazar<\/strong><br \/>\n<em>Esfera Pol\u00edtica<\/em><br \/>\nComo nunca antes en la historia, Veracruz vive en medio de una aguda crisis de gobernabilidad: del colapso administrativo p\u00fablico que afecta \u00e1reas prioritarias como Salud y Educaci\u00f3n; del crudo ambiente de violencia e inseguridad contagiado al servicio p\u00fablico. En las comparsas del carnaval pol\u00edtico, las controversias arrecian una vez que se dio el banderazo de arranque de las precampa\u00f1as rumbo a la gubernatura. Dentro de todo esto, tres acontecimientos tienen que ver con la educaci\u00f3n de la ni\u00f1ez y la juventud veracruzana: dos se desarrollaron la semana pasada, uno habr\u00e1 de presentarse este lunes. Hechos distintos que pudieran contrastar lo que representa el tema educativo en la entidad.<\/p>\n<p>El martes pasado en tierras jarochas, Aurelio Nu\u00f1o Mayer, secretario de Educaci\u00f3n en el pa\u00eds, anunci\u00f3 que la federaci\u00f3n invertir\u00e1 en Veracruz casi 2 mil 500 millones de pesos para mejorar mil 200 escuelas en diferentes regiones de la entidad; afirm\u00f3 que esto ser\u00e1 un detonante para lograr que m\u00e1s ni\u00f1os y j\u00f3venes sigan con su preparaci\u00f3n escolar para mejorar su futuro.<\/p>\n<p>Como se recordar\u00e1, y Aurelio Nu\u00f1o lo debe tener presente, Veracruz es la segunda entidad que m\u00e1s recursos ha recibido para el ramo educativo, solo superado por Edomex; lo absurdo es que la entidad ocupa uno de los primeros lugares en rezago educativo, en analfabetismo. En los primeros cuatro a\u00f1os de la actual administraci\u00f3n estatal, periodo en el que fungi\u00f3 como secretario de Educaci\u00f3n el hoy diputado federal Adolfo Mota Hern\u00e1ndez, no se registr\u00f3 ning\u00fan avance en esos cuatro a\u00f1os para reducir el analfabetismo, report\u00f3 el INEGI.<\/p>\n<p>Habr\u00eda que preguntarle a Nu\u00f1o Mayer si la federaci\u00f3n se va a encargar de administrar, aplicar y supervisar esa cantidad de recursos que acaba de anunciar para Veracruz. Si es as\u00ed, \u00e9l mismo tendr\u00eda la certeza de que las obras se van a realizar y podr\u00eda corroborarlo; de lo contrario, dif\u00edcilmente podr\u00e1 obtener resultados, por los antecedentes de las observaciones realizadas a la Secretar\u00eda de Educaci\u00f3n de Veracruz, SEV, por la Auditor\u00eda Superior de la Federaci\u00f3n, ASF, por el orden de cuatro mil 600 millones de pesos. Adem\u00e1s de los se\u00f1alamientos de \u201cescuelas fantasma\u201d, que no existen f\u00edsicamente pero que si tienen n\u00f3mina; as\u00ed como los dos mil 173 \u201caviadores\u201d en la Secretar\u00eda de Educaci\u00f3n de Veracruz, dado a conocer por el gobernador Javier Duarte, en el mes de octubre de 2015, pero que nunca se inform\u00f3 que hubieran sido dados de baja.<\/p>\n<p>\u00bfQu\u00e9 habr\u00e1 de suceder con situaciones de esta naturaleza con las nuevas disposiciones de la Reforma Educativa?<\/p>\n<p>Un acontecimiento sin precedentes, posiblemente en todo el pa\u00eds, fue la demanda penal, local y federal, de la Universidad Veracruzana, UV, en contra de la Secretaria de Finanzas y Planeaci\u00f3n, Sefiplan, de gobierno estatal, por el presunto desv\u00edo de recursos de dos mil 76 millones de pesos.<\/p>\n<p>Para sorpresa de muchos, la rectora de la UV, Sara Ladr\u00f3n de Guevara asegur\u00f3 que se presentaron ambas querellas. Una, en la Fiscal\u00eda Especializada en Delitos Cometidos por Servidores P\u00fablicos del \u00e1mbito local, por el reclamo de mil 625 millones de pesos. Otra m\u00e1s fue ante la Procuradur\u00eda General de la Rep\u00fablica, PGR, por 451 millones de pesos.<\/p>\n<p>La reacci\u00f3n de la rectora nadie la esperaba -menos la clase gobernante-, al hacerles tan fuerte exigencia, lo que ha generado una cascada de interrogantes entre la comunidad universitaria, al preguntarse \u00bfCu\u00e1ntos presupuestos anuales han sido -no rasurados- trasquilados, sin que la autoridad universitaria haya tenido los tama\u00f1os suficientes para poner un \u00a1Hasta aqu\u00ed!<\/p>\n<p>Esto hace suponer que anteriormente se aplicaba aquello de: T\u00fa haces como que me entregas los recursos y yo hago como que trabajo, pero adem\u00e1s aprovecho.<\/p>\n<p>Como siempre sucede, la comunidad estudiantil es la parte m\u00e1s afectada por el enorme desv\u00edo de recursos, igual en este \u00faltimo caso con lo destinado a la UV. Los alumnos esperan una respuesta favorable para subsanar las serias deficiencias en infraestructura y servicios que prevalecen en los diversos campus; pero tambi\u00e9n requieren que terminen los fabulosos tours de la rectora con una gran comitiva al continente europeo.<\/p>\n<p>Este lunes el presidente Enrique Pe\u00f1a Nieto, llevar\u00e1 a cabo una visita de trabajo a Veracruz, se reunir\u00e1 con estudiantes y personal acad\u00e9mico del Instituto Tecnol\u00f3gico Superior de Poza Rica. Habr\u00e1 que esperar que nuevas trae Pe\u00f1a Nieto.<br \/>\nrvazquez002@yahoo.com.mx<\/p>\n","protected":false},"excerpt":{"rendered":"<p>Ricardo V\u00e1zquez Salazar Esfera Pol\u00edtica Como nunca antes en la historia, Veracruz vive en medio de una aguda crisis de gobernabilidad: del colapso administrativo p\u00fablico que afecta \u00e1reas prioritarias como Salud y Educaci\u00f3n; del crudo ambiente de violencia e inseguridad contagiado al servicio p\u00fablico. En las comparsas del carnaval pol\u00edtico, las controversias arrecian una vez [&hellip;]<\/p>\n","protected":false},"author":2,"featured_media":0,"comment_status":"open","ping_status":"open","sticky":false,"template":"","format":"standard","meta":{"tdm_status":"","tdm_grid_status":"","footnotes":""},"categories":[70],"tags":[2180,755,88,219,195],"class_list":{"0":"post-20904","1":"post","2":"type-post","3":"status-publish","4":"format-standard","6":"category-de-opinion","7":"tag-asf","8":"tag-sara-ladron-de-guevara","9":"tag-sev","10":"tag-universidad-veracruzana","11":"tag-veracruz"},"yoast_head":"<!-- This site is optimized with the Yoast SEO plugin v27.4 - https:\/\/yoast.com\/product\/yoast-seo-wordpress\/ -->\n<title>La educaci\u00f3n como bot\u00edn - Los pol\u00edticos Veracruz<\/title>\n<meta name=\"robots\" content=\"index, follow, max-snippet:-1, max-image-preview:large, max-video-preview:-1\" \/>\n<link rel=\"canonical\" href=\"https:\/\/lospoliticosveracruz.com\/?p=20904\" \/>\n<meta property=\"og:locale\" content=\"es_ES\" \/>\n<meta property=\"og:type\" content=\"article\" \/>\n<meta property=\"og:title\" content=\"La educaci\u00f3n como bot\u00edn - Los pol\u00edticos Veracruz\" \/>\n<meta property=\"og:description\" content=\"Ricardo V\u00e1zquez Salazar Esfera Pol\u00edtica Como nunca antes en la historia, Veracruz vive en medio de una aguda crisis de gobernabilidad: del colapso administrativo p\u00fablico que afecta \u00e1reas prioritarias como Salud y Educaci\u00f3n; del crudo ambiente de violencia e inseguridad contagiado al servicio p\u00fablico. En las comparsas del carnaval pol\u00edtico, las controversias arrecian una vez [&hellip;]\" \/>\n<meta property=\"og:url\" content=\"https:\/\/lospoliticosveracruz.com\/?p=20904\" \/>\n<meta property=\"og:site_name\" content=\"Los pol\u00edticos Veracruz\" \/>\n<meta property=\"article:publisher\" content=\"https:\/\/www.facebook.com\/people\/Notimemes-de-los-Polticos\/61565672886568\/\" \/>\n<meta property=\"article:published_time\" content=\"2016-02-08T04:19:04+00:00\" \/>\n<meta property=\"og:image\" content=\"https:\/\/lospoliticosveracruz.com\/wp-content\/uploads\/2016\/07\/Logo-Dor.jpg\" \/>\n\t<meta property=\"og:image:width\" content=\"200\" \/>\n\t<meta property=\"og:image:height\" content=\"200\" \/>\n\t<meta property=\"og:image:type\" content=\"image\/jpeg\" \/>\n<meta name=\"author\" content=\"Lo viste en Los Pol\u00edticos\" \/>\n<meta name=\"twitter:card\" content=\"summary_large_image\" \/>\n<meta name=\"twitter:creator\" content=\"@LosPoliticosVer\" \/>\n<meta name=\"twitter:site\" content=\"@LosPoliticosVer\" \/>\n<meta name=\"twitter:label1\" content=\"Escrito por\" \/>\n\t<meta name=\"twitter:data1\" content=\"Lo viste en Los Pol\u00edticos\" \/>\n\t<meta name=\"twitter:label2\" content=\"Tiempo de lectura\" \/>\n\t<meta name=\"twitter:data2\" content=\"4 minutos\" \/>\n<script type=\"application\/ld+json\" class=\"yoast-schema-graph\">{\"@context\":\"https:\\\/\\\/schema.org\",\"@graph\":[{\"@type\":\"Article\",\"@id\":\"https:\\\/\\\/lospoliticosveracruz.com\\\/?p=20904#article\",\"isPartOf\":{\"@id\":\"https:\\\/\\\/lospoliticosveracruz.com\\\/?p=20904\"},\"author\":{\"name\":\"Lo viste en Los Pol\u00edticos\",\"@id\":\"https:\\\/\\\/lospoliticosveracruz.com\\\/#\\\/schema\\\/person\\\/b8702bb0e538456e6efd07080bf2a4a2\"},\"headline\":\"La educaci\u00f3n como bot\u00edn\",\"datePublished\":\"2016-02-08T04:19:04+00:00\",\"mainEntityOfPage\":{\"@id\":\"https:\\\/\\\/lospoliticosveracruz.com\\\/?p=20904\"},\"wordCount\":775,\"commentCount\":0,\"publisher\":{\"@id\":\"https:\\\/\\\/lospoliticosveracruz.com\\\/#organization\"},\"keywords\":[\"ASF\",\"Sara Ladr\u00f3n de Guevara\",\"SEV\",\"Universidad Veracruzana\",\"Veracruz\"],\"articleSection\":[\"De Opini\u00f3n\"],\"inLanguage\":\"es\",\"potentialAction\":[{\"@type\":\"CommentAction\",\"name\":\"Comment\",\"target\":[\"https:\\\/\\\/lospoliticosveracruz.com\\\/?p=20904#respond\"]}]},{\"@type\":\"WebPage\",\"@id\":\"https:\\\/\\\/lospoliticosveracruz.com\\\/?p=20904\",\"url\":\"https:\\\/\\\/lospoliticosveracruz.com\\\/?p=20904\",\"name\":\"La educaci\u00f3n como bot\u00edn - Los pol\u00edticos Veracruz\",\"isPartOf\":{\"@id\":\"https:\\\/\\\/lospoliticosveracruz.com\\\/#website\"},\"datePublished\":\"2016-02-08T04:19:04+00:00\",\"breadcrumb\":{\"@id\":\"https:\\\/\\\/lospoliticosveracruz.com\\\/?p=20904#breadcrumb\"},\"inLanguage\":\"es\",\"potentialAction\":[{\"@type\":\"ReadAction\",\"target\":[\"https:\\\/\\\/lospoliticosveracruz.com\\\/?p=20904\"]}]},{\"@type\":\"BreadcrumbList\",\"@id\":\"https:\\\/\\\/lospoliticosveracruz.com\\\/?p=20904#breadcrumb\",\"itemListElement\":[{\"@type\":\"ListItem\",\"position\":1,\"name\":\"Portada\",\"item\":\"https:\\\/\\\/lospoliticosveracruz.com\\\/\"},{\"@type\":\"ListItem\",\"position\":2,\"name\":\"La educaci\u00f3n como bot\u00edn\"}]},{\"@type\":\"WebSite\",\"@id\":\"https:\\\/\\\/lospoliticosveracruz.com\\\/#website\",\"url\":\"https:\\\/\\\/lospoliticosveracruz.com\\\/\",\"name\":\"Los pol\u00edticos Veracruz\",\"description\":\"\",\"publisher\":{\"@id\":\"https:\\\/\\\/lospoliticosveracruz.com\\\/#organization\"},\"potentialAction\":[{\"@type\":\"SearchAction\",\"target\":{\"@type\":\"EntryPoint\",\"urlTemplate\":\"https:\\\/\\\/lospoliticosveracruz.com\\\/?s={search_term_string}\"},\"query-input\":{\"@type\":\"PropertyValueSpecification\",\"valueRequired\":true,\"valueName\":\"search_term_string\"}}],\"inLanguage\":\"es\"},{\"@type\":\"Organization\",\"@id\":\"https:\\\/\\\/lospoliticosveracruz.com\\\/#organization\",\"name\":\"Los pol\u00edticos Veracruz\",\"url\":\"https:\\\/\\\/lospoliticosveracruz.com\\\/\",\"logo\":{\"@type\":\"ImageObject\",\"inLanguage\":\"es\",\"@id\":\"https:\\\/\\\/lospoliticosveracruz.com\\\/#\\\/schema\\\/logo\\\/image\\\/\",\"url\":\"https:\\\/\\\/lospoliticosveracruz.com\\\/wp-content\\\/uploads\\\/2025\\\/12\\\/Logo-Nuevo-LOS-POLITICOS-1.jpg\",\"contentUrl\":\"https:\\\/\\\/lospoliticosveracruz.com\\\/wp-content\\\/uploads\\\/2025\\\/12\\\/Logo-Nuevo-LOS-POLITICOS-1.jpg\",\"width\":260,\"height\":70,\"caption\":\"Los pol\u00edticos Veracruz\"},\"image\":{\"@id\":\"https:\\\/\\\/lospoliticosveracruz.com\\\/#\\\/schema\\\/logo\\\/image\\\/\"},\"sameAs\":[\"https:\\\/\\\/www.facebook.com\\\/people\\\/Notimemes-de-los-Polticos\\\/61565672886568\\\/\",\"https:\\\/\\\/x.com\\\/LosPoliticosVer\"]},{\"@type\":\"Person\",\"@id\":\"https:\\\/\\\/lospoliticosveracruz.com\\\/#\\\/schema\\\/person\\\/b8702bb0e538456e6efd07080bf2a4a2\",\"name\":\"Lo viste en Los Pol\u00edticos\",\"image\":{\"@type\":\"ImageObject\",\"inLanguage\":\"es\",\"@id\":\"https:\\\/\\\/secure.gravatar.com\\\/avatar\\\/3a8de04a2656d44082be478bd6c086daa447c4651605818287b9532d3d0bd435?s=96&d=mm&r=g\",\"url\":\"https:\\\/\\\/secure.gravatar.com\\\/avatar\\\/3a8de04a2656d44082be478bd6c086daa447c4651605818287b9532d3d0bd435?s=96&d=mm&r=g\",\"contentUrl\":\"https:\\\/\\\/secure.gravatar.com\\\/avatar\\\/3a8de04a2656d44082be478bd6c086daa447c4651605818287b9532d3d0bd435?s=96&d=mm&r=g\",\"caption\":\"Lo viste en Los Pol\u00edticos\"},\"url\":\"https:\\\/\\\/lospoliticosveracruz.com\\\/?author=2\"}]}<\/script>\n<!-- \/ Yoast SEO plugin. -->","yoast_head_json":{"title":"La educaci\u00f3n como bot\u00edn - Los pol\u00edticos Veracruz","robots":{"index":"index","follow":"follow","max-snippet":"max-snippet:-1","max-image-preview":"max-image-preview:large","max-video-preview":"max-video-preview:-1"},"canonical":"https:\/\/lospoliticosveracruz.com\/?p=20904","og_locale":"es_ES","og_type":"article","og_title":"La educaci\u00f3n como bot\u00edn - Los pol\u00edticos Veracruz","og_description":"Ricardo V\u00e1zquez Salazar Esfera Pol\u00edtica Como nunca antes en la historia, Veracruz vive en medio de una aguda crisis de gobernabilidad: del colapso administrativo p\u00fablico que afecta \u00e1reas prioritarias como Salud y Educaci\u00f3n; del crudo ambiente de violencia e inseguridad contagiado al servicio p\u00fablico. En las comparsas del carnaval pol\u00edtico, las controversias arrecian una vez [&hellip;]","og_url":"https:\/\/lospoliticosveracruz.com\/?p=20904","og_site_name":"Los pol\u00edticos Veracruz","article_publisher":"https:\/\/www.facebook.com\/people\/Notimemes-de-los-Polticos\/61565672886568\/","article_published_time":"2016-02-08T04:19:04+00:00","og_image":[{"width":200,"height":200,"url":"https:\/\/lospoliticosveracruz.com\/wp-content\/uploads\/2016\/07\/Logo-Dor.jpg","type":"image\/jpeg"}],"author":"Lo viste en Los Pol\u00edticos","twitter_card":"summary_large_image","twitter_creator":"@LosPoliticosVer","twitter_site":"@LosPoliticosVer","twitter_misc":{"Escrito por":"Lo viste en Los Pol\u00edticos","Tiempo de lectura":"4 minutos"},"schema":{"@context":"https:\/\/schema.org","@graph":[{"@type":"Article","@id":"https:\/\/lospoliticosveracruz.com\/?p=20904#article","isPartOf":{"@id":"https:\/\/lospoliticosveracruz.com\/?p=20904"},"author":{"name":"Lo viste en Los Pol\u00edticos","@id":"https:\/\/lospoliticosveracruz.com\/#\/schema\/person\/b8702bb0e538456e6efd07080bf2a4a2"},"headline":"La educaci\u00f3n como bot\u00edn","datePublished":"2016-02-08T04:19:04+00:00","mainEntityOfPage":{"@id":"https:\/\/lospoliticosveracruz.com\/?p=20904"},"wordCount":775,"commentCount":0,"publisher":{"@id":"https:\/\/lospoliticosveracruz.com\/#organization"},"keywords":["ASF","Sara Ladr\u00f3n de Guevara","SEV","Universidad Veracruzana","Veracruz"],"articleSection":["De Opini\u00f3n"],"inLanguage":"es","potentialAction":[{"@type":"CommentAction","name":"Comment","target":["https:\/\/lospoliticosveracruz.com\/?p=20904#respond"]}]},{"@type":"WebPage","@id":"https:\/\/lospoliticosveracruz.com\/?p=20904","url":"https:\/\/lospoliticosveracruz.com\/?p=20904","name":"La educaci\u00f3n como bot\u00edn - Los pol\u00edticos Veracruz","isPartOf":{"@id":"https:\/\/lospoliticosveracruz.com\/#website"},"datePublished":"2016-02-08T04:19:04+00:00","breadcrumb":{"@id":"https:\/\/lospoliticosveracruz.com\/?p=20904#breadcrumb"},"inLanguage":"es","potentialAction":[{"@type":"ReadAction","target":["https:\/\/lospoliticosveracruz.com\/?p=20904"]}]},{"@type":"BreadcrumbList","@id":"https:\/\/lospoliticosveracruz.com\/?p=20904#breadcrumb","itemListElement":[{"@type":"ListItem","position":1,"name":"Portada","item":"https:\/\/lospoliticosveracruz.com\/"},{"@type":"ListItem","position":2,"name":"La educaci\u00f3n como bot\u00edn"}]},{"@type":"WebSite","@id":"https:\/\/lospoliticosveracruz.com\/#website","url":"https:\/\/lospoliticosveracruz.com\/","name":"Los pol\u00edticos Veracruz","description":"","publisher":{"@id":"https:\/\/lospoliticosveracruz.com\/#organization"},"potentialAction":[{"@type":"SearchAction","target":{"@type":"EntryPoint","urlTemplate":"https:\/\/lospoliticosveracruz.com\/?s={search_term_string}"},"query-input":{"@type":"PropertyValueSpecification","valueRequired":true,"valueName":"search_term_string"}}],"inLanguage":"es"},{"@type":"Organization","@id":"https:\/\/lospoliticosveracruz.com\/#organization","name":"Los pol\u00edticos Veracruz","url":"https:\/\/lospoliticosveracruz.com\/","logo":{"@type":"ImageObject","inLanguage":"es","@id":"https:\/\/lospoliticosveracruz.com\/#\/schema\/logo\/image\/","url":"https:\/\/lospoliticosveracruz.com\/wp-content\/uploads\/2025\/12\/Logo-Nuevo-LOS-POLITICOS-1.jpg","contentUrl":"https:\/\/lospoliticosveracruz.com\/wp-content\/uploads\/2025\/12\/Logo-Nuevo-LOS-POLITICOS-1.jpg","width":260,"height":70,"caption":"Los pol\u00edticos Veracruz"},"image":{"@id":"https:\/\/lospoliticosveracruz.com\/#\/schema\/logo\/image\/"},"sameAs":["https:\/\/www.facebook.com\/people\/Notimemes-de-los-Polticos\/61565672886568\/","https:\/\/x.com\/LosPoliticosVer"]},{"@type":"Person","@id":"https:\/\/lospoliticosveracruz.com\/#\/schema\/person\/b8702bb0e538456e6efd07080bf2a4a2","name":"Lo viste en Los Pol\u00edticos","image":{"@type":"ImageObject","inLanguage":"es","@id":"https:\/\/secure.gravatar.com\/avatar\/3a8de04a2656d44082be478bd6c086daa447c4651605818287b9532d3d0bd435?s=96&d=mm&r=g","url":"https:\/\/secure.gravatar.com\/avatar\/3a8de04a2656d44082be478bd6c086daa447c4651605818287b9532d3d0bd435?s=96&d=mm&r=g","contentUrl":"https:\/\/secure.gravatar.com\/avatar\/3a8de04a2656d44082be478bd6c086daa447c4651605818287b9532d3d0bd435?s=96&d=mm&r=g","caption":"Lo viste en Los Pol\u00edticos"},"url":"https:\/\/lospoliticosveracruz.com\/?author=2"}]}},"_links":{"self":[{"href":"https:\/\/lospoliticosveracruz.com\/index.php?rest_route=\/wp\/v2\/posts\/20904","targetHints":{"allow":["GET"]}}],"collection":[{"href":"https:\/\/lospoliticosveracruz.com\/index.php?rest_route=\/wp\/v2\/posts"}],"about":[{"href":"https:\/\/lospoliticosveracruz.com\/index.php?rest_route=\/wp\/v2\/types\/post"}],"author":[{"embeddable":true,"href":"https:\/\/lospoliticosveracruz.com\/index.php?rest_route=\/wp\/v2\/users\/2"}],"replies":[{"embeddable":true,"href":"https:\/\/lospoliticosveracruz.com\/index.php?rest_route=%2Fwp%2Fv2%2Fcomments&post=20904"}],"version-history":[{"count":1,"href":"https:\/\/lospoliticosveracruz.com\/index.php?rest_route=\/wp\/v2\/posts\/20904\/revisions"}],"predecessor-version":[{"id":20908,"href":"https:\/\/lospoliticosveracruz.com\/index.php?rest_route=\/wp\/v2\/posts\/20904\/revisions\/20908"}],"wp:attachment":[{"href":"https:\/\/lospoliticosveracruz.com\/index.php?rest_route=%2Fwp%2Fv2%2Fmedia&parent=20904"}],"wp:term":[{"taxonomy":"category","embeddable":true,"href":"https:\/\/lospoliticosveracruz.com\/index.php?rest_route=%2Fwp%2Fv2%2Fcategories&post=20904"},{"taxonomy":"post_tag","embeddable":true,"href":"https:\/\/lospoliticosveracruz.com\/index.php?rest_route=%2Fwp%2Fv2%2Ftags&post=20904"}],"curies":[{"name":"wp","href":"https:\/\/api.w.org\/{rel}","templated":true}]}}