{"id":20997,"date":"2016-02-10T18:04:36","date_gmt":"2016-02-11T00:04:36","guid":{"rendered":"http:\/\/www.lospoliticosveracruz.com.mx\/?p=20997"},"modified":"2016-02-10T18:04:36","modified_gmt":"2016-02-11T00:04:36","slug":"que-dios-nos-agarre-confesados","status":"publish","type":"post","link":"https:\/\/lospoliticosveracruz.com\/?p=20997","title":{"rendered":"\u00bfQu\u00e9 Dios nos agarre confesados?"},"content":{"rendered":"<figure id=\"attachment_16633\" aria-describedby=\"caption-attachment-16633\" style=\"width: 300px\" class=\"wp-caption alignnone\"><a href=\"http:\/\/www.lospoliticosveracruz.com.mx\/wp-content\/uploads\/2015\/06\/Papa-Francisco.jpg\"><img loading=\"lazy\" decoding=\"async\" class=\"size-medium wp-image-16633\" src=\"http:\/\/www.lospoliticosveracruz.com.mx\/wp-content\/uploads\/2015\/06\/Papa-Francisco-300x150.jpg\" alt=\"Pope Francis gives his thumb up as he leaves at the end of his weekly general audience in St. Peter's square at the Vatican, Wednesday, Sept. 4, 2013. (AP Photo\/Riccardo De Luca)\" width=\"300\" height=\"150\" \/><\/a><figcaption id=\"caption-attachment-16633\" class=\"wp-caption-text\">(AP Photo\/Riccardo De Luca)<\/figcaption><\/figure>\n<p><strong>Jorge Arturo Rodr\u00edguez<\/strong><\/p>\n<p><em>Tierra de Babel<\/em><\/p>\n<p>El Papa Francisco en M\u00e9xico, cuanto gaste y desgaste para que el pa\u00eds siga igual o peor, porque no creo que por su visita tan esperada por millones de cat\u00f3licos mexicanos, resuelva la deuda financiera, mucho menos moral, con tantas desapariciones y muertes y corrupci\u00f3n e impunidad y mejor ah\u00ed le paro, porque ciertamente da coraje, pero qu\u00e9 la vamos a hacer, hay que seguirle\u2026 esperando peras del olmo. Dicen que son 84 millones 924 mil 489 cat\u00f3licos en M\u00e9xico y que podr\u00edan ser menos dado que, como un servidor, hay quienes se dicen cat\u00f3licos y no la practicamos. Ah\u00ed est\u00e1 el detalle, Chato.<br \/>\nSeg\u00fan una encuesta aparecida en la revista Nexos (noviembre 2015), 57.6% de los entrevistados dijo ser una persona religiosa; 50.9% dijo creer en el infierno, 44.9% en la suerte y 21.5% en las limpias; S\u00f3lo 20.5% dijo que tomar\u00eda mucho en cuenta la opini\u00f3n de su sacerdote o ministro religioso para tomar una decisi\u00f3n.<br \/>\nSe asienta tambi\u00e9n que la virgen de Guadalupe como s\u00edmbolo nacional permanece vigente: 7 de cada 10 (73%) le pedir\u00edan un favor a la virgen de Guadalupe o a los santos. Al preguntar a los entrevistados por las cualidades que deber\u00eda tener un gobernante, aparecen: honesto, cumplidor, trabajador, que no robe, responsable, que no sea corrupto y confiable, en ese orden.<br \/>\nMe lleva la que me trajo. A ver que nos deja el Papa Francisco: no s\u00f3lo basura en las calles por donde pasar\u00e1 SS. Y que Dios nos agarre confesados.<\/p>\n<p><strong>Los d\u00edas y los temas<\/strong><\/p>\n<p>Bien lo dijo la diputada Gladys Merl\u00edn Castro, presienta de la Comisi\u00f3n de Salud y Asistencia del Congreso estatal, que ante el posible aumento de casos de zika en el pa\u00eds, es urgente intensificar acciones coordinadas de prevenci\u00f3n para combatir al mosquito transmisor, entre los tres \u00f3rdenes de gobierno y la poblaci\u00f3n, a quien exhort\u00f3 a no alarmarse y tomar las medidas necesarias que recomiendan las autoridades del sector salud.<\/p>\n<p><strong>De cinismo y anexas<\/strong><\/p>\n<p>Luis Enr\u00edquez Rodr\u00edguez Villalvazo, autor del libro Caligraf\u00eda de la violencia que fue presentado este mi\u00e9rcoles 10 de febrero del a\u00f1o en curso por Raciel D. Mart\u00ednez, Jos\u00e9 Luis Mart\u00ednez Su\u00e1rez y Juan Antonio Nemi Dib, se pregunta: \u201c\u00bfDe d\u00f3nde nace, qui\u00e9n impele el sentimiento de gozo de quien corta un miembro, desprende una cabeza, ya no de un tajo, si no haciendo resbalar el cuchillo por los pliegues de la carne, oyendo el gorgoteo de la sangre, el silencio de una voz que yo no dice, que ya no es? Me equivoco quiz\u00e1s, \u00bfes acaso que sobreviene disfrute alguno de ello?\u201d.<br \/>\nEn el pr\u00f3logo, Juan Antonio Nemi Dib escribe que \u201cel libro se propone explicar c\u00f3mo la violencia ha sido [es] la herramienta de los c\u00e1rteles para mostrar su poder y cu\u00e1les son sus factores desencadenantes \u2013seg\u00fan el psicoan\u00e1lisis- como el uso de droga, alcohol, familias disfuncionales, pobreza, impunidad, entre otros\u201d. Luego agrega: \u201c\u2026 es irrefutable que la seguridad p\u00fablica y la protecci\u00f3n de la vida y el patrimonio de las personas es obligaci\u00f3n primaria y esencial del Estado\u2026\u201d A leerlo.<br \/>\nEn una entrevista concedida a la \u201cRevista R\u201d (Diario Reforma, 7 de febrero de 2016) a Marcelo Larraquy, historiador y periodista, se le pregunt\u00f3 \u201c\u00bfQu\u00e9 debe esperar M\u00e9xico de la visita del Papa?\u201d. A lo que contest\u00f3: \u201cQue ser\u00e1 un convulsi\u00f3n que dar\u00e1 aire a todo lo que ya est\u00e1 asfixiado o escondido\u201d. As\u00ed sea.<br \/>\nPor lo pronto ah\u00ed se ven.<\/p>\n","protected":false},"excerpt":{"rendered":"<p>Jorge Arturo Rodr\u00edguez Tierra de Babel El Papa Francisco en M\u00e9xico, cuanto gaste y desgaste para que el pa\u00eds siga igual o peor, porque no creo que por su visita tan esperada por millones de cat\u00f3licos mexicanos, resuelva la deuda financiera, mucho menos moral, con tantas desapariciones y muertes y corrupci\u00f3n e impunidad y mejor [&hellip;]<\/p>\n","protected":false},"author":2,"featured_media":0,"comment_status":"open","ping_status":"open","sticky":false,"template":"","format":"standard","meta":{"tdm_status":"","tdm_grid_status":"","footnotes":""},"categories":[70],"tags":[996,395,671],"class_list":{"0":"post-20997","1":"post","2":"type-post","3":"status-publish","4":"format-standard","6":"category-de-opinion","7":"tag-juan-antonio-nemi-dib","8":"tag-mexico","9":"tag-papa-francisco"},"yoast_head":"<!-- This site is optimized with the Yoast SEO plugin v27.4 - https:\/\/yoast.com\/product\/yoast-seo-wordpress\/ -->\n<title>\u00bfQu\u00e9 Dios nos agarre confesados? - Los pol\u00edticos Veracruz<\/title>\n<meta name=\"robots\" content=\"index, follow, max-snippet:-1, max-image-preview:large, max-video-preview:-1\" \/>\n<link rel=\"canonical\" href=\"https:\/\/lospoliticosveracruz.com\/?p=20997\" \/>\n<meta property=\"og:locale\" content=\"es_ES\" \/>\n<meta property=\"og:type\" content=\"article\" \/>\n<meta property=\"og:title\" content=\"\u00bfQu\u00e9 Dios nos agarre confesados? - Los pol\u00edticos Veracruz\" \/>\n<meta property=\"og:description\" content=\"Jorge Arturo Rodr\u00edguez Tierra de Babel El Papa Francisco en M\u00e9xico, cuanto gaste y desgaste para que el pa\u00eds siga igual o peor, porque no creo que por su visita tan esperada por millones de cat\u00f3licos mexicanos, resuelva la deuda financiera, mucho menos moral, con tantas desapariciones y muertes y corrupci\u00f3n e impunidad y mejor [&hellip;]\" \/>\n<meta property=\"og:url\" content=\"https:\/\/lospoliticosveracruz.com\/?p=20997\" \/>\n<meta property=\"og:site_name\" content=\"Los pol\u00edticos Veracruz\" \/>\n<meta property=\"article:publisher\" content=\"https:\/\/www.facebook.com\/people\/Notimemes-de-los-Polticos\/61565672886568\/\" \/>\n<meta property=\"article:published_time\" content=\"2016-02-11T00:04:36+00:00\" \/>\n<meta property=\"og:image\" content=\"http:\/\/www.lospoliticosveracruz.com.mx\/wp-content\/uploads\/2015\/06\/Papa-Francisco-300x150.jpg\" \/>\n<meta name=\"author\" content=\"Lo viste en Los Pol\u00edticos\" \/>\n<meta name=\"twitter:card\" content=\"summary_large_image\" \/>\n<meta name=\"twitter:creator\" content=\"@LosPoliticosVer\" \/>\n<meta name=\"twitter:site\" content=\"@LosPoliticosVer\" \/>\n<meta name=\"twitter:label1\" content=\"Escrito por\" \/>\n\t<meta name=\"twitter:data1\" content=\"Lo viste en Los Pol\u00edticos\" \/>\n\t<meta name=\"twitter:label2\" content=\"Tiempo de lectura\" \/>\n\t<meta name=\"twitter:data2\" content=\"3 minutos\" \/>\n<script type=\"application\/ld+json\" class=\"yoast-schema-graph\">{\"@context\":\"https:\\\/\\\/schema.org\",\"@graph\":[{\"@type\":\"Article\",\"@id\":\"https:\\\/\\\/lospoliticosveracruz.com\\\/?p=20997#article\",\"isPartOf\":{\"@id\":\"https:\\\/\\\/lospoliticosveracruz.com\\\/?p=20997\"},\"author\":{\"name\":\"Lo viste en Los Pol\u00edticos\",\"@id\":\"https:\\\/\\\/lospoliticosveracruz.com\\\/#\\\/schema\\\/person\\\/b8702bb0e538456e6efd07080bf2a4a2\"},\"headline\":\"\u00bfQu\u00e9 Dios nos agarre confesados?\",\"datePublished\":\"2016-02-11T00:04:36+00:00\",\"mainEntityOfPage\":{\"@id\":\"https:\\\/\\\/lospoliticosveracruz.com\\\/?p=20997\"},\"wordCount\":625,\"commentCount\":0,\"publisher\":{\"@id\":\"https:\\\/\\\/lospoliticosveracruz.com\\\/#organization\"},\"image\":{\"@id\":\"https:\\\/\\\/lospoliticosveracruz.com\\\/?p=20997#primaryimage\"},\"thumbnailUrl\":\"http:\\\/\\\/www.lospoliticosveracruz.com.mx\\\/wp-content\\\/uploads\\\/2015\\\/06\\\/Papa-Francisco-300x150.jpg\",\"keywords\":[\"Juan Antonio Nemi Dib\",\"M\u00e9xico\",\"Papa Francisco\"],\"articleSection\":[\"De Opini\u00f3n\"],\"inLanguage\":\"es\",\"potentialAction\":[{\"@type\":\"CommentAction\",\"name\":\"Comment\",\"target\":[\"https:\\\/\\\/lospoliticosveracruz.com\\\/?p=20997#respond\"]}]},{\"@type\":\"WebPage\",\"@id\":\"https:\\\/\\\/lospoliticosveracruz.com\\\/?p=20997\",\"url\":\"https:\\\/\\\/lospoliticosveracruz.com\\\/?p=20997\",\"name\":\"\u00bfQu\u00e9 Dios nos agarre confesados? - Los pol\u00edticos Veracruz\",\"isPartOf\":{\"@id\":\"https:\\\/\\\/lospoliticosveracruz.com\\\/#website\"},\"primaryImageOfPage\":{\"@id\":\"https:\\\/\\\/lospoliticosveracruz.com\\\/?p=20997#primaryimage\"},\"image\":{\"@id\":\"https:\\\/\\\/lospoliticosveracruz.com\\\/?p=20997#primaryimage\"},\"thumbnailUrl\":\"http:\\\/\\\/www.lospoliticosveracruz.com.mx\\\/wp-content\\\/uploads\\\/2015\\\/06\\\/Papa-Francisco-300x150.jpg\",\"datePublished\":\"2016-02-11T00:04:36+00:00\",\"breadcrumb\":{\"@id\":\"https:\\\/\\\/lospoliticosveracruz.com\\\/?p=20997#breadcrumb\"},\"inLanguage\":\"es\",\"potentialAction\":[{\"@type\":\"ReadAction\",\"target\":[\"https:\\\/\\\/lospoliticosveracruz.com\\\/?p=20997\"]}]},{\"@type\":\"ImageObject\",\"inLanguage\":\"es\",\"@id\":\"https:\\\/\\\/lospoliticosveracruz.com\\\/?p=20997#primaryimage\",\"url\":\"http:\\\/\\\/www.lospoliticosveracruz.com.mx\\\/wp-content\\\/uploads\\\/2015\\\/06\\\/Papa-Francisco-300x150.jpg\",\"contentUrl\":\"http:\\\/\\\/www.lospoliticosveracruz.com.mx\\\/wp-content\\\/uploads\\\/2015\\\/06\\\/Papa-Francisco-300x150.jpg\"},{\"@type\":\"BreadcrumbList\",\"@id\":\"https:\\\/\\\/lospoliticosveracruz.com\\\/?p=20997#breadcrumb\",\"itemListElement\":[{\"@type\":\"ListItem\",\"position\":1,\"name\":\"Portada\",\"item\":\"https:\\\/\\\/lospoliticosveracruz.com\\\/\"},{\"@type\":\"ListItem\",\"position\":2,\"name\":\"\u00bfQu\u00e9 Dios nos agarre confesados?\"}]},{\"@type\":\"WebSite\",\"@id\":\"https:\\\/\\\/lospoliticosveracruz.com\\\/#website\",\"url\":\"https:\\\/\\\/lospoliticosveracruz.com\\\/\",\"name\":\"Los pol\u00edticos Veracruz\",\"description\":\"\",\"publisher\":{\"@id\":\"https:\\\/\\\/lospoliticosveracruz.com\\\/#organization\"},\"potentialAction\":[{\"@type\":\"SearchAction\",\"target\":{\"@type\":\"EntryPoint\",\"urlTemplate\":\"https:\\\/\\\/lospoliticosveracruz.com\\\/?s={search_term_string}\"},\"query-input\":{\"@type\":\"PropertyValueSpecification\",\"valueRequired\":true,\"valueName\":\"search_term_string\"}}],\"inLanguage\":\"es\"},{\"@type\":\"Organization\",\"@id\":\"https:\\\/\\\/lospoliticosveracruz.com\\\/#organization\",\"name\":\"Los pol\u00edticos Veracruz\",\"url\":\"https:\\\/\\\/lospoliticosveracruz.com\\\/\",\"logo\":{\"@type\":\"ImageObject\",\"inLanguage\":\"es\",\"@id\":\"https:\\\/\\\/lospoliticosveracruz.com\\\/#\\\/schema\\\/logo\\\/image\\\/\",\"url\":\"https:\\\/\\\/lospoliticosveracruz.com\\\/wp-content\\\/uploads\\\/2025\\\/12\\\/Logo-Nuevo-LOS-POLITICOS-1.jpg\",\"contentUrl\":\"https:\\\/\\\/lospoliticosveracruz.com\\\/wp-content\\\/uploads\\\/2025\\\/12\\\/Logo-Nuevo-LOS-POLITICOS-1.jpg\",\"width\":260,\"height\":70,\"caption\":\"Los pol\u00edticos Veracruz\"},\"image\":{\"@id\":\"https:\\\/\\\/lospoliticosveracruz.com\\\/#\\\/schema\\\/logo\\\/image\\\/\"},\"sameAs\":[\"https:\\\/\\\/www.facebook.com\\\/people\\\/Notimemes-de-los-Polticos\\\/61565672886568\\\/\",\"https:\\\/\\\/x.com\\\/LosPoliticosVer\"]},{\"@type\":\"Person\",\"@id\":\"https:\\\/\\\/lospoliticosveracruz.com\\\/#\\\/schema\\\/person\\\/b8702bb0e538456e6efd07080bf2a4a2\",\"name\":\"Lo viste en Los Pol\u00edticos\",\"image\":{\"@type\":\"ImageObject\",\"inLanguage\":\"es\",\"@id\":\"https:\\\/\\\/secure.gravatar.com\\\/avatar\\\/3a8de04a2656d44082be478bd6c086daa447c4651605818287b9532d3d0bd435?s=96&d=mm&r=g\",\"url\":\"https:\\\/\\\/secure.gravatar.com\\\/avatar\\\/3a8de04a2656d44082be478bd6c086daa447c4651605818287b9532d3d0bd435?s=96&d=mm&r=g\",\"contentUrl\":\"https:\\\/\\\/secure.gravatar.com\\\/avatar\\\/3a8de04a2656d44082be478bd6c086daa447c4651605818287b9532d3d0bd435?s=96&d=mm&r=g\",\"caption\":\"Lo viste en Los Pol\u00edticos\"},\"url\":\"https:\\\/\\\/lospoliticosveracruz.com\\\/?author=2\"}]}<\/script>\n<!-- \/ Yoast SEO plugin. -->","yoast_head_json":{"title":"\u00bfQu\u00e9 Dios nos agarre confesados? - Los pol\u00edticos Veracruz","robots":{"index":"index","follow":"follow","max-snippet":"max-snippet:-1","max-image-preview":"max-image-preview:large","max-video-preview":"max-video-preview:-1"},"canonical":"https:\/\/lospoliticosveracruz.com\/?p=20997","og_locale":"es_ES","og_type":"article","og_title":"\u00bfQu\u00e9 Dios nos agarre confesados? - Los pol\u00edticos Veracruz","og_description":"Jorge Arturo Rodr\u00edguez Tierra de Babel El Papa Francisco en M\u00e9xico, cuanto gaste y desgaste para que el pa\u00eds siga igual o peor, porque no creo que por su visita tan esperada por millones de cat\u00f3licos mexicanos, resuelva la deuda financiera, mucho menos moral, con tantas desapariciones y muertes y corrupci\u00f3n e impunidad y mejor [&hellip;]","og_url":"https:\/\/lospoliticosveracruz.com\/?p=20997","og_site_name":"Los pol\u00edticos Veracruz","article_publisher":"https:\/\/www.facebook.com\/people\/Notimemes-de-los-Polticos\/61565672886568\/","article_published_time":"2016-02-11T00:04:36+00:00","og_image":[{"url":"http:\/\/www.lospoliticosveracruz.com.mx\/wp-content\/uploads\/2015\/06\/Papa-Francisco-300x150.jpg","type":"","width":"","height":""}],"author":"Lo viste en Los Pol\u00edticos","twitter_card":"summary_large_image","twitter_creator":"@LosPoliticosVer","twitter_site":"@LosPoliticosVer","twitter_misc":{"Escrito por":"Lo viste en Los Pol\u00edticos","Tiempo de lectura":"3 minutos"},"schema":{"@context":"https:\/\/schema.org","@graph":[{"@type":"Article","@id":"https:\/\/lospoliticosveracruz.com\/?p=20997#article","isPartOf":{"@id":"https:\/\/lospoliticosveracruz.com\/?p=20997"},"author":{"name":"Lo viste en Los Pol\u00edticos","@id":"https:\/\/lospoliticosveracruz.com\/#\/schema\/person\/b8702bb0e538456e6efd07080bf2a4a2"},"headline":"\u00bfQu\u00e9 Dios nos agarre confesados?","datePublished":"2016-02-11T00:04:36+00:00","mainEntityOfPage":{"@id":"https:\/\/lospoliticosveracruz.com\/?p=20997"},"wordCount":625,"commentCount":0,"publisher":{"@id":"https:\/\/lospoliticosveracruz.com\/#organization"},"image":{"@id":"https:\/\/lospoliticosveracruz.com\/?p=20997#primaryimage"},"thumbnailUrl":"http:\/\/www.lospoliticosveracruz.com.mx\/wp-content\/uploads\/2015\/06\/Papa-Francisco-300x150.jpg","keywords":["Juan Antonio Nemi Dib","M\u00e9xico","Papa Francisco"],"articleSection":["De Opini\u00f3n"],"inLanguage":"es","potentialAction":[{"@type":"CommentAction","name":"Comment","target":["https:\/\/lospoliticosveracruz.com\/?p=20997#respond"]}]},{"@type":"WebPage","@id":"https:\/\/lospoliticosveracruz.com\/?p=20997","url":"https:\/\/lospoliticosveracruz.com\/?p=20997","name":"\u00bfQu\u00e9 Dios nos agarre confesados? - Los pol\u00edticos Veracruz","isPartOf":{"@id":"https:\/\/lospoliticosveracruz.com\/#website"},"primaryImageOfPage":{"@id":"https:\/\/lospoliticosveracruz.com\/?p=20997#primaryimage"},"image":{"@id":"https:\/\/lospoliticosveracruz.com\/?p=20997#primaryimage"},"thumbnailUrl":"http:\/\/www.lospoliticosveracruz.com.mx\/wp-content\/uploads\/2015\/06\/Papa-Francisco-300x150.jpg","datePublished":"2016-02-11T00:04:36+00:00","breadcrumb":{"@id":"https:\/\/lospoliticosveracruz.com\/?p=20997#breadcrumb"},"inLanguage":"es","potentialAction":[{"@type":"ReadAction","target":["https:\/\/lospoliticosveracruz.com\/?p=20997"]}]},{"@type":"ImageObject","inLanguage":"es","@id":"https:\/\/lospoliticosveracruz.com\/?p=20997#primaryimage","url":"http:\/\/www.lospoliticosveracruz.com.mx\/wp-content\/uploads\/2015\/06\/Papa-Francisco-300x150.jpg","contentUrl":"http:\/\/www.lospoliticosveracruz.com.mx\/wp-content\/uploads\/2015\/06\/Papa-Francisco-300x150.jpg"},{"@type":"BreadcrumbList","@id":"https:\/\/lospoliticosveracruz.com\/?p=20997#breadcrumb","itemListElement":[{"@type":"ListItem","position":1,"name":"Portada","item":"https:\/\/lospoliticosveracruz.com\/"},{"@type":"ListItem","position":2,"name":"\u00bfQu\u00e9 Dios nos agarre confesados?"}]},{"@type":"WebSite","@id":"https:\/\/lospoliticosveracruz.com\/#website","url":"https:\/\/lospoliticosveracruz.com\/","name":"Los pol\u00edticos Veracruz","description":"","publisher":{"@id":"https:\/\/lospoliticosveracruz.com\/#organization"},"potentialAction":[{"@type":"SearchAction","target":{"@type":"EntryPoint","urlTemplate":"https:\/\/lospoliticosveracruz.com\/?s={search_term_string}"},"query-input":{"@type":"PropertyValueSpecification","valueRequired":true,"valueName":"search_term_string"}}],"inLanguage":"es"},{"@type":"Organization","@id":"https:\/\/lospoliticosveracruz.com\/#organization","name":"Los pol\u00edticos Veracruz","url":"https:\/\/lospoliticosveracruz.com\/","logo":{"@type":"ImageObject","inLanguage":"es","@id":"https:\/\/lospoliticosveracruz.com\/#\/schema\/logo\/image\/","url":"https:\/\/lospoliticosveracruz.com\/wp-content\/uploads\/2025\/12\/Logo-Nuevo-LOS-POLITICOS-1.jpg","contentUrl":"https:\/\/lospoliticosveracruz.com\/wp-content\/uploads\/2025\/12\/Logo-Nuevo-LOS-POLITICOS-1.jpg","width":260,"height":70,"caption":"Los pol\u00edticos Veracruz"},"image":{"@id":"https:\/\/lospoliticosveracruz.com\/#\/schema\/logo\/image\/"},"sameAs":["https:\/\/www.facebook.com\/people\/Notimemes-de-los-Polticos\/61565672886568\/","https:\/\/x.com\/LosPoliticosVer"]},{"@type":"Person","@id":"https:\/\/lospoliticosveracruz.com\/#\/schema\/person\/b8702bb0e538456e6efd07080bf2a4a2","name":"Lo viste en Los Pol\u00edticos","image":{"@type":"ImageObject","inLanguage":"es","@id":"https:\/\/secure.gravatar.com\/avatar\/3a8de04a2656d44082be478bd6c086daa447c4651605818287b9532d3d0bd435?s=96&d=mm&r=g","url":"https:\/\/secure.gravatar.com\/avatar\/3a8de04a2656d44082be478bd6c086daa447c4651605818287b9532d3d0bd435?s=96&d=mm&r=g","contentUrl":"https:\/\/secure.gravatar.com\/avatar\/3a8de04a2656d44082be478bd6c086daa447c4651605818287b9532d3d0bd435?s=96&d=mm&r=g","caption":"Lo viste en Los Pol\u00edticos"},"url":"https:\/\/lospoliticosveracruz.com\/?author=2"}]}},"_links":{"self":[{"href":"https:\/\/lospoliticosveracruz.com\/index.php?rest_route=\/wp\/v2\/posts\/20997","targetHints":{"allow":["GET"]}}],"collection":[{"href":"https:\/\/lospoliticosveracruz.com\/index.php?rest_route=\/wp\/v2\/posts"}],"about":[{"href":"https:\/\/lospoliticosveracruz.com\/index.php?rest_route=\/wp\/v2\/types\/post"}],"author":[{"embeddable":true,"href":"https:\/\/lospoliticosveracruz.com\/index.php?rest_route=\/wp\/v2\/users\/2"}],"replies":[{"embeddable":true,"href":"https:\/\/lospoliticosveracruz.com\/index.php?rest_route=%2Fwp%2Fv2%2Fcomments&post=20997"}],"version-history":[{"count":1,"href":"https:\/\/lospoliticosveracruz.com\/index.php?rest_route=\/wp\/v2\/posts\/20997\/revisions"}],"predecessor-version":[{"id":20998,"href":"https:\/\/lospoliticosveracruz.com\/index.php?rest_route=\/wp\/v2\/posts\/20997\/revisions\/20998"}],"wp:attachment":[{"href":"https:\/\/lospoliticosveracruz.com\/index.php?rest_route=%2Fwp%2Fv2%2Fmedia&parent=20997"}],"wp:term":[{"taxonomy":"category","embeddable":true,"href":"https:\/\/lospoliticosveracruz.com\/index.php?rest_route=%2Fwp%2Fv2%2Fcategories&post=20997"},{"taxonomy":"post_tag","embeddable":true,"href":"https:\/\/lospoliticosveracruz.com\/index.php?rest_route=%2Fwp%2Fv2%2Ftags&post=20997"}],"curies":[{"name":"wp","href":"https:\/\/api.w.org\/{rel}","templated":true}]}}