{"id":21004,"date":"2016-02-10T21:21:04","date_gmt":"2016-02-11T03:21:04","guid":{"rendered":"http:\/\/www.lospoliticosveracruz.com.mx\/?p=21004"},"modified":"2016-02-10T21:21:04","modified_gmt":"2016-02-11T03:21:04","slug":"un-hombre-excepcional","status":"publish","type":"post","link":"https:\/\/lospoliticosveracruz.com\/?p=21004","title":{"rendered":"Un hombre excepcional"},"content":{"rendered":"<p><a href=\"http:\/\/www.lospoliticosveracruz.com.mx\/wp-content\/uploads\/2016\/02\/colosio.jpg\"><img loading=\"lazy\" decoding=\"async\" class=\"alignnone size-medium wp-image-21006\" src=\"http:\/\/www.lospoliticosveracruz.com.mx\/wp-content\/uploads\/2016\/02\/colosio-300x145.jpg\" alt=\"colosio\" width=\"300\" height=\"145\" \/><\/a><\/p>\n<p><strong>Rodrigo Montoya Rivera<\/strong><br \/>\n<em>Ideas<\/em><\/p>\n<p>Escribe Gualupe Loeza en su obra Hombres, \u00bfmaravillosos?: \u201cAldo siempre fue un ni\u00f1o sincero y servicial. Cuando terminaba de hacer sus tareas, acud\u00eda al banco para hacer tr\u00e1mites a nombre de su padre, quien entonces era comerciante de minerales y ganadero. Una ma\u00f1ana lo mand\u00f3 a llamar el Director, \u00bfTe gustar\u00eda hacer un viaje a la ciudad de M\u00e9xico?, le pregunt\u00f3 mir\u00e1ndolo fijamente. Aldo no entend\u00eda. Por un momento temi\u00f3 que lo estuvieran enviando a otro colegio. Si, dijo con la cabeza. Pues bien-dijo el Director- este premio te lo has ganado a pulso. La semana que viene ir\u00e1s a saludar al Presidente de M\u00e9xico\u201d (Loeza, Guadalupe, 2003).<\/p>\n<p>Un d\u00eda como el de ayer pero de hace 66 a\u00f1os, naci\u00f3 en Magdalena de Kino, un peque\u00f1o pueblo de Sonora, quien fuera Diputado Federal, Senador de la Rep\u00fablica, Presidente del CEN del PRI, y Secretario de Desarrollo Social en el gabinete del Presidente Salinas de Gortari, y quien dotado una completa calidad pol\u00edtica y humana, aspir\u00f3 a ser Presidente de la Rep\u00fablica Mexicana.<\/p>\n<p>Egresado como Economista del Instituto Tecnol\u00f3gico de Estudios Superiores de Monterrey y estudiante de la Universidad Pensilvania, se desempe\u00f1\u00f3 en varias ocasiones como profesor en el Colegio de M\u00e9xico, UNAM y la An\u00e1huac, conociendo de esta \u00faltima instituci\u00f3n a Diana Laura Riojas, quien posteriormente se convertir\u00eda en su esposa y madre de sus hijos.<br \/>\nSu actividad partidista y profesional, le vali\u00f3 para trabajar desde distintos cargos como servidor p\u00fablico, ya que en un gabinete tan completo como era el del Presidente Salinas, y compuesto por un grupo compacto de tecn\u00f3cratas, encajaba bien en cada uno de los supuestos profesionales.<\/p>\n<p>Por supuesto estamos hablando de Luis Donaldo Colosio Murrieta, quien en un suceso tr\u00e1gico e hist\u00f3rico para la naci\u00f3n mexicana, perdi\u00f3 la vida en un recorrido de campa\u00f1a que se convirti\u00f3 en un atentado, en Lomas Taurinas, Tijuana, el 23 de marzo de 1994. Colosio, se perfilaba con una pol\u00edtica de inclusi\u00f3n, de grandes retos para M\u00e9xico, pero sobre todo de grandes beneficios para los ciudadanos, tal y como qued\u00f3 plasmado, en lo que posiblemente se ha convertido en uno de los discursos de mayor impacto en la historia pol\u00edtica de M\u00e9xico.<\/p>\n<p>\u00abVeo un M\u00e9xico con hambre y con sed de justicia\u201d, era uno de los versos que el candidato a la presidencia de la Rep\u00fablica discursaba ante una multitud emocionada y llena de clamores el 6 de marzo de 1994, en el Monumento a la Revoluci\u00f3n, durante el aniversario del PRI y que posteriormente ser\u00eda una de los pasajes hist\u00f3ricos que m\u00e1s se recordar\u00edan hasta nuestros d\u00edas.<\/p>\n<p>El legado de Luis Donaldo, es infinito, trasciende las culturas e ideolog\u00edas partidistas a\u00fan en un pa\u00eds con tanta pluralidad de ideas como lo es M\u00e9xico, por lo que recordar su natalicio, es tambi\u00e9n recordar su sentir, y su preocupaci\u00f3n por las causas nobles y justas de nuestro pa\u00eds, sin duda una mentalidad fuera de serie en un pol\u00edtico excepcional.<\/p>\n<p>Sin embargo, recordar su ideolog\u00eda, es tambi\u00e9n un llamado a hacer mejor las cosas cada d\u00eda, a poner empe\u00f1o en cada una de las acciones y proyectos que emprendamos, pues sin duda alguna, es ejemplo de generaciones, hoy y siempre.<\/p>\n","protected":false},"excerpt":{"rendered":"<p>Rodrigo Montoya Rivera Ideas Escribe Gualupe Loeza en su obra Hombres, \u00bfmaravillosos?: \u201cAldo siempre fue un ni\u00f1o sincero y servicial. Cuando terminaba de hacer sus tareas, acud\u00eda al banco para hacer tr\u00e1mites a nombre de su padre, quien entonces era comerciante de minerales y ganadero. Una ma\u00f1ana lo mand\u00f3 a llamar el Director, \u00bfTe gustar\u00eda [&hellip;]<\/p>\n","protected":false},"author":2,"featured_media":0,"comment_status":"open","ping_status":"open","sticky":false,"template":"","format":"standard","meta":{"tdm_status":"","tdm_grid_status":"","footnotes":""},"categories":[70],"tags":[4760],"class_list":{"0":"post-21004","1":"post","2":"type-post","3":"status-publish","4":"format-standard","6":"category-de-opinion","7":"tag-luis-donaldo-colosio-murrieta"},"yoast_head":"<!-- This site is optimized with the Yoast SEO plugin v27.4 - https:\/\/yoast.com\/product\/yoast-seo-wordpress\/ -->\n<title>Un hombre excepcional - Los pol\u00edticos Veracruz<\/title>\n<meta name=\"robots\" content=\"index, follow, max-snippet:-1, max-image-preview:large, max-video-preview:-1\" \/>\n<link rel=\"canonical\" href=\"https:\/\/lospoliticosveracruz.com\/?p=21004\" \/>\n<meta property=\"og:locale\" content=\"es_ES\" \/>\n<meta property=\"og:type\" content=\"article\" \/>\n<meta property=\"og:title\" content=\"Un hombre excepcional - Los pol\u00edticos Veracruz\" \/>\n<meta property=\"og:description\" content=\"Rodrigo Montoya Rivera Ideas Escribe Gualupe Loeza en su obra Hombres, \u00bfmaravillosos?: \u201cAldo siempre fue un ni\u00f1o sincero y servicial. Cuando terminaba de hacer sus tareas, acud\u00eda al banco para hacer tr\u00e1mites a nombre de su padre, quien entonces era comerciante de minerales y ganadero. Una ma\u00f1ana lo mand\u00f3 a llamar el Director, \u00bfTe gustar\u00eda [&hellip;]\" \/>\n<meta property=\"og:url\" content=\"https:\/\/lospoliticosveracruz.com\/?p=21004\" \/>\n<meta property=\"og:site_name\" content=\"Los pol\u00edticos Veracruz\" \/>\n<meta property=\"article:publisher\" content=\"https:\/\/www.facebook.com\/people\/Notimemes-de-los-Polticos\/61565672886568\/\" \/>\n<meta property=\"article:published_time\" content=\"2016-02-11T03:21:04+00:00\" \/>\n<meta property=\"og:image\" content=\"http:\/\/www.lospoliticosveracruz.com.mx\/wp-content\/uploads\/2016\/02\/colosio-300x145.jpg\" \/>\n<meta name=\"author\" content=\"Lo viste en Los Pol\u00edticos\" \/>\n<meta name=\"twitter:card\" content=\"summary_large_image\" \/>\n<meta name=\"twitter:creator\" content=\"@LosPoliticosVer\" \/>\n<meta name=\"twitter:site\" content=\"@LosPoliticosVer\" \/>\n<meta name=\"twitter:label1\" content=\"Escrito por\" \/>\n\t<meta name=\"twitter:data1\" content=\"Lo viste en Los Pol\u00edticos\" \/>\n\t<meta name=\"twitter:label2\" content=\"Tiempo de lectura\" \/>\n\t<meta name=\"twitter:data2\" content=\"3 minutos\" \/>\n<script type=\"application\/ld+json\" class=\"yoast-schema-graph\">{\"@context\":\"https:\\\/\\\/schema.org\",\"@graph\":[{\"@type\":\"Article\",\"@id\":\"https:\\\/\\\/lospoliticosveracruz.com\\\/?p=21004#article\",\"isPartOf\":{\"@id\":\"https:\\\/\\\/lospoliticosveracruz.com\\\/?p=21004\"},\"author\":{\"name\":\"Lo viste en Los Pol\u00edticos\",\"@id\":\"https:\\\/\\\/lospoliticosveracruz.com\\\/#\\\/schema\\\/person\\\/b8702bb0e538456e6efd07080bf2a4a2\"},\"headline\":\"Un hombre excepcional\",\"datePublished\":\"2016-02-11T03:21:04+00:00\",\"mainEntityOfPage\":{\"@id\":\"https:\\\/\\\/lospoliticosveracruz.com\\\/?p=21004\"},\"wordCount\":582,\"commentCount\":0,\"publisher\":{\"@id\":\"https:\\\/\\\/lospoliticosveracruz.com\\\/#organization\"},\"image\":{\"@id\":\"https:\\\/\\\/lospoliticosveracruz.com\\\/?p=21004#primaryimage\"},\"thumbnailUrl\":\"http:\\\/\\\/www.lospoliticosveracruz.com.mx\\\/wp-content\\\/uploads\\\/2016\\\/02\\\/colosio-300x145.jpg\",\"keywords\":[\"Luis Donaldo Colosio Murrieta\"],\"articleSection\":[\"De Opini\u00f3n\"],\"inLanguage\":\"es\",\"potentialAction\":[{\"@type\":\"CommentAction\",\"name\":\"Comment\",\"target\":[\"https:\\\/\\\/lospoliticosveracruz.com\\\/?p=21004#respond\"]}]},{\"@type\":\"WebPage\",\"@id\":\"https:\\\/\\\/lospoliticosveracruz.com\\\/?p=21004\",\"url\":\"https:\\\/\\\/lospoliticosveracruz.com\\\/?p=21004\",\"name\":\"Un hombre excepcional - Los pol\u00edticos Veracruz\",\"isPartOf\":{\"@id\":\"https:\\\/\\\/lospoliticosveracruz.com\\\/#website\"},\"primaryImageOfPage\":{\"@id\":\"https:\\\/\\\/lospoliticosveracruz.com\\\/?p=21004#primaryimage\"},\"image\":{\"@id\":\"https:\\\/\\\/lospoliticosveracruz.com\\\/?p=21004#primaryimage\"},\"thumbnailUrl\":\"http:\\\/\\\/www.lospoliticosveracruz.com.mx\\\/wp-content\\\/uploads\\\/2016\\\/02\\\/colosio-300x145.jpg\",\"datePublished\":\"2016-02-11T03:21:04+00:00\",\"breadcrumb\":{\"@id\":\"https:\\\/\\\/lospoliticosveracruz.com\\\/?p=21004#breadcrumb\"},\"inLanguage\":\"es\",\"potentialAction\":[{\"@type\":\"ReadAction\",\"target\":[\"https:\\\/\\\/lospoliticosveracruz.com\\\/?p=21004\"]}]},{\"@type\":\"ImageObject\",\"inLanguage\":\"es\",\"@id\":\"https:\\\/\\\/lospoliticosveracruz.com\\\/?p=21004#primaryimage\",\"url\":\"http:\\\/\\\/www.lospoliticosveracruz.com.mx\\\/wp-content\\\/uploads\\\/2016\\\/02\\\/colosio-300x145.jpg\",\"contentUrl\":\"http:\\\/\\\/www.lospoliticosveracruz.com.mx\\\/wp-content\\\/uploads\\\/2016\\\/02\\\/colosio-300x145.jpg\"},{\"@type\":\"BreadcrumbList\",\"@id\":\"https:\\\/\\\/lospoliticosveracruz.com\\\/?p=21004#breadcrumb\",\"itemListElement\":[{\"@type\":\"ListItem\",\"position\":1,\"name\":\"Portada\",\"item\":\"https:\\\/\\\/lospoliticosveracruz.com\\\/\"},{\"@type\":\"ListItem\",\"position\":2,\"name\":\"Un hombre excepcional\"}]},{\"@type\":\"WebSite\",\"@id\":\"https:\\\/\\\/lospoliticosveracruz.com\\\/#website\",\"url\":\"https:\\\/\\\/lospoliticosveracruz.com\\\/\",\"name\":\"Los pol\u00edticos Veracruz\",\"description\":\"\",\"publisher\":{\"@id\":\"https:\\\/\\\/lospoliticosveracruz.com\\\/#organization\"},\"potentialAction\":[{\"@type\":\"SearchAction\",\"target\":{\"@type\":\"EntryPoint\",\"urlTemplate\":\"https:\\\/\\\/lospoliticosveracruz.com\\\/?s={search_term_string}\"},\"query-input\":{\"@type\":\"PropertyValueSpecification\",\"valueRequired\":true,\"valueName\":\"search_term_string\"}}],\"inLanguage\":\"es\"},{\"@type\":\"Organization\",\"@id\":\"https:\\\/\\\/lospoliticosveracruz.com\\\/#organization\",\"name\":\"Los pol\u00edticos Veracruz\",\"url\":\"https:\\\/\\\/lospoliticosveracruz.com\\\/\",\"logo\":{\"@type\":\"ImageObject\",\"inLanguage\":\"es\",\"@id\":\"https:\\\/\\\/lospoliticosveracruz.com\\\/#\\\/schema\\\/logo\\\/image\\\/\",\"url\":\"https:\\\/\\\/lospoliticosveracruz.com\\\/wp-content\\\/uploads\\\/2025\\\/12\\\/Logo-Nuevo-LOS-POLITICOS-1.jpg\",\"contentUrl\":\"https:\\\/\\\/lospoliticosveracruz.com\\\/wp-content\\\/uploads\\\/2025\\\/12\\\/Logo-Nuevo-LOS-POLITICOS-1.jpg\",\"width\":260,\"height\":70,\"caption\":\"Los pol\u00edticos Veracruz\"},\"image\":{\"@id\":\"https:\\\/\\\/lospoliticosveracruz.com\\\/#\\\/schema\\\/logo\\\/image\\\/\"},\"sameAs\":[\"https:\\\/\\\/www.facebook.com\\\/people\\\/Notimemes-de-los-Polticos\\\/61565672886568\\\/\",\"https:\\\/\\\/x.com\\\/LosPoliticosVer\"]},{\"@type\":\"Person\",\"@id\":\"https:\\\/\\\/lospoliticosveracruz.com\\\/#\\\/schema\\\/person\\\/b8702bb0e538456e6efd07080bf2a4a2\",\"name\":\"Lo viste en Los Pol\u00edticos\",\"image\":{\"@type\":\"ImageObject\",\"inLanguage\":\"es\",\"@id\":\"https:\\\/\\\/secure.gravatar.com\\\/avatar\\\/3a8de04a2656d44082be478bd6c086daa447c4651605818287b9532d3d0bd435?s=96&d=mm&r=g\",\"url\":\"https:\\\/\\\/secure.gravatar.com\\\/avatar\\\/3a8de04a2656d44082be478bd6c086daa447c4651605818287b9532d3d0bd435?s=96&d=mm&r=g\",\"contentUrl\":\"https:\\\/\\\/secure.gravatar.com\\\/avatar\\\/3a8de04a2656d44082be478bd6c086daa447c4651605818287b9532d3d0bd435?s=96&d=mm&r=g\",\"caption\":\"Lo viste en Los Pol\u00edticos\"},\"url\":\"https:\\\/\\\/lospoliticosveracruz.com\\\/?author=2\"}]}<\/script>\n<!-- \/ Yoast SEO plugin. -->","yoast_head_json":{"title":"Un hombre excepcional - Los pol\u00edticos Veracruz","robots":{"index":"index","follow":"follow","max-snippet":"max-snippet:-1","max-image-preview":"max-image-preview:large","max-video-preview":"max-video-preview:-1"},"canonical":"https:\/\/lospoliticosveracruz.com\/?p=21004","og_locale":"es_ES","og_type":"article","og_title":"Un hombre excepcional - Los pol\u00edticos Veracruz","og_description":"Rodrigo Montoya Rivera Ideas Escribe Gualupe Loeza en su obra Hombres, \u00bfmaravillosos?: \u201cAldo siempre fue un ni\u00f1o sincero y servicial. Cuando terminaba de hacer sus tareas, acud\u00eda al banco para hacer tr\u00e1mites a nombre de su padre, quien entonces era comerciante de minerales y ganadero. Una ma\u00f1ana lo mand\u00f3 a llamar el Director, \u00bfTe gustar\u00eda [&hellip;]","og_url":"https:\/\/lospoliticosveracruz.com\/?p=21004","og_site_name":"Los pol\u00edticos Veracruz","article_publisher":"https:\/\/www.facebook.com\/people\/Notimemes-de-los-Polticos\/61565672886568\/","article_published_time":"2016-02-11T03:21:04+00:00","og_image":[{"url":"http:\/\/www.lospoliticosveracruz.com.mx\/wp-content\/uploads\/2016\/02\/colosio-300x145.jpg","type":"","width":"","height":""}],"author":"Lo viste en Los Pol\u00edticos","twitter_card":"summary_large_image","twitter_creator":"@LosPoliticosVer","twitter_site":"@LosPoliticosVer","twitter_misc":{"Escrito por":"Lo viste en Los Pol\u00edticos","Tiempo de lectura":"3 minutos"},"schema":{"@context":"https:\/\/schema.org","@graph":[{"@type":"Article","@id":"https:\/\/lospoliticosveracruz.com\/?p=21004#article","isPartOf":{"@id":"https:\/\/lospoliticosveracruz.com\/?p=21004"},"author":{"name":"Lo viste en Los Pol\u00edticos","@id":"https:\/\/lospoliticosveracruz.com\/#\/schema\/person\/b8702bb0e538456e6efd07080bf2a4a2"},"headline":"Un hombre excepcional","datePublished":"2016-02-11T03:21:04+00:00","mainEntityOfPage":{"@id":"https:\/\/lospoliticosveracruz.com\/?p=21004"},"wordCount":582,"commentCount":0,"publisher":{"@id":"https:\/\/lospoliticosveracruz.com\/#organization"},"image":{"@id":"https:\/\/lospoliticosveracruz.com\/?p=21004#primaryimage"},"thumbnailUrl":"http:\/\/www.lospoliticosveracruz.com.mx\/wp-content\/uploads\/2016\/02\/colosio-300x145.jpg","keywords":["Luis Donaldo Colosio Murrieta"],"articleSection":["De Opini\u00f3n"],"inLanguage":"es","potentialAction":[{"@type":"CommentAction","name":"Comment","target":["https:\/\/lospoliticosveracruz.com\/?p=21004#respond"]}]},{"@type":"WebPage","@id":"https:\/\/lospoliticosveracruz.com\/?p=21004","url":"https:\/\/lospoliticosveracruz.com\/?p=21004","name":"Un hombre excepcional - Los pol\u00edticos Veracruz","isPartOf":{"@id":"https:\/\/lospoliticosveracruz.com\/#website"},"primaryImageOfPage":{"@id":"https:\/\/lospoliticosveracruz.com\/?p=21004#primaryimage"},"image":{"@id":"https:\/\/lospoliticosveracruz.com\/?p=21004#primaryimage"},"thumbnailUrl":"http:\/\/www.lospoliticosveracruz.com.mx\/wp-content\/uploads\/2016\/02\/colosio-300x145.jpg","datePublished":"2016-02-11T03:21:04+00:00","breadcrumb":{"@id":"https:\/\/lospoliticosveracruz.com\/?p=21004#breadcrumb"},"inLanguage":"es","potentialAction":[{"@type":"ReadAction","target":["https:\/\/lospoliticosveracruz.com\/?p=21004"]}]},{"@type":"ImageObject","inLanguage":"es","@id":"https:\/\/lospoliticosveracruz.com\/?p=21004#primaryimage","url":"http:\/\/www.lospoliticosveracruz.com.mx\/wp-content\/uploads\/2016\/02\/colosio-300x145.jpg","contentUrl":"http:\/\/www.lospoliticosveracruz.com.mx\/wp-content\/uploads\/2016\/02\/colosio-300x145.jpg"},{"@type":"BreadcrumbList","@id":"https:\/\/lospoliticosveracruz.com\/?p=21004#breadcrumb","itemListElement":[{"@type":"ListItem","position":1,"name":"Portada","item":"https:\/\/lospoliticosveracruz.com\/"},{"@type":"ListItem","position":2,"name":"Un hombre excepcional"}]},{"@type":"WebSite","@id":"https:\/\/lospoliticosveracruz.com\/#website","url":"https:\/\/lospoliticosveracruz.com\/","name":"Los pol\u00edticos Veracruz","description":"","publisher":{"@id":"https:\/\/lospoliticosveracruz.com\/#organization"},"potentialAction":[{"@type":"SearchAction","target":{"@type":"EntryPoint","urlTemplate":"https:\/\/lospoliticosveracruz.com\/?s={search_term_string}"},"query-input":{"@type":"PropertyValueSpecification","valueRequired":true,"valueName":"search_term_string"}}],"inLanguage":"es"},{"@type":"Organization","@id":"https:\/\/lospoliticosveracruz.com\/#organization","name":"Los pol\u00edticos Veracruz","url":"https:\/\/lospoliticosveracruz.com\/","logo":{"@type":"ImageObject","inLanguage":"es","@id":"https:\/\/lospoliticosveracruz.com\/#\/schema\/logo\/image\/","url":"https:\/\/lospoliticosveracruz.com\/wp-content\/uploads\/2025\/12\/Logo-Nuevo-LOS-POLITICOS-1.jpg","contentUrl":"https:\/\/lospoliticosveracruz.com\/wp-content\/uploads\/2025\/12\/Logo-Nuevo-LOS-POLITICOS-1.jpg","width":260,"height":70,"caption":"Los pol\u00edticos Veracruz"},"image":{"@id":"https:\/\/lospoliticosveracruz.com\/#\/schema\/logo\/image\/"},"sameAs":["https:\/\/www.facebook.com\/people\/Notimemes-de-los-Polticos\/61565672886568\/","https:\/\/x.com\/LosPoliticosVer"]},{"@type":"Person","@id":"https:\/\/lospoliticosveracruz.com\/#\/schema\/person\/b8702bb0e538456e6efd07080bf2a4a2","name":"Lo viste en Los Pol\u00edticos","image":{"@type":"ImageObject","inLanguage":"es","@id":"https:\/\/secure.gravatar.com\/avatar\/3a8de04a2656d44082be478bd6c086daa447c4651605818287b9532d3d0bd435?s=96&d=mm&r=g","url":"https:\/\/secure.gravatar.com\/avatar\/3a8de04a2656d44082be478bd6c086daa447c4651605818287b9532d3d0bd435?s=96&d=mm&r=g","contentUrl":"https:\/\/secure.gravatar.com\/avatar\/3a8de04a2656d44082be478bd6c086daa447c4651605818287b9532d3d0bd435?s=96&d=mm&r=g","caption":"Lo viste en Los Pol\u00edticos"},"url":"https:\/\/lospoliticosveracruz.com\/?author=2"}]}},"_links":{"self":[{"href":"https:\/\/lospoliticosveracruz.com\/index.php?rest_route=\/wp\/v2\/posts\/21004","targetHints":{"allow":["GET"]}}],"collection":[{"href":"https:\/\/lospoliticosveracruz.com\/index.php?rest_route=\/wp\/v2\/posts"}],"about":[{"href":"https:\/\/lospoliticosveracruz.com\/index.php?rest_route=\/wp\/v2\/types\/post"}],"author":[{"embeddable":true,"href":"https:\/\/lospoliticosveracruz.com\/index.php?rest_route=\/wp\/v2\/users\/2"}],"replies":[{"embeddable":true,"href":"https:\/\/lospoliticosveracruz.com\/index.php?rest_route=%2Fwp%2Fv2%2Fcomments&post=21004"}],"version-history":[{"count":1,"href":"https:\/\/lospoliticosveracruz.com\/index.php?rest_route=\/wp\/v2\/posts\/21004\/revisions"}],"predecessor-version":[{"id":21007,"href":"https:\/\/lospoliticosveracruz.com\/index.php?rest_route=\/wp\/v2\/posts\/21004\/revisions\/21007"}],"wp:attachment":[{"href":"https:\/\/lospoliticosveracruz.com\/index.php?rest_route=%2Fwp%2Fv2%2Fmedia&parent=21004"}],"wp:term":[{"taxonomy":"category","embeddable":true,"href":"https:\/\/lospoliticosveracruz.com\/index.php?rest_route=%2Fwp%2Fv2%2Fcategories&post=21004"},{"taxonomy":"post_tag","embeddable":true,"href":"https:\/\/lospoliticosveracruz.com\/index.php?rest_route=%2Fwp%2Fv2%2Ftags&post=21004"}],"curies":[{"name":"wp","href":"https:\/\/api.w.org\/{rel}","templated":true}]}}