{"id":21008,"date":"2016-02-10T21:34:35","date_gmt":"2016-02-11T03:34:35","guid":{"rendered":"http:\/\/www.lospoliticosveracruz.com.mx\/?p=21008"},"modified":"2016-02-10T21:34:35","modified_gmt":"2016-02-11T03:34:35","slug":"la-luz","status":"publish","type":"post","link":"https:\/\/lospoliticosveracruz.com\/?p=21008","title":{"rendered":"La Luz"},"content":{"rendered":"<p><a href=\"http:\/\/www.lospoliticosveracruz.com.mx\/wp-content\/uploads\/2016\/02\/Luz-del-Mundo.jpg\"><img loading=\"lazy\" decoding=\"async\" class=\"alignnone size-medium wp-image-21010\" src=\"http:\/\/www.lospoliticosveracruz.com.mx\/wp-content\/uploads\/2016\/02\/Luz-del-Mundo-300x169.jpg\" alt=\"Luz del Mundo\" width=\"300\" height=\"169\" \/><\/a><br \/>\n<strong>Salvador Mu\u00f1oz<\/strong><\/p>\n<p><em>Los Pol\u00edticos<\/em><\/p>\n<p>Cuando estudiante de la Facultad de Idiomas, por azares del destino, llegu\u00e9 a una colonia, donde una compa\u00f1era me dio asilo en su casa. All\u00ed me recibieron sus padres y hermanos como a un miembro m\u00e1s de la familia. Me dieron techo, comida, y hasta una cama donde descansar.<br \/>\nHoy, a m\u00e1s de 25 a\u00f1os de haber convivido con la familia Guti\u00e9rrez Barrera, en especial con Martha y Magdalena, a\u00fan disfruto ver, cada vez que paso por la avenida 20 de Noviembre, casi esquina con L\u00e1zaro C\u00e1rdenas, a esas mujeres de faldones largos y cabezas cubiertas cuando se dirigen a su templo\u2026 a la Luz del Mundo.<br \/>\nII<br \/>\nPlaticaba hace poco en el programa \u201cRevisiones\u201d de RTV a los compa\u00f1eros de panel, despu\u00e9s de que mand\u00e9 un saludo a los feligreses de la Luz del Mundo que nos ven, que una de las particularidades que percibo y percib\u00ed en su momento, y en carne propia, es la labor que los integrantes de esta Iglesia tienen para con su comunidad\u2026 se ayudan.<br \/>\nPlaticaba con Brenda, la Mujer, al ir rumbo a Orizaba por la carretera de Conejos, la cantidad de iglesias que vimos en ese camino adem\u00e1s de la Cat\u00f3lica. \u00bfPor qu\u00e9 su florecimiento? Quiz\u00e1s porque esta \u00faltima dej\u00f3 en manos de la fe a sus feligreses, mientras que las otras, adem\u00e1s de la fe, echaban mano a la acci\u00f3n y ayudaban a sus hermanos en desgracia.<br \/>\nIII<br \/>\nEste domingo 14, d\u00eda del amor y la amistad, en la Plaza Lerdo de Xalapa y en la Macroplaza del Puerto jarocho, en punto de las 14 horas, ha de realizarse la ceremonia internacional de Bautismos de la Iglesia de la Luz del Mundo.<br \/>\n\u00bfDije \u201cInternacional\u201d?<br \/>\nEs para llamar la atenci\u00f3n que una Iglesia que tuvo su nacimiento en M\u00e9xico, siendo m\u00e1s precisos en Guadalajara, con menos de un siglo de existencia, haya extendido sus ramas \u00a1a 53 naciones! Y s\u00f3lo por citar 10, puedo mencionar Rusia, Nigeria, Inglaterra, Holanda, Alemania, Australia, Cuba, Francia, Espa\u00f1a y Canad\u00e1, donde se encuentra mi amiga Martha residiendo, as\u00ed como varios pa\u00edses de Latinoam\u00e9rica.<br \/>\nEs para llamar la atenci\u00f3n que dicha ceremonia del bautismo se realice el 14 de febrero\u2026 no, creo que est\u00e1 muy lejos de que sea por el amor y la amistad. Quiz\u00e1s lo m\u00e1s cercano a la celebraci\u00f3n de este evento sea porque en dicha fecha naci\u00f3 Samuel Joaqu\u00edn Flores, quien fuera Maestro y Gu\u00eda de la Iglesia de la Luz del Mundo y que el pasado 8 de diciembre del 2014 falleciera.<br \/>\nEs para llamar la atenci\u00f3n que dicho evento internacional, a realizarse en diversos puntos del pa\u00eds (sin contar los de corte internacional), en sus principales plazas, se realice justo cuando el Papa Francisco est\u00e9 en M\u00e9xico\u2026 \u00bfo es coincidencia?<br \/>\nIV<br \/>\nLo cierto es que en Oaxaca, el Ayuntamiento hab\u00eda dado permiso para que en la plaza<br \/>\np\u00fablica se realizara este Bautismo, pero que mete la cola el Diablo (aunque algunos dicen que el fanatismo cat\u00f3lico) y el Cabildo que retira el permiso. Tuvo que haber intervenci\u00f3n de abogados para que las cosas volvieran a su cauce.<br \/>\nAfortunadamente en Veracruz, donde hay un clima de miedo, incertidumbre, zozobra y desconfianza, ante la ausencia de sensibilidad de muchas de nuestras autoridades, es bueno saber que al menos entre las Iglesias, se vive una transici\u00f3n hacia una cultura de paz, equidad y libertad, donde la solidaridad y el respeto prevalecen contra cualquier forma de violencia y discriminaci\u00f3n hacia los credos.<br \/>\nPor mi parte, s\u00f3lo pido una cosa a Dios\u2026 \u00a1que no haga fr\u00edo el domingo! o al menos que mande Silem Garc\u00eda Pe\u00f1a a calentar el ag\u00fcita a quienes vayan a ser bautizados\u2026<\/p>\n<p>smcainito@gmail.com<\/p>\n","protected":false},"excerpt":{"rendered":"<p>Salvador Mu\u00f1oz Los Pol\u00edticos Cuando estudiante de la Facultad de Idiomas, por azares del destino, llegu\u00e9 a una colonia, donde una compa\u00f1era me dio asilo en su casa. All\u00ed me recibieron sus padres y hermanos como a un miembro m\u00e1s de la familia. Me dieron techo, comida, y hasta una cama donde descansar. Hoy, a [&hellip;]<\/p>\n","protected":false},"author":2,"featured_media":0,"comment_status":"open","ping_status":"open","sticky":false,"template":"","format":"standard","meta":{"tdm_status":"","tdm_grid_status":"","footnotes":""},"categories":[70],"tags":[3142,2904,647,4762,248],"class_list":{"0":"post-21008","1":"post","2":"type-post","3":"status-publish","4":"format-standard","6":"category-de-opinion","7":"tag-luz-del-mundo","8":"tag-revisiones","9":"tag-rtv","10":"tag-samuel-joaquin-flores","11":"tag-silem-garcia-pena"},"yoast_head":"<!-- This site is optimized with the Yoast SEO plugin v27.4 - https:\/\/yoast.com\/product\/yoast-seo-wordpress\/ -->\n<title>La Luz - Los pol\u00edticos Veracruz<\/title>\n<meta name=\"robots\" content=\"index, follow, max-snippet:-1, max-image-preview:large, max-video-preview:-1\" \/>\n<link rel=\"canonical\" href=\"https:\/\/lospoliticosveracruz.com\/?p=21008\" \/>\n<meta property=\"og:locale\" content=\"es_ES\" \/>\n<meta property=\"og:type\" content=\"article\" \/>\n<meta property=\"og:title\" content=\"La Luz - Los pol\u00edticos Veracruz\" \/>\n<meta property=\"og:description\" content=\"Salvador Mu\u00f1oz Los Pol\u00edticos Cuando estudiante de la Facultad de Idiomas, por azares del destino, llegu\u00e9 a una colonia, donde una compa\u00f1era me dio asilo en su casa. All\u00ed me recibieron sus padres y hermanos como a un miembro m\u00e1s de la familia. Me dieron techo, comida, y hasta una cama donde descansar. Hoy, a [&hellip;]\" \/>\n<meta property=\"og:url\" content=\"https:\/\/lospoliticosveracruz.com\/?p=21008\" \/>\n<meta property=\"og:site_name\" content=\"Los pol\u00edticos Veracruz\" \/>\n<meta property=\"article:publisher\" content=\"https:\/\/www.facebook.com\/people\/Notimemes-de-los-Polticos\/61565672886568\/\" \/>\n<meta property=\"article:published_time\" content=\"2016-02-11T03:34:35+00:00\" \/>\n<meta property=\"og:image\" content=\"http:\/\/www.lospoliticosveracruz.com.mx\/wp-content\/uploads\/2016\/02\/Luz-del-Mundo-300x169.jpg\" \/>\n<meta name=\"author\" content=\"Lo viste en Los Pol\u00edticos\" \/>\n<meta name=\"twitter:card\" content=\"summary_large_image\" \/>\n<meta name=\"twitter:creator\" content=\"@LosPoliticosVer\" \/>\n<meta name=\"twitter:site\" content=\"@LosPoliticosVer\" \/>\n<meta name=\"twitter:label1\" content=\"Escrito por\" \/>\n\t<meta name=\"twitter:data1\" content=\"Lo viste en Los Pol\u00edticos\" \/>\n\t<meta name=\"twitter:label2\" content=\"Tiempo de lectura\" \/>\n\t<meta name=\"twitter:data2\" content=\"3 minutos\" \/>\n<script type=\"application\/ld+json\" class=\"yoast-schema-graph\">{\"@context\":\"https:\\\/\\\/schema.org\",\"@graph\":[{\"@type\":\"Article\",\"@id\":\"https:\\\/\\\/lospoliticosveracruz.com\\\/?p=21008#article\",\"isPartOf\":{\"@id\":\"https:\\\/\\\/lospoliticosveracruz.com\\\/?p=21008\"},\"author\":{\"name\":\"Lo viste en Los Pol\u00edticos\",\"@id\":\"https:\\\/\\\/lospoliticosveracruz.com\\\/#\\\/schema\\\/person\\\/b8702bb0e538456e6efd07080bf2a4a2\"},\"headline\":\"La Luz\",\"datePublished\":\"2016-02-11T03:34:35+00:00\",\"mainEntityOfPage\":{\"@id\":\"https:\\\/\\\/lospoliticosveracruz.com\\\/?p=21008\"},\"wordCount\":655,\"commentCount\":0,\"publisher\":{\"@id\":\"https:\\\/\\\/lospoliticosveracruz.com\\\/#organization\"},\"image\":{\"@id\":\"https:\\\/\\\/lospoliticosveracruz.com\\\/?p=21008#primaryimage\"},\"thumbnailUrl\":\"http:\\\/\\\/www.lospoliticosveracruz.com.mx\\\/wp-content\\\/uploads\\\/2016\\\/02\\\/Luz-del-Mundo-300x169.jpg\",\"keywords\":[\"Luz del Mundo\",\"Revisiones\",\"RTV\",\"Samuel Joaqu\u00edn Flores\",\"Silem Garc\u00eda Pe\u00f1a\"],\"articleSection\":[\"De Opini\u00f3n\"],\"inLanguage\":\"es\",\"potentialAction\":[{\"@type\":\"CommentAction\",\"name\":\"Comment\",\"target\":[\"https:\\\/\\\/lospoliticosveracruz.com\\\/?p=21008#respond\"]}]},{\"@type\":\"WebPage\",\"@id\":\"https:\\\/\\\/lospoliticosveracruz.com\\\/?p=21008\",\"url\":\"https:\\\/\\\/lospoliticosveracruz.com\\\/?p=21008\",\"name\":\"La Luz - Los pol\u00edticos Veracruz\",\"isPartOf\":{\"@id\":\"https:\\\/\\\/lospoliticosveracruz.com\\\/#website\"},\"primaryImageOfPage\":{\"@id\":\"https:\\\/\\\/lospoliticosveracruz.com\\\/?p=21008#primaryimage\"},\"image\":{\"@id\":\"https:\\\/\\\/lospoliticosveracruz.com\\\/?p=21008#primaryimage\"},\"thumbnailUrl\":\"http:\\\/\\\/www.lospoliticosveracruz.com.mx\\\/wp-content\\\/uploads\\\/2016\\\/02\\\/Luz-del-Mundo-300x169.jpg\",\"datePublished\":\"2016-02-11T03:34:35+00:00\",\"breadcrumb\":{\"@id\":\"https:\\\/\\\/lospoliticosveracruz.com\\\/?p=21008#breadcrumb\"},\"inLanguage\":\"es\",\"potentialAction\":[{\"@type\":\"ReadAction\",\"target\":[\"https:\\\/\\\/lospoliticosveracruz.com\\\/?p=21008\"]}]},{\"@type\":\"ImageObject\",\"inLanguage\":\"es\",\"@id\":\"https:\\\/\\\/lospoliticosveracruz.com\\\/?p=21008#primaryimage\",\"url\":\"http:\\\/\\\/www.lospoliticosveracruz.com.mx\\\/wp-content\\\/uploads\\\/2016\\\/02\\\/Luz-del-Mundo-300x169.jpg\",\"contentUrl\":\"http:\\\/\\\/www.lospoliticosveracruz.com.mx\\\/wp-content\\\/uploads\\\/2016\\\/02\\\/Luz-del-Mundo-300x169.jpg\"},{\"@type\":\"BreadcrumbList\",\"@id\":\"https:\\\/\\\/lospoliticosveracruz.com\\\/?p=21008#breadcrumb\",\"itemListElement\":[{\"@type\":\"ListItem\",\"position\":1,\"name\":\"Portada\",\"item\":\"https:\\\/\\\/lospoliticosveracruz.com\\\/\"},{\"@type\":\"ListItem\",\"position\":2,\"name\":\"La Luz\"}]},{\"@type\":\"WebSite\",\"@id\":\"https:\\\/\\\/lospoliticosveracruz.com\\\/#website\",\"url\":\"https:\\\/\\\/lospoliticosveracruz.com\\\/\",\"name\":\"Los pol\u00edticos Veracruz\",\"description\":\"\",\"publisher\":{\"@id\":\"https:\\\/\\\/lospoliticosveracruz.com\\\/#organization\"},\"potentialAction\":[{\"@type\":\"SearchAction\",\"target\":{\"@type\":\"EntryPoint\",\"urlTemplate\":\"https:\\\/\\\/lospoliticosveracruz.com\\\/?s={search_term_string}\"},\"query-input\":{\"@type\":\"PropertyValueSpecification\",\"valueRequired\":true,\"valueName\":\"search_term_string\"}}],\"inLanguage\":\"es\"},{\"@type\":\"Organization\",\"@id\":\"https:\\\/\\\/lospoliticosveracruz.com\\\/#organization\",\"name\":\"Los pol\u00edticos Veracruz\",\"url\":\"https:\\\/\\\/lospoliticosveracruz.com\\\/\",\"logo\":{\"@type\":\"ImageObject\",\"inLanguage\":\"es\",\"@id\":\"https:\\\/\\\/lospoliticosveracruz.com\\\/#\\\/schema\\\/logo\\\/image\\\/\",\"url\":\"https:\\\/\\\/lospoliticosveracruz.com\\\/wp-content\\\/uploads\\\/2025\\\/12\\\/Logo-Nuevo-LOS-POLITICOS-1.jpg\",\"contentUrl\":\"https:\\\/\\\/lospoliticosveracruz.com\\\/wp-content\\\/uploads\\\/2025\\\/12\\\/Logo-Nuevo-LOS-POLITICOS-1.jpg\",\"width\":260,\"height\":70,\"caption\":\"Los pol\u00edticos Veracruz\"},\"image\":{\"@id\":\"https:\\\/\\\/lospoliticosveracruz.com\\\/#\\\/schema\\\/logo\\\/image\\\/\"},\"sameAs\":[\"https:\\\/\\\/www.facebook.com\\\/people\\\/Notimemes-de-los-Polticos\\\/61565672886568\\\/\",\"https:\\\/\\\/x.com\\\/LosPoliticosVer\"]},{\"@type\":\"Person\",\"@id\":\"https:\\\/\\\/lospoliticosveracruz.com\\\/#\\\/schema\\\/person\\\/b8702bb0e538456e6efd07080bf2a4a2\",\"name\":\"Lo viste en Los Pol\u00edticos\",\"image\":{\"@type\":\"ImageObject\",\"inLanguage\":\"es\",\"@id\":\"https:\\\/\\\/secure.gravatar.com\\\/avatar\\\/3a8de04a2656d44082be478bd6c086daa447c4651605818287b9532d3d0bd435?s=96&d=mm&r=g\",\"url\":\"https:\\\/\\\/secure.gravatar.com\\\/avatar\\\/3a8de04a2656d44082be478bd6c086daa447c4651605818287b9532d3d0bd435?s=96&d=mm&r=g\",\"contentUrl\":\"https:\\\/\\\/secure.gravatar.com\\\/avatar\\\/3a8de04a2656d44082be478bd6c086daa447c4651605818287b9532d3d0bd435?s=96&d=mm&r=g\",\"caption\":\"Lo viste en Los Pol\u00edticos\"},\"url\":\"https:\\\/\\\/lospoliticosveracruz.com\\\/?author=2\"}]}<\/script>\n<!-- \/ Yoast SEO plugin. -->","yoast_head_json":{"title":"La Luz - Los pol\u00edticos Veracruz","robots":{"index":"index","follow":"follow","max-snippet":"max-snippet:-1","max-image-preview":"max-image-preview:large","max-video-preview":"max-video-preview:-1"},"canonical":"https:\/\/lospoliticosveracruz.com\/?p=21008","og_locale":"es_ES","og_type":"article","og_title":"La Luz - Los pol\u00edticos Veracruz","og_description":"Salvador Mu\u00f1oz Los Pol\u00edticos Cuando estudiante de la Facultad de Idiomas, por azares del destino, llegu\u00e9 a una colonia, donde una compa\u00f1era me dio asilo en su casa. All\u00ed me recibieron sus padres y hermanos como a un miembro m\u00e1s de la familia. Me dieron techo, comida, y hasta una cama donde descansar. Hoy, a [&hellip;]","og_url":"https:\/\/lospoliticosveracruz.com\/?p=21008","og_site_name":"Los pol\u00edticos Veracruz","article_publisher":"https:\/\/www.facebook.com\/people\/Notimemes-de-los-Polticos\/61565672886568\/","article_published_time":"2016-02-11T03:34:35+00:00","og_image":[{"url":"http:\/\/www.lospoliticosveracruz.com.mx\/wp-content\/uploads\/2016\/02\/Luz-del-Mundo-300x169.jpg","type":"","width":"","height":""}],"author":"Lo viste en Los Pol\u00edticos","twitter_card":"summary_large_image","twitter_creator":"@LosPoliticosVer","twitter_site":"@LosPoliticosVer","twitter_misc":{"Escrito por":"Lo viste en Los Pol\u00edticos","Tiempo de lectura":"3 minutos"},"schema":{"@context":"https:\/\/schema.org","@graph":[{"@type":"Article","@id":"https:\/\/lospoliticosveracruz.com\/?p=21008#article","isPartOf":{"@id":"https:\/\/lospoliticosveracruz.com\/?p=21008"},"author":{"name":"Lo viste en Los Pol\u00edticos","@id":"https:\/\/lospoliticosveracruz.com\/#\/schema\/person\/b8702bb0e538456e6efd07080bf2a4a2"},"headline":"La Luz","datePublished":"2016-02-11T03:34:35+00:00","mainEntityOfPage":{"@id":"https:\/\/lospoliticosveracruz.com\/?p=21008"},"wordCount":655,"commentCount":0,"publisher":{"@id":"https:\/\/lospoliticosveracruz.com\/#organization"},"image":{"@id":"https:\/\/lospoliticosveracruz.com\/?p=21008#primaryimage"},"thumbnailUrl":"http:\/\/www.lospoliticosveracruz.com.mx\/wp-content\/uploads\/2016\/02\/Luz-del-Mundo-300x169.jpg","keywords":["Luz del Mundo","Revisiones","RTV","Samuel Joaqu\u00edn Flores","Silem Garc\u00eda Pe\u00f1a"],"articleSection":["De Opini\u00f3n"],"inLanguage":"es","potentialAction":[{"@type":"CommentAction","name":"Comment","target":["https:\/\/lospoliticosveracruz.com\/?p=21008#respond"]}]},{"@type":"WebPage","@id":"https:\/\/lospoliticosveracruz.com\/?p=21008","url":"https:\/\/lospoliticosveracruz.com\/?p=21008","name":"La Luz - Los pol\u00edticos Veracruz","isPartOf":{"@id":"https:\/\/lospoliticosveracruz.com\/#website"},"primaryImageOfPage":{"@id":"https:\/\/lospoliticosveracruz.com\/?p=21008#primaryimage"},"image":{"@id":"https:\/\/lospoliticosveracruz.com\/?p=21008#primaryimage"},"thumbnailUrl":"http:\/\/www.lospoliticosveracruz.com.mx\/wp-content\/uploads\/2016\/02\/Luz-del-Mundo-300x169.jpg","datePublished":"2016-02-11T03:34:35+00:00","breadcrumb":{"@id":"https:\/\/lospoliticosveracruz.com\/?p=21008#breadcrumb"},"inLanguage":"es","potentialAction":[{"@type":"ReadAction","target":["https:\/\/lospoliticosveracruz.com\/?p=21008"]}]},{"@type":"ImageObject","inLanguage":"es","@id":"https:\/\/lospoliticosveracruz.com\/?p=21008#primaryimage","url":"http:\/\/www.lospoliticosveracruz.com.mx\/wp-content\/uploads\/2016\/02\/Luz-del-Mundo-300x169.jpg","contentUrl":"http:\/\/www.lospoliticosveracruz.com.mx\/wp-content\/uploads\/2016\/02\/Luz-del-Mundo-300x169.jpg"},{"@type":"BreadcrumbList","@id":"https:\/\/lospoliticosveracruz.com\/?p=21008#breadcrumb","itemListElement":[{"@type":"ListItem","position":1,"name":"Portada","item":"https:\/\/lospoliticosveracruz.com\/"},{"@type":"ListItem","position":2,"name":"La Luz"}]},{"@type":"WebSite","@id":"https:\/\/lospoliticosveracruz.com\/#website","url":"https:\/\/lospoliticosveracruz.com\/","name":"Los pol\u00edticos Veracruz","description":"","publisher":{"@id":"https:\/\/lospoliticosveracruz.com\/#organization"},"potentialAction":[{"@type":"SearchAction","target":{"@type":"EntryPoint","urlTemplate":"https:\/\/lospoliticosveracruz.com\/?s={search_term_string}"},"query-input":{"@type":"PropertyValueSpecification","valueRequired":true,"valueName":"search_term_string"}}],"inLanguage":"es"},{"@type":"Organization","@id":"https:\/\/lospoliticosveracruz.com\/#organization","name":"Los pol\u00edticos Veracruz","url":"https:\/\/lospoliticosveracruz.com\/","logo":{"@type":"ImageObject","inLanguage":"es","@id":"https:\/\/lospoliticosveracruz.com\/#\/schema\/logo\/image\/","url":"https:\/\/lospoliticosveracruz.com\/wp-content\/uploads\/2025\/12\/Logo-Nuevo-LOS-POLITICOS-1.jpg","contentUrl":"https:\/\/lospoliticosveracruz.com\/wp-content\/uploads\/2025\/12\/Logo-Nuevo-LOS-POLITICOS-1.jpg","width":260,"height":70,"caption":"Los pol\u00edticos Veracruz"},"image":{"@id":"https:\/\/lospoliticosveracruz.com\/#\/schema\/logo\/image\/"},"sameAs":["https:\/\/www.facebook.com\/people\/Notimemes-de-los-Polticos\/61565672886568\/","https:\/\/x.com\/LosPoliticosVer"]},{"@type":"Person","@id":"https:\/\/lospoliticosveracruz.com\/#\/schema\/person\/b8702bb0e538456e6efd07080bf2a4a2","name":"Lo viste en Los Pol\u00edticos","image":{"@type":"ImageObject","inLanguage":"es","@id":"https:\/\/secure.gravatar.com\/avatar\/3a8de04a2656d44082be478bd6c086daa447c4651605818287b9532d3d0bd435?s=96&d=mm&r=g","url":"https:\/\/secure.gravatar.com\/avatar\/3a8de04a2656d44082be478bd6c086daa447c4651605818287b9532d3d0bd435?s=96&d=mm&r=g","contentUrl":"https:\/\/secure.gravatar.com\/avatar\/3a8de04a2656d44082be478bd6c086daa447c4651605818287b9532d3d0bd435?s=96&d=mm&r=g","caption":"Lo viste en Los Pol\u00edticos"},"url":"https:\/\/lospoliticosveracruz.com\/?author=2"}]}},"_links":{"self":[{"href":"https:\/\/lospoliticosveracruz.com\/index.php?rest_route=\/wp\/v2\/posts\/21008","targetHints":{"allow":["GET"]}}],"collection":[{"href":"https:\/\/lospoliticosveracruz.com\/index.php?rest_route=\/wp\/v2\/posts"}],"about":[{"href":"https:\/\/lospoliticosveracruz.com\/index.php?rest_route=\/wp\/v2\/types\/post"}],"author":[{"embeddable":true,"href":"https:\/\/lospoliticosveracruz.com\/index.php?rest_route=\/wp\/v2\/users\/2"}],"replies":[{"embeddable":true,"href":"https:\/\/lospoliticosveracruz.com\/index.php?rest_route=%2Fwp%2Fv2%2Fcomments&post=21008"}],"version-history":[{"count":1,"href":"https:\/\/lospoliticosveracruz.com\/index.php?rest_route=\/wp\/v2\/posts\/21008\/revisions"}],"predecessor-version":[{"id":21011,"href":"https:\/\/lospoliticosveracruz.com\/index.php?rest_route=\/wp\/v2\/posts\/21008\/revisions\/21011"}],"wp:attachment":[{"href":"https:\/\/lospoliticosveracruz.com\/index.php?rest_route=%2Fwp%2Fv2%2Fmedia&parent=21008"}],"wp:term":[{"taxonomy":"category","embeddable":true,"href":"https:\/\/lospoliticosveracruz.com\/index.php?rest_route=%2Fwp%2Fv2%2Fcategories&post=21008"},{"taxonomy":"post_tag","embeddable":true,"href":"https:\/\/lospoliticosveracruz.com\/index.php?rest_route=%2Fwp%2Fv2%2Ftags&post=21008"}],"curies":[{"name":"wp","href":"https:\/\/api.w.org\/{rel}","templated":true}]}}