{"id":21188,"date":"2016-02-14T20:56:33","date_gmt":"2016-02-15T02:56:33","guid":{"rendered":"http:\/\/www.lospoliticosveracruz.com.mx\/?p=21188"},"modified":"2016-02-14T20:58:06","modified_gmt":"2016-02-15T02:58:06","slug":"caen-100-mil-pesitos-en-carrera-contra-cancer-infantil","status":"publish","type":"post","link":"https:\/\/lospoliticosveracruz.com\/?p=21188","title":{"rendered":"Caen 100 mil pesitos en carrera contra c\u00e1ncer infantil"},"content":{"rendered":"<p><a href=\"http:\/\/www.lospoliticosveracruz.com.mx\/wp-content\/uploads\/2016\/02\/Carrera.jpg\"><img loading=\"lazy\" decoding=\"async\" class=\"alignnone size-medium wp-image-21189\" src=\"http:\/\/www.lospoliticosveracruz.com.mx\/wp-content\/uploads\/2016\/02\/Carrera-300x218.jpg\" alt=\"Carrera\" width=\"300\" height=\"218\" \/><\/a><\/p>\n<p>Rebasando las expectativas, se llev\u00f3 a cabo la primera Carrera Recreativa a favor de la Lucha Contra el C\u00e1ncer Infantil, organizada por el Centro Estatal de Cancerolog\u00eda (CECAN) \u201cMiguel Dorantes Mesa\u201d, en la que coadyuvo el Ayuntamiento de Xalapa a trav\u00e9s del Consejo Municipal para la Asistencia Social (Conmas) del DIF Municipal.<\/p>\n<p>Con la participaci\u00f3n de m\u00e1s de 500 atletas se llev\u00f3 a cabo la caminata familiar de 3 kil\u00f3metros y la carrera de 5 kil\u00f3metros, con un ambiente emotivo y participaci\u00f3n ciudadana en apoyo a los ni\u00f1os que m\u00e1s lo necesitan.<\/p>\n<p>En el evento estuvo presente la directora del Cecan Norma Patricia L\u00f3pez Pretel\u00edn, en representaci\u00f3n del Alcalde Am\u00e9rico Z\u00fa\u00f1iga Mart\u00ednez asisti\u00f3 el director del DIF Municipal Adolfo Toss Capistr\u00e1n y la directora de Conmas Martha Ruiz de Querol.<\/p>\n<p>Toss Capist\u00e1n se\u00f1al\u00f3 que la suma de esfuerzos en este evento, dar\u00e1 como resultado que los ni\u00f1os que padecen c\u00e1ncer puedan tener los insumos necesarios para continuar con su tratamiento oncol\u00f3gico.<\/p>\n<p>\u201cLa presencia de todos los participantes tiene una funci\u00f3n ambivalente, como lo es el cuidado a la salud a trav\u00e9s del deporte y el apoyo a la poblaci\u00f3n que m\u00e1s lo necesita, en este caso a los ni\u00f1os que padecen esta enfermedad lacerante como lo es el c\u00e1ncer\u201d, expres\u00f3.<\/p>\n<p>En su oportunidad, Ruiz de Querol manifest\u00f3 que las expectativas fueron rebasadas pues se logr\u00f3 la inscripci\u00f3n de 500 personas, que se sumaron a esta noble causa.<\/p>\n<p>\u201cSiempre lo he dicho, juntos podemos hacer de Xalapa una ciudad m\u00e1s fuerte porque tenemos una sociedad m\u00e1s humana\u201d.<\/p>\n<p>Lo recaudado de las inscripciones fue ingresado a la cuenta bancaria de Conmas, para que sea el Consejo quien lo destine a la compra de insumos para los tratamientos de ni\u00f1os con c\u00e1ncer.<\/p>\n<p>\u201cRebasamos las expectativas, logramos recaudar 110 mil pesos con la inscripci\u00f3n de casi 500 personas que se sumaron a esta noble causa, que ser\u00e1n destinados para la compra de cat\u00e9teres para los ni\u00f1os que reciben quimioterapias; todo se manejar\u00e1 de manera transparente\u201d, concluy\u00f3.<\/p>\n","protected":false},"excerpt":{"rendered":"<p>Rebasando las expectativas, se llev\u00f3 a cabo la primera Carrera Recreativa a favor de la Lucha Contra el C\u00e1ncer Infantil, organizada por el Centro Estatal de Cancerolog\u00eda (CECAN) \u201cMiguel Dorantes Mesa\u201d, en la que coadyuvo el Ayuntamiento de Xalapa a trav\u00e9s del Consejo Municipal para la Asistencia Social (Conmas) del DIF Municipal. Con la participaci\u00f3n [&hellip;]<\/p>\n","protected":false},"author":2,"featured_media":0,"comment_status":"open","ping_status":"open","sticky":false,"template":"","format":"standard","meta":{"tdm_status":"","tdm_grid_status":"","footnotes":""},"categories":[73],"tags":[539,297,4789,4792,4790,4791],"class_list":{"0":"post-21188","1":"post","2":"type-post","3":"status-publish","4":"format-standard","6":"category-de-boleto","7":"tag-americo-zuniga-martinez","8":"tag-cecan","9":"tag-lucha-contra-el-cancer-infantil","10":"tag-martha-ruiz-de-querol","11":"tag-miguel-dorantes-mesa","12":"tag-norma-patricia-lopez-pretelin"},"yoast_head":"<!-- This site is optimized with the Yoast SEO plugin v27.4 - https:\/\/yoast.com\/product\/yoast-seo-wordpress\/ -->\n<title>Caen 100 mil pesitos en carrera contra c\u00e1ncer infantil - Los pol\u00edticos Veracruz<\/title>\n<meta name=\"robots\" content=\"index, follow, max-snippet:-1, max-image-preview:large, max-video-preview:-1\" \/>\n<link rel=\"canonical\" href=\"https:\/\/lospoliticosveracruz.com\/?p=21188\" \/>\n<meta property=\"og:locale\" content=\"es_ES\" \/>\n<meta property=\"og:type\" content=\"article\" \/>\n<meta property=\"og:title\" content=\"Caen 100 mil pesitos en carrera contra c\u00e1ncer infantil - Los pol\u00edticos Veracruz\" \/>\n<meta property=\"og:description\" content=\"Rebasando las expectativas, se llev\u00f3 a cabo la primera Carrera Recreativa a favor de la Lucha Contra el C\u00e1ncer Infantil, organizada por el Centro Estatal de Cancerolog\u00eda (CECAN) \u201cMiguel Dorantes Mesa\u201d, en la que coadyuvo el Ayuntamiento de Xalapa a trav\u00e9s del Consejo Municipal para la Asistencia Social (Conmas) del DIF Municipal. Con la participaci\u00f3n [&hellip;]\" \/>\n<meta property=\"og:url\" content=\"https:\/\/lospoliticosveracruz.com\/?p=21188\" \/>\n<meta property=\"og:site_name\" content=\"Los pol\u00edticos Veracruz\" \/>\n<meta property=\"article:publisher\" content=\"https:\/\/www.facebook.com\/people\/Notimemes-de-los-Polticos\/61565672886568\/\" \/>\n<meta property=\"article:published_time\" content=\"2016-02-15T02:56:33+00:00\" \/>\n<meta property=\"article:modified_time\" content=\"2016-02-15T02:58:06+00:00\" \/>\n<meta property=\"og:image\" content=\"http:\/\/www.lospoliticosveracruz.com.mx\/wp-content\/uploads\/2016\/02\/Carrera-300x218.jpg\" \/>\n<meta name=\"author\" content=\"Lo viste en Los Pol\u00edticos\" \/>\n<meta name=\"twitter:card\" content=\"summary_large_image\" \/>\n<meta name=\"twitter:creator\" content=\"@LosPoliticosVer\" \/>\n<meta name=\"twitter:site\" content=\"@LosPoliticosVer\" \/>\n<meta name=\"twitter:label1\" content=\"Escrito por\" \/>\n\t<meta name=\"twitter:data1\" content=\"Lo viste en Los Pol\u00edticos\" \/>\n\t<meta name=\"twitter:label2\" content=\"Tiempo de lectura\" \/>\n\t<meta name=\"twitter:data2\" content=\"2 minutos\" \/>\n<script type=\"application\/ld+json\" class=\"yoast-schema-graph\">{\"@context\":\"https:\\\/\\\/schema.org\",\"@graph\":[{\"@type\":\"Article\",\"@id\":\"https:\\\/\\\/lospoliticosveracruz.com\\\/?p=21188#article\",\"isPartOf\":{\"@id\":\"https:\\\/\\\/lospoliticosveracruz.com\\\/?p=21188\"},\"author\":{\"name\":\"Lo viste en Los Pol\u00edticos\",\"@id\":\"https:\\\/\\\/lospoliticosveracruz.com\\\/#\\\/schema\\\/person\\\/b8702bb0e538456e6efd07080bf2a4a2\"},\"headline\":\"Caen 100 mil pesitos en carrera contra c\u00e1ncer infantil\",\"datePublished\":\"2016-02-15T02:56:33+00:00\",\"dateModified\":\"2016-02-15T02:58:06+00:00\",\"mainEntityOfPage\":{\"@id\":\"https:\\\/\\\/lospoliticosveracruz.com\\\/?p=21188\"},\"wordCount\":372,\"commentCount\":0,\"publisher\":{\"@id\":\"https:\\\/\\\/lospoliticosveracruz.com\\\/#organization\"},\"image\":{\"@id\":\"https:\\\/\\\/lospoliticosveracruz.com\\\/?p=21188#primaryimage\"},\"thumbnailUrl\":\"http:\\\/\\\/www.lospoliticosveracruz.com.mx\\\/wp-content\\\/uploads\\\/2016\\\/02\\\/Carrera-300x218.jpg\",\"keywords\":[\"Am\u00e9rico Z\u00fa\u00f1iga Mart\u00ednez\",\"Cecan\",\"Lucha Contra el C\u00e1ncer Infantil\",\"Martha Ruiz de Querol\",\"Miguel Dorantes Mesa\",\"Norma Patricia L\u00f3pez Pretel\u00edn\"],\"articleSection\":[\"De Boleto\"],\"inLanguage\":\"es\",\"potentialAction\":[{\"@type\":\"CommentAction\",\"name\":\"Comment\",\"target\":[\"https:\\\/\\\/lospoliticosveracruz.com\\\/?p=21188#respond\"]}]},{\"@type\":\"WebPage\",\"@id\":\"https:\\\/\\\/lospoliticosveracruz.com\\\/?p=21188\",\"url\":\"https:\\\/\\\/lospoliticosveracruz.com\\\/?p=21188\",\"name\":\"Caen 100 mil pesitos en carrera contra c\u00e1ncer infantil - Los pol\u00edticos Veracruz\",\"isPartOf\":{\"@id\":\"https:\\\/\\\/lospoliticosveracruz.com\\\/#website\"},\"primaryImageOfPage\":{\"@id\":\"https:\\\/\\\/lospoliticosveracruz.com\\\/?p=21188#primaryimage\"},\"image\":{\"@id\":\"https:\\\/\\\/lospoliticosveracruz.com\\\/?p=21188#primaryimage\"},\"thumbnailUrl\":\"http:\\\/\\\/www.lospoliticosveracruz.com.mx\\\/wp-content\\\/uploads\\\/2016\\\/02\\\/Carrera-300x218.jpg\",\"datePublished\":\"2016-02-15T02:56:33+00:00\",\"dateModified\":\"2016-02-15T02:58:06+00:00\",\"breadcrumb\":{\"@id\":\"https:\\\/\\\/lospoliticosveracruz.com\\\/?p=21188#breadcrumb\"},\"inLanguage\":\"es\",\"potentialAction\":[{\"@type\":\"ReadAction\",\"target\":[\"https:\\\/\\\/lospoliticosveracruz.com\\\/?p=21188\"]}]},{\"@type\":\"ImageObject\",\"inLanguage\":\"es\",\"@id\":\"https:\\\/\\\/lospoliticosveracruz.com\\\/?p=21188#primaryimage\",\"url\":\"http:\\\/\\\/www.lospoliticosveracruz.com.mx\\\/wp-content\\\/uploads\\\/2016\\\/02\\\/Carrera-300x218.jpg\",\"contentUrl\":\"http:\\\/\\\/www.lospoliticosveracruz.com.mx\\\/wp-content\\\/uploads\\\/2016\\\/02\\\/Carrera-300x218.jpg\"},{\"@type\":\"BreadcrumbList\",\"@id\":\"https:\\\/\\\/lospoliticosveracruz.com\\\/?p=21188#breadcrumb\",\"itemListElement\":[{\"@type\":\"ListItem\",\"position\":1,\"name\":\"Portada\",\"item\":\"https:\\\/\\\/lospoliticosveracruz.com\\\/\"},{\"@type\":\"ListItem\",\"position\":2,\"name\":\"Caen 100 mil pesitos en carrera contra c\u00e1ncer infantil\"}]},{\"@type\":\"WebSite\",\"@id\":\"https:\\\/\\\/lospoliticosveracruz.com\\\/#website\",\"url\":\"https:\\\/\\\/lospoliticosveracruz.com\\\/\",\"name\":\"Los pol\u00edticos Veracruz\",\"description\":\"\",\"publisher\":{\"@id\":\"https:\\\/\\\/lospoliticosveracruz.com\\\/#organization\"},\"potentialAction\":[{\"@type\":\"SearchAction\",\"target\":{\"@type\":\"EntryPoint\",\"urlTemplate\":\"https:\\\/\\\/lospoliticosveracruz.com\\\/?s={search_term_string}\"},\"query-input\":{\"@type\":\"PropertyValueSpecification\",\"valueRequired\":true,\"valueName\":\"search_term_string\"}}],\"inLanguage\":\"es\"},{\"@type\":\"Organization\",\"@id\":\"https:\\\/\\\/lospoliticosveracruz.com\\\/#organization\",\"name\":\"Los pol\u00edticos Veracruz\",\"url\":\"https:\\\/\\\/lospoliticosveracruz.com\\\/\",\"logo\":{\"@type\":\"ImageObject\",\"inLanguage\":\"es\",\"@id\":\"https:\\\/\\\/lospoliticosveracruz.com\\\/#\\\/schema\\\/logo\\\/image\\\/\",\"url\":\"https:\\\/\\\/lospoliticosveracruz.com\\\/wp-content\\\/uploads\\\/2025\\\/12\\\/Logo-Nuevo-LOS-POLITICOS-1.jpg\",\"contentUrl\":\"https:\\\/\\\/lospoliticosveracruz.com\\\/wp-content\\\/uploads\\\/2025\\\/12\\\/Logo-Nuevo-LOS-POLITICOS-1.jpg\",\"width\":260,\"height\":70,\"caption\":\"Los pol\u00edticos Veracruz\"},\"image\":{\"@id\":\"https:\\\/\\\/lospoliticosveracruz.com\\\/#\\\/schema\\\/logo\\\/image\\\/\"},\"sameAs\":[\"https:\\\/\\\/www.facebook.com\\\/people\\\/Notimemes-de-los-Polticos\\\/61565672886568\\\/\",\"https:\\\/\\\/x.com\\\/LosPoliticosVer\"]},{\"@type\":\"Person\",\"@id\":\"https:\\\/\\\/lospoliticosveracruz.com\\\/#\\\/schema\\\/person\\\/b8702bb0e538456e6efd07080bf2a4a2\",\"name\":\"Lo viste en Los Pol\u00edticos\",\"image\":{\"@type\":\"ImageObject\",\"inLanguage\":\"es\",\"@id\":\"https:\\\/\\\/secure.gravatar.com\\\/avatar\\\/3a8de04a2656d44082be478bd6c086daa447c4651605818287b9532d3d0bd435?s=96&d=mm&r=g\",\"url\":\"https:\\\/\\\/secure.gravatar.com\\\/avatar\\\/3a8de04a2656d44082be478bd6c086daa447c4651605818287b9532d3d0bd435?s=96&d=mm&r=g\",\"contentUrl\":\"https:\\\/\\\/secure.gravatar.com\\\/avatar\\\/3a8de04a2656d44082be478bd6c086daa447c4651605818287b9532d3d0bd435?s=96&d=mm&r=g\",\"caption\":\"Lo viste en Los Pol\u00edticos\"},\"url\":\"https:\\\/\\\/lospoliticosveracruz.com\\\/?author=2\"}]}<\/script>\n<!-- \/ Yoast SEO plugin. -->","yoast_head_json":{"title":"Caen 100 mil pesitos en carrera contra c\u00e1ncer infantil - Los pol\u00edticos Veracruz","robots":{"index":"index","follow":"follow","max-snippet":"max-snippet:-1","max-image-preview":"max-image-preview:large","max-video-preview":"max-video-preview:-1"},"canonical":"https:\/\/lospoliticosveracruz.com\/?p=21188","og_locale":"es_ES","og_type":"article","og_title":"Caen 100 mil pesitos en carrera contra c\u00e1ncer infantil - Los pol\u00edticos Veracruz","og_description":"Rebasando las expectativas, se llev\u00f3 a cabo la primera Carrera Recreativa a favor de la Lucha Contra el C\u00e1ncer Infantil, organizada por el Centro Estatal de Cancerolog\u00eda (CECAN) \u201cMiguel Dorantes Mesa\u201d, en la que coadyuvo el Ayuntamiento de Xalapa a trav\u00e9s del Consejo Municipal para la Asistencia Social (Conmas) del DIF Municipal. Con la participaci\u00f3n [&hellip;]","og_url":"https:\/\/lospoliticosveracruz.com\/?p=21188","og_site_name":"Los pol\u00edticos Veracruz","article_publisher":"https:\/\/www.facebook.com\/people\/Notimemes-de-los-Polticos\/61565672886568\/","article_published_time":"2016-02-15T02:56:33+00:00","article_modified_time":"2016-02-15T02:58:06+00:00","og_image":[{"url":"http:\/\/www.lospoliticosveracruz.com.mx\/wp-content\/uploads\/2016\/02\/Carrera-300x218.jpg","type":"","width":"","height":""}],"author":"Lo viste en Los Pol\u00edticos","twitter_card":"summary_large_image","twitter_creator":"@LosPoliticosVer","twitter_site":"@LosPoliticosVer","twitter_misc":{"Escrito por":"Lo viste en Los Pol\u00edticos","Tiempo de lectura":"2 minutos"},"schema":{"@context":"https:\/\/schema.org","@graph":[{"@type":"Article","@id":"https:\/\/lospoliticosveracruz.com\/?p=21188#article","isPartOf":{"@id":"https:\/\/lospoliticosveracruz.com\/?p=21188"},"author":{"name":"Lo viste en Los Pol\u00edticos","@id":"https:\/\/lospoliticosveracruz.com\/#\/schema\/person\/b8702bb0e538456e6efd07080bf2a4a2"},"headline":"Caen 100 mil pesitos en carrera contra c\u00e1ncer infantil","datePublished":"2016-02-15T02:56:33+00:00","dateModified":"2016-02-15T02:58:06+00:00","mainEntityOfPage":{"@id":"https:\/\/lospoliticosveracruz.com\/?p=21188"},"wordCount":372,"commentCount":0,"publisher":{"@id":"https:\/\/lospoliticosveracruz.com\/#organization"},"image":{"@id":"https:\/\/lospoliticosveracruz.com\/?p=21188#primaryimage"},"thumbnailUrl":"http:\/\/www.lospoliticosveracruz.com.mx\/wp-content\/uploads\/2016\/02\/Carrera-300x218.jpg","keywords":["Am\u00e9rico Z\u00fa\u00f1iga Mart\u00ednez","Cecan","Lucha Contra el C\u00e1ncer Infantil","Martha Ruiz de Querol","Miguel Dorantes Mesa","Norma Patricia L\u00f3pez Pretel\u00edn"],"articleSection":["De Boleto"],"inLanguage":"es","potentialAction":[{"@type":"CommentAction","name":"Comment","target":["https:\/\/lospoliticosveracruz.com\/?p=21188#respond"]}]},{"@type":"WebPage","@id":"https:\/\/lospoliticosveracruz.com\/?p=21188","url":"https:\/\/lospoliticosveracruz.com\/?p=21188","name":"Caen 100 mil pesitos en carrera contra c\u00e1ncer infantil - Los pol\u00edticos Veracruz","isPartOf":{"@id":"https:\/\/lospoliticosveracruz.com\/#website"},"primaryImageOfPage":{"@id":"https:\/\/lospoliticosveracruz.com\/?p=21188#primaryimage"},"image":{"@id":"https:\/\/lospoliticosveracruz.com\/?p=21188#primaryimage"},"thumbnailUrl":"http:\/\/www.lospoliticosveracruz.com.mx\/wp-content\/uploads\/2016\/02\/Carrera-300x218.jpg","datePublished":"2016-02-15T02:56:33+00:00","dateModified":"2016-02-15T02:58:06+00:00","breadcrumb":{"@id":"https:\/\/lospoliticosveracruz.com\/?p=21188#breadcrumb"},"inLanguage":"es","potentialAction":[{"@type":"ReadAction","target":["https:\/\/lospoliticosveracruz.com\/?p=21188"]}]},{"@type":"ImageObject","inLanguage":"es","@id":"https:\/\/lospoliticosveracruz.com\/?p=21188#primaryimage","url":"http:\/\/www.lospoliticosveracruz.com.mx\/wp-content\/uploads\/2016\/02\/Carrera-300x218.jpg","contentUrl":"http:\/\/www.lospoliticosveracruz.com.mx\/wp-content\/uploads\/2016\/02\/Carrera-300x218.jpg"},{"@type":"BreadcrumbList","@id":"https:\/\/lospoliticosveracruz.com\/?p=21188#breadcrumb","itemListElement":[{"@type":"ListItem","position":1,"name":"Portada","item":"https:\/\/lospoliticosveracruz.com\/"},{"@type":"ListItem","position":2,"name":"Caen 100 mil pesitos en carrera contra c\u00e1ncer infantil"}]},{"@type":"WebSite","@id":"https:\/\/lospoliticosveracruz.com\/#website","url":"https:\/\/lospoliticosveracruz.com\/","name":"Los pol\u00edticos Veracruz","description":"","publisher":{"@id":"https:\/\/lospoliticosveracruz.com\/#organization"},"potentialAction":[{"@type":"SearchAction","target":{"@type":"EntryPoint","urlTemplate":"https:\/\/lospoliticosveracruz.com\/?s={search_term_string}"},"query-input":{"@type":"PropertyValueSpecification","valueRequired":true,"valueName":"search_term_string"}}],"inLanguage":"es"},{"@type":"Organization","@id":"https:\/\/lospoliticosveracruz.com\/#organization","name":"Los pol\u00edticos Veracruz","url":"https:\/\/lospoliticosveracruz.com\/","logo":{"@type":"ImageObject","inLanguage":"es","@id":"https:\/\/lospoliticosveracruz.com\/#\/schema\/logo\/image\/","url":"https:\/\/lospoliticosveracruz.com\/wp-content\/uploads\/2025\/12\/Logo-Nuevo-LOS-POLITICOS-1.jpg","contentUrl":"https:\/\/lospoliticosveracruz.com\/wp-content\/uploads\/2025\/12\/Logo-Nuevo-LOS-POLITICOS-1.jpg","width":260,"height":70,"caption":"Los pol\u00edticos Veracruz"},"image":{"@id":"https:\/\/lospoliticosveracruz.com\/#\/schema\/logo\/image\/"},"sameAs":["https:\/\/www.facebook.com\/people\/Notimemes-de-los-Polticos\/61565672886568\/","https:\/\/x.com\/LosPoliticosVer"]},{"@type":"Person","@id":"https:\/\/lospoliticosveracruz.com\/#\/schema\/person\/b8702bb0e538456e6efd07080bf2a4a2","name":"Lo viste en Los Pol\u00edticos","image":{"@type":"ImageObject","inLanguage":"es","@id":"https:\/\/secure.gravatar.com\/avatar\/3a8de04a2656d44082be478bd6c086daa447c4651605818287b9532d3d0bd435?s=96&d=mm&r=g","url":"https:\/\/secure.gravatar.com\/avatar\/3a8de04a2656d44082be478bd6c086daa447c4651605818287b9532d3d0bd435?s=96&d=mm&r=g","contentUrl":"https:\/\/secure.gravatar.com\/avatar\/3a8de04a2656d44082be478bd6c086daa447c4651605818287b9532d3d0bd435?s=96&d=mm&r=g","caption":"Lo viste en Los Pol\u00edticos"},"url":"https:\/\/lospoliticosveracruz.com\/?author=2"}]}},"_links":{"self":[{"href":"https:\/\/lospoliticosveracruz.com\/index.php?rest_route=\/wp\/v2\/posts\/21188","targetHints":{"allow":["GET"]}}],"collection":[{"href":"https:\/\/lospoliticosveracruz.com\/index.php?rest_route=\/wp\/v2\/posts"}],"about":[{"href":"https:\/\/lospoliticosveracruz.com\/index.php?rest_route=\/wp\/v2\/types\/post"}],"author":[{"embeddable":true,"href":"https:\/\/lospoliticosveracruz.com\/index.php?rest_route=\/wp\/v2\/users\/2"}],"replies":[{"embeddable":true,"href":"https:\/\/lospoliticosveracruz.com\/index.php?rest_route=%2Fwp%2Fv2%2Fcomments&post=21188"}],"version-history":[{"count":1,"href":"https:\/\/lospoliticosveracruz.com\/index.php?rest_route=\/wp\/v2\/posts\/21188\/revisions"}],"predecessor-version":[{"id":21190,"href":"https:\/\/lospoliticosveracruz.com\/index.php?rest_route=\/wp\/v2\/posts\/21188\/revisions\/21190"}],"wp:attachment":[{"href":"https:\/\/lospoliticosveracruz.com\/index.php?rest_route=%2Fwp%2Fv2%2Fmedia&parent=21188"}],"wp:term":[{"taxonomy":"category","embeddable":true,"href":"https:\/\/lospoliticosveracruz.com\/index.php?rest_route=%2Fwp%2Fv2%2Fcategories&post=21188"},{"taxonomy":"post_tag","embeddable":true,"href":"https:\/\/lospoliticosveracruz.com\/index.php?rest_route=%2Fwp%2Fv2%2Ftags&post=21188"}],"curies":[{"name":"wp","href":"https:\/\/api.w.org\/{rel}","templated":true}]}}