{"id":21230,"date":"2016-02-15T22:24:10","date_gmt":"2016-02-16T04:24:10","guid":{"rendered":"http:\/\/www.lospoliticosveracruz.com.mx\/?p=21230"},"modified":"2016-02-15T22:24:10","modified_gmt":"2016-02-16T04:24:10","slug":"namiko-ya-pediste-tu-deseo","status":"publish","type":"post","link":"https:\/\/lospoliticosveracruz.com\/?p=21230","title":{"rendered":"Namiko, \u00bfya pediste tu deseo?"},"content":{"rendered":"<figure id=\"attachment_21236\" aria-describedby=\"caption-attachment-21236\" style=\"width: 300px\" class=\"wp-caption alignnone\"><a href=\"http:\/\/www.lospoliticosveracruz.com.mx\/wp-content\/uploads\/2016\/02\/Namiko.jpg\"><img loading=\"lazy\" decoding=\"async\" class=\"wp-image-21236 size-medium\" src=\"http:\/\/www.lospoliticosveracruz.com.mx\/wp-content\/uploads\/2016\/02\/Namiko-300x228.jpg\" alt=\"Namiko\" width=\"300\" height=\"228\" \/><\/a><figcaption id=\"caption-attachment-21236\" class=\"wp-caption-text\">Una oraci\u00f3n&#8230; un deseo<\/figcaption><\/figure>\n<p><strong>Salvador Mu\u00f1oz<\/strong><\/p>\n<p><em>Los Pol\u00edticos<\/em><\/p>\n<p>Son las 7:30 horas de la ma\u00f1ana y Conchita L\u00f3pez, ex directora del DIF municipal de Coatepec, puede diferenciar entre un maestro de primaria y de un preescolar en la carretera que lleva a Ixhuac\u00e1n de los Reyes. El primero, va como alma que lleva el diablo; el segundo, pareciera que disfruta de todo el paisaje verde que hace olvidar el camino que est\u00e1 para llorar hacia ese municipio, que obliga a pensar que por ah\u00ed, no ha pasado Dios\u2026 ni tampoco uno de los tantos titulares que ha cobrado en la SIOP.<br \/>\nBueno, s\u00f3lo es un tramo que inicia en El Trapiche y Rancho San Gabriel para concluir a la altura del Monasterio de Teczin\u2026<br \/>\nII<br \/>\nEs lunes. Hay acto c\u00edvico en el patio del Palacio municipal de Ixhuac\u00e1n de los Reyes. Llego antes de las ocho acompa\u00f1ado de la invitada de las autoridades edilicias: Namiko Matzumoto Ben\u00edtez, titular de la Comisi\u00f3n Estatal de Derechos Humanos\u2026 muere por un caf\u00e9\u2026 \u00a1yo tambi\u00e9n! a un costado donde habr\u00e1 de realizarse la ceremonia, el arom\u00e1tico nos llena de energ\u00eda y lo acompa\u00f1a con un polvor\u00f3n\u2026 bueno, con dos\u2026 su sabor obliga a repetir el bocadillo.<br \/>\nAll\u00ed llega el alcalde Everardo Soto Matla para darle la bienvenida.<br \/>\nAtr\u00e1s del Palacio municipal, en una cima, alcanzamos a ver una parroquia. Al frente, otra parroquia. Me dice Namiko que su mam\u00e1 le dec\u00eda que cuando fuera a una ciudad por primera vez, si tuviera oportunidad, visitara una Iglesia y pidiera un deseo con mucha fe \u00a1y \u00e9ste se le conceder\u00eda!<\/p>\n<figure id=\"attachment_21235\" aria-describedby=\"caption-attachment-21235\" style=\"width: 225px\" class=\"wp-caption alignnone\"><img loading=\"lazy\" decoding=\"async\" class=\"wp-image-21235 size-medium\" src=\"http:\/\/www.lospoliticosveracruz.com.mx\/wp-content\/uploads\/2016\/02\/Ixhuac\u00e1n-225x300.jpg\" alt=\"Ixhuac\u00e1n\" width=\"225\" height=\"300\" \/><figcaption id=\"caption-attachment-21235\" class=\"wp-caption-text\">La limpieza impera<\/figcaption><\/figure>\n<p>III<br \/>\nEn el parque, su\u00e9teres verdes invaden un \u00e1rea mientras unos azules hacen lo mismo en otra. Un peque\u00f1o contingente lo hace por el otro extremo. Son los chavos de la secundaria, del telebachillerato y del sexto a\u00f1o de la primaria Luis G. Flores, respectivamente.<\/p>\n<figure id=\"attachment_21241\" aria-describedby=\"caption-attachment-21241\" style=\"width: 300px\" class=\"wp-caption alignnone\"><img loading=\"lazy\" decoding=\"async\" class=\"wp-image-21241 size-medium\" src=\"http:\/\/www.lospoliticosveracruz.com.mx\/wp-content\/uploads\/2016\/02\/Estudiantes-Ixhuac\u00e1n-21-300x225.jpg\" alt=\"Estudiantes Ixhuac\u00e1n 2\" width=\"300\" height=\"225\" \/><figcaption id=\"caption-attachment-21241\" class=\"wp-caption-text\">Alumnos de la secundaria<\/figcaption><\/figure>\n<p>Inician los honores a la bandera, el canto del Himno Nacional \u00a1y hasta el de Veracruz! Lo mejor es que no s\u00f3lo las autoridades edilicias, invitados, maestros y alumnos, as\u00ed como ese viejo que se asoma a un costado y respetuosamente se quita el sombrero, los entonan; sino que son acompa\u00f1ados por el canto de los gorriones que despliegan sus alas ante el sol ma\u00f1anero\u2026 \u201chemos pasado varios d\u00edas con fr\u00edo\u2026 a veces hay hasta nieve\u201d, nos dice el alcalde.<\/p>\n<figure id=\"attachment_21232\" aria-describedby=\"caption-attachment-21232\" style=\"width: 300px\" class=\"wp-caption alignnone\"><img loading=\"lazy\" decoding=\"async\" class=\"wp-image-21232 size-medium\" src=\"http:\/\/www.lospoliticosveracruz.com.mx\/wp-content\/uploads\/2016\/02\/Estudiantes-Ixhuac\u00e1n-300x225.jpg\" alt=\"Estudiantes Ixhuac\u00e1n\" width=\"300\" height=\"225\" \/><figcaption id=\"caption-attachment-21232\" class=\"wp-caption-text\">Alumnos de la secundaria<\/figcaption><\/figure>\n<p>Namiko Matzumoto es invitada a pasar al podium. La nostalgia la invade. Recuerda a El Higo y le pide a esos j\u00f3venes y ni\u00f1os que la escuchan, que se tracen metas y proyectos altos; que luchen por ellos para cristalizarlos. Promete regresar para tener pl\u00e1ticas con ellos de su materia, porque espera que en futuro, sean las personas, los ciudadanos, que han de llevar las riendas de su municipio, de su estado \u00bfy por qu\u00e9 no? del pa\u00eds.<br \/>\nIV<br \/>\n\u201cNo me abran la puerta \u00a1porque me meto hasta la cocina!\u201d, dice Namiko. Esto, por el inter\u00e9s del alcalde Everardo Soto Matla y del s\u00edndico Rafael Sol Salazar de que haya una serie de conferencias y talleres en materia de Derechos Humanos en las Instituciones educativas de la cabecera municipal.<br \/>\nMe dice el S\u00edndico que hay 12 polic\u00edas municipales para una poblaci\u00f3n de 11 mil habitantes y 32 localidades, pero el trabajo en la prevenci\u00f3n del delito, as\u00ed como en la capacitaci\u00f3n de los elementos por parte de la secretar\u00eda de Seguridad P\u00fablica y el hecho de que sean vecinos, hace que se evite la violaci\u00f3n de los derechos humanos por parte de las autoridades del orden hacia los ciudadanos.<\/p>\n<figure id=\"attachment_21234\" aria-describedby=\"caption-attachment-21234\" style=\"width: 300px\" class=\"wp-caption alignnone\"><img loading=\"lazy\" decoding=\"async\" class=\"wp-image-21234 size-medium\" src=\"http:\/\/www.lospoliticosveracruz.com.mx\/wp-content\/uploads\/2016\/02\/Ixhuac\u00e1n-paisaje-300x255.jpg\" alt=\"Ixhuac\u00e1n paisaje\" width=\"300\" height=\"255\" \/><figcaption id=\"caption-attachment-21234\" class=\"wp-caption-text\">Calorcito ma\u00f1anero<\/figcaption><\/figure>\n<p>V<br \/>\nLa hospitalidad no s\u00f3lo se da por parte de los ediles, sino en sus habitantes que saludan cordiales al recorrer sus calles. Rostros quiz\u00e1s curtidos por el campo y el fr\u00edo, pero que no dejan de ser amables.<br \/>\nPasamos por una parroquia, que no es ni la primera ni la segunda que vimos cerca del palacio municipal. Le pide Namiko al alcalde un momento y entra. Sigue al pie de la letra las ense\u00f1anzas de su madre. Le toma menos de un minuto y tras persignarse, se dirige a la salida mientras me pregunta: \u201c\u00bfYa pediste tu deseo?\u201d<\/p>\n<figure id=\"attachment_21242\" aria-describedby=\"caption-attachment-21242\" style=\"width: 206px\" class=\"wp-caption alignnone\"><img loading=\"lazy\" decoding=\"async\" class=\"wp-image-21242 size-medium\" src=\"http:\/\/www.lospoliticosveracruz.com.mx\/wp-content\/uploads\/2016\/02\/Everardo-Soto-Matla-206x300.jpg\" alt=\"Everardo Soto Matla\" width=\"206\" height=\"300\" \/><figcaption id=\"caption-attachment-21242\" class=\"wp-caption-text\">Caminata con el alcalde<\/figcaption><\/figure>\n<p><strong>El mensaje de la Luz<\/strong><br \/>\n\u00bfM\u00fasculo pol\u00edtico de Silem Garc\u00eda Pe\u00f1a? No lo creo. Si este domingo hubo alguien que mostr\u00f3 m\u00fasculo, y de fe, fue la iglesia de la Luz del Mundo. Concentrar sus bautismos en Xalapa y Veracruz es ver lo micro y olvidar que este evento religioso se realiz\u00f3 en m\u00e1s de 50 naciones.<br \/>\n\u00bfQu\u00e9 deja la Luz del Mundo? Yo veo un mensaje a una sociedad llena de incertidumbre, de resentimientos, de ego\u00edsmo, generados por una situaci\u00f3n econ\u00f3mica y social de la que quiz\u00e1s no es culpable. La Luz del Mundo apuesta a principios y valores, como es seguro que la mayor\u00eda de las Iglesias lo hacen.<br \/>\nQuien quiera ver otra cosa, all\u00e1 ellos. Yo s\u00f3lo veo que la Luz del Mundo este domingo, concentr\u00f3 en su bautismo la esperanza de dar a Dios buenos cristianos y a nuestra sociedad, buenos ciudadanos.<\/p>\n<p><strong>Pierde Javier, gana H\u00e9ctor<\/strong><br \/>\nEnrique Ampudia Mello se suma a los activos de H\u00e9ctor Yunes Landa. El pol\u00edtico del misterioso peinado ha de perder de seguro el glamour ahora que se incorpore a la campa\u00f1a del seguro candidato a la gubernatura en aras de sumar y hasta multiplicar en favor del chole\u00f1o. Gana H\u00e9ctor; pierde Javier.<\/p>\n<p><strong>Canacintra, por la experiencia<\/strong><br \/>\nApostar a la experiencia y a la vez, hacer un reconocimiento a la labor desarrollada al frente de la Canacintra local, es lo que hicieron los empresarios este lunes al reelegir a Antonio Pino Aguilar como cabeza de manada de la Industria de la Transformaci\u00f3n. Lo novedoso del asunto no es tanto que repita Antonio Pino, sino que lo haga \u00a1por tercera vez consecutiva!<\/p>\n<p>smcainito@gmail.com<\/p>\n","protected":false},"excerpt":{"rendered":"<p>Salvador Mu\u00f1oz Los Pol\u00edticos Son las 7:30 horas de la ma\u00f1ana y Conchita L\u00f3pez, ex directora del DIF municipal de Coatepec, puede diferenciar entre un maestro de primaria y de un preescolar en la carretera que lleva a Ixhuac\u00e1n de los Reyes. El primero, va como alma que lleva el diablo; el segundo, pareciera que [&hellip;]<\/p>\n","protected":false},"author":2,"featured_media":0,"comment_status":"open","ping_status":"open","sticky":false,"template":"","format":"standard","meta":{"tdm_status":"","tdm_grid_status":"","footnotes":""},"categories":[70],"tags":[4820,4822,4821,4389,4823],"class_list":{"0":"post-21230","1":"post","2":"type-post","3":"status-publish","4":"format-standard","6":"category-de-opinion","7":"tag-conchita-lopez","8":"tag-everardo-soto-matla","9":"tag-ixhuacan-de-los-reyes","10":"tag-namiko-matzumoto-benitez","11":"tag-rafael-sol-salazar"},"yoast_head":"<!-- This site is optimized with the Yoast SEO plugin v27.4 - https:\/\/yoast.com\/product\/yoast-seo-wordpress\/ -->\n<title>Namiko, \u00bfya pediste tu deseo? - Los pol\u00edticos Veracruz<\/title>\n<meta name=\"robots\" content=\"index, follow, max-snippet:-1, max-image-preview:large, max-video-preview:-1\" \/>\n<link rel=\"canonical\" href=\"https:\/\/lospoliticosveracruz.com\/?p=21230\" \/>\n<meta property=\"og:locale\" content=\"es_ES\" \/>\n<meta property=\"og:type\" content=\"article\" \/>\n<meta property=\"og:title\" content=\"Namiko, \u00bfya pediste tu deseo? - Los pol\u00edticos Veracruz\" \/>\n<meta property=\"og:description\" content=\"Salvador Mu\u00f1oz Los Pol\u00edticos Son las 7:30 horas de la ma\u00f1ana y Conchita L\u00f3pez, ex directora del DIF municipal de Coatepec, puede diferenciar entre un maestro de primaria y de un preescolar en la carretera que lleva a Ixhuac\u00e1n de los Reyes. El primero, va como alma que lleva el diablo; el segundo, pareciera que [&hellip;]\" \/>\n<meta property=\"og:url\" content=\"https:\/\/lospoliticosveracruz.com\/?p=21230\" \/>\n<meta property=\"og:site_name\" content=\"Los pol\u00edticos Veracruz\" \/>\n<meta property=\"article:publisher\" content=\"https:\/\/www.facebook.com\/people\/Notimemes-de-los-Polticos\/61565672886568\/\" \/>\n<meta property=\"article:published_time\" content=\"2016-02-16T04:24:10+00:00\" \/>\n<meta property=\"og:image\" content=\"http:\/\/www.lospoliticosveracruz.com.mx\/wp-content\/uploads\/2016\/02\/Namiko-300x228.jpg\" \/>\n<meta name=\"author\" content=\"Lo viste en Los Pol\u00edticos\" \/>\n<meta name=\"twitter:card\" content=\"summary_large_image\" \/>\n<meta name=\"twitter:creator\" content=\"@LosPoliticosVer\" \/>\n<meta name=\"twitter:site\" content=\"@LosPoliticosVer\" \/>\n<meta name=\"twitter:label1\" content=\"Escrito por\" \/>\n\t<meta name=\"twitter:data1\" content=\"Lo viste en Los Pol\u00edticos\" \/>\n\t<meta name=\"twitter:label2\" content=\"Tiempo de lectura\" \/>\n\t<meta name=\"twitter:data2\" content=\"5 minutos\" \/>\n<script type=\"application\/ld+json\" class=\"yoast-schema-graph\">{\"@context\":\"https:\\\/\\\/schema.org\",\"@graph\":[{\"@type\":\"Article\",\"@id\":\"https:\\\/\\\/lospoliticosveracruz.com\\\/?p=21230#article\",\"isPartOf\":{\"@id\":\"https:\\\/\\\/lospoliticosveracruz.com\\\/?p=21230\"},\"author\":{\"name\":\"Lo viste en Los Pol\u00edticos\",\"@id\":\"https:\\\/\\\/lospoliticosveracruz.com\\\/#\\\/schema\\\/person\\\/b8702bb0e538456e6efd07080bf2a4a2\"},\"headline\":\"Namiko, \u00bfya pediste tu deseo?\",\"datePublished\":\"2016-02-16T04:24:10+00:00\",\"mainEntityOfPage\":{\"@id\":\"https:\\\/\\\/lospoliticosveracruz.com\\\/?p=21230\"},\"wordCount\":1085,\"commentCount\":0,\"publisher\":{\"@id\":\"https:\\\/\\\/lospoliticosveracruz.com\\\/#organization\"},\"image\":{\"@id\":\"https:\\\/\\\/lospoliticosveracruz.com\\\/?p=21230#primaryimage\"},\"thumbnailUrl\":\"http:\\\/\\\/www.lospoliticosveracruz.com.mx\\\/wp-content\\\/uploads\\\/2016\\\/02\\\/Namiko-300x228.jpg\",\"keywords\":[\"Conchita L\u00f3pez\",\"Everardo Soto Matla\",\"Ixhuac\u00e1n de los Reyes\",\"Namiko Matzumoto Ben\u00edtez\",\"Rafael Sol Salazar\"],\"articleSection\":[\"De Opini\u00f3n\"],\"inLanguage\":\"es\",\"potentialAction\":[{\"@type\":\"CommentAction\",\"name\":\"Comment\",\"target\":[\"https:\\\/\\\/lospoliticosveracruz.com\\\/?p=21230#respond\"]}]},{\"@type\":\"WebPage\",\"@id\":\"https:\\\/\\\/lospoliticosveracruz.com\\\/?p=21230\",\"url\":\"https:\\\/\\\/lospoliticosveracruz.com\\\/?p=21230\",\"name\":\"Namiko, \u00bfya pediste tu deseo? - Los pol\u00edticos Veracruz\",\"isPartOf\":{\"@id\":\"https:\\\/\\\/lospoliticosveracruz.com\\\/#website\"},\"primaryImageOfPage\":{\"@id\":\"https:\\\/\\\/lospoliticosveracruz.com\\\/?p=21230#primaryimage\"},\"image\":{\"@id\":\"https:\\\/\\\/lospoliticosveracruz.com\\\/?p=21230#primaryimage\"},\"thumbnailUrl\":\"http:\\\/\\\/www.lospoliticosveracruz.com.mx\\\/wp-content\\\/uploads\\\/2016\\\/02\\\/Namiko-300x228.jpg\",\"datePublished\":\"2016-02-16T04:24:10+00:00\",\"breadcrumb\":{\"@id\":\"https:\\\/\\\/lospoliticosveracruz.com\\\/?p=21230#breadcrumb\"},\"inLanguage\":\"es\",\"potentialAction\":[{\"@type\":\"ReadAction\",\"target\":[\"https:\\\/\\\/lospoliticosveracruz.com\\\/?p=21230\"]}]},{\"@type\":\"ImageObject\",\"inLanguage\":\"es\",\"@id\":\"https:\\\/\\\/lospoliticosveracruz.com\\\/?p=21230#primaryimage\",\"url\":\"http:\\\/\\\/www.lospoliticosveracruz.com.mx\\\/wp-content\\\/uploads\\\/2016\\\/02\\\/Namiko-300x228.jpg\",\"contentUrl\":\"http:\\\/\\\/www.lospoliticosveracruz.com.mx\\\/wp-content\\\/uploads\\\/2016\\\/02\\\/Namiko-300x228.jpg\"},{\"@type\":\"BreadcrumbList\",\"@id\":\"https:\\\/\\\/lospoliticosveracruz.com\\\/?p=21230#breadcrumb\",\"itemListElement\":[{\"@type\":\"ListItem\",\"position\":1,\"name\":\"Portada\",\"item\":\"https:\\\/\\\/lospoliticosveracruz.com\\\/\"},{\"@type\":\"ListItem\",\"position\":2,\"name\":\"Namiko, \u00bfya pediste tu deseo?\"}]},{\"@type\":\"WebSite\",\"@id\":\"https:\\\/\\\/lospoliticosveracruz.com\\\/#website\",\"url\":\"https:\\\/\\\/lospoliticosveracruz.com\\\/\",\"name\":\"Los pol\u00edticos Veracruz\",\"description\":\"\",\"publisher\":{\"@id\":\"https:\\\/\\\/lospoliticosveracruz.com\\\/#organization\"},\"potentialAction\":[{\"@type\":\"SearchAction\",\"target\":{\"@type\":\"EntryPoint\",\"urlTemplate\":\"https:\\\/\\\/lospoliticosveracruz.com\\\/?s={search_term_string}\"},\"query-input\":{\"@type\":\"PropertyValueSpecification\",\"valueRequired\":true,\"valueName\":\"search_term_string\"}}],\"inLanguage\":\"es\"},{\"@type\":\"Organization\",\"@id\":\"https:\\\/\\\/lospoliticosveracruz.com\\\/#organization\",\"name\":\"Los pol\u00edticos Veracruz\",\"url\":\"https:\\\/\\\/lospoliticosveracruz.com\\\/\",\"logo\":{\"@type\":\"ImageObject\",\"inLanguage\":\"es\",\"@id\":\"https:\\\/\\\/lospoliticosveracruz.com\\\/#\\\/schema\\\/logo\\\/image\\\/\",\"url\":\"https:\\\/\\\/lospoliticosveracruz.com\\\/wp-content\\\/uploads\\\/2025\\\/12\\\/Logo-Nuevo-LOS-POLITICOS-1.jpg\",\"contentUrl\":\"https:\\\/\\\/lospoliticosveracruz.com\\\/wp-content\\\/uploads\\\/2025\\\/12\\\/Logo-Nuevo-LOS-POLITICOS-1.jpg\",\"width\":260,\"height\":70,\"caption\":\"Los pol\u00edticos Veracruz\"},\"image\":{\"@id\":\"https:\\\/\\\/lospoliticosveracruz.com\\\/#\\\/schema\\\/logo\\\/image\\\/\"},\"sameAs\":[\"https:\\\/\\\/www.facebook.com\\\/people\\\/Notimemes-de-los-Polticos\\\/61565672886568\\\/\",\"https:\\\/\\\/x.com\\\/LosPoliticosVer\"]},{\"@type\":\"Person\",\"@id\":\"https:\\\/\\\/lospoliticosveracruz.com\\\/#\\\/schema\\\/person\\\/b8702bb0e538456e6efd07080bf2a4a2\",\"name\":\"Lo viste en Los Pol\u00edticos\",\"image\":{\"@type\":\"ImageObject\",\"inLanguage\":\"es\",\"@id\":\"https:\\\/\\\/secure.gravatar.com\\\/avatar\\\/3a8de04a2656d44082be478bd6c086daa447c4651605818287b9532d3d0bd435?s=96&d=mm&r=g\",\"url\":\"https:\\\/\\\/secure.gravatar.com\\\/avatar\\\/3a8de04a2656d44082be478bd6c086daa447c4651605818287b9532d3d0bd435?s=96&d=mm&r=g\",\"contentUrl\":\"https:\\\/\\\/secure.gravatar.com\\\/avatar\\\/3a8de04a2656d44082be478bd6c086daa447c4651605818287b9532d3d0bd435?s=96&d=mm&r=g\",\"caption\":\"Lo viste en Los Pol\u00edticos\"},\"url\":\"https:\\\/\\\/lospoliticosveracruz.com\\\/?author=2\"}]}<\/script>\n<!-- \/ Yoast SEO plugin. -->","yoast_head_json":{"title":"Namiko, \u00bfya pediste tu deseo? - Los pol\u00edticos Veracruz","robots":{"index":"index","follow":"follow","max-snippet":"max-snippet:-1","max-image-preview":"max-image-preview:large","max-video-preview":"max-video-preview:-1"},"canonical":"https:\/\/lospoliticosveracruz.com\/?p=21230","og_locale":"es_ES","og_type":"article","og_title":"Namiko, \u00bfya pediste tu deseo? - Los pol\u00edticos Veracruz","og_description":"Salvador Mu\u00f1oz Los Pol\u00edticos Son las 7:30 horas de la ma\u00f1ana y Conchita L\u00f3pez, ex directora del DIF municipal de Coatepec, puede diferenciar entre un maestro de primaria y de un preescolar en la carretera que lleva a Ixhuac\u00e1n de los Reyes. El primero, va como alma que lleva el diablo; el segundo, pareciera que [&hellip;]","og_url":"https:\/\/lospoliticosveracruz.com\/?p=21230","og_site_name":"Los pol\u00edticos Veracruz","article_publisher":"https:\/\/www.facebook.com\/people\/Notimemes-de-los-Polticos\/61565672886568\/","article_published_time":"2016-02-16T04:24:10+00:00","og_image":[{"url":"http:\/\/www.lospoliticosveracruz.com.mx\/wp-content\/uploads\/2016\/02\/Namiko-300x228.jpg","type":"","width":"","height":""}],"author":"Lo viste en Los Pol\u00edticos","twitter_card":"summary_large_image","twitter_creator":"@LosPoliticosVer","twitter_site":"@LosPoliticosVer","twitter_misc":{"Escrito por":"Lo viste en Los Pol\u00edticos","Tiempo de lectura":"5 minutos"},"schema":{"@context":"https:\/\/schema.org","@graph":[{"@type":"Article","@id":"https:\/\/lospoliticosveracruz.com\/?p=21230#article","isPartOf":{"@id":"https:\/\/lospoliticosveracruz.com\/?p=21230"},"author":{"name":"Lo viste en Los Pol\u00edticos","@id":"https:\/\/lospoliticosveracruz.com\/#\/schema\/person\/b8702bb0e538456e6efd07080bf2a4a2"},"headline":"Namiko, \u00bfya pediste tu deseo?","datePublished":"2016-02-16T04:24:10+00:00","mainEntityOfPage":{"@id":"https:\/\/lospoliticosveracruz.com\/?p=21230"},"wordCount":1085,"commentCount":0,"publisher":{"@id":"https:\/\/lospoliticosveracruz.com\/#organization"},"image":{"@id":"https:\/\/lospoliticosveracruz.com\/?p=21230#primaryimage"},"thumbnailUrl":"http:\/\/www.lospoliticosveracruz.com.mx\/wp-content\/uploads\/2016\/02\/Namiko-300x228.jpg","keywords":["Conchita L\u00f3pez","Everardo Soto Matla","Ixhuac\u00e1n de los Reyes","Namiko Matzumoto Ben\u00edtez","Rafael Sol Salazar"],"articleSection":["De Opini\u00f3n"],"inLanguage":"es","potentialAction":[{"@type":"CommentAction","name":"Comment","target":["https:\/\/lospoliticosveracruz.com\/?p=21230#respond"]}]},{"@type":"WebPage","@id":"https:\/\/lospoliticosveracruz.com\/?p=21230","url":"https:\/\/lospoliticosveracruz.com\/?p=21230","name":"Namiko, \u00bfya pediste tu deseo? - Los pol\u00edticos Veracruz","isPartOf":{"@id":"https:\/\/lospoliticosveracruz.com\/#website"},"primaryImageOfPage":{"@id":"https:\/\/lospoliticosveracruz.com\/?p=21230#primaryimage"},"image":{"@id":"https:\/\/lospoliticosveracruz.com\/?p=21230#primaryimage"},"thumbnailUrl":"http:\/\/www.lospoliticosveracruz.com.mx\/wp-content\/uploads\/2016\/02\/Namiko-300x228.jpg","datePublished":"2016-02-16T04:24:10+00:00","breadcrumb":{"@id":"https:\/\/lospoliticosveracruz.com\/?p=21230#breadcrumb"},"inLanguage":"es","potentialAction":[{"@type":"ReadAction","target":["https:\/\/lospoliticosveracruz.com\/?p=21230"]}]},{"@type":"ImageObject","inLanguage":"es","@id":"https:\/\/lospoliticosveracruz.com\/?p=21230#primaryimage","url":"http:\/\/www.lospoliticosveracruz.com.mx\/wp-content\/uploads\/2016\/02\/Namiko-300x228.jpg","contentUrl":"http:\/\/www.lospoliticosveracruz.com.mx\/wp-content\/uploads\/2016\/02\/Namiko-300x228.jpg"},{"@type":"BreadcrumbList","@id":"https:\/\/lospoliticosveracruz.com\/?p=21230#breadcrumb","itemListElement":[{"@type":"ListItem","position":1,"name":"Portada","item":"https:\/\/lospoliticosveracruz.com\/"},{"@type":"ListItem","position":2,"name":"Namiko, \u00bfya pediste tu deseo?"}]},{"@type":"WebSite","@id":"https:\/\/lospoliticosveracruz.com\/#website","url":"https:\/\/lospoliticosveracruz.com\/","name":"Los pol\u00edticos Veracruz","description":"","publisher":{"@id":"https:\/\/lospoliticosveracruz.com\/#organization"},"potentialAction":[{"@type":"SearchAction","target":{"@type":"EntryPoint","urlTemplate":"https:\/\/lospoliticosveracruz.com\/?s={search_term_string}"},"query-input":{"@type":"PropertyValueSpecification","valueRequired":true,"valueName":"search_term_string"}}],"inLanguage":"es"},{"@type":"Organization","@id":"https:\/\/lospoliticosveracruz.com\/#organization","name":"Los pol\u00edticos Veracruz","url":"https:\/\/lospoliticosveracruz.com\/","logo":{"@type":"ImageObject","inLanguage":"es","@id":"https:\/\/lospoliticosveracruz.com\/#\/schema\/logo\/image\/","url":"https:\/\/lospoliticosveracruz.com\/wp-content\/uploads\/2025\/12\/Logo-Nuevo-LOS-POLITICOS-1.jpg","contentUrl":"https:\/\/lospoliticosveracruz.com\/wp-content\/uploads\/2025\/12\/Logo-Nuevo-LOS-POLITICOS-1.jpg","width":260,"height":70,"caption":"Los pol\u00edticos Veracruz"},"image":{"@id":"https:\/\/lospoliticosveracruz.com\/#\/schema\/logo\/image\/"},"sameAs":["https:\/\/www.facebook.com\/people\/Notimemes-de-los-Polticos\/61565672886568\/","https:\/\/x.com\/LosPoliticosVer"]},{"@type":"Person","@id":"https:\/\/lospoliticosveracruz.com\/#\/schema\/person\/b8702bb0e538456e6efd07080bf2a4a2","name":"Lo viste en Los Pol\u00edticos","image":{"@type":"ImageObject","inLanguage":"es","@id":"https:\/\/secure.gravatar.com\/avatar\/3a8de04a2656d44082be478bd6c086daa447c4651605818287b9532d3d0bd435?s=96&d=mm&r=g","url":"https:\/\/secure.gravatar.com\/avatar\/3a8de04a2656d44082be478bd6c086daa447c4651605818287b9532d3d0bd435?s=96&d=mm&r=g","contentUrl":"https:\/\/secure.gravatar.com\/avatar\/3a8de04a2656d44082be478bd6c086daa447c4651605818287b9532d3d0bd435?s=96&d=mm&r=g","caption":"Lo viste en Los Pol\u00edticos"},"url":"https:\/\/lospoliticosveracruz.com\/?author=2"}]}},"_links":{"self":[{"href":"https:\/\/lospoliticosveracruz.com\/index.php?rest_route=\/wp\/v2\/posts\/21230","targetHints":{"allow":["GET"]}}],"collection":[{"href":"https:\/\/lospoliticosveracruz.com\/index.php?rest_route=\/wp\/v2\/posts"}],"about":[{"href":"https:\/\/lospoliticosveracruz.com\/index.php?rest_route=\/wp\/v2\/types\/post"}],"author":[{"embeddable":true,"href":"https:\/\/lospoliticosveracruz.com\/index.php?rest_route=\/wp\/v2\/users\/2"}],"replies":[{"embeddable":true,"href":"https:\/\/lospoliticosveracruz.com\/index.php?rest_route=%2Fwp%2Fv2%2Fcomments&post=21230"}],"version-history":[{"count":1,"href":"https:\/\/lospoliticosveracruz.com\/index.php?rest_route=\/wp\/v2\/posts\/21230\/revisions"}],"predecessor-version":[{"id":21243,"href":"https:\/\/lospoliticosveracruz.com\/index.php?rest_route=\/wp\/v2\/posts\/21230\/revisions\/21243"}],"wp:attachment":[{"href":"https:\/\/lospoliticosveracruz.com\/index.php?rest_route=%2Fwp%2Fv2%2Fmedia&parent=21230"}],"wp:term":[{"taxonomy":"category","embeddable":true,"href":"https:\/\/lospoliticosveracruz.com\/index.php?rest_route=%2Fwp%2Fv2%2Fcategories&post=21230"},{"taxonomy":"post_tag","embeddable":true,"href":"https:\/\/lospoliticosveracruz.com\/index.php?rest_route=%2Fwp%2Fv2%2Ftags&post=21230"}],"curies":[{"name":"wp","href":"https:\/\/api.w.org\/{rel}","templated":true}]}}