{"id":21329,"date":"2016-02-19T23:06:06","date_gmt":"2016-02-20T05:06:06","guid":{"rendered":"http:\/\/www.lospoliticosveracruz.com.mx\/?p=21329"},"modified":"2016-02-19T23:06:06","modified_gmt":"2016-02-20T05:06:06","slug":"sedema-el-prietito","status":"publish","type":"post","link":"https:\/\/lospoliticosveracruz.com\/?p=21329","title":{"rendered":"Sedema, el prietito"},"content":{"rendered":"<p><a href=\"http:\/\/www.lospoliticosveracruz.com.mx\/wp-content\/uploads\/2016\/02\/V\u00edctor-Alvarado-Mart\u00ednez.jpg\"><img loading=\"lazy\" decoding=\"async\" class=\"alignnone size-medium wp-image-21331\" src=\"http:\/\/www.lospoliticosveracruz.com.mx\/wp-content\/uploads\/2016\/02\/V\u00edctor-Alvarado-Mart\u00ednez-300x225.jpg\" alt=\"V\u00edctor Alvarado Mart\u00ednez\" width=\"300\" height=\"225\" \/><\/a><\/p>\n<p><strong>Brenda Caballero<\/strong><br \/>\n<em>N\u00fameros Rojos<\/em><\/p>\n<p>Wenceslao vive en la comunidad de Ocotal, en la Sierra de los Tuxtlas. En la foto se puede apreciar que toca una planta de caf\u00e9 con sombras de especies nativas de esta regi\u00f3n. Ha diversificado sus sembrad\u00edos, pues tiene pimienta y frijol, aunque ser\u00e1 en 5 a\u00f1os cuando podr\u00e1 aprovechar forestalmente las 5 h\u00e9ctareas de su propiedad y obtenga un mayor ingreso.<br \/>\n\u00bfC\u00f3mo se est\u00e1 apoyando? Por medio de donativo de Petr\u00f3leos Mexicanos lo bajan a la Instituci\u00f3n y Conservaci\u00f3n de \u00c1reas Protegidas; finalmente, a trav\u00e9s de la Asociaci\u00f3n Civil Espacios para el Desarrollo Sustentable en Veracruz, lo recibe. Es decir: es un binomio de Gobierno y Sociedad, pues en realidad lo que ellos necesitan es atenci\u00f3n y asistencia, lo comenta entusiasmado V\u00edctor Alvarado Mart\u00ednez, primer Secretario del Medio Ambiente (Sedema) en Veracruz, ante los integrantes de la Apever No\u00e9 Vald\u00e9s.<br \/>\nAlvarado Mart\u00ednez no es mucho de reflectores, m\u00e1s bien se define como t\u00e9cnico y mire que le queda como anillo al dedo, ya que mostr\u00f3 un gran dominio del tema al exponer y hacer un balance de los 5 a\u00f1os que lleva frente a la Sedema.<br \/>\nEl Secretario no ven\u00eda solo. Le acompa\u00f1\u00f3 todo su equipo al que defini\u00f3 como gente muy valiosa y con perfil espec\u00edfico dentro de la dependencia que asegura ser muy importante, ya que tiene relaci\u00f3n con todas las \u00e1reas de gobierno estatal, incluso dir\u00eda yo, hasta las pol\u00edticas.<br \/>\nY es que Alvarado Mart\u00ednez explica que toda acci\u00f3n que se realiza o capital que se genera, tiene como fuente el medio ambiente o el entorno natural; raz\u00f3n en la que radica la implementaci\u00f3n de pol\u00edticas p\u00fablicas de largo alcance y profundidad en el estado. Y entonces pregunta \u00bfQu\u00e9 tenemos que pensar a fututo en materia de Medio Ambiente?<br \/>\nReconoce que algunos Ayuntamientos siguen haciendo cambios de uso de suelo y siguen dando permisos de construcci\u00f3n debido al costo de oportunidad de los terrenos, en \u00e1reas que deben ser de conservaci\u00f3n, provocando que \u00e9stas sean atacadas por la mancha urbana. Este es uno de los principales motivos por lo que se han establecido como \u00e1reas protegidas.<br \/>\nActualmente, la Sedema realiza acciones para seguir protegiendo \u00e1reas como la Reserva Ecol\u00f3gica del Bosque de Totalco de Perote, \u00fanico lugar en el mundo donde se encuentra la ardilla Moto que es extra\u00edda para su venta; Lagunas de San Isidro, ubicadas junto a La Mancha y que es el Sistema Dunario m\u00e1s grande del Golfo de M\u00e9xico, amenazado por desarrolladores tur\u00edsticos en los que quieren hacer hasta un campo de golf; lagunas interdunarias de Veracruz que se van a declarar como \u00e1rea natural protegida, ya que la mancha urbana las est\u00e1 consumiendo.<br \/>\nCon respecto a las metas a nivel mundial, V\u00edctor Alvarado asegura que Veracruz ya tiene cubiertas las dos terceras partes del objetivo que tiene que cumplir con M\u00e9xico en materia de medio ambiente.<br \/>\nAsimismo, asegura que somos el primer lugar nacional en materia de conservaci\u00f3n. \u00a1Vaya, una noticia buena entre tantas malas que agobian al estado!<br \/>\nHabl\u00f3 tambi\u00e9n de la zona Norte y de la tortuga marina, donde se rompi\u00f3 el r\u00e9cord de liberaci\u00f3n de cr\u00edas en el campamento del Raudal de Gobierno del Estado; incluso, Veracruz pas\u00f3 de 100 mil cr\u00edas que se liberaban a 762 mil aproximadamente. Resalt\u00f3 que la Playa Tortuguero recibi\u00f3 el premio de calidad como mejor playa del Golfo de M\u00e9xico en materia de calidad ambiental y la primera a nivel nacional en materia de conservaci\u00f3n.<br \/>\nSedema tambi\u00e9n trabaja en acciones del Corredor Ecol\u00f3gico de la Sierra Madre conformado por cinco estados, donde Veracruz es el que m\u00e1s ha tenido avances y en donde se concentra el 12 por ciento de la biodiversidad del pa\u00eds.<br \/>\nEl estado ocupa el tercer lugar en biodiversidad, despu\u00e9s de Oaxaca y Chiapas, y hablando de ella, el Secretario reconoce que los recursos no son suficientes, ya que el presupuesto anual de Sedema es de 50 millones m\u00e1s-menos 20 millones ejercidos de inversi\u00f3n p\u00fablica estatal para proteger a la biodiversidad, aunque hay fondos a nivel internacional pero que se tienen que bajar por medio de mecanismos para poder acceder a ellos. Es as\u00ed como nace el Fondo Ambiental Veracruzano, primer fideicomiso p\u00fablico a nivel nacional enfocado a apoyar a la sociedad civil organizada y el que ha sido de suma importancia para encontrar cuatro felinos que ya se consideraban en extinci\u00f3n como son el puma, el jaguar, el ocelote y el jaguarundi. Pero \u00bfc\u00f3mo se pueden proteger? Alvarado Mart\u00ednez considera que se debe apoyar a la poblaci\u00f3n que vive cerca de ellos como es el caso de Wenceslao. Y algo muy importante, que el dinero que se logre bajar para medio ambiente no haga escala en la Sefiplan, sino que vaya directamente al Fondo Ambiental Veracruzano. \u00bfSer\u00e1 que no les daban completo el recurso?<br \/>\nAl tocar el tema de la calidad ambiental del aire, mencion\u00f3 cifras: Es el principal riesgo ambiental para la calidad humana. M\u00e1s de 5 millones de muertes al a\u00f1o en mundo. En M\u00e9xico, de 20 a 25 mil muertes anuales, donde resaltan los infantes y adultos mayores.<br \/>\nJunto con el Cambio Clim\u00e1tico y la Biodiversidad, la calidad del aire son considerados los problemas mayores en el mundo.<br \/>\nA principio de sexenio, se estableci\u00f3 en el Programa Estatal de Desarrollo verificar la calidad del aire y monitorear la atm\u00f3sfera, as\u00ed como homologar el programa de verificaci\u00f3n con respecto al DF.<br \/>\nAcepta que en Veracruz no hab\u00eda ninguna medida o pol\u00edtica ambiental, tan solo una compra-venta de hologramas de verificaci\u00f3n vehicular; es por ello que despu\u00e9s de varios pasos y un viacrucis en varios organismos, se ha logrado establecer la primera etapa de la verificaci\u00f3n din\u00e1mica, la que todos los propietarios de autom\u00f3viles estamos obligada a realizar si no queremos que en 5 \u00f3 10 a\u00f1os tengamos precontingencia y contingencia ambiental.<\/p>\n<p>Email:caballero_brenda@hotmail.com<\/p>\n","protected":false},"excerpt":{"rendered":"<p>Brenda Caballero N\u00fameros Rojos Wenceslao vive en la comunidad de Ocotal, en la Sierra de los Tuxtlas. En la foto se puede apreciar que toca una planta de caf\u00e9 con sombras de especies nativas de esta regi\u00f3n. Ha diversificado sus sembrad\u00edos, pues tiene pimienta y frijol, aunque ser\u00e1 en 5 a\u00f1os cuando podr\u00e1 aprovechar forestalmente [&hellip;]<\/p>\n","protected":false},"author":2,"featured_media":0,"comment_status":"open","ping_status":"open","sticky":false,"template":"","format":"standard","meta":{"tdm_status":"","tdm_grid_status":"","footnotes":""},"categories":[70],"tags":[1036,136],"class_list":{"0":"post-21329","1":"post","2":"type-post","3":"status-publish","4":"format-standard","6":"category-de-opinion","7":"tag-sedema","8":"tag-tuxtlas"},"yoast_head":"<!-- This site is optimized with the Yoast SEO plugin v27.4 - https:\/\/yoast.com\/product\/yoast-seo-wordpress\/ -->\n<title>Sedema, el prietito - Los pol\u00edticos Veracruz<\/title>\n<meta name=\"robots\" content=\"index, follow, max-snippet:-1, max-image-preview:large, max-video-preview:-1\" \/>\n<link rel=\"canonical\" href=\"https:\/\/lospoliticosveracruz.com\/?p=21329\" \/>\n<meta property=\"og:locale\" content=\"es_ES\" \/>\n<meta property=\"og:type\" content=\"article\" \/>\n<meta property=\"og:title\" content=\"Sedema, el prietito - Los pol\u00edticos Veracruz\" \/>\n<meta property=\"og:description\" content=\"Brenda Caballero N\u00fameros Rojos Wenceslao vive en la comunidad de Ocotal, en la Sierra de los Tuxtlas. En la foto se puede apreciar que toca una planta de caf\u00e9 con sombras de especies nativas de esta regi\u00f3n. Ha diversificado sus sembrad\u00edos, pues tiene pimienta y frijol, aunque ser\u00e1 en 5 a\u00f1os cuando podr\u00e1 aprovechar forestalmente [&hellip;]\" \/>\n<meta property=\"og:url\" content=\"https:\/\/lospoliticosveracruz.com\/?p=21329\" \/>\n<meta property=\"og:site_name\" content=\"Los pol\u00edticos Veracruz\" \/>\n<meta property=\"article:publisher\" content=\"https:\/\/www.facebook.com\/people\/Notimemes-de-los-Polticos\/61565672886568\/\" \/>\n<meta property=\"article:published_time\" content=\"2016-02-20T05:06:06+00:00\" \/>\n<meta property=\"og:image\" content=\"https:\/\/lospoliticosveracruz.com\/wp-content\/uploads\/2016\/07\/Logo-Dor.jpg\" \/>\n\t<meta property=\"og:image:width\" content=\"200\" \/>\n\t<meta property=\"og:image:height\" content=\"200\" \/>\n\t<meta property=\"og:image:type\" content=\"image\/jpeg\" \/>\n<meta name=\"author\" content=\"Lo viste en Los Pol\u00edticos\" \/>\n<meta name=\"twitter:card\" content=\"summary_large_image\" \/>\n<meta name=\"twitter:creator\" content=\"@LosPoliticosVer\" \/>\n<meta name=\"twitter:site\" content=\"@LosPoliticosVer\" \/>\n<meta name=\"twitter:label1\" content=\"Escrito por\" \/>\n\t<meta name=\"twitter:data1\" content=\"Lo viste en Los Pol\u00edticos\" \/>\n\t<meta name=\"twitter:label2\" content=\"Tiempo de lectura\" \/>\n\t<meta name=\"twitter:data2\" content=\"5 minutos\" \/>\n<script type=\"application\/ld+json\" class=\"yoast-schema-graph\">{\"@context\":\"https:\\\/\\\/schema.org\",\"@graph\":[{\"@type\":\"Article\",\"@id\":\"https:\\\/\\\/lospoliticosveracruz.com\\\/?p=21329#article\",\"isPartOf\":{\"@id\":\"https:\\\/\\\/lospoliticosveracruz.com\\\/?p=21329\"},\"author\":{\"name\":\"Lo viste en Los Pol\u00edticos\",\"@id\":\"https:\\\/\\\/lospoliticosveracruz.com\\\/#\\\/schema\\\/person\\\/b8702bb0e538456e6efd07080bf2a4a2\"},\"headline\":\"Sedema, el prietito\",\"datePublished\":\"2016-02-20T05:06:06+00:00\",\"mainEntityOfPage\":{\"@id\":\"https:\\\/\\\/lospoliticosveracruz.com\\\/?p=21329\"},\"wordCount\":1037,\"commentCount\":0,\"publisher\":{\"@id\":\"https:\\\/\\\/lospoliticosveracruz.com\\\/#organization\"},\"keywords\":[\"Sedema\",\"Tuxtlas\"],\"articleSection\":[\"De Opini\u00f3n\"],\"inLanguage\":\"es\",\"potentialAction\":[{\"@type\":\"CommentAction\",\"name\":\"Comment\",\"target\":[\"https:\\\/\\\/lospoliticosveracruz.com\\\/?p=21329#respond\"]}]},{\"@type\":\"WebPage\",\"@id\":\"https:\\\/\\\/lospoliticosveracruz.com\\\/?p=21329\",\"url\":\"https:\\\/\\\/lospoliticosveracruz.com\\\/?p=21329\",\"name\":\"Sedema, el prietito - Los pol\u00edticos Veracruz\",\"isPartOf\":{\"@id\":\"https:\\\/\\\/lospoliticosveracruz.com\\\/#website\"},\"datePublished\":\"2016-02-20T05:06:06+00:00\",\"breadcrumb\":{\"@id\":\"https:\\\/\\\/lospoliticosveracruz.com\\\/?p=21329#breadcrumb\"},\"inLanguage\":\"es\",\"potentialAction\":[{\"@type\":\"ReadAction\",\"target\":[\"https:\\\/\\\/lospoliticosveracruz.com\\\/?p=21329\"]}]},{\"@type\":\"BreadcrumbList\",\"@id\":\"https:\\\/\\\/lospoliticosveracruz.com\\\/?p=21329#breadcrumb\",\"itemListElement\":[{\"@type\":\"ListItem\",\"position\":1,\"name\":\"Portada\",\"item\":\"https:\\\/\\\/lospoliticosveracruz.com\\\/\"},{\"@type\":\"ListItem\",\"position\":2,\"name\":\"Sedema, el prietito\"}]},{\"@type\":\"WebSite\",\"@id\":\"https:\\\/\\\/lospoliticosveracruz.com\\\/#website\",\"url\":\"https:\\\/\\\/lospoliticosveracruz.com\\\/\",\"name\":\"Los pol\u00edticos Veracruz\",\"description\":\"\",\"publisher\":{\"@id\":\"https:\\\/\\\/lospoliticosveracruz.com\\\/#organization\"},\"potentialAction\":[{\"@type\":\"SearchAction\",\"target\":{\"@type\":\"EntryPoint\",\"urlTemplate\":\"https:\\\/\\\/lospoliticosveracruz.com\\\/?s={search_term_string}\"},\"query-input\":{\"@type\":\"PropertyValueSpecification\",\"valueRequired\":true,\"valueName\":\"search_term_string\"}}],\"inLanguage\":\"es\"},{\"@type\":\"Organization\",\"@id\":\"https:\\\/\\\/lospoliticosveracruz.com\\\/#organization\",\"name\":\"Los pol\u00edticos Veracruz\",\"url\":\"https:\\\/\\\/lospoliticosveracruz.com\\\/\",\"logo\":{\"@type\":\"ImageObject\",\"inLanguage\":\"es\",\"@id\":\"https:\\\/\\\/lospoliticosveracruz.com\\\/#\\\/schema\\\/logo\\\/image\\\/\",\"url\":\"https:\\\/\\\/lospoliticosveracruz.com\\\/wp-content\\\/uploads\\\/2025\\\/12\\\/Logo-Nuevo-LOS-POLITICOS-1.jpg\",\"contentUrl\":\"https:\\\/\\\/lospoliticosveracruz.com\\\/wp-content\\\/uploads\\\/2025\\\/12\\\/Logo-Nuevo-LOS-POLITICOS-1.jpg\",\"width\":260,\"height\":70,\"caption\":\"Los pol\u00edticos Veracruz\"},\"image\":{\"@id\":\"https:\\\/\\\/lospoliticosveracruz.com\\\/#\\\/schema\\\/logo\\\/image\\\/\"},\"sameAs\":[\"https:\\\/\\\/www.facebook.com\\\/people\\\/Notimemes-de-los-Polticos\\\/61565672886568\\\/\",\"https:\\\/\\\/x.com\\\/LosPoliticosVer\"]},{\"@type\":\"Person\",\"@id\":\"https:\\\/\\\/lospoliticosveracruz.com\\\/#\\\/schema\\\/person\\\/b8702bb0e538456e6efd07080bf2a4a2\",\"name\":\"Lo viste en Los Pol\u00edticos\",\"image\":{\"@type\":\"ImageObject\",\"inLanguage\":\"es\",\"@id\":\"https:\\\/\\\/secure.gravatar.com\\\/avatar\\\/3a8de04a2656d44082be478bd6c086daa447c4651605818287b9532d3d0bd435?s=96&d=mm&r=g\",\"url\":\"https:\\\/\\\/secure.gravatar.com\\\/avatar\\\/3a8de04a2656d44082be478bd6c086daa447c4651605818287b9532d3d0bd435?s=96&d=mm&r=g\",\"contentUrl\":\"https:\\\/\\\/secure.gravatar.com\\\/avatar\\\/3a8de04a2656d44082be478bd6c086daa447c4651605818287b9532d3d0bd435?s=96&d=mm&r=g\",\"caption\":\"Lo viste en Los Pol\u00edticos\"},\"url\":\"https:\\\/\\\/lospoliticosveracruz.com\\\/?author=2\"}]}<\/script>\n<!-- \/ Yoast SEO plugin. -->","yoast_head_json":{"title":"Sedema, el prietito - Los pol\u00edticos Veracruz","robots":{"index":"index","follow":"follow","max-snippet":"max-snippet:-1","max-image-preview":"max-image-preview:large","max-video-preview":"max-video-preview:-1"},"canonical":"https:\/\/lospoliticosveracruz.com\/?p=21329","og_locale":"es_ES","og_type":"article","og_title":"Sedema, el prietito - Los pol\u00edticos Veracruz","og_description":"Brenda Caballero N\u00fameros Rojos Wenceslao vive en la comunidad de Ocotal, en la Sierra de los Tuxtlas. En la foto se puede apreciar que toca una planta de caf\u00e9 con sombras de especies nativas de esta regi\u00f3n. Ha diversificado sus sembrad\u00edos, pues tiene pimienta y frijol, aunque ser\u00e1 en 5 a\u00f1os cuando podr\u00e1 aprovechar forestalmente [&hellip;]","og_url":"https:\/\/lospoliticosveracruz.com\/?p=21329","og_site_name":"Los pol\u00edticos Veracruz","article_publisher":"https:\/\/www.facebook.com\/people\/Notimemes-de-los-Polticos\/61565672886568\/","article_published_time":"2016-02-20T05:06:06+00:00","og_image":[{"width":200,"height":200,"url":"https:\/\/lospoliticosveracruz.com\/wp-content\/uploads\/2016\/07\/Logo-Dor.jpg","type":"image\/jpeg"}],"author":"Lo viste en Los Pol\u00edticos","twitter_card":"summary_large_image","twitter_creator":"@LosPoliticosVer","twitter_site":"@LosPoliticosVer","twitter_misc":{"Escrito por":"Lo viste en Los Pol\u00edticos","Tiempo de lectura":"5 minutos"},"schema":{"@context":"https:\/\/schema.org","@graph":[{"@type":"Article","@id":"https:\/\/lospoliticosveracruz.com\/?p=21329#article","isPartOf":{"@id":"https:\/\/lospoliticosveracruz.com\/?p=21329"},"author":{"name":"Lo viste en Los Pol\u00edticos","@id":"https:\/\/lospoliticosveracruz.com\/#\/schema\/person\/b8702bb0e538456e6efd07080bf2a4a2"},"headline":"Sedema, el prietito","datePublished":"2016-02-20T05:06:06+00:00","mainEntityOfPage":{"@id":"https:\/\/lospoliticosveracruz.com\/?p=21329"},"wordCount":1037,"commentCount":0,"publisher":{"@id":"https:\/\/lospoliticosveracruz.com\/#organization"},"keywords":["Sedema","Tuxtlas"],"articleSection":["De Opini\u00f3n"],"inLanguage":"es","potentialAction":[{"@type":"CommentAction","name":"Comment","target":["https:\/\/lospoliticosveracruz.com\/?p=21329#respond"]}]},{"@type":"WebPage","@id":"https:\/\/lospoliticosveracruz.com\/?p=21329","url":"https:\/\/lospoliticosveracruz.com\/?p=21329","name":"Sedema, el prietito - Los pol\u00edticos Veracruz","isPartOf":{"@id":"https:\/\/lospoliticosveracruz.com\/#website"},"datePublished":"2016-02-20T05:06:06+00:00","breadcrumb":{"@id":"https:\/\/lospoliticosveracruz.com\/?p=21329#breadcrumb"},"inLanguage":"es","potentialAction":[{"@type":"ReadAction","target":["https:\/\/lospoliticosveracruz.com\/?p=21329"]}]},{"@type":"BreadcrumbList","@id":"https:\/\/lospoliticosveracruz.com\/?p=21329#breadcrumb","itemListElement":[{"@type":"ListItem","position":1,"name":"Portada","item":"https:\/\/lospoliticosveracruz.com\/"},{"@type":"ListItem","position":2,"name":"Sedema, el prietito"}]},{"@type":"WebSite","@id":"https:\/\/lospoliticosveracruz.com\/#website","url":"https:\/\/lospoliticosveracruz.com\/","name":"Los pol\u00edticos Veracruz","description":"","publisher":{"@id":"https:\/\/lospoliticosveracruz.com\/#organization"},"potentialAction":[{"@type":"SearchAction","target":{"@type":"EntryPoint","urlTemplate":"https:\/\/lospoliticosveracruz.com\/?s={search_term_string}"},"query-input":{"@type":"PropertyValueSpecification","valueRequired":true,"valueName":"search_term_string"}}],"inLanguage":"es"},{"@type":"Organization","@id":"https:\/\/lospoliticosveracruz.com\/#organization","name":"Los pol\u00edticos Veracruz","url":"https:\/\/lospoliticosveracruz.com\/","logo":{"@type":"ImageObject","inLanguage":"es","@id":"https:\/\/lospoliticosveracruz.com\/#\/schema\/logo\/image\/","url":"https:\/\/lospoliticosveracruz.com\/wp-content\/uploads\/2025\/12\/Logo-Nuevo-LOS-POLITICOS-1.jpg","contentUrl":"https:\/\/lospoliticosveracruz.com\/wp-content\/uploads\/2025\/12\/Logo-Nuevo-LOS-POLITICOS-1.jpg","width":260,"height":70,"caption":"Los pol\u00edticos Veracruz"},"image":{"@id":"https:\/\/lospoliticosveracruz.com\/#\/schema\/logo\/image\/"},"sameAs":["https:\/\/www.facebook.com\/people\/Notimemes-de-los-Polticos\/61565672886568\/","https:\/\/x.com\/LosPoliticosVer"]},{"@type":"Person","@id":"https:\/\/lospoliticosveracruz.com\/#\/schema\/person\/b8702bb0e538456e6efd07080bf2a4a2","name":"Lo viste en Los Pol\u00edticos","image":{"@type":"ImageObject","inLanguage":"es","@id":"https:\/\/secure.gravatar.com\/avatar\/3a8de04a2656d44082be478bd6c086daa447c4651605818287b9532d3d0bd435?s=96&d=mm&r=g","url":"https:\/\/secure.gravatar.com\/avatar\/3a8de04a2656d44082be478bd6c086daa447c4651605818287b9532d3d0bd435?s=96&d=mm&r=g","contentUrl":"https:\/\/secure.gravatar.com\/avatar\/3a8de04a2656d44082be478bd6c086daa447c4651605818287b9532d3d0bd435?s=96&d=mm&r=g","caption":"Lo viste en Los Pol\u00edticos"},"url":"https:\/\/lospoliticosveracruz.com\/?author=2"}]}},"_links":{"self":[{"href":"https:\/\/lospoliticosveracruz.com\/index.php?rest_route=\/wp\/v2\/posts\/21329","targetHints":{"allow":["GET"]}}],"collection":[{"href":"https:\/\/lospoliticosveracruz.com\/index.php?rest_route=\/wp\/v2\/posts"}],"about":[{"href":"https:\/\/lospoliticosveracruz.com\/index.php?rest_route=\/wp\/v2\/types\/post"}],"author":[{"embeddable":true,"href":"https:\/\/lospoliticosveracruz.com\/index.php?rest_route=\/wp\/v2\/users\/2"}],"replies":[{"embeddable":true,"href":"https:\/\/lospoliticosveracruz.com\/index.php?rest_route=%2Fwp%2Fv2%2Fcomments&post=21329"}],"version-history":[{"count":1,"href":"https:\/\/lospoliticosveracruz.com\/index.php?rest_route=\/wp\/v2\/posts\/21329\/revisions"}],"predecessor-version":[{"id":21332,"href":"https:\/\/lospoliticosveracruz.com\/index.php?rest_route=\/wp\/v2\/posts\/21329\/revisions\/21332"}],"wp:attachment":[{"href":"https:\/\/lospoliticosveracruz.com\/index.php?rest_route=%2Fwp%2Fv2%2Fmedia&parent=21329"}],"wp:term":[{"taxonomy":"category","embeddable":true,"href":"https:\/\/lospoliticosveracruz.com\/index.php?rest_route=%2Fwp%2Fv2%2Fcategories&post=21329"},{"taxonomy":"post_tag","embeddable":true,"href":"https:\/\/lospoliticosveracruz.com\/index.php?rest_route=%2Fwp%2Fv2%2Ftags&post=21329"}],"curies":[{"name":"wp","href":"https:\/\/api.w.org\/{rel}","templated":true}]}}