{"id":21334,"date":"2016-02-21T19:41:04","date_gmt":"2016-02-22T01:41:04","guid":{"rendered":"http:\/\/www.lospoliticosveracruz.com.mx\/?p=21334"},"modified":"2016-02-21T19:41:04","modified_gmt":"2016-02-22T01:41:04","slug":"psicoembutidos-carniceria-escenica","status":"publish","type":"post","link":"https:\/\/lospoliticosveracruz.com\/?p=21334","title":{"rendered":"Psico\/Embutidos: Carnicer\u00eda esc\u00e9nica"},"content":{"rendered":"<p><a href=\"http:\/\/www.lospoliticosveracruz.com.mx\/wp-content\/uploads\/2016\/02\/Psicoembutidos2.jpg\"><img loading=\"lazy\" decoding=\"async\" class=\"alignnone size-medium wp-image-21341\" src=\"http:\/\/www.lospoliticosveracruz.com.mx\/wp-content\/uploads\/2016\/02\/Psicoembutidos2-300x200.jpg\" alt=\"Psico:embutidos\" width=\"300\" height=\"200\" \/><\/a><br \/>\n<strong>Cecilia Mu\u00f1oz<\/strong><br \/>\n<em>Polisemia<\/em><\/p>\n<p>\u201cVaya\u2026 por el momento ya he visto m\u00e1s hombres desnudos que todas mis amigas juntas\u201d, pens\u00e9 mientras me sentaba a esperar mi turno, agobiada tras haber dejado a mi pareja atr\u00e1s y nerviosa al pensar que, tarde o temprano, me enfrentar\u00eda sola a todos esos cuerpos.<br \/>\nTras una risa solitaria y casi muda debido a mi primer pensamiento, los nervios volvieron. Mientras m\u00e1s avanzaba hacia mi turno, la expectaci\u00f3n crec\u00eda: \u00bfSer\u00eda capaz de desenvolverme entre todos aquellos extra\u00f1os? \u00bfQu\u00e9 har\u00eda en la completa oscuridad? \u00bfMe animar\u00eda a aventarme por los toboganes?<br \/>\n\u201cPsico\/Embutidos, carnicer\u00eda esc\u00e9nica\u201d, obra de la Compa\u00f1\u00eda de Teatro de la UV, promet\u00eda desde sus promocionales una experiencia \u00fanica para cada asistente, el cual dejar\u00eda atr\u00e1s el papel de espectador para volverse part\u00edcipe de la acci\u00f3n. Y en efecto, desde la primera parte, cuando el asistente se encuentra sentado alrededor del aparato digestivo, observando a los primeros participantes interactuar con los actores, la experiencia es totalmente individual: la lejan\u00eda entre sillas permite la ilusi\u00f3n de ser el testigo solitario del desarrollo de un mundo ajeno, donde cientos de relaciones humanas ocurren al mismo tiempo, independientes pero a la vez interconectadas por breves periodos de tiempo.<br \/>\nA punto de iniciar mi recorrido por el aparato digestivo, ca\u00ed en la cuenta de lo que hab\u00eda ocurrido durante apenas unos minutos: el cuerpo humano, especialmente el masculino, hab\u00eda vuelto a m\u00ed en su forma diversa y natural, ya alejado de cualquier atisbo de amenaza que el aprendizaje de mis a\u00f1os como mujer (y aquellos exhibicionistas a los 14 y 22 a\u00f1os) hab\u00eda marcado en su presencia. El cuerpo humano hab\u00eda recuperado la inocencia de mis primeros a\u00f1os y aquello ten\u00eda algo de milagroso y pac\u00edfico.<br \/>\nA pesar de aquel primer descubrimiento, mi expectaci\u00f3n continuaba. Frente a m\u00ed, quienes minutos hab\u00edan sido meros asistentes a una obra de teatro ahora eran actores improvisados con m\u00faltiples reacciones: hab\u00eda el que se re\u00eda abiertamente, el que parec\u00eda tartamudear alguna respuesta nerviosa y hasta alguna que re\u00eda mientras en los ojos le brillaban l\u00e1grimas contenidas. M\u00e1s tarde supe que aquello era absolutamente comprensible, despu\u00e9s de todo, los actores de \u201cPsico\/Embutidos\u201d logran transmitirte confianza y te animan a apropiarte de la obra y su historia por medio de revelarte a ti mismo. Y claro, \u00bfqui\u00e9n puede predecir lo que ocurrir\u00e1 ante el conocimiento de uno mismo?<br \/>\nTal ejercicio de reflexi\u00f3n, sin embargo, no descuida el aspecto l\u00fadico que inicia desde el primer momento en que uno interact\u00faa con Longaniza, a la que nos encontraremos m\u00e1s tarde en diferentes etapas de su vida, as\u00ed como a su hijo Salchicha, su nuera Chistorra y a los diferentes personajes que le dan vida a la obra y nos animan a volver a la infancia, a las m\u00e1s hilarantes e improvisadas respuestas y a los juegos que supon\u00edan nuestras primeras aventuras.<br \/>\nAl cabo de unos minutos, la expectaci\u00f3n hab\u00eda sido dejada atr\u00e1s. Me top\u00e9 con personajes que te envolv\u00edan con un discurso que dejaba a cualquiera mudo de asombro ante su belleza, as\u00ed como aquellos con los que el juego era inmediato y din\u00e1mico. Ni qu\u00e9 decir de los toboganes que al final me resultaron de lo m\u00e1s divertidos\u2026<br \/>\nSin embargo, al finalizar, la experiencia ha sido \u00fanica para cada asistente. Si para m\u00ed lo primordial hab\u00eda sido el aspecto l\u00fadico de la obra, para mi pareja \u2015una vez reencontrados\u2015 fue la historia y la retroalimentaci\u00f3n conseguida de ella. \u00bfQu\u00e9 impresi\u00f3n habr\u00e1 causado en las otras 38 personas que asistieron este s\u00e1bado? Pero, m\u00e1s importante: \u00bfqu\u00e9 impresi\u00f3n causar\u00eda en usted? \u201cPsico\/Embutidos: Carnicer\u00eda esc\u00e9nica\u201d se estar\u00e1 presentado en la sala Dagoberto Guillaum\u00edn del Teatro del Estado hasta el 28 de febrero\u2026 as\u00ed que a\u00fan tiene tiempo para averiguarlo.<\/p>\n<p>polisemia@outlook.es<\/p>\n","protected":false},"excerpt":{"rendered":"<p>Cecilia Mu\u00f1oz Polisemia \u201cVaya\u2026 por el momento ya he visto m\u00e1s hombres desnudos que todas mis amigas juntas\u201d, pens\u00e9 mientras me sentaba a esperar mi turno, agobiada tras haber dejado a mi pareja atr\u00e1s y nerviosa al pensar que, tarde o temprano, me enfrentar\u00eda sola a todos esos cuerpos. Tras una risa solitaria y casi [&hellip;]<\/p>\n","protected":false},"author":2,"featured_media":0,"comment_status":"open","ping_status":"open","sticky":false,"template":"","format":"standard","meta":{"tdm_status":"","tdm_grid_status":"","footnotes":""},"categories":[75],"tags":[4873,4874,4872,4875,521,172],"class_list":{"0":"post-21334","1":"post","2":"type-post","3":"status-publish","4":"format-standard","6":"category-cine-libros-y-mas","7":"tag-carniceria-escenica","8":"tag-compania-de-teatro","9":"tag-psicoembutidos","10":"tag-sala-dagoberto-guillaumin","11":"tag-teatro-del-estado","12":"tag-uv"},"yoast_head":"<!-- This site is optimized with the Yoast SEO plugin v27.4 - https:\/\/yoast.com\/product\/yoast-seo-wordpress\/ -->\n<title>Psico\/Embutidos: Carnicer\u00eda esc\u00e9nica - Los pol\u00edticos Veracruz<\/title>\n<meta name=\"robots\" content=\"index, follow, max-snippet:-1, max-image-preview:large, max-video-preview:-1\" \/>\n<link rel=\"canonical\" href=\"https:\/\/lospoliticosveracruz.com\/?p=21334\" \/>\n<meta property=\"og:locale\" content=\"es_ES\" \/>\n<meta property=\"og:type\" content=\"article\" \/>\n<meta property=\"og:title\" content=\"Psico\/Embutidos: Carnicer\u00eda esc\u00e9nica - Los pol\u00edticos Veracruz\" \/>\n<meta property=\"og:description\" content=\"Cecilia Mu\u00f1oz Polisemia \u201cVaya\u2026 por el momento ya he visto m\u00e1s hombres desnudos que todas mis amigas juntas\u201d, pens\u00e9 mientras me sentaba a esperar mi turno, agobiada tras haber dejado a mi pareja atr\u00e1s y nerviosa al pensar que, tarde o temprano, me enfrentar\u00eda sola a todos esos cuerpos. Tras una risa solitaria y casi [&hellip;]\" \/>\n<meta property=\"og:url\" content=\"https:\/\/lospoliticosveracruz.com\/?p=21334\" \/>\n<meta property=\"og:site_name\" content=\"Los pol\u00edticos Veracruz\" \/>\n<meta property=\"article:publisher\" content=\"https:\/\/www.facebook.com\/people\/Notimemes-de-los-Polticos\/61565672886568\/\" \/>\n<meta property=\"article:published_time\" content=\"2016-02-22T01:41:04+00:00\" \/>\n<meta property=\"og:image\" content=\"http:\/\/www.lospoliticosveracruz.com.mx\/wp-content\/uploads\/2016\/02\/Psicoembutidos2-300x200.jpg\" \/>\n<meta name=\"author\" content=\"Lo viste en Los Pol\u00edticos\" \/>\n<meta name=\"twitter:card\" content=\"summary_large_image\" \/>\n<meta name=\"twitter:creator\" content=\"@LosPoliticosVer\" \/>\n<meta name=\"twitter:site\" content=\"@LosPoliticosVer\" \/>\n<meta name=\"twitter:label1\" content=\"Escrito por\" \/>\n\t<meta name=\"twitter:data1\" content=\"Lo viste en Los Pol\u00edticos\" \/>\n\t<meta name=\"twitter:label2\" content=\"Tiempo de lectura\" \/>\n\t<meta name=\"twitter:data2\" content=\"3 minutos\" \/>\n<script type=\"application\/ld+json\" class=\"yoast-schema-graph\">{\"@context\":\"https:\\\/\\\/schema.org\",\"@graph\":[{\"@type\":\"Article\",\"@id\":\"https:\\\/\\\/lospoliticosveracruz.com\\\/?p=21334#article\",\"isPartOf\":{\"@id\":\"https:\\\/\\\/lospoliticosveracruz.com\\\/?p=21334\"},\"author\":{\"name\":\"Lo viste en Los Pol\u00edticos\",\"@id\":\"https:\\\/\\\/lospoliticosveracruz.com\\\/#\\\/schema\\\/person\\\/b8702bb0e538456e6efd07080bf2a4a2\"},\"headline\":\"Psico\\\/Embutidos: Carnicer\u00eda esc\u00e9nica\",\"datePublished\":\"2016-02-22T01:41:04+00:00\",\"mainEntityOfPage\":{\"@id\":\"https:\\\/\\\/lospoliticosveracruz.com\\\/?p=21334\"},\"wordCount\":692,\"commentCount\":0,\"publisher\":{\"@id\":\"https:\\\/\\\/lospoliticosveracruz.com\\\/#organization\"},\"image\":{\"@id\":\"https:\\\/\\\/lospoliticosveracruz.com\\\/?p=21334#primaryimage\"},\"thumbnailUrl\":\"http:\\\/\\\/www.lospoliticosveracruz.com.mx\\\/wp-content\\\/uploads\\\/2016\\\/02\\\/Psicoembutidos2-300x200.jpg\",\"keywords\":[\"carnicer\u00eda esc\u00e9nica\",\"Compa\u00f1\u00eda de Teatro\",\"Psico\\\/Embutidos\",\"Sala Dagoberto Guillaum\u00edn\",\"Teatro del Estado\",\"UV\"],\"articleSection\":[\"Cine, Libros y m\u00e1s\"],\"inLanguage\":\"es\",\"potentialAction\":[{\"@type\":\"CommentAction\",\"name\":\"Comment\",\"target\":[\"https:\\\/\\\/lospoliticosveracruz.com\\\/?p=21334#respond\"]}]},{\"@type\":\"WebPage\",\"@id\":\"https:\\\/\\\/lospoliticosveracruz.com\\\/?p=21334\",\"url\":\"https:\\\/\\\/lospoliticosveracruz.com\\\/?p=21334\",\"name\":\"Psico\\\/Embutidos: Carnicer\u00eda esc\u00e9nica - Los pol\u00edticos Veracruz\",\"isPartOf\":{\"@id\":\"https:\\\/\\\/lospoliticosveracruz.com\\\/#website\"},\"primaryImageOfPage\":{\"@id\":\"https:\\\/\\\/lospoliticosveracruz.com\\\/?p=21334#primaryimage\"},\"image\":{\"@id\":\"https:\\\/\\\/lospoliticosveracruz.com\\\/?p=21334#primaryimage\"},\"thumbnailUrl\":\"http:\\\/\\\/www.lospoliticosveracruz.com.mx\\\/wp-content\\\/uploads\\\/2016\\\/02\\\/Psicoembutidos2-300x200.jpg\",\"datePublished\":\"2016-02-22T01:41:04+00:00\",\"breadcrumb\":{\"@id\":\"https:\\\/\\\/lospoliticosveracruz.com\\\/?p=21334#breadcrumb\"},\"inLanguage\":\"es\",\"potentialAction\":[{\"@type\":\"ReadAction\",\"target\":[\"https:\\\/\\\/lospoliticosveracruz.com\\\/?p=21334\"]}]},{\"@type\":\"ImageObject\",\"inLanguage\":\"es\",\"@id\":\"https:\\\/\\\/lospoliticosveracruz.com\\\/?p=21334#primaryimage\",\"url\":\"http:\\\/\\\/www.lospoliticosveracruz.com.mx\\\/wp-content\\\/uploads\\\/2016\\\/02\\\/Psicoembutidos2-300x200.jpg\",\"contentUrl\":\"http:\\\/\\\/www.lospoliticosveracruz.com.mx\\\/wp-content\\\/uploads\\\/2016\\\/02\\\/Psicoembutidos2-300x200.jpg\"},{\"@type\":\"BreadcrumbList\",\"@id\":\"https:\\\/\\\/lospoliticosveracruz.com\\\/?p=21334#breadcrumb\",\"itemListElement\":[{\"@type\":\"ListItem\",\"position\":1,\"name\":\"Portada\",\"item\":\"https:\\\/\\\/lospoliticosveracruz.com\\\/\"},{\"@type\":\"ListItem\",\"position\":2,\"name\":\"Psico\\\/Embutidos: Carnicer\u00eda esc\u00e9nica\"}]},{\"@type\":\"WebSite\",\"@id\":\"https:\\\/\\\/lospoliticosveracruz.com\\\/#website\",\"url\":\"https:\\\/\\\/lospoliticosveracruz.com\\\/\",\"name\":\"Los pol\u00edticos Veracruz\",\"description\":\"\",\"publisher\":{\"@id\":\"https:\\\/\\\/lospoliticosveracruz.com\\\/#organization\"},\"potentialAction\":[{\"@type\":\"SearchAction\",\"target\":{\"@type\":\"EntryPoint\",\"urlTemplate\":\"https:\\\/\\\/lospoliticosveracruz.com\\\/?s={search_term_string}\"},\"query-input\":{\"@type\":\"PropertyValueSpecification\",\"valueRequired\":true,\"valueName\":\"search_term_string\"}}],\"inLanguage\":\"es\"},{\"@type\":\"Organization\",\"@id\":\"https:\\\/\\\/lospoliticosveracruz.com\\\/#organization\",\"name\":\"Los pol\u00edticos Veracruz\",\"url\":\"https:\\\/\\\/lospoliticosveracruz.com\\\/\",\"logo\":{\"@type\":\"ImageObject\",\"inLanguage\":\"es\",\"@id\":\"https:\\\/\\\/lospoliticosveracruz.com\\\/#\\\/schema\\\/logo\\\/image\\\/\",\"url\":\"https:\\\/\\\/lospoliticosveracruz.com\\\/wp-content\\\/uploads\\\/2025\\\/12\\\/Logo-Nuevo-LOS-POLITICOS-1.jpg\",\"contentUrl\":\"https:\\\/\\\/lospoliticosveracruz.com\\\/wp-content\\\/uploads\\\/2025\\\/12\\\/Logo-Nuevo-LOS-POLITICOS-1.jpg\",\"width\":260,\"height\":70,\"caption\":\"Los pol\u00edticos Veracruz\"},\"image\":{\"@id\":\"https:\\\/\\\/lospoliticosveracruz.com\\\/#\\\/schema\\\/logo\\\/image\\\/\"},\"sameAs\":[\"https:\\\/\\\/www.facebook.com\\\/people\\\/Notimemes-de-los-Polticos\\\/61565672886568\\\/\",\"https:\\\/\\\/x.com\\\/LosPoliticosVer\"]},{\"@type\":\"Person\",\"@id\":\"https:\\\/\\\/lospoliticosveracruz.com\\\/#\\\/schema\\\/person\\\/b8702bb0e538456e6efd07080bf2a4a2\",\"name\":\"Lo viste en Los Pol\u00edticos\",\"image\":{\"@type\":\"ImageObject\",\"inLanguage\":\"es\",\"@id\":\"https:\\\/\\\/secure.gravatar.com\\\/avatar\\\/3a8de04a2656d44082be478bd6c086daa447c4651605818287b9532d3d0bd435?s=96&d=mm&r=g\",\"url\":\"https:\\\/\\\/secure.gravatar.com\\\/avatar\\\/3a8de04a2656d44082be478bd6c086daa447c4651605818287b9532d3d0bd435?s=96&d=mm&r=g\",\"contentUrl\":\"https:\\\/\\\/secure.gravatar.com\\\/avatar\\\/3a8de04a2656d44082be478bd6c086daa447c4651605818287b9532d3d0bd435?s=96&d=mm&r=g\",\"caption\":\"Lo viste en Los Pol\u00edticos\"},\"url\":\"https:\\\/\\\/lospoliticosveracruz.com\\\/?author=2\"}]}<\/script>\n<!-- \/ Yoast SEO plugin. -->","yoast_head_json":{"title":"Psico\/Embutidos: Carnicer\u00eda esc\u00e9nica - Los pol\u00edticos Veracruz","robots":{"index":"index","follow":"follow","max-snippet":"max-snippet:-1","max-image-preview":"max-image-preview:large","max-video-preview":"max-video-preview:-1"},"canonical":"https:\/\/lospoliticosveracruz.com\/?p=21334","og_locale":"es_ES","og_type":"article","og_title":"Psico\/Embutidos: Carnicer\u00eda esc\u00e9nica - Los pol\u00edticos Veracruz","og_description":"Cecilia Mu\u00f1oz Polisemia \u201cVaya\u2026 por el momento ya he visto m\u00e1s hombres desnudos que todas mis amigas juntas\u201d, pens\u00e9 mientras me sentaba a esperar mi turno, agobiada tras haber dejado a mi pareja atr\u00e1s y nerviosa al pensar que, tarde o temprano, me enfrentar\u00eda sola a todos esos cuerpos. Tras una risa solitaria y casi [&hellip;]","og_url":"https:\/\/lospoliticosveracruz.com\/?p=21334","og_site_name":"Los pol\u00edticos Veracruz","article_publisher":"https:\/\/www.facebook.com\/people\/Notimemes-de-los-Polticos\/61565672886568\/","article_published_time":"2016-02-22T01:41:04+00:00","og_image":[{"url":"http:\/\/www.lospoliticosveracruz.com.mx\/wp-content\/uploads\/2016\/02\/Psicoembutidos2-300x200.jpg","type":"","width":"","height":""}],"author":"Lo viste en Los Pol\u00edticos","twitter_card":"summary_large_image","twitter_creator":"@LosPoliticosVer","twitter_site":"@LosPoliticosVer","twitter_misc":{"Escrito por":"Lo viste en Los Pol\u00edticos","Tiempo de lectura":"3 minutos"},"schema":{"@context":"https:\/\/schema.org","@graph":[{"@type":"Article","@id":"https:\/\/lospoliticosveracruz.com\/?p=21334#article","isPartOf":{"@id":"https:\/\/lospoliticosveracruz.com\/?p=21334"},"author":{"name":"Lo viste en Los Pol\u00edticos","@id":"https:\/\/lospoliticosveracruz.com\/#\/schema\/person\/b8702bb0e538456e6efd07080bf2a4a2"},"headline":"Psico\/Embutidos: Carnicer\u00eda esc\u00e9nica","datePublished":"2016-02-22T01:41:04+00:00","mainEntityOfPage":{"@id":"https:\/\/lospoliticosveracruz.com\/?p=21334"},"wordCount":692,"commentCount":0,"publisher":{"@id":"https:\/\/lospoliticosveracruz.com\/#organization"},"image":{"@id":"https:\/\/lospoliticosveracruz.com\/?p=21334#primaryimage"},"thumbnailUrl":"http:\/\/www.lospoliticosveracruz.com.mx\/wp-content\/uploads\/2016\/02\/Psicoembutidos2-300x200.jpg","keywords":["carnicer\u00eda esc\u00e9nica","Compa\u00f1\u00eda de Teatro","Psico\/Embutidos","Sala Dagoberto Guillaum\u00edn","Teatro del Estado","UV"],"articleSection":["Cine, Libros y m\u00e1s"],"inLanguage":"es","potentialAction":[{"@type":"CommentAction","name":"Comment","target":["https:\/\/lospoliticosveracruz.com\/?p=21334#respond"]}]},{"@type":"WebPage","@id":"https:\/\/lospoliticosveracruz.com\/?p=21334","url":"https:\/\/lospoliticosveracruz.com\/?p=21334","name":"Psico\/Embutidos: Carnicer\u00eda esc\u00e9nica - Los pol\u00edticos Veracruz","isPartOf":{"@id":"https:\/\/lospoliticosveracruz.com\/#website"},"primaryImageOfPage":{"@id":"https:\/\/lospoliticosveracruz.com\/?p=21334#primaryimage"},"image":{"@id":"https:\/\/lospoliticosveracruz.com\/?p=21334#primaryimage"},"thumbnailUrl":"http:\/\/www.lospoliticosveracruz.com.mx\/wp-content\/uploads\/2016\/02\/Psicoembutidos2-300x200.jpg","datePublished":"2016-02-22T01:41:04+00:00","breadcrumb":{"@id":"https:\/\/lospoliticosveracruz.com\/?p=21334#breadcrumb"},"inLanguage":"es","potentialAction":[{"@type":"ReadAction","target":["https:\/\/lospoliticosveracruz.com\/?p=21334"]}]},{"@type":"ImageObject","inLanguage":"es","@id":"https:\/\/lospoliticosveracruz.com\/?p=21334#primaryimage","url":"http:\/\/www.lospoliticosveracruz.com.mx\/wp-content\/uploads\/2016\/02\/Psicoembutidos2-300x200.jpg","contentUrl":"http:\/\/www.lospoliticosveracruz.com.mx\/wp-content\/uploads\/2016\/02\/Psicoembutidos2-300x200.jpg"},{"@type":"BreadcrumbList","@id":"https:\/\/lospoliticosveracruz.com\/?p=21334#breadcrumb","itemListElement":[{"@type":"ListItem","position":1,"name":"Portada","item":"https:\/\/lospoliticosveracruz.com\/"},{"@type":"ListItem","position":2,"name":"Psico\/Embutidos: Carnicer\u00eda esc\u00e9nica"}]},{"@type":"WebSite","@id":"https:\/\/lospoliticosveracruz.com\/#website","url":"https:\/\/lospoliticosveracruz.com\/","name":"Los pol\u00edticos Veracruz","description":"","publisher":{"@id":"https:\/\/lospoliticosveracruz.com\/#organization"},"potentialAction":[{"@type":"SearchAction","target":{"@type":"EntryPoint","urlTemplate":"https:\/\/lospoliticosveracruz.com\/?s={search_term_string}"},"query-input":{"@type":"PropertyValueSpecification","valueRequired":true,"valueName":"search_term_string"}}],"inLanguage":"es"},{"@type":"Organization","@id":"https:\/\/lospoliticosveracruz.com\/#organization","name":"Los pol\u00edticos Veracruz","url":"https:\/\/lospoliticosveracruz.com\/","logo":{"@type":"ImageObject","inLanguage":"es","@id":"https:\/\/lospoliticosveracruz.com\/#\/schema\/logo\/image\/","url":"https:\/\/lospoliticosveracruz.com\/wp-content\/uploads\/2025\/12\/Logo-Nuevo-LOS-POLITICOS-1.jpg","contentUrl":"https:\/\/lospoliticosveracruz.com\/wp-content\/uploads\/2025\/12\/Logo-Nuevo-LOS-POLITICOS-1.jpg","width":260,"height":70,"caption":"Los pol\u00edticos Veracruz"},"image":{"@id":"https:\/\/lospoliticosveracruz.com\/#\/schema\/logo\/image\/"},"sameAs":["https:\/\/www.facebook.com\/people\/Notimemes-de-los-Polticos\/61565672886568\/","https:\/\/x.com\/LosPoliticosVer"]},{"@type":"Person","@id":"https:\/\/lospoliticosveracruz.com\/#\/schema\/person\/b8702bb0e538456e6efd07080bf2a4a2","name":"Lo viste en Los Pol\u00edticos","image":{"@type":"ImageObject","inLanguage":"es","@id":"https:\/\/secure.gravatar.com\/avatar\/3a8de04a2656d44082be478bd6c086daa447c4651605818287b9532d3d0bd435?s=96&d=mm&r=g","url":"https:\/\/secure.gravatar.com\/avatar\/3a8de04a2656d44082be478bd6c086daa447c4651605818287b9532d3d0bd435?s=96&d=mm&r=g","contentUrl":"https:\/\/secure.gravatar.com\/avatar\/3a8de04a2656d44082be478bd6c086daa447c4651605818287b9532d3d0bd435?s=96&d=mm&r=g","caption":"Lo viste en Los Pol\u00edticos"},"url":"https:\/\/lospoliticosveracruz.com\/?author=2"}]}},"_links":{"self":[{"href":"https:\/\/lospoliticosveracruz.com\/index.php?rest_route=\/wp\/v2\/posts\/21334","targetHints":{"allow":["GET"]}}],"collection":[{"href":"https:\/\/lospoliticosveracruz.com\/index.php?rest_route=\/wp\/v2\/posts"}],"about":[{"href":"https:\/\/lospoliticosveracruz.com\/index.php?rest_route=\/wp\/v2\/types\/post"}],"author":[{"embeddable":true,"href":"https:\/\/lospoliticosveracruz.com\/index.php?rest_route=\/wp\/v2\/users\/2"}],"replies":[{"embeddable":true,"href":"https:\/\/lospoliticosveracruz.com\/index.php?rest_route=%2Fwp%2Fv2%2Fcomments&post=21334"}],"version-history":[{"count":1,"href":"https:\/\/lospoliticosveracruz.com\/index.php?rest_route=\/wp\/v2\/posts\/21334\/revisions"}],"predecessor-version":[{"id":21342,"href":"https:\/\/lospoliticosveracruz.com\/index.php?rest_route=\/wp\/v2\/posts\/21334\/revisions\/21342"}],"wp:attachment":[{"href":"https:\/\/lospoliticosveracruz.com\/index.php?rest_route=%2Fwp%2Fv2%2Fmedia&parent=21334"}],"wp:term":[{"taxonomy":"category","embeddable":true,"href":"https:\/\/lospoliticosveracruz.com\/index.php?rest_route=%2Fwp%2Fv2%2Fcategories&post=21334"},{"taxonomy":"post_tag","embeddable":true,"href":"https:\/\/lospoliticosveracruz.com\/index.php?rest_route=%2Fwp%2Fv2%2Ftags&post=21334"}],"curies":[{"name":"wp","href":"https:\/\/api.w.org\/{rel}","templated":true}]}}