{"id":21343,"date":"2016-02-21T20:01:52","date_gmt":"2016-02-22T02:01:52","guid":{"rendered":"http:\/\/www.lospoliticosveracruz.com.mx\/pillos-sueltos-agarrenlos\/"},"modified":"2016-02-21T20:01:52","modified_gmt":"2016-02-22T02:01:52","slug":"pillos-sueltos-agarrenlos","status":"publish","type":"post","link":"https:\/\/lospoliticosveracruz.com\/?p=21343","title":{"rendered":"Pillos sueltos: \u00a1Ag\u00e1rrenlos!"},"content":{"rendered":"<p><a href=\"http:\/\/www.lospoliticosveracruz.com.mx\/wp-content\/uploads\/2016\/02\/diputados.jpg\"><img loading=\"lazy\" decoding=\"async\" class=\"alignnone size-medium wp-image-21344\" src=\"http:\/\/www.lospoliticosveracruz.com.mx\/wp-content\/uploads\/2016\/02\/diputados-300x169.jpg\" alt=\"diputados\" width=\"300\" height=\"169\" \/><\/a><\/p>\n<p><strong>Claudia Guerrero Mart\u00ednez<\/strong><br \/>\n<em>Entre lo ut\u00f3pico y lo verdadero<\/em><\/p>\n<p>Un mundo bizarro lo que ocurre en Veracruz&#8230; La impunidad ha tocado fondo y nadie se explica por qu\u00e9 la justicia no llega, ni las autoridades federales act\u00faan, ante un cochinero administrativo, llamado Veracruz&#8230; Y peor, los pillos, culpables y ladrones del quebranto financiero estatal no han sido castigados&#8230; Por varios d\u00edas, el Informe de la Auditor\u00eda Superior de la Federaci\u00f3n y su titular Juan Manuel Portal Mart\u00ednez, dinamit\u00f3 como bomba at\u00f3mica, la opini\u00f3n p\u00fablica nacional, quien exige c\u00e1rcel para el Gobernador de Veracruz Javier Duarte de Ochoa y casi todo su Gabinete&#8230; Y peor, para los diputados federales veracruzanos del PRI, quienes son merecedores a graves observaciones realizadas por la ASF&#8230;<\/p>\n<p>Y qu\u00e9 hace un ladr\u00f3n cuando lo descubren. Negar el delito&#8230; En una carta difundida el 19 de febrero, por todos los flamantes legisladores federales veracruzanos, entre ellos, \u00c9rick Lagos Hern\u00e1ndez, Adolfo Mota Hern\u00e1ndez, Jorge Carvallo Delf\u00edn, Alberto Silva Ramos, Tarek Abdal\u00e1 Saad, la cual, es dirigida a Juan Manuel Portal Mart\u00ednez, asegurando que: \u201cDiputados federales de Veracruz enviamos al titular de la ASF este extra\u00f1amiento que se deriva de sus irresponsables declaraciones ante un medio de comunicaci\u00f3n nacional en el sentido de que ser\u00eda deseable que funcionarios del gobierno de Veracruz \u201cvayan a la c\u00e1rcel\u201d como resultado del Informe de la Cuenta P\u00fablica 2014, rendido hace unos d\u00edas ante la Comisi\u00f3n respectiva de la C\u00e1mara de Diputados\u201d&#8230; La carta demanda al Auditor respetar los \u201ccauces legales\u201d del proceso de solventaci\u00f3n de las observaciones que se detectaron en la Cuenta P\u00fablica 2014&#8230;.<\/p>\n<p>Y lo que omitieron los diputados federales veracruzanos de manera tendenciosa, son los quebrantos patrimoniales de las Cuentas P\u00fablicas 2011, 2012 y 2013, las cuales, ante reuniones fallidas, entre la Contralor\u00eda General, SEFIPLAN y la ASF fue nula la solventaci\u00f3n de recursos etiquetados federales, por miles de millones de pesos e incumplir con los protocolos administrativos y auditables federales, originando sanciones y hasta \u00f3rdenes de aprehensi\u00f3n&#8230; En pocas palabras, los mismos investigados por la ASF, son de igual forma, los mismos diputados federales que se quejaron por el maltrato del titular de la ASF, quien act\u00faa bajo las \u00f3rdenes del Presidente de M\u00e9xico, Enrique Pe\u00f1a Nieto&#8230;<\/p>\n<p>Dependencias como la Secretar\u00eda de Salud, con un quebranto por m\u00e1s de $4 mil millones de pesos, por parte de Juan Antonio Nemi Dib, a su paso como titular de SESVER&#8230; Adem\u00e1s, Arturo Berm\u00fadez Zurita, en la Secretar\u00eda de Seguridad P\u00fablica, entre otros pillos, quienes han defraudado la confianza de los veracruzanos&#8230;<\/p>\n<p>Y mientras hay bombazos en Veracruz, por la mala administraci\u00f3n estatal, desv\u00edos de recursos y a casi nada, de que Javier Duarte de Ochoa pise la c\u00e1rcel, el Contralor General del Estado, Ricardo Garc\u00eda Guzm\u00e1n se dedica a apoyar las aspiraciones de su hijo, el actual Director de Inversi\u00f3n P\u00fablica, como lo muestra la p\u00e1gina oficial de la Secretar\u00eda de Finanzas y Planeaci\u00f3n con la liga: http:\/\/www.veracruz.gob.mx\/finanzas\/curriculum-funcionarios\/&#8230;<\/p>\n<p>Y cuando se hace la danza de los nombramientos en \u00e9sta columna, se observa la ilegal presencia de estos dos funcionarios p\u00fablicos de la administraci\u00f3n duartista, en un evento proselitista del PVEM, en P\u00e1nuco, realizado el 19 de febrero del presente, mismo d\u00eda del pronunciamiento de Juan Manuel Portal Mart\u00ednez y la ASF, en el noticiero matutino de TELEVISA&#8230; Este se efectu\u00f3 a las 13.00, en Sue\u00f1o Real, de la Colonia Paso Real Buena Vista, antes de cruzar el Puente P\u00e1nuco, a la entrada de la cabecera municipal&#8230;<\/p>\n<p>El evento proselitista, en horas y d\u00edas laborales, acudi\u00f3 Ricardo Garc\u00eda Guzm\u00e1n, Rodrigo Garc\u00eda Escalante, as\u00ed como el Alcalde de P\u00e1nuco y hermano del aspirante, Ricardo Garc\u00eda Escalante&#8230; Adem\u00e1s, Presidentes Municipales de otros municipios cercanos&#8230; Si bien, el PVEM va s\u00f3lo en lo relativo a diputados locales, este es un acto anticipado de campa\u00f1a y merece ser sancionado&#8230; Y sancionados tambi\u00e9n, quienes son los padrinos de Rodrigo Garc\u00eda Escalante y son Jorge Carvallo Delf\u00edn y Gabriel Deantes Ramos, quienes son socios junto con el Director de Inversi\u00f3n P\u00fablica de SEFIPLAN en obra p\u00fablica en Moralillo, Tamos y Aquiles Serd\u00e1n, en el municipio de P\u00e1nuco&#8230; Adem\u00e1s, Javier Duarte design\u00f3 a Rodrigo Garc\u00eda Escalante como representante personal del Gobierno duartista y hace anuncios de obra en calles de P\u00e1nuco, por m\u00e1s de 100 millones de pesos&#8230; Vergonzoso, \u00bfno creen inteligentes lectoras y lectores?&#8230;<\/p>\n<p>Eso explica, publicaciones en una costosa portada de una Revista de Negocios, por m\u00e1s de 300 mil pesos, adem\u00e1s de llevar a los Tigres de Norte a P\u00e1nuco, quienes cobraron $5.5 millones de pesos, el 20 de diciembre del 2015, para apoyar a Rodrigo Garc\u00eda Escalante&#8230; Mientras, se aprecian infinidad muertos, desaparecidos, ejecutados y extorsionados en esa zona, por la inseguridad e impunidad imperante&#8230;<\/p>\n<p>Analistas serios aseguran que si el PRI no se deslinda de estos pillos, habr\u00e1 problemas en la campa\u00f1a pri\u00edsta, pr\u00f3xima a iniciarse el 15 de marzo, con miras a la elecci\u00f3n del 5 de junio para elegir a Gobernador y Diputados Locales&#8230; Y hay que aceptar, ser dif\u00edcil para cualquier candidato, pues gracias Javier Duarte de Ochoa y secuaces, la mayor\u00eda de veracruzanos, rechazan al PRI y a sus militantes&#8230; Una l\u00e1stima, pues aunque no lo creamos, a\u00fan existen excelentes pri\u00edstas&#8230;<\/p>\n<p>Dudas y comentarios: claudiaguerreromtz@gmail.com<\/p>\n","protected":false},"excerpt":{"rendered":"<p>Claudia Guerrero Mart\u00ednez Entre lo ut\u00f3pico y lo verdadero Un mundo bizarro lo que ocurre en Veracruz&#8230; La impunidad ha tocado fondo y nadie se explica por qu\u00e9 la justicia no llega, ni las autoridades federales act\u00faan, ante un cochinero administrativo, llamado Veracruz&#8230; Y peor, los pillos, culpables y ladrones del quebranto financiero estatal no [&hellip;]<\/p>\n","protected":false},"author":2,"featured_media":0,"comment_status":"open","ping_status":"open","sticky":false,"template":"","format":"standard","meta":{"tdm_status":"","tdm_grid_status":"","footnotes":""},"categories":[70],"tags":[960,1917,792,852,1904,1392,851,996,2671,3722,850,195],"class_list":{"0":"post-21343","1":"post","2":"type-post","3":"status-publish","4":"format-standard","6":"category-de-opinion","7":"tag-arturo-bermudez-zurita","8":"tag-auditoria-superior-de-la-federacion","9":"tag-diputados-federales","10":"tag-erick-lagos-hernandez","11":"tag-gabinete-javier-duarte-de-ochoa","12":"tag-gabriel-deantes-ramos","13":"tag-jorge-carvallo-delfin","14":"tag-juan-antonio-nemi-dib","15":"tag-juan-manuel-portal-martinez","16":"tag-rodrigo-garcia-escalante","17":"tag-tarek-abdala-saad","18":"tag-veracruz"},"yoast_head":"<!-- This site is optimized with the Yoast SEO plugin v27.4 - https:\/\/yoast.com\/product\/yoast-seo-wordpress\/ -->\n<title>Pillos sueltos: \u00a1Ag\u00e1rrenlos! - Los pol\u00edticos Veracruz<\/title>\n<meta name=\"robots\" content=\"index, follow, max-snippet:-1, max-image-preview:large, max-video-preview:-1\" \/>\n<link rel=\"canonical\" href=\"https:\/\/lospoliticosveracruz.com\/?p=21343\" \/>\n<meta property=\"og:locale\" content=\"es_ES\" \/>\n<meta property=\"og:type\" content=\"article\" \/>\n<meta property=\"og:title\" content=\"Pillos sueltos: \u00a1Ag\u00e1rrenlos! - Los pol\u00edticos Veracruz\" \/>\n<meta property=\"og:description\" content=\"Claudia Guerrero Mart\u00ednez Entre lo ut\u00f3pico y lo verdadero Un mundo bizarro lo que ocurre en Veracruz&#8230; La impunidad ha tocado fondo y nadie se explica por qu\u00e9 la justicia no llega, ni las autoridades federales act\u00faan, ante un cochinero administrativo, llamado Veracruz&#8230; Y peor, los pillos, culpables y ladrones del quebranto financiero estatal no [&hellip;]\" \/>\n<meta property=\"og:url\" content=\"https:\/\/lospoliticosveracruz.com\/?p=21343\" \/>\n<meta property=\"og:site_name\" content=\"Los pol\u00edticos Veracruz\" \/>\n<meta property=\"article:publisher\" content=\"https:\/\/www.facebook.com\/people\/Notimemes-de-los-Polticos\/61565672886568\/\" \/>\n<meta property=\"article:published_time\" content=\"2016-02-22T02:01:52+00:00\" \/>\n<meta property=\"og:image\" content=\"http:\/\/www.lospoliticosveracruz.com.mx\/wp-content\/uploads\/2016\/02\/diputados-300x169.jpg\" \/>\n<meta name=\"author\" content=\"Lo viste en Los Pol\u00edticos\" \/>\n<meta name=\"twitter:card\" content=\"summary_large_image\" \/>\n<meta name=\"twitter:creator\" content=\"@LosPoliticosVer\" \/>\n<meta name=\"twitter:site\" content=\"@LosPoliticosVer\" \/>\n<meta name=\"twitter:label1\" content=\"Escrito por\" \/>\n\t<meta name=\"twitter:data1\" content=\"Lo viste en Los Pol\u00edticos\" \/>\n\t<meta name=\"twitter:label2\" content=\"Tiempo de lectura\" \/>\n\t<meta name=\"twitter:data2\" content=\"5 minutos\" \/>\n<script type=\"application\/ld+json\" class=\"yoast-schema-graph\">{\"@context\":\"https:\\\/\\\/schema.org\",\"@graph\":[{\"@type\":\"Article\",\"@id\":\"https:\\\/\\\/lospoliticosveracruz.com\\\/?p=21343#article\",\"isPartOf\":{\"@id\":\"https:\\\/\\\/lospoliticosveracruz.com\\\/?p=21343\"},\"author\":{\"name\":\"Lo viste en Los Pol\u00edticos\",\"@id\":\"https:\\\/\\\/lospoliticosveracruz.com\\\/#\\\/schema\\\/person\\\/b8702bb0e538456e6efd07080bf2a4a2\"},\"headline\":\"Pillos sueltos: \u00a1Ag\u00e1rrenlos!\",\"datePublished\":\"2016-02-22T02:01:52+00:00\",\"mainEntityOfPage\":{\"@id\":\"https:\\\/\\\/lospoliticosveracruz.com\\\/?p=21343\"},\"wordCount\":952,\"commentCount\":0,\"publisher\":{\"@id\":\"https:\\\/\\\/lospoliticosveracruz.com\\\/#organization\"},\"image\":{\"@id\":\"https:\\\/\\\/lospoliticosveracruz.com\\\/?p=21343#primaryimage\"},\"thumbnailUrl\":\"http:\\\/\\\/www.lospoliticosveracruz.com.mx\\\/wp-content\\\/uploads\\\/2016\\\/02\\\/diputados-300x169.jpg\",\"keywords\":[\"Arturo Berm\u00fadez Zurita\",\"Auditor\u00eda Superior de la Federaci\u00f3n\",\"Diputados Federales\",\"Erick Lagos Hern\u00e1ndez\",\"Gabinete Javier Duarte de Ochoa\",\"Gabriel Deantes Ramos\",\"Jorge Carvallo Delf\u00edn\",\"Juan Antonio Nemi Dib\",\"Juan Manuel Portal Mart\u00ednez\",\"Rodrigo Garc\u00eda Escalante\",\"Tarek Abdal\u00e1 Saad\",\"Veracruz\"],\"articleSection\":[\"De Opini\u00f3n\"],\"inLanguage\":\"es\",\"potentialAction\":[{\"@type\":\"CommentAction\",\"name\":\"Comment\",\"target\":[\"https:\\\/\\\/lospoliticosveracruz.com\\\/?p=21343#respond\"]}]},{\"@type\":\"WebPage\",\"@id\":\"https:\\\/\\\/lospoliticosveracruz.com\\\/?p=21343\",\"url\":\"https:\\\/\\\/lospoliticosveracruz.com\\\/?p=21343\",\"name\":\"Pillos sueltos: \u00a1Ag\u00e1rrenlos! - Los pol\u00edticos Veracruz\",\"isPartOf\":{\"@id\":\"https:\\\/\\\/lospoliticosveracruz.com\\\/#website\"},\"primaryImageOfPage\":{\"@id\":\"https:\\\/\\\/lospoliticosveracruz.com\\\/?p=21343#primaryimage\"},\"image\":{\"@id\":\"https:\\\/\\\/lospoliticosveracruz.com\\\/?p=21343#primaryimage\"},\"thumbnailUrl\":\"http:\\\/\\\/www.lospoliticosveracruz.com.mx\\\/wp-content\\\/uploads\\\/2016\\\/02\\\/diputados-300x169.jpg\",\"datePublished\":\"2016-02-22T02:01:52+00:00\",\"breadcrumb\":{\"@id\":\"https:\\\/\\\/lospoliticosveracruz.com\\\/?p=21343#breadcrumb\"},\"inLanguage\":\"es\",\"potentialAction\":[{\"@type\":\"ReadAction\",\"target\":[\"https:\\\/\\\/lospoliticosveracruz.com\\\/?p=21343\"]}]},{\"@type\":\"ImageObject\",\"inLanguage\":\"es\",\"@id\":\"https:\\\/\\\/lospoliticosveracruz.com\\\/?p=21343#primaryimage\",\"url\":\"http:\\\/\\\/www.lospoliticosveracruz.com.mx\\\/wp-content\\\/uploads\\\/2016\\\/02\\\/diputados-300x169.jpg\",\"contentUrl\":\"http:\\\/\\\/www.lospoliticosveracruz.com.mx\\\/wp-content\\\/uploads\\\/2016\\\/02\\\/diputados-300x169.jpg\"},{\"@type\":\"BreadcrumbList\",\"@id\":\"https:\\\/\\\/lospoliticosveracruz.com\\\/?p=21343#breadcrumb\",\"itemListElement\":[{\"@type\":\"ListItem\",\"position\":1,\"name\":\"Portada\",\"item\":\"https:\\\/\\\/lospoliticosveracruz.com\\\/\"},{\"@type\":\"ListItem\",\"position\":2,\"name\":\"Pillos sueltos: \u00a1Ag\u00e1rrenlos!\"}]},{\"@type\":\"WebSite\",\"@id\":\"https:\\\/\\\/lospoliticosveracruz.com\\\/#website\",\"url\":\"https:\\\/\\\/lospoliticosveracruz.com\\\/\",\"name\":\"Los pol\u00edticos Veracruz\",\"description\":\"\",\"publisher\":{\"@id\":\"https:\\\/\\\/lospoliticosveracruz.com\\\/#organization\"},\"potentialAction\":[{\"@type\":\"SearchAction\",\"target\":{\"@type\":\"EntryPoint\",\"urlTemplate\":\"https:\\\/\\\/lospoliticosveracruz.com\\\/?s={search_term_string}\"},\"query-input\":{\"@type\":\"PropertyValueSpecification\",\"valueRequired\":true,\"valueName\":\"search_term_string\"}}],\"inLanguage\":\"es\"},{\"@type\":\"Organization\",\"@id\":\"https:\\\/\\\/lospoliticosveracruz.com\\\/#organization\",\"name\":\"Los pol\u00edticos Veracruz\",\"url\":\"https:\\\/\\\/lospoliticosveracruz.com\\\/\",\"logo\":{\"@type\":\"ImageObject\",\"inLanguage\":\"es\",\"@id\":\"https:\\\/\\\/lospoliticosveracruz.com\\\/#\\\/schema\\\/logo\\\/image\\\/\",\"url\":\"https:\\\/\\\/lospoliticosveracruz.com\\\/wp-content\\\/uploads\\\/2025\\\/12\\\/Logo-Nuevo-LOS-POLITICOS-1.jpg\",\"contentUrl\":\"https:\\\/\\\/lospoliticosveracruz.com\\\/wp-content\\\/uploads\\\/2025\\\/12\\\/Logo-Nuevo-LOS-POLITICOS-1.jpg\",\"width\":260,\"height\":70,\"caption\":\"Los pol\u00edticos Veracruz\"},\"image\":{\"@id\":\"https:\\\/\\\/lospoliticosveracruz.com\\\/#\\\/schema\\\/logo\\\/image\\\/\"},\"sameAs\":[\"https:\\\/\\\/www.facebook.com\\\/people\\\/Notimemes-de-los-Polticos\\\/61565672886568\\\/\",\"https:\\\/\\\/x.com\\\/LosPoliticosVer\"]},{\"@type\":\"Person\",\"@id\":\"https:\\\/\\\/lospoliticosveracruz.com\\\/#\\\/schema\\\/person\\\/b8702bb0e538456e6efd07080bf2a4a2\",\"name\":\"Lo viste en Los Pol\u00edticos\",\"image\":{\"@type\":\"ImageObject\",\"inLanguage\":\"es\",\"@id\":\"https:\\\/\\\/secure.gravatar.com\\\/avatar\\\/3a8de04a2656d44082be478bd6c086daa447c4651605818287b9532d3d0bd435?s=96&d=mm&r=g\",\"url\":\"https:\\\/\\\/secure.gravatar.com\\\/avatar\\\/3a8de04a2656d44082be478bd6c086daa447c4651605818287b9532d3d0bd435?s=96&d=mm&r=g\",\"contentUrl\":\"https:\\\/\\\/secure.gravatar.com\\\/avatar\\\/3a8de04a2656d44082be478bd6c086daa447c4651605818287b9532d3d0bd435?s=96&d=mm&r=g\",\"caption\":\"Lo viste en Los Pol\u00edticos\"},\"url\":\"https:\\\/\\\/lospoliticosveracruz.com\\\/?author=2\"}]}<\/script>\n<!-- \/ Yoast SEO plugin. -->","yoast_head_json":{"title":"Pillos sueltos: \u00a1Ag\u00e1rrenlos! - Los pol\u00edticos Veracruz","robots":{"index":"index","follow":"follow","max-snippet":"max-snippet:-1","max-image-preview":"max-image-preview:large","max-video-preview":"max-video-preview:-1"},"canonical":"https:\/\/lospoliticosveracruz.com\/?p=21343","og_locale":"es_ES","og_type":"article","og_title":"Pillos sueltos: \u00a1Ag\u00e1rrenlos! - Los pol\u00edticos Veracruz","og_description":"Claudia Guerrero Mart\u00ednez Entre lo ut\u00f3pico y lo verdadero Un mundo bizarro lo que ocurre en Veracruz&#8230; La impunidad ha tocado fondo y nadie se explica por qu\u00e9 la justicia no llega, ni las autoridades federales act\u00faan, ante un cochinero administrativo, llamado Veracruz&#8230; Y peor, los pillos, culpables y ladrones del quebranto financiero estatal no [&hellip;]","og_url":"https:\/\/lospoliticosveracruz.com\/?p=21343","og_site_name":"Los pol\u00edticos Veracruz","article_publisher":"https:\/\/www.facebook.com\/people\/Notimemes-de-los-Polticos\/61565672886568\/","article_published_time":"2016-02-22T02:01:52+00:00","og_image":[{"url":"http:\/\/www.lospoliticosveracruz.com.mx\/wp-content\/uploads\/2016\/02\/diputados-300x169.jpg","type":"","width":"","height":""}],"author":"Lo viste en Los Pol\u00edticos","twitter_card":"summary_large_image","twitter_creator":"@LosPoliticosVer","twitter_site":"@LosPoliticosVer","twitter_misc":{"Escrito por":"Lo viste en Los Pol\u00edticos","Tiempo de lectura":"5 minutos"},"schema":{"@context":"https:\/\/schema.org","@graph":[{"@type":"Article","@id":"https:\/\/lospoliticosveracruz.com\/?p=21343#article","isPartOf":{"@id":"https:\/\/lospoliticosveracruz.com\/?p=21343"},"author":{"name":"Lo viste en Los Pol\u00edticos","@id":"https:\/\/lospoliticosveracruz.com\/#\/schema\/person\/b8702bb0e538456e6efd07080bf2a4a2"},"headline":"Pillos sueltos: \u00a1Ag\u00e1rrenlos!","datePublished":"2016-02-22T02:01:52+00:00","mainEntityOfPage":{"@id":"https:\/\/lospoliticosveracruz.com\/?p=21343"},"wordCount":952,"commentCount":0,"publisher":{"@id":"https:\/\/lospoliticosveracruz.com\/#organization"},"image":{"@id":"https:\/\/lospoliticosveracruz.com\/?p=21343#primaryimage"},"thumbnailUrl":"http:\/\/www.lospoliticosveracruz.com.mx\/wp-content\/uploads\/2016\/02\/diputados-300x169.jpg","keywords":["Arturo Berm\u00fadez Zurita","Auditor\u00eda Superior de la Federaci\u00f3n","Diputados Federales","Erick Lagos Hern\u00e1ndez","Gabinete Javier Duarte de Ochoa","Gabriel Deantes Ramos","Jorge Carvallo Delf\u00edn","Juan Antonio Nemi Dib","Juan Manuel Portal Mart\u00ednez","Rodrigo Garc\u00eda Escalante","Tarek Abdal\u00e1 Saad","Veracruz"],"articleSection":["De Opini\u00f3n"],"inLanguage":"es","potentialAction":[{"@type":"CommentAction","name":"Comment","target":["https:\/\/lospoliticosveracruz.com\/?p=21343#respond"]}]},{"@type":"WebPage","@id":"https:\/\/lospoliticosveracruz.com\/?p=21343","url":"https:\/\/lospoliticosveracruz.com\/?p=21343","name":"Pillos sueltos: \u00a1Ag\u00e1rrenlos! - Los pol\u00edticos Veracruz","isPartOf":{"@id":"https:\/\/lospoliticosveracruz.com\/#website"},"primaryImageOfPage":{"@id":"https:\/\/lospoliticosveracruz.com\/?p=21343#primaryimage"},"image":{"@id":"https:\/\/lospoliticosveracruz.com\/?p=21343#primaryimage"},"thumbnailUrl":"http:\/\/www.lospoliticosveracruz.com.mx\/wp-content\/uploads\/2016\/02\/diputados-300x169.jpg","datePublished":"2016-02-22T02:01:52+00:00","breadcrumb":{"@id":"https:\/\/lospoliticosveracruz.com\/?p=21343#breadcrumb"},"inLanguage":"es","potentialAction":[{"@type":"ReadAction","target":["https:\/\/lospoliticosveracruz.com\/?p=21343"]}]},{"@type":"ImageObject","inLanguage":"es","@id":"https:\/\/lospoliticosveracruz.com\/?p=21343#primaryimage","url":"http:\/\/www.lospoliticosveracruz.com.mx\/wp-content\/uploads\/2016\/02\/diputados-300x169.jpg","contentUrl":"http:\/\/www.lospoliticosveracruz.com.mx\/wp-content\/uploads\/2016\/02\/diputados-300x169.jpg"},{"@type":"BreadcrumbList","@id":"https:\/\/lospoliticosveracruz.com\/?p=21343#breadcrumb","itemListElement":[{"@type":"ListItem","position":1,"name":"Portada","item":"https:\/\/lospoliticosveracruz.com\/"},{"@type":"ListItem","position":2,"name":"Pillos sueltos: \u00a1Ag\u00e1rrenlos!"}]},{"@type":"WebSite","@id":"https:\/\/lospoliticosveracruz.com\/#website","url":"https:\/\/lospoliticosveracruz.com\/","name":"Los pol\u00edticos Veracruz","description":"","publisher":{"@id":"https:\/\/lospoliticosveracruz.com\/#organization"},"potentialAction":[{"@type":"SearchAction","target":{"@type":"EntryPoint","urlTemplate":"https:\/\/lospoliticosveracruz.com\/?s={search_term_string}"},"query-input":{"@type":"PropertyValueSpecification","valueRequired":true,"valueName":"search_term_string"}}],"inLanguage":"es"},{"@type":"Organization","@id":"https:\/\/lospoliticosveracruz.com\/#organization","name":"Los pol\u00edticos Veracruz","url":"https:\/\/lospoliticosveracruz.com\/","logo":{"@type":"ImageObject","inLanguage":"es","@id":"https:\/\/lospoliticosveracruz.com\/#\/schema\/logo\/image\/","url":"https:\/\/lospoliticosveracruz.com\/wp-content\/uploads\/2025\/12\/Logo-Nuevo-LOS-POLITICOS-1.jpg","contentUrl":"https:\/\/lospoliticosveracruz.com\/wp-content\/uploads\/2025\/12\/Logo-Nuevo-LOS-POLITICOS-1.jpg","width":260,"height":70,"caption":"Los pol\u00edticos Veracruz"},"image":{"@id":"https:\/\/lospoliticosveracruz.com\/#\/schema\/logo\/image\/"},"sameAs":["https:\/\/www.facebook.com\/people\/Notimemes-de-los-Polticos\/61565672886568\/","https:\/\/x.com\/LosPoliticosVer"]},{"@type":"Person","@id":"https:\/\/lospoliticosveracruz.com\/#\/schema\/person\/b8702bb0e538456e6efd07080bf2a4a2","name":"Lo viste en Los Pol\u00edticos","image":{"@type":"ImageObject","inLanguage":"es","@id":"https:\/\/secure.gravatar.com\/avatar\/3a8de04a2656d44082be478bd6c086daa447c4651605818287b9532d3d0bd435?s=96&d=mm&r=g","url":"https:\/\/secure.gravatar.com\/avatar\/3a8de04a2656d44082be478bd6c086daa447c4651605818287b9532d3d0bd435?s=96&d=mm&r=g","contentUrl":"https:\/\/secure.gravatar.com\/avatar\/3a8de04a2656d44082be478bd6c086daa447c4651605818287b9532d3d0bd435?s=96&d=mm&r=g","caption":"Lo viste en Los Pol\u00edticos"},"url":"https:\/\/lospoliticosveracruz.com\/?author=2"}]}},"_links":{"self":[{"href":"https:\/\/lospoliticosveracruz.com\/index.php?rest_route=\/wp\/v2\/posts\/21343","targetHints":{"allow":["GET"]}}],"collection":[{"href":"https:\/\/lospoliticosveracruz.com\/index.php?rest_route=\/wp\/v2\/posts"}],"about":[{"href":"https:\/\/lospoliticosveracruz.com\/index.php?rest_route=\/wp\/v2\/types\/post"}],"author":[{"embeddable":true,"href":"https:\/\/lospoliticosveracruz.com\/index.php?rest_route=\/wp\/v2\/users\/2"}],"replies":[{"embeddable":true,"href":"https:\/\/lospoliticosveracruz.com\/index.php?rest_route=%2Fwp%2Fv2%2Fcomments&post=21343"}],"version-history":[{"count":1,"href":"https:\/\/lospoliticosveracruz.com\/index.php?rest_route=\/wp\/v2\/posts\/21343\/revisions"}],"predecessor-version":[{"id":21345,"href":"https:\/\/lospoliticosveracruz.com\/index.php?rest_route=\/wp\/v2\/posts\/21343\/revisions\/21345"}],"wp:attachment":[{"href":"https:\/\/lospoliticosveracruz.com\/index.php?rest_route=%2Fwp%2Fv2%2Fmedia&parent=21343"}],"wp:term":[{"taxonomy":"category","embeddable":true,"href":"https:\/\/lospoliticosveracruz.com\/index.php?rest_route=%2Fwp%2Fv2%2Fcategories&post=21343"},{"taxonomy":"post_tag","embeddable":true,"href":"https:\/\/lospoliticosveracruz.com\/index.php?rest_route=%2Fwp%2Fv2%2Ftags&post=21343"}],"curies":[{"name":"wp","href":"https:\/\/api.w.org\/{rel}","templated":true}]}}