{"id":21357,"date":"2016-02-21T20:51:39","date_gmt":"2016-02-22T02:51:39","guid":{"rendered":"http:\/\/www.lospoliticosveracruz.com.mx\/?p=21357"},"modified":"2016-02-21T20:51:39","modified_gmt":"2016-02-22T02:51:39","slug":"umberto-eco-y-el-misterio-de-la-rosa-desnuda","status":"publish","type":"post","link":"https:\/\/lospoliticosveracruz.com\/?p=21357","title":{"rendered":"Umberto Eco y el misterio de la rosa desnuda"},"content":{"rendered":"<p><a href=\"http:\/\/www.lospoliticosveracruz.com.mx\/wp-content\/uploads\/2016\/02\/Umberto-Eco.jpg\"><img loading=\"lazy\" decoding=\"async\" class=\"alignnone size-medium wp-image-21358\" src=\"http:\/\/www.lospoliticosveracruz.com.mx\/wp-content\/uploads\/2016\/02\/Umberto-Eco-300x178.jpg\" alt=\"Umberto Eco\" width=\"300\" height=\"178\" \/><\/a><\/p>\n<p><strong>Armando Ortiz<\/strong><\/p>\n<p><em>El Hijo Pr\u00f3digo<\/em><\/p>\n<p>El d\u00eda jueves 18 de febrero de 2016 muri\u00f3 Harper Lee, autora de Matar un ruise\u00f1or, \u00fanica novela publicada por esta autora (Ve y pon un centinela es una novela que publicara su apoderada legal, una novela que estuvo guardada m\u00e1s de 50 a\u00f1os y que Lee no tuvo la voluntad de publicar en todas esas d\u00e9cadas) y que le hiciera ganar el Premio Pulitzer. Recientemente en el taller de la Quinta de las Rosas le\u00edmos algunos fragmentos de esta novela considerada de la tradici\u00f3n sure\u00f1a, pero escrita en la ciudad de Nueva York. No era mucho lo que pod\u00eda decir de Harper Lee, en su ociosidad algunos recuperar\u00edan las an\u00e9cdotas que pas\u00f3 con Truman Capote, cuando lo acompa\u00f1\u00f3 a Kansas para que \u00e9ste recopilara informaci\u00f3n sobre los asesinatos que dar\u00edan pie a la novela A sangre fr\u00eda, o sobre la pel\u00edcula que protagonizara Gregory Peck en el papel del abogado Atticus Finch. Una terrible gripa nulific\u00f3 toda mi intenci\u00f3n por escribir sobre Harper Lee.<br \/>\nPero el viernes 19 de febrero de 2016 muri\u00f3 tambi\u00e9n el italiano Umberto Eco. Ya lo hab\u00edan matado las redes sociales un a\u00f1o atr\u00e1s, esas a las que por cierto tanto critic\u00f3. \u201cLas redes sociales le dan el derecho de hablar a legiones de idiotas\u201d, dijo en alg\u00fan momento, no sin tener la raz\u00f3n. Baste echar una mirada a los comentarios que se dan en algunos muros cuando se discuten situaciones f\u00fatiles, baste mirar como lamentan la muerte de personas insustanciales (lo de Jenny Rivera por ejemplo), baste mirar esos comentarios religiosos que la gente copia por millones, ya sea para que con un am\u00e9n obtengan la bendici\u00f3n de un cristo sobre la cruz, de un papa protector de pederastas o de una Teresa de Calcuta alcahueta de ad\u00falteros; baste mirar la conmiseraci\u00f3n de millones que piensan que con un like resuelven los problemas del mundo. \u00a1Cu\u00e1nta raz\u00f3n tienes Umberto Eco!<br \/>\nMaestro de semi\u00f3tica, esa ciencia que mira a trav\u00e9s de los signos, que los estudia y los revela, fil\u00f3sofo de tiempo completo, Eco tambi\u00e9n se dedic\u00f3 a la literatura. En 1980 publica su primera novela El nombre de la rosa, un documento literario que de inmediato se convierte en un best seller. Eco dise\u00f1a un relato de gran aliento en donde combina varios elementos que durante a\u00f1os hab\u00eda estudiado. En El nombre de la rosa convive la poes\u00eda medieval, la filosof\u00eda y la teolog\u00eda; conviven tambi\u00e9n Connan Doyle con su Sherlock Holmes y Jorge Luis Borges con su laberinto. El h\u00e9roe se llama Guillermo de Baskerville en una referencia clara al relato de Connan Doyle El sabueso de los Baskerville, en donde Sherlock Holmes debe resolver la aparici\u00f3n sobrenatural de un mast\u00edn descomunal; el antih\u00e9roe es Jorge de Burgos un franciscano ciego que se refugia en la biblioteca de una abad\u00eda, una biblioteca que es un laberinto hexagonal, como \u201cLa biblioteca de Babel\u201d de Jorge Luis Borges.<br \/>\nLas trompetas del apocalipsis truenan en la abad\u00eda, las plagas caen sobre los religiosos y poco a poco van muriendo los j\u00f3venes mancebos que se han atrevido a leer un libro de comedia escrito por Arist\u00f3teles, libro que se consideraba destruido.<br \/>\nLa novela fue llevada al cine en 1986 con la direcci\u00f3n de Jean-Jacques Annaud, joven director franc\u00e9s que hab\u00eda dirigido cinco a\u00f1os atr\u00e1s La guerra del fuego, pel\u00edcula sobre el hombre primitivo y su primer contacto con el fuego. El joven Annaud logra una magnifica versi\u00f3n f\u00edlmica, por supuesto si no nos ponemos exigentes, ya que si bien la pel\u00edcula est\u00e1 bien ambientada y contextualizada, no logra abarcar las disertaciones filos\u00f3ficas y teol\u00f3gicas de la novela. Un claro ejemplo de esta imposibilidad est\u00e1 en el pasaje en donde Adso de Melk, joven novicio que acompa\u00f1a a Guillermo de Baskerville, se encuentra con una joven silvestre que est\u00e1 huyendo de la abad\u00eda con el coraz\u00f3n de un toro que ha obtenido gracias a sus favores sexuales. El encuentro en la pel\u00edcula es sublime y oscuro, carnal y de iniciaci\u00f3n. En la novela es uno de los pasajes m\u00e1s luminosos, espiritual, evocador. El hombre que es ya un anciano, un santo que recluido se ha privado de los placeres de la carne evoca con honestidad ese contacto breve con lo que \u00e9l considera la raz\u00f3n de la vida. \u201cY me bes\u00f3 con los besos de su boca, y sus amores fueron m\u00e1s deliciosos que el vino, y delicias para el olfato eran sus perfumes. (\u2026) La m\u00e1xima felicidad reside en tener lo que se tiene, porque all\u00ed la vida bienaventurada se bebe en su misma fuente (\u00bfacaso no est\u00e1 dicho?), porque all\u00ed se saborea la vida verdadera que despu\u00e9s de \u00e9sta mortal, nos tocar vivir junto a los \u00e1ngeles en la eternidad (\u2026) Como la \u00ednfima gota de agua, que al mezclarse con el vino desaparece y adquiere el color y el sabor del vino, como el hierro incandescente, que se vuelve casi indiscernible del fuego y pierde su forma primitiva, como el aire inundado por la luz del sol, que se transforma en supremo resplandor y se funde en id\u00e9ntica claridad\u201d.<br \/>\nSobre esta mujer que seduce al novicio hay un misterio, Jean-Jaques Annaud nos extrav\u00eda en el final de la pel\u00edcula haci\u00e9ndonos creer que ella es la rosa del t\u00edtulo, \u201caunque nunca supe ni averig\u00fce su nombre\u201d termina as\u00ed la pel\u00edcula. En la novela Umberto Eco juega con nuestra inteligencia y concluye con una frase en lat\u00edn: \u201cstat rosa pristina nomine, nomina nuda tenemus\u201d.<br \/>\n\u00bfQu\u00e9 significa esta frase? \u00bfQu\u00e9 misterio encierra? Ojal\u00e1 diera tiempo para explicarlo, baste decir que su significado est\u00e1 ligado al lenguaje, al desgaste que sufren las palabras, a la semi\u00f3tica y a una rosa desnuda.<br \/>\nEco muri\u00f3 a los 84 a\u00f1os. \u201cDentro de poco \u2013escribe el envejecido Adso de Melk- me reunir\u00e9 con mi principio, y ya no creo que \u00e9ste sea el Dios de gloria del que me hablaron los abades de mi orden, ni el de j\u00fabilo, como cre\u00edan los franciscanos de aquella \u00e9poca, y quiz\u00e1 ni siquiera sea el Dios de piedad\u201d.<br \/>\nSin embargo s\u00ed creo que para Umberto Eco ese Dios ser\u00e1 como el \u00e1guila del templo de Salom\u00f3n, un Dios de sabidur\u00eda.<br \/>\nDescanse en paz este sabio.<\/p>\n<p>Armando Ortiz aortiz52@hotmail.com<\/p>\n","protected":false},"excerpt":{"rendered":"<p>Armando Ortiz El Hijo Pr\u00f3digo El d\u00eda jueves 18 de febrero de 2016 muri\u00f3 Harper Lee, autora de Matar un ruise\u00f1or, \u00fanica novela publicada por esta autora (Ve y pon un centinela es una novela que publicara su apoderada legal, una novela que estuvo guardada m\u00e1s de 50 a\u00f1os y que Lee no tuvo la [&hellip;]<\/p>\n","protected":false},"author":2,"featured_media":0,"comment_status":"open","ping_status":"open","sticky":false,"template":"","format":"standard","meta":{"tdm_status":"","tdm_grid_status":"","footnotes":""},"categories":[70],"tags":[4882,4879,4880,4881],"class_list":{"0":"post-21357","1":"post","2":"type-post","3":"status-publish","4":"format-standard","6":"category-de-opinion","7":"tag-el-nombre-de-la-rosa","8":"tag-harper-lee","9":"tag-matar-un-ruisenor","10":"tag-umberto-eco"},"yoast_head":"<!-- This site is optimized with the Yoast SEO plugin v27.4 - https:\/\/yoast.com\/product\/yoast-seo-wordpress\/ -->\n<title>Umberto Eco y el misterio de la rosa desnuda - Los pol\u00edticos Veracruz<\/title>\n<meta name=\"robots\" content=\"index, follow, max-snippet:-1, max-image-preview:large, max-video-preview:-1\" \/>\n<link rel=\"canonical\" href=\"https:\/\/lospoliticosveracruz.com\/?p=21357\" \/>\n<meta property=\"og:locale\" content=\"es_ES\" \/>\n<meta property=\"og:type\" content=\"article\" \/>\n<meta property=\"og:title\" content=\"Umberto Eco y el misterio de la rosa desnuda - Los pol\u00edticos Veracruz\" \/>\n<meta property=\"og:description\" content=\"Armando Ortiz El Hijo Pr\u00f3digo El d\u00eda jueves 18 de febrero de 2016 muri\u00f3 Harper Lee, autora de Matar un ruise\u00f1or, \u00fanica novela publicada por esta autora (Ve y pon un centinela es una novela que publicara su apoderada legal, una novela que estuvo guardada m\u00e1s de 50 a\u00f1os y que Lee no tuvo la [&hellip;]\" \/>\n<meta property=\"og:url\" content=\"https:\/\/lospoliticosveracruz.com\/?p=21357\" \/>\n<meta property=\"og:site_name\" content=\"Los pol\u00edticos Veracruz\" \/>\n<meta property=\"article:publisher\" content=\"https:\/\/www.facebook.com\/people\/Notimemes-de-los-Polticos\/61565672886568\/\" \/>\n<meta property=\"article:published_time\" content=\"2016-02-22T02:51:39+00:00\" \/>\n<meta property=\"og:image\" content=\"http:\/\/www.lospoliticosveracruz.com.mx\/wp-content\/uploads\/2016\/02\/Umberto-Eco-300x178.jpg\" \/>\n<meta name=\"author\" content=\"Lo viste en Los Pol\u00edticos\" \/>\n<meta name=\"twitter:card\" content=\"summary_large_image\" \/>\n<meta name=\"twitter:creator\" content=\"@LosPoliticosVer\" \/>\n<meta name=\"twitter:site\" content=\"@LosPoliticosVer\" \/>\n<meta name=\"twitter:label1\" content=\"Escrito por\" \/>\n\t<meta name=\"twitter:data1\" content=\"Lo viste en Los Pol\u00edticos\" \/>\n\t<meta name=\"twitter:label2\" content=\"Tiempo de lectura\" \/>\n\t<meta name=\"twitter:data2\" content=\"6 minutos\" \/>\n<script type=\"application\/ld+json\" class=\"yoast-schema-graph\">{\"@context\":\"https:\\\/\\\/schema.org\",\"@graph\":[{\"@type\":\"Article\",\"@id\":\"https:\\\/\\\/lospoliticosveracruz.com\\\/?p=21357#article\",\"isPartOf\":{\"@id\":\"https:\\\/\\\/lospoliticosveracruz.com\\\/?p=21357\"},\"author\":{\"name\":\"Lo viste en Los Pol\u00edticos\",\"@id\":\"https:\\\/\\\/lospoliticosveracruz.com\\\/#\\\/schema\\\/person\\\/b8702bb0e538456e6efd07080bf2a4a2\"},\"headline\":\"Umberto Eco y el misterio de la rosa desnuda\",\"datePublished\":\"2016-02-22T02:51:39+00:00\",\"mainEntityOfPage\":{\"@id\":\"https:\\\/\\\/lospoliticosveracruz.com\\\/?p=21357\"},\"wordCount\":1122,\"commentCount\":0,\"publisher\":{\"@id\":\"https:\\\/\\\/lospoliticosveracruz.com\\\/#organization\"},\"image\":{\"@id\":\"https:\\\/\\\/lospoliticosveracruz.com\\\/?p=21357#primaryimage\"},\"thumbnailUrl\":\"http:\\\/\\\/www.lospoliticosveracruz.com.mx\\\/wp-content\\\/uploads\\\/2016\\\/02\\\/Umberto-Eco-300x178.jpg\",\"keywords\":[\"El nombre de la rosa\",\"Harper Lee\",\"Matar un ruise\u00f1or\",\"Umberto Eco\"],\"articleSection\":[\"De Opini\u00f3n\"],\"inLanguage\":\"es\",\"potentialAction\":[{\"@type\":\"CommentAction\",\"name\":\"Comment\",\"target\":[\"https:\\\/\\\/lospoliticosveracruz.com\\\/?p=21357#respond\"]}]},{\"@type\":\"WebPage\",\"@id\":\"https:\\\/\\\/lospoliticosveracruz.com\\\/?p=21357\",\"url\":\"https:\\\/\\\/lospoliticosveracruz.com\\\/?p=21357\",\"name\":\"Umberto Eco y el misterio de la rosa desnuda - Los pol\u00edticos Veracruz\",\"isPartOf\":{\"@id\":\"https:\\\/\\\/lospoliticosveracruz.com\\\/#website\"},\"primaryImageOfPage\":{\"@id\":\"https:\\\/\\\/lospoliticosveracruz.com\\\/?p=21357#primaryimage\"},\"image\":{\"@id\":\"https:\\\/\\\/lospoliticosveracruz.com\\\/?p=21357#primaryimage\"},\"thumbnailUrl\":\"http:\\\/\\\/www.lospoliticosveracruz.com.mx\\\/wp-content\\\/uploads\\\/2016\\\/02\\\/Umberto-Eco-300x178.jpg\",\"datePublished\":\"2016-02-22T02:51:39+00:00\",\"breadcrumb\":{\"@id\":\"https:\\\/\\\/lospoliticosveracruz.com\\\/?p=21357#breadcrumb\"},\"inLanguage\":\"es\",\"potentialAction\":[{\"@type\":\"ReadAction\",\"target\":[\"https:\\\/\\\/lospoliticosveracruz.com\\\/?p=21357\"]}]},{\"@type\":\"ImageObject\",\"inLanguage\":\"es\",\"@id\":\"https:\\\/\\\/lospoliticosveracruz.com\\\/?p=21357#primaryimage\",\"url\":\"http:\\\/\\\/www.lospoliticosveracruz.com.mx\\\/wp-content\\\/uploads\\\/2016\\\/02\\\/Umberto-Eco-300x178.jpg\",\"contentUrl\":\"http:\\\/\\\/www.lospoliticosveracruz.com.mx\\\/wp-content\\\/uploads\\\/2016\\\/02\\\/Umberto-Eco-300x178.jpg\"},{\"@type\":\"BreadcrumbList\",\"@id\":\"https:\\\/\\\/lospoliticosveracruz.com\\\/?p=21357#breadcrumb\",\"itemListElement\":[{\"@type\":\"ListItem\",\"position\":1,\"name\":\"Portada\",\"item\":\"https:\\\/\\\/lospoliticosveracruz.com\\\/\"},{\"@type\":\"ListItem\",\"position\":2,\"name\":\"Umberto Eco y el misterio de la rosa desnuda\"}]},{\"@type\":\"WebSite\",\"@id\":\"https:\\\/\\\/lospoliticosveracruz.com\\\/#website\",\"url\":\"https:\\\/\\\/lospoliticosveracruz.com\\\/\",\"name\":\"Los pol\u00edticos Veracruz\",\"description\":\"\",\"publisher\":{\"@id\":\"https:\\\/\\\/lospoliticosveracruz.com\\\/#organization\"},\"potentialAction\":[{\"@type\":\"SearchAction\",\"target\":{\"@type\":\"EntryPoint\",\"urlTemplate\":\"https:\\\/\\\/lospoliticosveracruz.com\\\/?s={search_term_string}\"},\"query-input\":{\"@type\":\"PropertyValueSpecification\",\"valueRequired\":true,\"valueName\":\"search_term_string\"}}],\"inLanguage\":\"es\"},{\"@type\":\"Organization\",\"@id\":\"https:\\\/\\\/lospoliticosveracruz.com\\\/#organization\",\"name\":\"Los pol\u00edticos Veracruz\",\"url\":\"https:\\\/\\\/lospoliticosveracruz.com\\\/\",\"logo\":{\"@type\":\"ImageObject\",\"inLanguage\":\"es\",\"@id\":\"https:\\\/\\\/lospoliticosveracruz.com\\\/#\\\/schema\\\/logo\\\/image\\\/\",\"url\":\"https:\\\/\\\/lospoliticosveracruz.com\\\/wp-content\\\/uploads\\\/2025\\\/12\\\/Logo-Nuevo-LOS-POLITICOS-1.jpg\",\"contentUrl\":\"https:\\\/\\\/lospoliticosveracruz.com\\\/wp-content\\\/uploads\\\/2025\\\/12\\\/Logo-Nuevo-LOS-POLITICOS-1.jpg\",\"width\":260,\"height\":70,\"caption\":\"Los pol\u00edticos Veracruz\"},\"image\":{\"@id\":\"https:\\\/\\\/lospoliticosveracruz.com\\\/#\\\/schema\\\/logo\\\/image\\\/\"},\"sameAs\":[\"https:\\\/\\\/www.facebook.com\\\/people\\\/Notimemes-de-los-Polticos\\\/61565672886568\\\/\",\"https:\\\/\\\/x.com\\\/LosPoliticosVer\"]},{\"@type\":\"Person\",\"@id\":\"https:\\\/\\\/lospoliticosveracruz.com\\\/#\\\/schema\\\/person\\\/b8702bb0e538456e6efd07080bf2a4a2\",\"name\":\"Lo viste en Los Pol\u00edticos\",\"image\":{\"@type\":\"ImageObject\",\"inLanguage\":\"es\",\"@id\":\"https:\\\/\\\/secure.gravatar.com\\\/avatar\\\/3a8de04a2656d44082be478bd6c086daa447c4651605818287b9532d3d0bd435?s=96&d=mm&r=g\",\"url\":\"https:\\\/\\\/secure.gravatar.com\\\/avatar\\\/3a8de04a2656d44082be478bd6c086daa447c4651605818287b9532d3d0bd435?s=96&d=mm&r=g\",\"contentUrl\":\"https:\\\/\\\/secure.gravatar.com\\\/avatar\\\/3a8de04a2656d44082be478bd6c086daa447c4651605818287b9532d3d0bd435?s=96&d=mm&r=g\",\"caption\":\"Lo viste en Los Pol\u00edticos\"},\"url\":\"https:\\\/\\\/lospoliticosveracruz.com\\\/?author=2\"}]}<\/script>\n<!-- \/ Yoast SEO plugin. -->","yoast_head_json":{"title":"Umberto Eco y el misterio de la rosa desnuda - Los pol\u00edticos Veracruz","robots":{"index":"index","follow":"follow","max-snippet":"max-snippet:-1","max-image-preview":"max-image-preview:large","max-video-preview":"max-video-preview:-1"},"canonical":"https:\/\/lospoliticosveracruz.com\/?p=21357","og_locale":"es_ES","og_type":"article","og_title":"Umberto Eco y el misterio de la rosa desnuda - Los pol\u00edticos Veracruz","og_description":"Armando Ortiz El Hijo Pr\u00f3digo El d\u00eda jueves 18 de febrero de 2016 muri\u00f3 Harper Lee, autora de Matar un ruise\u00f1or, \u00fanica novela publicada por esta autora (Ve y pon un centinela es una novela que publicara su apoderada legal, una novela que estuvo guardada m\u00e1s de 50 a\u00f1os y que Lee no tuvo la [&hellip;]","og_url":"https:\/\/lospoliticosveracruz.com\/?p=21357","og_site_name":"Los pol\u00edticos Veracruz","article_publisher":"https:\/\/www.facebook.com\/people\/Notimemes-de-los-Polticos\/61565672886568\/","article_published_time":"2016-02-22T02:51:39+00:00","og_image":[{"url":"http:\/\/www.lospoliticosveracruz.com.mx\/wp-content\/uploads\/2016\/02\/Umberto-Eco-300x178.jpg","type":"","width":"","height":""}],"author":"Lo viste en Los Pol\u00edticos","twitter_card":"summary_large_image","twitter_creator":"@LosPoliticosVer","twitter_site":"@LosPoliticosVer","twitter_misc":{"Escrito por":"Lo viste en Los Pol\u00edticos","Tiempo de lectura":"6 minutos"},"schema":{"@context":"https:\/\/schema.org","@graph":[{"@type":"Article","@id":"https:\/\/lospoliticosveracruz.com\/?p=21357#article","isPartOf":{"@id":"https:\/\/lospoliticosveracruz.com\/?p=21357"},"author":{"name":"Lo viste en Los Pol\u00edticos","@id":"https:\/\/lospoliticosveracruz.com\/#\/schema\/person\/b8702bb0e538456e6efd07080bf2a4a2"},"headline":"Umberto Eco y el misterio de la rosa desnuda","datePublished":"2016-02-22T02:51:39+00:00","mainEntityOfPage":{"@id":"https:\/\/lospoliticosveracruz.com\/?p=21357"},"wordCount":1122,"commentCount":0,"publisher":{"@id":"https:\/\/lospoliticosveracruz.com\/#organization"},"image":{"@id":"https:\/\/lospoliticosveracruz.com\/?p=21357#primaryimage"},"thumbnailUrl":"http:\/\/www.lospoliticosveracruz.com.mx\/wp-content\/uploads\/2016\/02\/Umberto-Eco-300x178.jpg","keywords":["El nombre de la rosa","Harper Lee","Matar un ruise\u00f1or","Umberto Eco"],"articleSection":["De Opini\u00f3n"],"inLanguage":"es","potentialAction":[{"@type":"CommentAction","name":"Comment","target":["https:\/\/lospoliticosveracruz.com\/?p=21357#respond"]}]},{"@type":"WebPage","@id":"https:\/\/lospoliticosveracruz.com\/?p=21357","url":"https:\/\/lospoliticosveracruz.com\/?p=21357","name":"Umberto Eco y el misterio de la rosa desnuda - Los pol\u00edticos Veracruz","isPartOf":{"@id":"https:\/\/lospoliticosveracruz.com\/#website"},"primaryImageOfPage":{"@id":"https:\/\/lospoliticosveracruz.com\/?p=21357#primaryimage"},"image":{"@id":"https:\/\/lospoliticosveracruz.com\/?p=21357#primaryimage"},"thumbnailUrl":"http:\/\/www.lospoliticosveracruz.com.mx\/wp-content\/uploads\/2016\/02\/Umberto-Eco-300x178.jpg","datePublished":"2016-02-22T02:51:39+00:00","breadcrumb":{"@id":"https:\/\/lospoliticosveracruz.com\/?p=21357#breadcrumb"},"inLanguage":"es","potentialAction":[{"@type":"ReadAction","target":["https:\/\/lospoliticosveracruz.com\/?p=21357"]}]},{"@type":"ImageObject","inLanguage":"es","@id":"https:\/\/lospoliticosveracruz.com\/?p=21357#primaryimage","url":"http:\/\/www.lospoliticosveracruz.com.mx\/wp-content\/uploads\/2016\/02\/Umberto-Eco-300x178.jpg","contentUrl":"http:\/\/www.lospoliticosveracruz.com.mx\/wp-content\/uploads\/2016\/02\/Umberto-Eco-300x178.jpg"},{"@type":"BreadcrumbList","@id":"https:\/\/lospoliticosveracruz.com\/?p=21357#breadcrumb","itemListElement":[{"@type":"ListItem","position":1,"name":"Portada","item":"https:\/\/lospoliticosveracruz.com\/"},{"@type":"ListItem","position":2,"name":"Umberto Eco y el misterio de la rosa desnuda"}]},{"@type":"WebSite","@id":"https:\/\/lospoliticosveracruz.com\/#website","url":"https:\/\/lospoliticosveracruz.com\/","name":"Los pol\u00edticos Veracruz","description":"","publisher":{"@id":"https:\/\/lospoliticosveracruz.com\/#organization"},"potentialAction":[{"@type":"SearchAction","target":{"@type":"EntryPoint","urlTemplate":"https:\/\/lospoliticosveracruz.com\/?s={search_term_string}"},"query-input":{"@type":"PropertyValueSpecification","valueRequired":true,"valueName":"search_term_string"}}],"inLanguage":"es"},{"@type":"Organization","@id":"https:\/\/lospoliticosveracruz.com\/#organization","name":"Los pol\u00edticos Veracruz","url":"https:\/\/lospoliticosveracruz.com\/","logo":{"@type":"ImageObject","inLanguage":"es","@id":"https:\/\/lospoliticosveracruz.com\/#\/schema\/logo\/image\/","url":"https:\/\/lospoliticosveracruz.com\/wp-content\/uploads\/2025\/12\/Logo-Nuevo-LOS-POLITICOS-1.jpg","contentUrl":"https:\/\/lospoliticosveracruz.com\/wp-content\/uploads\/2025\/12\/Logo-Nuevo-LOS-POLITICOS-1.jpg","width":260,"height":70,"caption":"Los pol\u00edticos Veracruz"},"image":{"@id":"https:\/\/lospoliticosveracruz.com\/#\/schema\/logo\/image\/"},"sameAs":["https:\/\/www.facebook.com\/people\/Notimemes-de-los-Polticos\/61565672886568\/","https:\/\/x.com\/LosPoliticosVer"]},{"@type":"Person","@id":"https:\/\/lospoliticosveracruz.com\/#\/schema\/person\/b8702bb0e538456e6efd07080bf2a4a2","name":"Lo viste en Los Pol\u00edticos","image":{"@type":"ImageObject","inLanguage":"es","@id":"https:\/\/secure.gravatar.com\/avatar\/3a8de04a2656d44082be478bd6c086daa447c4651605818287b9532d3d0bd435?s=96&d=mm&r=g","url":"https:\/\/secure.gravatar.com\/avatar\/3a8de04a2656d44082be478bd6c086daa447c4651605818287b9532d3d0bd435?s=96&d=mm&r=g","contentUrl":"https:\/\/secure.gravatar.com\/avatar\/3a8de04a2656d44082be478bd6c086daa447c4651605818287b9532d3d0bd435?s=96&d=mm&r=g","caption":"Lo viste en Los Pol\u00edticos"},"url":"https:\/\/lospoliticosveracruz.com\/?author=2"}]}},"_links":{"self":[{"href":"https:\/\/lospoliticosveracruz.com\/index.php?rest_route=\/wp\/v2\/posts\/21357","targetHints":{"allow":["GET"]}}],"collection":[{"href":"https:\/\/lospoliticosveracruz.com\/index.php?rest_route=\/wp\/v2\/posts"}],"about":[{"href":"https:\/\/lospoliticosveracruz.com\/index.php?rest_route=\/wp\/v2\/types\/post"}],"author":[{"embeddable":true,"href":"https:\/\/lospoliticosveracruz.com\/index.php?rest_route=\/wp\/v2\/users\/2"}],"replies":[{"embeddable":true,"href":"https:\/\/lospoliticosveracruz.com\/index.php?rest_route=%2Fwp%2Fv2%2Fcomments&post=21357"}],"version-history":[{"count":1,"href":"https:\/\/lospoliticosveracruz.com\/index.php?rest_route=\/wp\/v2\/posts\/21357\/revisions"}],"predecessor-version":[{"id":21359,"href":"https:\/\/lospoliticosveracruz.com\/index.php?rest_route=\/wp\/v2\/posts\/21357\/revisions\/21359"}],"wp:attachment":[{"href":"https:\/\/lospoliticosveracruz.com\/index.php?rest_route=%2Fwp%2Fv2%2Fmedia&parent=21357"}],"wp:term":[{"taxonomy":"category","embeddable":true,"href":"https:\/\/lospoliticosveracruz.com\/index.php?rest_route=%2Fwp%2Fv2%2Fcategories&post=21357"},{"taxonomy":"post_tag","embeddable":true,"href":"https:\/\/lospoliticosveracruz.com\/index.php?rest_route=%2Fwp%2Fv2%2Ftags&post=21357"}],"curies":[{"name":"wp","href":"https:\/\/api.w.org\/{rel}","templated":true}]}}