{"id":21424,"date":"2016-02-23T22:37:55","date_gmt":"2016-02-24T04:37:55","guid":{"rendered":"http:\/\/www.lospoliticosveracruz.com.mx\/?p=21424"},"modified":"2016-02-23T22:37:55","modified_gmt":"2016-02-24T04:37:55","slug":"juventino-varela","status":"publish","type":"post","link":"https:\/\/lospoliticosveracruz.com\/?p=21424","title":{"rendered":"Juventino Varela"},"content":{"rendered":"<p><a href=\"http:\/\/www.lospoliticosveracruz.com.mx\/wp-content\/uploads\/2016\/02\/Juventino-Varela-Salazar.jpg\"><img loading=\"lazy\" decoding=\"async\" class=\"alignnone size-medium wp-image-21426\" src=\"http:\/\/www.lospoliticosveracruz.com.mx\/wp-content\/uploads\/2016\/02\/Juventino-Varela-Salazar-300x200.jpg\" alt=\"Juventino Varela Salazar\" width=\"300\" height=\"200\" \/><\/a><\/p>\n<p><strong>Brenda Caballero<\/strong><\/p>\n<p><em>N\u00fameros Rojos<\/em><\/p>\n<p>&nbsp;<\/p>\n<p>\u201cMe quieren quitar mi terreno\u201d, me dice una se\u00f1ora muy afligida con sus ni\u00f1os en mano.<\/p>\n<p>Sin querer, coincido con ella y me cuenta que junto con su esposo est\u00e1n construyendo una casita en un lote que tienen en Emiliano Zapata, para ser precisa: en el Predio Santa Luc\u00eda I.<\/p>\n<p>Sigue contando que hace un par de a\u00f1os compr\u00f3 con muchos sacrificios un lote al ejidatario, incluso tiene sus papeletas de pago de cada a\u00f1o; sin embargo, a pesar de que ya es due\u00f1a del predio, hace unos d\u00edas se enter\u00f3 de que el arquitecto Hugo Banda Rivas ha llevado compradores para revender algunos \u00a0lotes como lo hicieron en la colonia Santa Luc\u00eda I.<\/p>\n<p>Sus ojos se llenan de l\u00e1grimas cuando me dice que apenas han echado los cimientos y que no han podido terminar porque rentan un cuartito en Xalapa, adem\u00e1s de que tiene a sus dos hijos en la primaria.<\/p>\n<p>Asegura que su esposo ha recibido amenazas y le han dicho que se queje donde quiera, pues a ellos no les van a hacer nada porque son influyentes.<\/p>\n<p>Pero Hugo Banda Rivas no est\u00e1 solo. Detr\u00e1s de \u00e9l se encuentra Juventino Varela Salazar. Haciendo memoria, elementos de Seguridad P\u00fablica del Estado han tratado de cumplir mandatos judiciales de desalojo sin resultado. Al contrario, hasta dos personas han perdido la vida.<\/p>\n<p>Cuentan que si uno quiere entrar a la colonia Santa Luc\u00eda I y II, tiene que tener autorizaci\u00f3n de Varela Salazar. Aseguran que hasta se han pedido favores sexuales por tener un lote en esas colonias.<\/p>\n<p>Pero \u00bfQui\u00e9n es Juventino Varela Salazar?<\/p>\n<p>Es considerado un l\u00edder de invasores desde hace varios a\u00f1os, as\u00ed como el representante de la Asociaci\u00f3n Civil por los Derechos Humanos y Sociales. En el 2012, fue detenido con base en una orden de aprehensi\u00f3n girada por el juez primero de primera instancia adscrito al penal de Pacho Viejo por el delito de despojo y fraude, as\u00ed como extorsi\u00f3n. Sali\u00f3 libre y es la fecha de que Varela Salazar sigue haciendo de las suyas, pues hasta los partidos lo buscan para que lleve a su gente a los m\u00edtines pol\u00edticos.<\/p>\n<p>Aunque tambi\u00e9n es extremista, pues ha desquiciado el centro de Xalapa con el argumento de las altas tarifas de agua y ha amenazado con la permanencia indefinida, as\u00ed como hasta recurrir a acostarse en la v\u00eda P\u00fablica y desnudarse si las autoridades no ced\u00edan a sus caprichos.<\/p>\n<p>Lo malo de este asunto es que no es nuevo. El problema en esas colonias va a cumplir 6 a\u00f1os y constantemente hay enfrentamientos en los que hasta un menor de edad ha sido baleado.<\/p>\n<p>En alg\u00fan tiempo, Gerardo Buganza, cuando fue Secretario de Gobierno, habl\u00f3 con ellos y se hizo cargo del problema social; sin embargo, a la fecha, no hay soluci\u00f3n al despojo de predios y anomal\u00edas que suceden en esas colonias.<\/p>\n<p>Buganza se ha ido, y a finales de diciembre tendremos nuevos funcionarios. Esperemos que paren la corrupci\u00f3n, despojos y desalojos de los que son objeto varias familias.<\/p>\n<p>&nbsp;<\/p>\n<p><a href=\"mailto:Email%3Acaballero_brenda@hotmail.com\">Email:caballero_brenda@hotmail.com<\/a><\/p>\n","protected":false},"excerpt":{"rendered":"<p>Brenda Caballero N\u00fameros Rojos &nbsp; \u201cMe quieren quitar mi terreno\u201d, me dice una se\u00f1ora muy afligida con sus ni\u00f1os en mano. Sin querer, coincido con ella y me cuenta que junto con su esposo est\u00e1n construyendo una casita en un lote que tienen en Emiliano Zapata, para ser precisa: en el Predio Santa Luc\u00eda I. [&hellip;]<\/p>\n","protected":false},"author":2,"featured_media":0,"comment_status":"open","ping_status":"open","sticky":false,"template":"","format":"standard","meta":{"tdm_status":"","tdm_grid_status":"","footnotes":""},"categories":[70],"tags":[469,447,4900,4901,4899],"class_list":{"0":"post-21424","1":"post","2":"type-post","3":"status-publish","4":"format-standard","6":"category-de-opinion","7":"tag-emiliano-zapata","8":"tag-gerardo-buganza","9":"tag-hugo-banda-rivas","10":"tag-juventino-varela-salazar","11":"tag-predio-santa-lucia"},"yoast_head":"<!-- This site is optimized with the Yoast SEO plugin v27.4 - https:\/\/yoast.com\/product\/yoast-seo-wordpress\/ -->\n<title>Juventino Varela - Los pol\u00edticos Veracruz<\/title>\n<meta name=\"robots\" content=\"index, follow, max-snippet:-1, max-image-preview:large, max-video-preview:-1\" \/>\n<link rel=\"canonical\" href=\"https:\/\/lospoliticosveracruz.com\/?p=21424\" \/>\n<meta property=\"og:locale\" content=\"es_ES\" \/>\n<meta property=\"og:type\" content=\"article\" \/>\n<meta property=\"og:title\" content=\"Juventino Varela - Los pol\u00edticos Veracruz\" \/>\n<meta property=\"og:description\" content=\"Brenda Caballero N\u00fameros Rojos &nbsp; \u201cMe quieren quitar mi terreno\u201d, me dice una se\u00f1ora muy afligida con sus ni\u00f1os en mano. Sin querer, coincido con ella y me cuenta que junto con su esposo est\u00e1n construyendo una casita en un lote que tienen en Emiliano Zapata, para ser precisa: en el Predio Santa Luc\u00eda I. [&hellip;]\" \/>\n<meta property=\"og:url\" content=\"https:\/\/lospoliticosveracruz.com\/?p=21424\" \/>\n<meta property=\"og:site_name\" content=\"Los pol\u00edticos Veracruz\" \/>\n<meta property=\"article:publisher\" content=\"https:\/\/www.facebook.com\/people\/Notimemes-de-los-Polticos\/61565672886568\/\" \/>\n<meta property=\"article:published_time\" content=\"2016-02-24T04:37:55+00:00\" \/>\n<meta property=\"og:image\" content=\"http:\/\/www.lospoliticosveracruz.com.mx\/wp-content\/uploads\/2016\/02\/Juventino-Varela-Salazar-300x200.jpg\" \/>\n<meta name=\"author\" content=\"Lo viste en Los Pol\u00edticos\" \/>\n<meta name=\"twitter:card\" content=\"summary_large_image\" \/>\n<meta name=\"twitter:creator\" content=\"@LosPoliticosVer\" \/>\n<meta name=\"twitter:site\" content=\"@LosPoliticosVer\" \/>\n<meta name=\"twitter:label1\" content=\"Escrito por\" \/>\n\t<meta name=\"twitter:data1\" content=\"Lo viste en Los Pol\u00edticos\" \/>\n\t<meta name=\"twitter:label2\" content=\"Tiempo de lectura\" \/>\n\t<meta name=\"twitter:data2\" content=\"3 minutos\" \/>\n<script type=\"application\/ld+json\" class=\"yoast-schema-graph\">{\"@context\":\"https:\\\/\\\/schema.org\",\"@graph\":[{\"@type\":\"Article\",\"@id\":\"https:\\\/\\\/lospoliticosveracruz.com\\\/?p=21424#article\",\"isPartOf\":{\"@id\":\"https:\\\/\\\/lospoliticosveracruz.com\\\/?p=21424\"},\"author\":{\"name\":\"Lo viste en Los Pol\u00edticos\",\"@id\":\"https:\\\/\\\/lospoliticosveracruz.com\\\/#\\\/schema\\\/person\\\/b8702bb0e538456e6efd07080bf2a4a2\"},\"headline\":\"Juventino Varela\",\"datePublished\":\"2016-02-24T04:37:55+00:00\",\"mainEntityOfPage\":{\"@id\":\"https:\\\/\\\/lospoliticosveracruz.com\\\/?p=21424\"},\"wordCount\":547,\"commentCount\":0,\"publisher\":{\"@id\":\"https:\\\/\\\/lospoliticosveracruz.com\\\/#organization\"},\"image\":{\"@id\":\"https:\\\/\\\/lospoliticosveracruz.com\\\/?p=21424#primaryimage\"},\"thumbnailUrl\":\"http:\\\/\\\/www.lospoliticosveracruz.com.mx\\\/wp-content\\\/uploads\\\/2016\\\/02\\\/Juventino-Varela-Salazar-300x200.jpg\",\"keywords\":[\"Emiliano Zapata\",\"Gerardo Buganza\",\"Hugo Banda Rivas\",\"Juventino Varela Salazar\",\"Predio Santa Luc\u00eda\"],\"articleSection\":[\"De Opini\u00f3n\"],\"inLanguage\":\"es\",\"potentialAction\":[{\"@type\":\"CommentAction\",\"name\":\"Comment\",\"target\":[\"https:\\\/\\\/lospoliticosveracruz.com\\\/?p=21424#respond\"]}]},{\"@type\":\"WebPage\",\"@id\":\"https:\\\/\\\/lospoliticosveracruz.com\\\/?p=21424\",\"url\":\"https:\\\/\\\/lospoliticosveracruz.com\\\/?p=21424\",\"name\":\"Juventino Varela - Los pol\u00edticos Veracruz\",\"isPartOf\":{\"@id\":\"https:\\\/\\\/lospoliticosveracruz.com\\\/#website\"},\"primaryImageOfPage\":{\"@id\":\"https:\\\/\\\/lospoliticosveracruz.com\\\/?p=21424#primaryimage\"},\"image\":{\"@id\":\"https:\\\/\\\/lospoliticosveracruz.com\\\/?p=21424#primaryimage\"},\"thumbnailUrl\":\"http:\\\/\\\/www.lospoliticosveracruz.com.mx\\\/wp-content\\\/uploads\\\/2016\\\/02\\\/Juventino-Varela-Salazar-300x200.jpg\",\"datePublished\":\"2016-02-24T04:37:55+00:00\",\"breadcrumb\":{\"@id\":\"https:\\\/\\\/lospoliticosveracruz.com\\\/?p=21424#breadcrumb\"},\"inLanguage\":\"es\",\"potentialAction\":[{\"@type\":\"ReadAction\",\"target\":[\"https:\\\/\\\/lospoliticosveracruz.com\\\/?p=21424\"]}]},{\"@type\":\"ImageObject\",\"inLanguage\":\"es\",\"@id\":\"https:\\\/\\\/lospoliticosveracruz.com\\\/?p=21424#primaryimage\",\"url\":\"http:\\\/\\\/www.lospoliticosveracruz.com.mx\\\/wp-content\\\/uploads\\\/2016\\\/02\\\/Juventino-Varela-Salazar-300x200.jpg\",\"contentUrl\":\"http:\\\/\\\/www.lospoliticosveracruz.com.mx\\\/wp-content\\\/uploads\\\/2016\\\/02\\\/Juventino-Varela-Salazar-300x200.jpg\"},{\"@type\":\"BreadcrumbList\",\"@id\":\"https:\\\/\\\/lospoliticosveracruz.com\\\/?p=21424#breadcrumb\",\"itemListElement\":[{\"@type\":\"ListItem\",\"position\":1,\"name\":\"Portada\",\"item\":\"https:\\\/\\\/lospoliticosveracruz.com\\\/\"},{\"@type\":\"ListItem\",\"position\":2,\"name\":\"Juventino Varela\"}]},{\"@type\":\"WebSite\",\"@id\":\"https:\\\/\\\/lospoliticosveracruz.com\\\/#website\",\"url\":\"https:\\\/\\\/lospoliticosveracruz.com\\\/\",\"name\":\"Los pol\u00edticos Veracruz\",\"description\":\"\",\"publisher\":{\"@id\":\"https:\\\/\\\/lospoliticosveracruz.com\\\/#organization\"},\"potentialAction\":[{\"@type\":\"SearchAction\",\"target\":{\"@type\":\"EntryPoint\",\"urlTemplate\":\"https:\\\/\\\/lospoliticosveracruz.com\\\/?s={search_term_string}\"},\"query-input\":{\"@type\":\"PropertyValueSpecification\",\"valueRequired\":true,\"valueName\":\"search_term_string\"}}],\"inLanguage\":\"es\"},{\"@type\":\"Organization\",\"@id\":\"https:\\\/\\\/lospoliticosveracruz.com\\\/#organization\",\"name\":\"Los pol\u00edticos Veracruz\",\"url\":\"https:\\\/\\\/lospoliticosveracruz.com\\\/\",\"logo\":{\"@type\":\"ImageObject\",\"inLanguage\":\"es\",\"@id\":\"https:\\\/\\\/lospoliticosveracruz.com\\\/#\\\/schema\\\/logo\\\/image\\\/\",\"url\":\"https:\\\/\\\/lospoliticosveracruz.com\\\/wp-content\\\/uploads\\\/2025\\\/12\\\/Logo-Nuevo-LOS-POLITICOS-1.jpg\",\"contentUrl\":\"https:\\\/\\\/lospoliticosveracruz.com\\\/wp-content\\\/uploads\\\/2025\\\/12\\\/Logo-Nuevo-LOS-POLITICOS-1.jpg\",\"width\":260,\"height\":70,\"caption\":\"Los pol\u00edticos Veracruz\"},\"image\":{\"@id\":\"https:\\\/\\\/lospoliticosveracruz.com\\\/#\\\/schema\\\/logo\\\/image\\\/\"},\"sameAs\":[\"https:\\\/\\\/www.facebook.com\\\/people\\\/Notimemes-de-los-Polticos\\\/61565672886568\\\/\",\"https:\\\/\\\/x.com\\\/LosPoliticosVer\"]},{\"@type\":\"Person\",\"@id\":\"https:\\\/\\\/lospoliticosveracruz.com\\\/#\\\/schema\\\/person\\\/b8702bb0e538456e6efd07080bf2a4a2\",\"name\":\"Lo viste en Los Pol\u00edticos\",\"image\":{\"@type\":\"ImageObject\",\"inLanguage\":\"es\",\"@id\":\"https:\\\/\\\/secure.gravatar.com\\\/avatar\\\/3a8de04a2656d44082be478bd6c086daa447c4651605818287b9532d3d0bd435?s=96&d=mm&r=g\",\"url\":\"https:\\\/\\\/secure.gravatar.com\\\/avatar\\\/3a8de04a2656d44082be478bd6c086daa447c4651605818287b9532d3d0bd435?s=96&d=mm&r=g\",\"contentUrl\":\"https:\\\/\\\/secure.gravatar.com\\\/avatar\\\/3a8de04a2656d44082be478bd6c086daa447c4651605818287b9532d3d0bd435?s=96&d=mm&r=g\",\"caption\":\"Lo viste en Los Pol\u00edticos\"},\"url\":\"https:\\\/\\\/lospoliticosveracruz.com\\\/?author=2\"}]}<\/script>\n<!-- \/ Yoast SEO plugin. -->","yoast_head_json":{"title":"Juventino Varela - Los pol\u00edticos Veracruz","robots":{"index":"index","follow":"follow","max-snippet":"max-snippet:-1","max-image-preview":"max-image-preview:large","max-video-preview":"max-video-preview:-1"},"canonical":"https:\/\/lospoliticosveracruz.com\/?p=21424","og_locale":"es_ES","og_type":"article","og_title":"Juventino Varela - Los pol\u00edticos Veracruz","og_description":"Brenda Caballero N\u00fameros Rojos &nbsp; \u201cMe quieren quitar mi terreno\u201d, me dice una se\u00f1ora muy afligida con sus ni\u00f1os en mano. Sin querer, coincido con ella y me cuenta que junto con su esposo est\u00e1n construyendo una casita en un lote que tienen en Emiliano Zapata, para ser precisa: en el Predio Santa Luc\u00eda I. [&hellip;]","og_url":"https:\/\/lospoliticosveracruz.com\/?p=21424","og_site_name":"Los pol\u00edticos Veracruz","article_publisher":"https:\/\/www.facebook.com\/people\/Notimemes-de-los-Polticos\/61565672886568\/","article_published_time":"2016-02-24T04:37:55+00:00","og_image":[{"url":"http:\/\/www.lospoliticosveracruz.com.mx\/wp-content\/uploads\/2016\/02\/Juventino-Varela-Salazar-300x200.jpg","type":"","width":"","height":""}],"author":"Lo viste en Los Pol\u00edticos","twitter_card":"summary_large_image","twitter_creator":"@LosPoliticosVer","twitter_site":"@LosPoliticosVer","twitter_misc":{"Escrito por":"Lo viste en Los Pol\u00edticos","Tiempo de lectura":"3 minutos"},"schema":{"@context":"https:\/\/schema.org","@graph":[{"@type":"Article","@id":"https:\/\/lospoliticosveracruz.com\/?p=21424#article","isPartOf":{"@id":"https:\/\/lospoliticosveracruz.com\/?p=21424"},"author":{"name":"Lo viste en Los Pol\u00edticos","@id":"https:\/\/lospoliticosveracruz.com\/#\/schema\/person\/b8702bb0e538456e6efd07080bf2a4a2"},"headline":"Juventino Varela","datePublished":"2016-02-24T04:37:55+00:00","mainEntityOfPage":{"@id":"https:\/\/lospoliticosveracruz.com\/?p=21424"},"wordCount":547,"commentCount":0,"publisher":{"@id":"https:\/\/lospoliticosveracruz.com\/#organization"},"image":{"@id":"https:\/\/lospoliticosveracruz.com\/?p=21424#primaryimage"},"thumbnailUrl":"http:\/\/www.lospoliticosveracruz.com.mx\/wp-content\/uploads\/2016\/02\/Juventino-Varela-Salazar-300x200.jpg","keywords":["Emiliano Zapata","Gerardo Buganza","Hugo Banda Rivas","Juventino Varela Salazar","Predio Santa Luc\u00eda"],"articleSection":["De Opini\u00f3n"],"inLanguage":"es","potentialAction":[{"@type":"CommentAction","name":"Comment","target":["https:\/\/lospoliticosveracruz.com\/?p=21424#respond"]}]},{"@type":"WebPage","@id":"https:\/\/lospoliticosveracruz.com\/?p=21424","url":"https:\/\/lospoliticosveracruz.com\/?p=21424","name":"Juventino Varela - Los pol\u00edticos Veracruz","isPartOf":{"@id":"https:\/\/lospoliticosveracruz.com\/#website"},"primaryImageOfPage":{"@id":"https:\/\/lospoliticosveracruz.com\/?p=21424#primaryimage"},"image":{"@id":"https:\/\/lospoliticosveracruz.com\/?p=21424#primaryimage"},"thumbnailUrl":"http:\/\/www.lospoliticosveracruz.com.mx\/wp-content\/uploads\/2016\/02\/Juventino-Varela-Salazar-300x200.jpg","datePublished":"2016-02-24T04:37:55+00:00","breadcrumb":{"@id":"https:\/\/lospoliticosveracruz.com\/?p=21424#breadcrumb"},"inLanguage":"es","potentialAction":[{"@type":"ReadAction","target":["https:\/\/lospoliticosveracruz.com\/?p=21424"]}]},{"@type":"ImageObject","inLanguage":"es","@id":"https:\/\/lospoliticosveracruz.com\/?p=21424#primaryimage","url":"http:\/\/www.lospoliticosveracruz.com.mx\/wp-content\/uploads\/2016\/02\/Juventino-Varela-Salazar-300x200.jpg","contentUrl":"http:\/\/www.lospoliticosveracruz.com.mx\/wp-content\/uploads\/2016\/02\/Juventino-Varela-Salazar-300x200.jpg"},{"@type":"BreadcrumbList","@id":"https:\/\/lospoliticosveracruz.com\/?p=21424#breadcrumb","itemListElement":[{"@type":"ListItem","position":1,"name":"Portada","item":"https:\/\/lospoliticosveracruz.com\/"},{"@type":"ListItem","position":2,"name":"Juventino Varela"}]},{"@type":"WebSite","@id":"https:\/\/lospoliticosveracruz.com\/#website","url":"https:\/\/lospoliticosveracruz.com\/","name":"Los pol\u00edticos Veracruz","description":"","publisher":{"@id":"https:\/\/lospoliticosveracruz.com\/#organization"},"potentialAction":[{"@type":"SearchAction","target":{"@type":"EntryPoint","urlTemplate":"https:\/\/lospoliticosveracruz.com\/?s={search_term_string}"},"query-input":{"@type":"PropertyValueSpecification","valueRequired":true,"valueName":"search_term_string"}}],"inLanguage":"es"},{"@type":"Organization","@id":"https:\/\/lospoliticosveracruz.com\/#organization","name":"Los pol\u00edticos Veracruz","url":"https:\/\/lospoliticosveracruz.com\/","logo":{"@type":"ImageObject","inLanguage":"es","@id":"https:\/\/lospoliticosveracruz.com\/#\/schema\/logo\/image\/","url":"https:\/\/lospoliticosveracruz.com\/wp-content\/uploads\/2025\/12\/Logo-Nuevo-LOS-POLITICOS-1.jpg","contentUrl":"https:\/\/lospoliticosveracruz.com\/wp-content\/uploads\/2025\/12\/Logo-Nuevo-LOS-POLITICOS-1.jpg","width":260,"height":70,"caption":"Los pol\u00edticos Veracruz"},"image":{"@id":"https:\/\/lospoliticosveracruz.com\/#\/schema\/logo\/image\/"},"sameAs":["https:\/\/www.facebook.com\/people\/Notimemes-de-los-Polticos\/61565672886568\/","https:\/\/x.com\/LosPoliticosVer"]},{"@type":"Person","@id":"https:\/\/lospoliticosveracruz.com\/#\/schema\/person\/b8702bb0e538456e6efd07080bf2a4a2","name":"Lo viste en Los Pol\u00edticos","image":{"@type":"ImageObject","inLanguage":"es","@id":"https:\/\/secure.gravatar.com\/avatar\/3a8de04a2656d44082be478bd6c086daa447c4651605818287b9532d3d0bd435?s=96&d=mm&r=g","url":"https:\/\/secure.gravatar.com\/avatar\/3a8de04a2656d44082be478bd6c086daa447c4651605818287b9532d3d0bd435?s=96&d=mm&r=g","contentUrl":"https:\/\/secure.gravatar.com\/avatar\/3a8de04a2656d44082be478bd6c086daa447c4651605818287b9532d3d0bd435?s=96&d=mm&r=g","caption":"Lo viste en Los Pol\u00edticos"},"url":"https:\/\/lospoliticosveracruz.com\/?author=2"}]}},"_links":{"self":[{"href":"https:\/\/lospoliticosveracruz.com\/index.php?rest_route=\/wp\/v2\/posts\/21424","targetHints":{"allow":["GET"]}}],"collection":[{"href":"https:\/\/lospoliticosveracruz.com\/index.php?rest_route=\/wp\/v2\/posts"}],"about":[{"href":"https:\/\/lospoliticosveracruz.com\/index.php?rest_route=\/wp\/v2\/types\/post"}],"author":[{"embeddable":true,"href":"https:\/\/lospoliticosveracruz.com\/index.php?rest_route=\/wp\/v2\/users\/2"}],"replies":[{"embeddable":true,"href":"https:\/\/lospoliticosveracruz.com\/index.php?rest_route=%2Fwp%2Fv2%2Fcomments&post=21424"}],"version-history":[{"count":1,"href":"https:\/\/lospoliticosveracruz.com\/index.php?rest_route=\/wp\/v2\/posts\/21424\/revisions"}],"predecessor-version":[{"id":21427,"href":"https:\/\/lospoliticosveracruz.com\/index.php?rest_route=\/wp\/v2\/posts\/21424\/revisions\/21427"}],"wp:attachment":[{"href":"https:\/\/lospoliticosveracruz.com\/index.php?rest_route=%2Fwp%2Fv2%2Fmedia&parent=21424"}],"wp:term":[{"taxonomy":"category","embeddable":true,"href":"https:\/\/lospoliticosveracruz.com\/index.php?rest_route=%2Fwp%2Fv2%2Fcategories&post=21424"},{"taxonomy":"post_tag","embeddable":true,"href":"https:\/\/lospoliticosveracruz.com\/index.php?rest_route=%2Fwp%2Fv2%2Ftags&post=21424"}],"curies":[{"name":"wp","href":"https:\/\/api.w.org\/{rel}","templated":true}]}}