{"id":21428,"date":"2016-02-23T22:48:58","date_gmt":"2016-02-24T04:48:58","guid":{"rendered":"http:\/\/www.lospoliticosveracruz.com.mx\/?p=21428"},"modified":"2016-02-23T22:48:58","modified_gmt":"2016-02-24T04:48:58","slug":"no-te-vayas","status":"publish","type":"post","link":"https:\/\/lospoliticosveracruz.com\/?p=21428","title":{"rendered":"No te vayas"},"content":{"rendered":"<p><a href=\"http:\/\/www.lospoliticosveracruz.com.mx\/wp-content\/uploads\/2008\/10\/Duarte.jpg\"><img loading=\"lazy\" decoding=\"async\" class=\"alignnone size-medium wp-image-12016\" src=\"http:\/\/www.lospoliticosveracruz.com.mx\/wp-content\/uploads\/2008\/10\/Duarte-300x225.jpg\" alt=\"Duarte\" width=\"300\" height=\"225\" \/><\/a><br \/>\n<strong>Pedro Manterola<\/strong><\/p>\n<p><em>Hoja de Ruta<\/em><br \/>\nNo es justo que te vayas, no es correcto, no es decente. Llegaste a donde no ten\u00edas que haber llegado, fuiste gobernador de un estado que nunca gobernaste, fuiste capit\u00e1n de un barco que se hunde sin que haya navegado, administraste en tu provecho la riqueza y los inapreciables recursos de un territorio del que ahora pretendes escapar, sin rendir cuentas ni dar explicaciones.<br \/>\nNo te vayas. Ni madres. Buscar la puerta de atr\u00e1s es cosa de desertores, de cobardes, de traidores. Irse, huir, correr, fugarse, es lo que hace un forajido, un pr\u00f3fugo, un salteador, un abigeo, un malhechor, un fugitivo. Y t\u00fa no eres un cuatrero, t\u00fa eres el Gobernador de Veracruz, asunto nada menor que para ti deber\u00eda ser un orgullo y que has convertido en una verg\u00fcenza y un oprobio para todos los veracruzanos. No te vayas, no sin decirnos d\u00f3nde est\u00e1 el dinero, en cu\u00e1les carreteras, en cu\u00e1ntos puentes, en qu\u00e9 caminos, escuelas, carreteras y hospitales se han invertido los incalculables recursos destinados al progreso de Veracruz y los veracruzanos.<br \/>\nNo corras, no te mudes a Madrid, no vueles a Barcelona, sin antes contarnos de los pensionados que defendiste, de las deudas que pagaste, los ciudadanos que atendiste, los maestros que apoyaste, los periodistas que salvaste, los agricultores que impulsaste, los estudiantes que alentaste, los votos que obtuviste, las madres que consolaste. No abandones a su suerte a etnias, empresarios, amas de casa, jornaleros, universitarios, pescadores, ca\u00f1eros, madres solteras, padres de familia, diputados y compa\u00f1eros de partido. No se\u00f1or. Da la cara, como todo ser humano con honor, agallas y verg\u00fcenza.<br \/>\nNo evac\u00faes tu cuerpo sin que nos hayas narrado d\u00f3nde nace tu odio por los habitantes de un estado que no se merec\u00eda tenerte en el Palacio. No se\u00f1or. No somos el Hait\u00ed de Duvalier, no somos el Zaire de Mobutu, no somos la Uganda de Idi Amin, tus modelos m\u00e1s evidentes a la hora de sentarte a gobernar. Indiferente ante los ciudadanos, sumiso ante ti mismo, insaciable ante el dinero mal habido, desde\u00f1oso ante el futuro de millones de paisanos. Explicanos la diferencia entre pobres y miserables, es decir, entre 4 millones de veracruzanos y todos tus secuaces. No, no te puedes ir.<br \/>\nNo te puedes ir sin que nos digas qu\u00e9 pas\u00f3 con los j\u00f3venes de Tierra Blanca, no debes huir sin revelar qui\u00e9n o qu\u00e9 te obliga a sostener a un fantoche como responsable de la seguridad de los veracruzanos, ciudadanos rehenes lo mismo de tu gobierno que de los delincuentes, muertos lo mismo en manos de sicarios que bajo la tutela de tus polic\u00edas. Ser\u00e1 porque para ti la seguridad es una farsa. As\u00ed todo se vuelve congruente.<br \/>\nNi madres. No te vas. Cu\u00e9ntanos primero cu\u00e1ntos partidos corrompiste, cu\u00e1les candidatos compraste, cu\u00e1ntos independientes adornaste, cu\u00e1ntas realidades ignoraste. Expl\u00edcanos tu odio al adversario, esclarecenos las causas de tus traumas, el origen de tu rencor a Veracruz, el motivo que te transfigur\u00f3 en el capricho m\u00e1s lamentable y lamentado de Fidel. Capricho que todos sab\u00edamos destinado a fracasar, antojo con aires de chifladura, obsesi\u00f3n con sabor a bufonada.<br \/>\nNo desaparezcas sin que narres con lujo de detalles como desaparecieron 35 mil millones de pesos. 35 mil millones, dice el se\u00f1or Don Ojal\u00e1 te toque la C\u00e1rcel, auditor superior de la federaci\u00f3n, quien, seg\u00fan nos cuenta en cadena nacional, las cuentas no te cuadran.<br \/>\nDinos c\u00f3mo manoseaste a la autoridad electoral, c\u00f3mo humillaste los derechos humanos, de qu\u00e9 magnitud es el da\u00f1o que infringiste sin remordimientos ni arrepentimientos a la educaci\u00f3n, al campo, a la burocracia, al medio ambiente, a la salud, dinos c\u00f3mo y por qu\u00e9 tu ofuscaci\u00f3n por pervertir la armon\u00eda, la paz y la convivencia civilizada entre ciudadanos diversos habitando una misma tierra.<br \/>\nNo te largues sin que nos digas la f\u00f3rmula para hacer de la tarea de gobernar tragedia, comedia, fraude, mentira y evidencia, todo al mismo tiempo, todos los d\u00edas, en cada palabra, en cada acto fallido, en cada peso desviado, en cada muerto negado, en cada fosa, en cada secuestro, en cada discurso, en cada rueda de prensa.<\/p>\n<p>No, nadie quiere que te vayas. A estas alturas, el af\u00e1n por quitarte del lugar que nunca debiste de ocupar obedece a pura y llana desaz\u00f3n y estrategia electoral. Detr\u00e1s de tu partida hay un c\u00e1lculo de da\u00f1os pol\u00edticos y un recuento de votos perdidos, no respeto ni acatamiento a los inaplazables afanes de justicia que te persiguen por las calles. Parece tarde, porque has hecho tanto da\u00f1o que la respuesta deber\u00e1 estar en otra parte.<br \/>\nT\u00fa no te vayas, \u00bfqu\u00e9 chingao se han cre\u00eddo? \u00bfAcaso hay alguien m\u00e1s capaz que t\u00fa para estafar leyes y ridiculizar legislaturas? \u00bfQui\u00e9n si no t\u00fa es el maestro en el arte de simular democracia y fingir justicia? \u00bfQui\u00e9n podr\u00e1 ganarte a la hora de humillar oposiciones y domesticar antagonistas? No se\u00f1or.<br \/>\nSi ahora no has podido, si en esta campa\u00f1a parece imposible, t\u00fa vuelve a intentarlo. Demu\u00e9strales a los que quieren que te vayas que el mal ya est\u00e1 hecho, que no tienes remedio, que t\u00fa eres la peste y la vacuna, la indigesti\u00f3n y la lavativa, la cuna y la tumba. Que eres cataplasma y catacumba. Pero no te vayas. Ya nos chingaste, ahora te chingas. Pero no te vas.<\/p>\n","protected":false},"excerpt":{"rendered":"<p>Pedro Manterola Hoja de Ruta No es justo que te vayas, no es correcto, no es decente. Llegaste a donde no ten\u00edas que haber llegado, fuiste gobernador de un estado que nunca gobernaste, fuiste capit\u00e1n de un barco que se hunde sin que haya navegado, administraste en tu provecho la riqueza y los inapreciables recursos [&hellip;]<\/p>\n","protected":false},"author":2,"featured_media":0,"comment_status":"open","ping_status":"open","sticky":false,"template":"","format":"standard","meta":{"tdm_status":"","tdm_grid_status":"","footnotes":""},"categories":[70],"tags":[3752],"class_list":{"0":"post-21428","1":"post","2":"type-post","3":"status-publish","4":"format-standard","6":"category-de-opinion","7":"tag-gobernador-de-veracruz"},"yoast_head":"<!-- This site is optimized with the Yoast SEO plugin v27.4 - https:\/\/yoast.com\/product\/yoast-seo-wordpress\/ -->\n<title>No te vayas - Los pol\u00edticos Veracruz<\/title>\n<meta name=\"robots\" content=\"index, follow, max-snippet:-1, max-image-preview:large, max-video-preview:-1\" \/>\n<link rel=\"canonical\" href=\"https:\/\/lospoliticosveracruz.com\/?p=21428\" \/>\n<meta property=\"og:locale\" content=\"es_ES\" \/>\n<meta property=\"og:type\" content=\"article\" \/>\n<meta property=\"og:title\" content=\"No te vayas - Los pol\u00edticos Veracruz\" \/>\n<meta property=\"og:description\" content=\"Pedro Manterola Hoja de Ruta No es justo que te vayas, no es correcto, no es decente. Llegaste a donde no ten\u00edas que haber llegado, fuiste gobernador de un estado que nunca gobernaste, fuiste capit\u00e1n de un barco que se hunde sin que haya navegado, administraste en tu provecho la riqueza y los inapreciables recursos [&hellip;]\" \/>\n<meta property=\"og:url\" content=\"https:\/\/lospoliticosveracruz.com\/?p=21428\" \/>\n<meta property=\"og:site_name\" content=\"Los pol\u00edticos Veracruz\" \/>\n<meta property=\"article:publisher\" content=\"https:\/\/www.facebook.com\/people\/Notimemes-de-los-Polticos\/61565672886568\/\" \/>\n<meta property=\"article:published_time\" content=\"2016-02-24T04:48:58+00:00\" \/>\n<meta property=\"og:image\" content=\"http:\/\/www.lospoliticosveracruz.com.mx\/wp-content\/uploads\/2008\/10\/Duarte-300x225.jpg\" \/>\n<meta name=\"author\" content=\"Lo viste en Los Pol\u00edticos\" \/>\n<meta name=\"twitter:card\" content=\"summary_large_image\" \/>\n<meta name=\"twitter:creator\" content=\"@LosPoliticosVer\" \/>\n<meta name=\"twitter:site\" content=\"@LosPoliticosVer\" \/>\n<meta name=\"twitter:label1\" content=\"Escrito por\" \/>\n\t<meta name=\"twitter:data1\" content=\"Lo viste en Los Pol\u00edticos\" \/>\n\t<meta name=\"twitter:label2\" content=\"Tiempo de lectura\" \/>\n\t<meta name=\"twitter:data2\" content=\"5 minutos\" \/>\n<script type=\"application\/ld+json\" class=\"yoast-schema-graph\">{\"@context\":\"https:\\\/\\\/schema.org\",\"@graph\":[{\"@type\":\"Article\",\"@id\":\"https:\\\/\\\/lospoliticosveracruz.com\\\/?p=21428#article\",\"isPartOf\":{\"@id\":\"https:\\\/\\\/lospoliticosveracruz.com\\\/?p=21428\"},\"author\":{\"name\":\"Lo viste en Los Pol\u00edticos\",\"@id\":\"https:\\\/\\\/lospoliticosveracruz.com\\\/#\\\/schema\\\/person\\\/b8702bb0e538456e6efd07080bf2a4a2\"},\"headline\":\"No te vayas\",\"datePublished\":\"2016-02-24T04:48:58+00:00\",\"mainEntityOfPage\":{\"@id\":\"https:\\\/\\\/lospoliticosveracruz.com\\\/?p=21428\"},\"wordCount\":943,\"commentCount\":0,\"publisher\":{\"@id\":\"https:\\\/\\\/lospoliticosveracruz.com\\\/#organization\"},\"image\":{\"@id\":\"https:\\\/\\\/lospoliticosveracruz.com\\\/?p=21428#primaryimage\"},\"thumbnailUrl\":\"http:\\\/\\\/www.lospoliticosveracruz.com.mx\\\/wp-content\\\/uploads\\\/2008\\\/10\\\/Duarte-300x225.jpg\",\"keywords\":[\"Gobernador de Veracruz\"],\"articleSection\":[\"De Opini\u00f3n\"],\"inLanguage\":\"es\",\"potentialAction\":[{\"@type\":\"CommentAction\",\"name\":\"Comment\",\"target\":[\"https:\\\/\\\/lospoliticosveracruz.com\\\/?p=21428#respond\"]}]},{\"@type\":\"WebPage\",\"@id\":\"https:\\\/\\\/lospoliticosveracruz.com\\\/?p=21428\",\"url\":\"https:\\\/\\\/lospoliticosveracruz.com\\\/?p=21428\",\"name\":\"No te vayas - Los pol\u00edticos Veracruz\",\"isPartOf\":{\"@id\":\"https:\\\/\\\/lospoliticosveracruz.com\\\/#website\"},\"primaryImageOfPage\":{\"@id\":\"https:\\\/\\\/lospoliticosveracruz.com\\\/?p=21428#primaryimage\"},\"image\":{\"@id\":\"https:\\\/\\\/lospoliticosveracruz.com\\\/?p=21428#primaryimage\"},\"thumbnailUrl\":\"http:\\\/\\\/www.lospoliticosveracruz.com.mx\\\/wp-content\\\/uploads\\\/2008\\\/10\\\/Duarte-300x225.jpg\",\"datePublished\":\"2016-02-24T04:48:58+00:00\",\"breadcrumb\":{\"@id\":\"https:\\\/\\\/lospoliticosveracruz.com\\\/?p=21428#breadcrumb\"},\"inLanguage\":\"es\",\"potentialAction\":[{\"@type\":\"ReadAction\",\"target\":[\"https:\\\/\\\/lospoliticosveracruz.com\\\/?p=21428\"]}]},{\"@type\":\"ImageObject\",\"inLanguage\":\"es\",\"@id\":\"https:\\\/\\\/lospoliticosveracruz.com\\\/?p=21428#primaryimage\",\"url\":\"http:\\\/\\\/www.lospoliticosveracruz.com.mx\\\/wp-content\\\/uploads\\\/2008\\\/10\\\/Duarte-300x225.jpg\",\"contentUrl\":\"http:\\\/\\\/www.lospoliticosveracruz.com.mx\\\/wp-content\\\/uploads\\\/2008\\\/10\\\/Duarte-300x225.jpg\"},{\"@type\":\"BreadcrumbList\",\"@id\":\"https:\\\/\\\/lospoliticosveracruz.com\\\/?p=21428#breadcrumb\",\"itemListElement\":[{\"@type\":\"ListItem\",\"position\":1,\"name\":\"Portada\",\"item\":\"https:\\\/\\\/lospoliticosveracruz.com\\\/\"},{\"@type\":\"ListItem\",\"position\":2,\"name\":\"No te vayas\"}]},{\"@type\":\"WebSite\",\"@id\":\"https:\\\/\\\/lospoliticosveracruz.com\\\/#website\",\"url\":\"https:\\\/\\\/lospoliticosveracruz.com\\\/\",\"name\":\"Los pol\u00edticos Veracruz\",\"description\":\"\",\"publisher\":{\"@id\":\"https:\\\/\\\/lospoliticosveracruz.com\\\/#organization\"},\"potentialAction\":[{\"@type\":\"SearchAction\",\"target\":{\"@type\":\"EntryPoint\",\"urlTemplate\":\"https:\\\/\\\/lospoliticosveracruz.com\\\/?s={search_term_string}\"},\"query-input\":{\"@type\":\"PropertyValueSpecification\",\"valueRequired\":true,\"valueName\":\"search_term_string\"}}],\"inLanguage\":\"es\"},{\"@type\":\"Organization\",\"@id\":\"https:\\\/\\\/lospoliticosveracruz.com\\\/#organization\",\"name\":\"Los pol\u00edticos Veracruz\",\"url\":\"https:\\\/\\\/lospoliticosveracruz.com\\\/\",\"logo\":{\"@type\":\"ImageObject\",\"inLanguage\":\"es\",\"@id\":\"https:\\\/\\\/lospoliticosveracruz.com\\\/#\\\/schema\\\/logo\\\/image\\\/\",\"url\":\"https:\\\/\\\/lospoliticosveracruz.com\\\/wp-content\\\/uploads\\\/2025\\\/12\\\/Logo-Nuevo-LOS-POLITICOS-1.jpg\",\"contentUrl\":\"https:\\\/\\\/lospoliticosveracruz.com\\\/wp-content\\\/uploads\\\/2025\\\/12\\\/Logo-Nuevo-LOS-POLITICOS-1.jpg\",\"width\":260,\"height\":70,\"caption\":\"Los pol\u00edticos Veracruz\"},\"image\":{\"@id\":\"https:\\\/\\\/lospoliticosveracruz.com\\\/#\\\/schema\\\/logo\\\/image\\\/\"},\"sameAs\":[\"https:\\\/\\\/www.facebook.com\\\/people\\\/Notimemes-de-los-Polticos\\\/61565672886568\\\/\",\"https:\\\/\\\/x.com\\\/LosPoliticosVer\"]},{\"@type\":\"Person\",\"@id\":\"https:\\\/\\\/lospoliticosveracruz.com\\\/#\\\/schema\\\/person\\\/b8702bb0e538456e6efd07080bf2a4a2\",\"name\":\"Lo viste en Los Pol\u00edticos\",\"image\":{\"@type\":\"ImageObject\",\"inLanguage\":\"es\",\"@id\":\"https:\\\/\\\/secure.gravatar.com\\\/avatar\\\/3a8de04a2656d44082be478bd6c086daa447c4651605818287b9532d3d0bd435?s=96&d=mm&r=g\",\"url\":\"https:\\\/\\\/secure.gravatar.com\\\/avatar\\\/3a8de04a2656d44082be478bd6c086daa447c4651605818287b9532d3d0bd435?s=96&d=mm&r=g\",\"contentUrl\":\"https:\\\/\\\/secure.gravatar.com\\\/avatar\\\/3a8de04a2656d44082be478bd6c086daa447c4651605818287b9532d3d0bd435?s=96&d=mm&r=g\",\"caption\":\"Lo viste en Los Pol\u00edticos\"},\"url\":\"https:\\\/\\\/lospoliticosveracruz.com\\\/?author=2\"}]}<\/script>\n<!-- \/ Yoast SEO plugin. -->","yoast_head_json":{"title":"No te vayas - Los pol\u00edticos Veracruz","robots":{"index":"index","follow":"follow","max-snippet":"max-snippet:-1","max-image-preview":"max-image-preview:large","max-video-preview":"max-video-preview:-1"},"canonical":"https:\/\/lospoliticosveracruz.com\/?p=21428","og_locale":"es_ES","og_type":"article","og_title":"No te vayas - Los pol\u00edticos Veracruz","og_description":"Pedro Manterola Hoja de Ruta No es justo que te vayas, no es correcto, no es decente. Llegaste a donde no ten\u00edas que haber llegado, fuiste gobernador de un estado que nunca gobernaste, fuiste capit\u00e1n de un barco que se hunde sin que haya navegado, administraste en tu provecho la riqueza y los inapreciables recursos [&hellip;]","og_url":"https:\/\/lospoliticosveracruz.com\/?p=21428","og_site_name":"Los pol\u00edticos Veracruz","article_publisher":"https:\/\/www.facebook.com\/people\/Notimemes-de-los-Polticos\/61565672886568\/","article_published_time":"2016-02-24T04:48:58+00:00","og_image":[{"url":"http:\/\/www.lospoliticosveracruz.com.mx\/wp-content\/uploads\/2008\/10\/Duarte-300x225.jpg","type":"","width":"","height":""}],"author":"Lo viste en Los Pol\u00edticos","twitter_card":"summary_large_image","twitter_creator":"@LosPoliticosVer","twitter_site":"@LosPoliticosVer","twitter_misc":{"Escrito por":"Lo viste en Los Pol\u00edticos","Tiempo de lectura":"5 minutos"},"schema":{"@context":"https:\/\/schema.org","@graph":[{"@type":"Article","@id":"https:\/\/lospoliticosveracruz.com\/?p=21428#article","isPartOf":{"@id":"https:\/\/lospoliticosveracruz.com\/?p=21428"},"author":{"name":"Lo viste en Los Pol\u00edticos","@id":"https:\/\/lospoliticosveracruz.com\/#\/schema\/person\/b8702bb0e538456e6efd07080bf2a4a2"},"headline":"No te vayas","datePublished":"2016-02-24T04:48:58+00:00","mainEntityOfPage":{"@id":"https:\/\/lospoliticosveracruz.com\/?p=21428"},"wordCount":943,"commentCount":0,"publisher":{"@id":"https:\/\/lospoliticosveracruz.com\/#organization"},"image":{"@id":"https:\/\/lospoliticosveracruz.com\/?p=21428#primaryimage"},"thumbnailUrl":"http:\/\/www.lospoliticosveracruz.com.mx\/wp-content\/uploads\/2008\/10\/Duarte-300x225.jpg","keywords":["Gobernador de Veracruz"],"articleSection":["De Opini\u00f3n"],"inLanguage":"es","potentialAction":[{"@type":"CommentAction","name":"Comment","target":["https:\/\/lospoliticosveracruz.com\/?p=21428#respond"]}]},{"@type":"WebPage","@id":"https:\/\/lospoliticosveracruz.com\/?p=21428","url":"https:\/\/lospoliticosveracruz.com\/?p=21428","name":"No te vayas - Los pol\u00edticos Veracruz","isPartOf":{"@id":"https:\/\/lospoliticosveracruz.com\/#website"},"primaryImageOfPage":{"@id":"https:\/\/lospoliticosveracruz.com\/?p=21428#primaryimage"},"image":{"@id":"https:\/\/lospoliticosveracruz.com\/?p=21428#primaryimage"},"thumbnailUrl":"http:\/\/www.lospoliticosveracruz.com.mx\/wp-content\/uploads\/2008\/10\/Duarte-300x225.jpg","datePublished":"2016-02-24T04:48:58+00:00","breadcrumb":{"@id":"https:\/\/lospoliticosveracruz.com\/?p=21428#breadcrumb"},"inLanguage":"es","potentialAction":[{"@type":"ReadAction","target":["https:\/\/lospoliticosveracruz.com\/?p=21428"]}]},{"@type":"ImageObject","inLanguage":"es","@id":"https:\/\/lospoliticosveracruz.com\/?p=21428#primaryimage","url":"http:\/\/www.lospoliticosveracruz.com.mx\/wp-content\/uploads\/2008\/10\/Duarte-300x225.jpg","contentUrl":"http:\/\/www.lospoliticosveracruz.com.mx\/wp-content\/uploads\/2008\/10\/Duarte-300x225.jpg"},{"@type":"BreadcrumbList","@id":"https:\/\/lospoliticosveracruz.com\/?p=21428#breadcrumb","itemListElement":[{"@type":"ListItem","position":1,"name":"Portada","item":"https:\/\/lospoliticosveracruz.com\/"},{"@type":"ListItem","position":2,"name":"No te vayas"}]},{"@type":"WebSite","@id":"https:\/\/lospoliticosveracruz.com\/#website","url":"https:\/\/lospoliticosveracruz.com\/","name":"Los pol\u00edticos Veracruz","description":"","publisher":{"@id":"https:\/\/lospoliticosveracruz.com\/#organization"},"potentialAction":[{"@type":"SearchAction","target":{"@type":"EntryPoint","urlTemplate":"https:\/\/lospoliticosveracruz.com\/?s={search_term_string}"},"query-input":{"@type":"PropertyValueSpecification","valueRequired":true,"valueName":"search_term_string"}}],"inLanguage":"es"},{"@type":"Organization","@id":"https:\/\/lospoliticosveracruz.com\/#organization","name":"Los pol\u00edticos Veracruz","url":"https:\/\/lospoliticosveracruz.com\/","logo":{"@type":"ImageObject","inLanguage":"es","@id":"https:\/\/lospoliticosveracruz.com\/#\/schema\/logo\/image\/","url":"https:\/\/lospoliticosveracruz.com\/wp-content\/uploads\/2025\/12\/Logo-Nuevo-LOS-POLITICOS-1.jpg","contentUrl":"https:\/\/lospoliticosveracruz.com\/wp-content\/uploads\/2025\/12\/Logo-Nuevo-LOS-POLITICOS-1.jpg","width":260,"height":70,"caption":"Los pol\u00edticos Veracruz"},"image":{"@id":"https:\/\/lospoliticosveracruz.com\/#\/schema\/logo\/image\/"},"sameAs":["https:\/\/www.facebook.com\/people\/Notimemes-de-los-Polticos\/61565672886568\/","https:\/\/x.com\/LosPoliticosVer"]},{"@type":"Person","@id":"https:\/\/lospoliticosveracruz.com\/#\/schema\/person\/b8702bb0e538456e6efd07080bf2a4a2","name":"Lo viste en Los Pol\u00edticos","image":{"@type":"ImageObject","inLanguage":"es","@id":"https:\/\/secure.gravatar.com\/avatar\/3a8de04a2656d44082be478bd6c086daa447c4651605818287b9532d3d0bd435?s=96&d=mm&r=g","url":"https:\/\/secure.gravatar.com\/avatar\/3a8de04a2656d44082be478bd6c086daa447c4651605818287b9532d3d0bd435?s=96&d=mm&r=g","contentUrl":"https:\/\/secure.gravatar.com\/avatar\/3a8de04a2656d44082be478bd6c086daa447c4651605818287b9532d3d0bd435?s=96&d=mm&r=g","caption":"Lo viste en Los Pol\u00edticos"},"url":"https:\/\/lospoliticosveracruz.com\/?author=2"}]}},"_links":{"self":[{"href":"https:\/\/lospoliticosveracruz.com\/index.php?rest_route=\/wp\/v2\/posts\/21428","targetHints":{"allow":["GET"]}}],"collection":[{"href":"https:\/\/lospoliticosveracruz.com\/index.php?rest_route=\/wp\/v2\/posts"}],"about":[{"href":"https:\/\/lospoliticosveracruz.com\/index.php?rest_route=\/wp\/v2\/types\/post"}],"author":[{"embeddable":true,"href":"https:\/\/lospoliticosveracruz.com\/index.php?rest_route=\/wp\/v2\/users\/2"}],"replies":[{"embeddable":true,"href":"https:\/\/lospoliticosveracruz.com\/index.php?rest_route=%2Fwp%2Fv2%2Fcomments&post=21428"}],"version-history":[{"count":1,"href":"https:\/\/lospoliticosveracruz.com\/index.php?rest_route=\/wp\/v2\/posts\/21428\/revisions"}],"predecessor-version":[{"id":21429,"href":"https:\/\/lospoliticosveracruz.com\/index.php?rest_route=\/wp\/v2\/posts\/21428\/revisions\/21429"}],"wp:attachment":[{"href":"https:\/\/lospoliticosveracruz.com\/index.php?rest_route=%2Fwp%2Fv2%2Fmedia&parent=21428"}],"wp:term":[{"taxonomy":"category","embeddable":true,"href":"https:\/\/lospoliticosveracruz.com\/index.php?rest_route=%2Fwp%2Fv2%2Fcategories&post=21428"},{"taxonomy":"post_tag","embeddable":true,"href":"https:\/\/lospoliticosveracruz.com\/index.php?rest_route=%2Fwp%2Fv2%2Ftags&post=21428"}],"curies":[{"name":"wp","href":"https:\/\/api.w.org\/{rel}","templated":true}]}}