{"id":21430,"date":"2016-02-23T22:56:09","date_gmt":"2016-02-24T04:56:09","guid":{"rendered":"http:\/\/www.lospoliticosveracruz.com.mx\/?p=21430"},"modified":"2016-02-23T22:56:09","modified_gmt":"2016-02-24T04:56:09","slug":"que-hacer-con-duarte","status":"publish","type":"post","link":"https:\/\/lospoliticosveracruz.com\/?p=21430","title":{"rendered":"\u00bfQu\u00e9 hacer con Duarte?"},"content":{"rendered":"<p><a href=\"http:\/\/www.lospoliticosveracruz.com.mx\/wp-content\/uploads\/2016\/02\/Javier-Duarte.jpg\"><img loading=\"lazy\" decoding=\"async\" class=\"alignnone size-medium wp-image-21432\" src=\"http:\/\/www.lospoliticosveracruz.com.mx\/wp-content\/uploads\/2016\/02\/Javier-Duarte-300x203.jpg\" alt=\"Javier Duarte\" width=\"300\" height=\"203\" \/><\/a><\/p>\n<p><strong>Salvador Mu\u00f1oz<\/strong><\/p>\n<p><em>Los Pol\u00edticos<\/em><\/p>\n<p>Manlio Fabio Beltrones es valiente con Duarte de Ochoa, pero omiso con el caso Humberto Moreira. Ambos temas deben ser tratados en su justa dimensi\u00f3n aunque a uno se le se\u00f1ale de desv\u00edo de recursos; y el otro \u00a1hasta haya pisado la c\u00e1rcel! espa\u00f1ola, pero c\u00e1rcel.<br \/>\nTodo esto, tras el en\u00e9simo rumor de que Javier Duarte dejar\u00eda la administraci\u00f3n estatal, que cundi\u00f3 no s\u00f3lo a nivel estatal, sino a nivel nacional, siendo el columnista Jos\u00e9 Ure\u00f1a (El Universal) quien alborotara el avispero cuando en su art\u00edculo de ayer, dice que \u201cse ech\u00f3 a andar la maquinaria para destituir al Javier Duarte de Ochoa\u201d, cosa que por la tarde sazon\u00f3 el mismo dirigente del PRI nacional, Manlio Fabio Beltrones.<br \/>\nII<br \/>\nLa avalancha contra Duarte de Ochoa, dicen, es para orillarlo a \u201crenunciar\u201d al cargo que ostenta. No lo creo. Solicitar \u201cLicencia\u201d (con el cl\u00e1sico \u201cmotivos de salud\u201d o simplemente por \u201ctiempo indefinido\u201d) no resuelve algo ni calma las ansias de Fuente Ovejuna que vive un amplio sector de la poblaci\u00f3n que poco a poco, algunos con justificaci\u00f3n, otros envueltos en la din\u00e1mica medi\u00e1tica, ya van tambi\u00e9n en la avalancha\u2026 la \u201clicencia\u201d, en pocas palabras, ser\u00eda dejarlo ir vivo.<br \/>\nEl asunto tiene que ser de otro modo y al menos por la noche, en el Senado, los panistas ya le estaban tendiendo la cama, despu\u00e9s de que se turn\u00f3 un punto de acuerdo del Grupo Parlamentario del PAN, para solicitar juicio pol\u00edtico al gobernador, Javier Duarte de Ochoa y de pasadita, la petici\u00f3n para que la PGR investigue las denuncias presentadas por la ASF durante 2014 y 2015 en contra de diversos funcionarios y ex funcionarios de Veracruz, por su probable responsabilidad en el desv\u00edo de recursos p\u00fablicos federales.<br \/>\nLa posici\u00f3n panista es cre\u00edble\u2026 aunque tambi\u00e9n medi\u00e1tica.<br \/>\nIII<br \/>\nSe dice que para proceder al Juicio Pol\u00edtico, se tiene que presentar una denuncia apoyada en pruebas documentales o elementos probatorios para establecer la existencia de alg\u00fan delito, y estar en condiciones de presumir responsabilidad en el denunciado.<br \/>\nSi nos apoyamos en las palabras de Juan Manuel Portal, quien encontr\u00f3 desv\u00edo de recursos, el cauce l\u00f3gico es que \u00e9l debe proceder ante las instancias correspondientes para que se act\u00fae entonces contra el Gobernador, en primera instancia, como responsable, o m\u00e1s bien \u201cirresponsable\u201d, as\u00ed como contra los funcionarios y ex funcionarios que, es seguro, muchos de ellos gocen en este momento de fuero y otros, ya se vean como candidatos a diputados locales.<br \/>\nLuego entonces, \u00bfno es m\u00e1s r\u00e1pido que se act\u00fae con el trabajo del Auditor Superior de la Federaci\u00f3n que con el punto de acuerdo del PAN en el Senado?<br \/>\nIV<br \/>\nS\u00ed, el caso que envuelve a Javier Duarte de Ochoa, ara\u00f1a tintes legales como pol\u00edticos y hasta electorales.<br \/>\nEl asunto para el Gobernador de Veracruz es, como se citaba al principio, c\u00f3mo tasarlo, y de ello dependen mucho las circunstancias pol\u00edticas y electorales.<br \/>\nVeamos dos ejemplos: El caso de los viejitos que eran vistos como Oro Molido por funcionarios y priistas veracruzanos\u2026 ellos fueron \u201clos ladrones de elecciones\u201d. Se mezclaban los tres elementos citados arriba: legal, electoral y pol\u00edtico\u2026 \u00bfY qu\u00e9 pas\u00f3? pesaron m\u00e1s los dos \u00faltimos y hoy, el creador del \u201cOro Molido\u201d es delegado de Banobras. Lo que pasa es que teniendo pocos d\u00edas de haber nacido el Pacto por M\u00e9xico, a Pe\u00f1a Nieto no le conven\u00eda un esc\u00e1ndalo may\u00fasculo\u2026 \u00a1y se ech\u00f3 tierra al asunto!<br \/>\nEl otro caso es el de Humberto Moreira y la deuda de 36 mil millones de pesos que, primero, se logr\u00f3 con documentaci\u00f3n falsa y despu\u00e9s, se ocult\u00f3. Es decir: hasta el momento, nadie sabe (o todo mundo sabe) a d\u00f3nde fueron a parar esos millones\u2026 igual: legal, pol\u00edtico y electoral.<br \/>\nHumberto Moreira fue el dirigente del PRI nacional que llev\u00f3 al triunfo a Enrique Pe\u00f1a Nieto. \u00bfPara qu\u00e9 revolver las aguas?<br \/>\nEn el caso de Duarte de Ochoa, se mantiene la triada. Manlio Fabio ya hizo su primer movimiento, aunque el PAN le comi\u00f3 sus peones con su punto de acuerdo y los medios (redes, impresos y electr\u00f3nicos), tambi\u00e9n colocan sus piezas junto con una sociedad tipo Fuente Ovejuna correteando a un \u201cComendador\u201d.<br \/>\nPero, cu\u00e1l es el inter\u00e9s que mueve a cada grupo por la salida de Javier Duarte:<br \/>\nV<br \/>\nEn Manlio Fabio, el inter\u00e9s se concentrar\u00eda quiz\u00e1s en que una posible derrota en Veracruz ser\u00eda su derrota. M\u00e1cula inmensa para su ego y su trayectoria. \u00a1Ah! Y perder\u00eda su compadre. As\u00ed que tiene que ganar.<br \/>\nEn los panistas, teniendo a Fernando Yunes M\u00e1rquez en el Senado, abonar terreno para el precandidato de la alianza PAN-PRD.<br \/>\nPara los medios, bien cabe aqu\u00ed, una divisi\u00f3n: Para unos, los que siempre mantuvieron una l\u00ednea contra el Gobierno duartista, un triunfo; para quienes disfrutaron de las vacas gordas sin pensar que habr\u00eda flacas, una especie de revancha, como si el responsable de que les hayan recortado o quitado los millonarios convenios fuera el Gobernador\u2026 para la sociedad en general, aqu\u00e9lla que sigue de cerca esta telenovela, una especie de justicia, razonada o no, que se disfruta cuando el poderoso cae.<br \/>\nY quiz\u00e1s el m\u00e1s triste de los intereses: el de los priistas veracruzanos que ven esperanzados que la salida de Duarte de Ochoa ayude a su candidato a obtener el triunfo.<br \/>\nRealmente no creo que Javier Duarte de Ochoa pida licencia, porque de ser ciertas todas las imputaciones que a \u00e9l se le hacen, su salida ser\u00eda una recompensa. Ahora, si hay delito que perseguir, creo que en el Altiplano a\u00fan sopesan qu\u00e9 tanto, pol\u00edtica y electoralmente, les puede beneficiar entambar a Duarte\u2026 digo, si con Moreira Valdez no pas\u00f3 nada, ni con el Oro Molido tampoco\u2026 \u00bfser\u00e1 tiempo de que pase algo?<\/p>\n<p>smcainito@gmail.com<\/p>\n","protected":false},"excerpt":{"rendered":"<p>Salvador Mu\u00f1oz Los Pol\u00edticos Manlio Fabio Beltrones es valiente con Duarte de Ochoa, pero omiso con el caso Humberto Moreira. Ambos temas deben ser tratados en su justa dimensi\u00f3n aunque a uno se le se\u00f1ale de desv\u00edo de recursos; y el otro \u00a1hasta haya pisado la c\u00e1rcel! espa\u00f1ola, pero c\u00e1rcel. Todo esto, tras el en\u00e9simo [&hellip;]<\/p>\n","protected":false},"author":2,"featured_media":0,"comment_status":"open","ping_status":"open","sticky":false,"template":"","format":"standard","meta":{"tdm_status":"","tdm_grid_status":"","footnotes":""},"categories":[70],"tags":[4599,260,4902,4889,4903,4904,617],"class_list":{"0":"post-21430","1":"post","2":"type-post","3":"status-publish","4":"format-standard","6":"category-de-opinion","7":"tag-humberto-moreira","8":"tag-javier-duarte-de-ochoa","9":"tag-jose-urena","10":"tag-juan-manuel-portal","11":"tag-juicio-politico","12":"tag-licencia","13":"tag-manlio-fabio-beltrones"},"yoast_head":"<!-- This site is optimized with the Yoast SEO plugin v27.4 - https:\/\/yoast.com\/product\/yoast-seo-wordpress\/ -->\n<title>\u00bfQu\u00e9 hacer con Duarte? - Los pol\u00edticos Veracruz<\/title>\n<meta name=\"robots\" content=\"index, follow, max-snippet:-1, max-image-preview:large, max-video-preview:-1\" \/>\n<link rel=\"canonical\" href=\"https:\/\/lospoliticosveracruz.com\/?p=21430\" \/>\n<meta property=\"og:locale\" content=\"es_ES\" \/>\n<meta property=\"og:type\" content=\"article\" \/>\n<meta property=\"og:title\" content=\"\u00bfQu\u00e9 hacer con Duarte? - Los pol\u00edticos Veracruz\" \/>\n<meta property=\"og:description\" content=\"Salvador Mu\u00f1oz Los Pol\u00edticos Manlio Fabio Beltrones es valiente con Duarte de Ochoa, pero omiso con el caso Humberto Moreira. Ambos temas deben ser tratados en su justa dimensi\u00f3n aunque a uno se le se\u00f1ale de desv\u00edo de recursos; y el otro \u00a1hasta haya pisado la c\u00e1rcel! espa\u00f1ola, pero c\u00e1rcel. Todo esto, tras el en\u00e9simo [&hellip;]\" \/>\n<meta property=\"og:url\" content=\"https:\/\/lospoliticosveracruz.com\/?p=21430\" \/>\n<meta property=\"og:site_name\" content=\"Los pol\u00edticos Veracruz\" \/>\n<meta property=\"article:publisher\" content=\"https:\/\/www.facebook.com\/people\/Notimemes-de-los-Polticos\/61565672886568\/\" \/>\n<meta property=\"article:published_time\" content=\"2016-02-24T04:56:09+00:00\" \/>\n<meta property=\"og:image\" content=\"http:\/\/www.lospoliticosveracruz.com.mx\/wp-content\/uploads\/2016\/02\/Javier-Duarte-300x203.jpg\" \/>\n<meta name=\"author\" content=\"Lo viste en Los Pol\u00edticos\" \/>\n<meta name=\"twitter:card\" content=\"summary_large_image\" \/>\n<meta name=\"twitter:creator\" content=\"@LosPoliticosVer\" \/>\n<meta name=\"twitter:site\" content=\"@LosPoliticosVer\" \/>\n<meta name=\"twitter:label1\" content=\"Escrito por\" \/>\n\t<meta name=\"twitter:data1\" content=\"Lo viste en Los Pol\u00edticos\" \/>\n\t<meta name=\"twitter:label2\" content=\"Tiempo de lectura\" \/>\n\t<meta name=\"twitter:data2\" content=\"5 minutos\" \/>\n<script type=\"application\/ld+json\" class=\"yoast-schema-graph\">{\"@context\":\"https:\\\/\\\/schema.org\",\"@graph\":[{\"@type\":\"Article\",\"@id\":\"https:\\\/\\\/lospoliticosveracruz.com\\\/?p=21430#article\",\"isPartOf\":{\"@id\":\"https:\\\/\\\/lospoliticosveracruz.com\\\/?p=21430\"},\"author\":{\"name\":\"Lo viste en Los Pol\u00edticos\",\"@id\":\"https:\\\/\\\/lospoliticosveracruz.com\\\/#\\\/schema\\\/person\\\/b8702bb0e538456e6efd07080bf2a4a2\"},\"headline\":\"\u00bfQu\u00e9 hacer con Duarte?\",\"datePublished\":\"2016-02-24T04:56:09+00:00\",\"mainEntityOfPage\":{\"@id\":\"https:\\\/\\\/lospoliticosveracruz.com\\\/?p=21430\"},\"wordCount\":1032,\"commentCount\":0,\"publisher\":{\"@id\":\"https:\\\/\\\/lospoliticosveracruz.com\\\/#organization\"},\"image\":{\"@id\":\"https:\\\/\\\/lospoliticosveracruz.com\\\/?p=21430#primaryimage\"},\"thumbnailUrl\":\"http:\\\/\\\/www.lospoliticosveracruz.com.mx\\\/wp-content\\\/uploads\\\/2016\\\/02\\\/Javier-Duarte-300x203.jpg\",\"keywords\":[\"Humberto Moreira\",\"Javier Duarte de Ochoa\",\"Jos\u00e9 Ure\u00f1a\",\"Juan Manuel Portal\",\"Juicio Pol\u00edtico\",\"licencia\",\"Manlio Fabio Beltrones\"],\"articleSection\":[\"De Opini\u00f3n\"],\"inLanguage\":\"es\",\"potentialAction\":[{\"@type\":\"CommentAction\",\"name\":\"Comment\",\"target\":[\"https:\\\/\\\/lospoliticosveracruz.com\\\/?p=21430#respond\"]}]},{\"@type\":\"WebPage\",\"@id\":\"https:\\\/\\\/lospoliticosveracruz.com\\\/?p=21430\",\"url\":\"https:\\\/\\\/lospoliticosveracruz.com\\\/?p=21430\",\"name\":\"\u00bfQu\u00e9 hacer con Duarte? - Los pol\u00edticos Veracruz\",\"isPartOf\":{\"@id\":\"https:\\\/\\\/lospoliticosveracruz.com\\\/#website\"},\"primaryImageOfPage\":{\"@id\":\"https:\\\/\\\/lospoliticosveracruz.com\\\/?p=21430#primaryimage\"},\"image\":{\"@id\":\"https:\\\/\\\/lospoliticosveracruz.com\\\/?p=21430#primaryimage\"},\"thumbnailUrl\":\"http:\\\/\\\/www.lospoliticosveracruz.com.mx\\\/wp-content\\\/uploads\\\/2016\\\/02\\\/Javier-Duarte-300x203.jpg\",\"datePublished\":\"2016-02-24T04:56:09+00:00\",\"breadcrumb\":{\"@id\":\"https:\\\/\\\/lospoliticosveracruz.com\\\/?p=21430#breadcrumb\"},\"inLanguage\":\"es\",\"potentialAction\":[{\"@type\":\"ReadAction\",\"target\":[\"https:\\\/\\\/lospoliticosveracruz.com\\\/?p=21430\"]}]},{\"@type\":\"ImageObject\",\"inLanguage\":\"es\",\"@id\":\"https:\\\/\\\/lospoliticosveracruz.com\\\/?p=21430#primaryimage\",\"url\":\"http:\\\/\\\/www.lospoliticosveracruz.com.mx\\\/wp-content\\\/uploads\\\/2016\\\/02\\\/Javier-Duarte-300x203.jpg\",\"contentUrl\":\"http:\\\/\\\/www.lospoliticosveracruz.com.mx\\\/wp-content\\\/uploads\\\/2016\\\/02\\\/Javier-Duarte-300x203.jpg\"},{\"@type\":\"BreadcrumbList\",\"@id\":\"https:\\\/\\\/lospoliticosveracruz.com\\\/?p=21430#breadcrumb\",\"itemListElement\":[{\"@type\":\"ListItem\",\"position\":1,\"name\":\"Portada\",\"item\":\"https:\\\/\\\/lospoliticosveracruz.com\\\/\"},{\"@type\":\"ListItem\",\"position\":2,\"name\":\"\u00bfQu\u00e9 hacer con Duarte?\"}]},{\"@type\":\"WebSite\",\"@id\":\"https:\\\/\\\/lospoliticosveracruz.com\\\/#website\",\"url\":\"https:\\\/\\\/lospoliticosveracruz.com\\\/\",\"name\":\"Los pol\u00edticos Veracruz\",\"description\":\"\",\"publisher\":{\"@id\":\"https:\\\/\\\/lospoliticosveracruz.com\\\/#organization\"},\"potentialAction\":[{\"@type\":\"SearchAction\",\"target\":{\"@type\":\"EntryPoint\",\"urlTemplate\":\"https:\\\/\\\/lospoliticosveracruz.com\\\/?s={search_term_string}\"},\"query-input\":{\"@type\":\"PropertyValueSpecification\",\"valueRequired\":true,\"valueName\":\"search_term_string\"}}],\"inLanguage\":\"es\"},{\"@type\":\"Organization\",\"@id\":\"https:\\\/\\\/lospoliticosveracruz.com\\\/#organization\",\"name\":\"Los pol\u00edticos Veracruz\",\"url\":\"https:\\\/\\\/lospoliticosveracruz.com\\\/\",\"logo\":{\"@type\":\"ImageObject\",\"inLanguage\":\"es\",\"@id\":\"https:\\\/\\\/lospoliticosveracruz.com\\\/#\\\/schema\\\/logo\\\/image\\\/\",\"url\":\"https:\\\/\\\/lospoliticosveracruz.com\\\/wp-content\\\/uploads\\\/2025\\\/12\\\/Logo-Nuevo-LOS-POLITICOS-1.jpg\",\"contentUrl\":\"https:\\\/\\\/lospoliticosveracruz.com\\\/wp-content\\\/uploads\\\/2025\\\/12\\\/Logo-Nuevo-LOS-POLITICOS-1.jpg\",\"width\":260,\"height\":70,\"caption\":\"Los pol\u00edticos Veracruz\"},\"image\":{\"@id\":\"https:\\\/\\\/lospoliticosveracruz.com\\\/#\\\/schema\\\/logo\\\/image\\\/\"},\"sameAs\":[\"https:\\\/\\\/www.facebook.com\\\/people\\\/Notimemes-de-los-Polticos\\\/61565672886568\\\/\",\"https:\\\/\\\/x.com\\\/LosPoliticosVer\"]},{\"@type\":\"Person\",\"@id\":\"https:\\\/\\\/lospoliticosveracruz.com\\\/#\\\/schema\\\/person\\\/b8702bb0e538456e6efd07080bf2a4a2\",\"name\":\"Lo viste en Los Pol\u00edticos\",\"image\":{\"@type\":\"ImageObject\",\"inLanguage\":\"es\",\"@id\":\"https:\\\/\\\/secure.gravatar.com\\\/avatar\\\/3a8de04a2656d44082be478bd6c086daa447c4651605818287b9532d3d0bd435?s=96&d=mm&r=g\",\"url\":\"https:\\\/\\\/secure.gravatar.com\\\/avatar\\\/3a8de04a2656d44082be478bd6c086daa447c4651605818287b9532d3d0bd435?s=96&d=mm&r=g\",\"contentUrl\":\"https:\\\/\\\/secure.gravatar.com\\\/avatar\\\/3a8de04a2656d44082be478bd6c086daa447c4651605818287b9532d3d0bd435?s=96&d=mm&r=g\",\"caption\":\"Lo viste en Los Pol\u00edticos\"},\"url\":\"https:\\\/\\\/lospoliticosveracruz.com\\\/?author=2\"}]}<\/script>\n<!-- \/ Yoast SEO plugin. -->","yoast_head_json":{"title":"\u00bfQu\u00e9 hacer con Duarte? - Los pol\u00edticos Veracruz","robots":{"index":"index","follow":"follow","max-snippet":"max-snippet:-1","max-image-preview":"max-image-preview:large","max-video-preview":"max-video-preview:-1"},"canonical":"https:\/\/lospoliticosveracruz.com\/?p=21430","og_locale":"es_ES","og_type":"article","og_title":"\u00bfQu\u00e9 hacer con Duarte? - Los pol\u00edticos Veracruz","og_description":"Salvador Mu\u00f1oz Los Pol\u00edticos Manlio Fabio Beltrones es valiente con Duarte de Ochoa, pero omiso con el caso Humberto Moreira. Ambos temas deben ser tratados en su justa dimensi\u00f3n aunque a uno se le se\u00f1ale de desv\u00edo de recursos; y el otro \u00a1hasta haya pisado la c\u00e1rcel! espa\u00f1ola, pero c\u00e1rcel. Todo esto, tras el en\u00e9simo [&hellip;]","og_url":"https:\/\/lospoliticosveracruz.com\/?p=21430","og_site_name":"Los pol\u00edticos Veracruz","article_publisher":"https:\/\/www.facebook.com\/people\/Notimemes-de-los-Polticos\/61565672886568\/","article_published_time":"2016-02-24T04:56:09+00:00","og_image":[{"url":"http:\/\/www.lospoliticosveracruz.com.mx\/wp-content\/uploads\/2016\/02\/Javier-Duarte-300x203.jpg","type":"","width":"","height":""}],"author":"Lo viste en Los Pol\u00edticos","twitter_card":"summary_large_image","twitter_creator":"@LosPoliticosVer","twitter_site":"@LosPoliticosVer","twitter_misc":{"Escrito por":"Lo viste en Los Pol\u00edticos","Tiempo de lectura":"5 minutos"},"schema":{"@context":"https:\/\/schema.org","@graph":[{"@type":"Article","@id":"https:\/\/lospoliticosveracruz.com\/?p=21430#article","isPartOf":{"@id":"https:\/\/lospoliticosveracruz.com\/?p=21430"},"author":{"name":"Lo viste en Los Pol\u00edticos","@id":"https:\/\/lospoliticosveracruz.com\/#\/schema\/person\/b8702bb0e538456e6efd07080bf2a4a2"},"headline":"\u00bfQu\u00e9 hacer con Duarte?","datePublished":"2016-02-24T04:56:09+00:00","mainEntityOfPage":{"@id":"https:\/\/lospoliticosveracruz.com\/?p=21430"},"wordCount":1032,"commentCount":0,"publisher":{"@id":"https:\/\/lospoliticosveracruz.com\/#organization"},"image":{"@id":"https:\/\/lospoliticosveracruz.com\/?p=21430#primaryimage"},"thumbnailUrl":"http:\/\/www.lospoliticosveracruz.com.mx\/wp-content\/uploads\/2016\/02\/Javier-Duarte-300x203.jpg","keywords":["Humberto Moreira","Javier Duarte de Ochoa","Jos\u00e9 Ure\u00f1a","Juan Manuel Portal","Juicio Pol\u00edtico","licencia","Manlio Fabio Beltrones"],"articleSection":["De Opini\u00f3n"],"inLanguage":"es","potentialAction":[{"@type":"CommentAction","name":"Comment","target":["https:\/\/lospoliticosveracruz.com\/?p=21430#respond"]}]},{"@type":"WebPage","@id":"https:\/\/lospoliticosveracruz.com\/?p=21430","url":"https:\/\/lospoliticosveracruz.com\/?p=21430","name":"\u00bfQu\u00e9 hacer con Duarte? - Los pol\u00edticos Veracruz","isPartOf":{"@id":"https:\/\/lospoliticosveracruz.com\/#website"},"primaryImageOfPage":{"@id":"https:\/\/lospoliticosveracruz.com\/?p=21430#primaryimage"},"image":{"@id":"https:\/\/lospoliticosveracruz.com\/?p=21430#primaryimage"},"thumbnailUrl":"http:\/\/www.lospoliticosveracruz.com.mx\/wp-content\/uploads\/2016\/02\/Javier-Duarte-300x203.jpg","datePublished":"2016-02-24T04:56:09+00:00","breadcrumb":{"@id":"https:\/\/lospoliticosveracruz.com\/?p=21430#breadcrumb"},"inLanguage":"es","potentialAction":[{"@type":"ReadAction","target":["https:\/\/lospoliticosveracruz.com\/?p=21430"]}]},{"@type":"ImageObject","inLanguage":"es","@id":"https:\/\/lospoliticosveracruz.com\/?p=21430#primaryimage","url":"http:\/\/www.lospoliticosveracruz.com.mx\/wp-content\/uploads\/2016\/02\/Javier-Duarte-300x203.jpg","contentUrl":"http:\/\/www.lospoliticosveracruz.com.mx\/wp-content\/uploads\/2016\/02\/Javier-Duarte-300x203.jpg"},{"@type":"BreadcrumbList","@id":"https:\/\/lospoliticosveracruz.com\/?p=21430#breadcrumb","itemListElement":[{"@type":"ListItem","position":1,"name":"Portada","item":"https:\/\/lospoliticosveracruz.com\/"},{"@type":"ListItem","position":2,"name":"\u00bfQu\u00e9 hacer con Duarte?"}]},{"@type":"WebSite","@id":"https:\/\/lospoliticosveracruz.com\/#website","url":"https:\/\/lospoliticosveracruz.com\/","name":"Los pol\u00edticos Veracruz","description":"","publisher":{"@id":"https:\/\/lospoliticosveracruz.com\/#organization"},"potentialAction":[{"@type":"SearchAction","target":{"@type":"EntryPoint","urlTemplate":"https:\/\/lospoliticosveracruz.com\/?s={search_term_string}"},"query-input":{"@type":"PropertyValueSpecification","valueRequired":true,"valueName":"search_term_string"}}],"inLanguage":"es"},{"@type":"Organization","@id":"https:\/\/lospoliticosveracruz.com\/#organization","name":"Los pol\u00edticos Veracruz","url":"https:\/\/lospoliticosveracruz.com\/","logo":{"@type":"ImageObject","inLanguage":"es","@id":"https:\/\/lospoliticosveracruz.com\/#\/schema\/logo\/image\/","url":"https:\/\/lospoliticosveracruz.com\/wp-content\/uploads\/2025\/12\/Logo-Nuevo-LOS-POLITICOS-1.jpg","contentUrl":"https:\/\/lospoliticosveracruz.com\/wp-content\/uploads\/2025\/12\/Logo-Nuevo-LOS-POLITICOS-1.jpg","width":260,"height":70,"caption":"Los pol\u00edticos Veracruz"},"image":{"@id":"https:\/\/lospoliticosveracruz.com\/#\/schema\/logo\/image\/"},"sameAs":["https:\/\/www.facebook.com\/people\/Notimemes-de-los-Polticos\/61565672886568\/","https:\/\/x.com\/LosPoliticosVer"]},{"@type":"Person","@id":"https:\/\/lospoliticosveracruz.com\/#\/schema\/person\/b8702bb0e538456e6efd07080bf2a4a2","name":"Lo viste en Los Pol\u00edticos","image":{"@type":"ImageObject","inLanguage":"es","@id":"https:\/\/secure.gravatar.com\/avatar\/3a8de04a2656d44082be478bd6c086daa447c4651605818287b9532d3d0bd435?s=96&d=mm&r=g","url":"https:\/\/secure.gravatar.com\/avatar\/3a8de04a2656d44082be478bd6c086daa447c4651605818287b9532d3d0bd435?s=96&d=mm&r=g","contentUrl":"https:\/\/secure.gravatar.com\/avatar\/3a8de04a2656d44082be478bd6c086daa447c4651605818287b9532d3d0bd435?s=96&d=mm&r=g","caption":"Lo viste en Los Pol\u00edticos"},"url":"https:\/\/lospoliticosveracruz.com\/?author=2"}]}},"_links":{"self":[{"href":"https:\/\/lospoliticosveracruz.com\/index.php?rest_route=\/wp\/v2\/posts\/21430","targetHints":{"allow":["GET"]}}],"collection":[{"href":"https:\/\/lospoliticosveracruz.com\/index.php?rest_route=\/wp\/v2\/posts"}],"about":[{"href":"https:\/\/lospoliticosveracruz.com\/index.php?rest_route=\/wp\/v2\/types\/post"}],"author":[{"embeddable":true,"href":"https:\/\/lospoliticosveracruz.com\/index.php?rest_route=\/wp\/v2\/users\/2"}],"replies":[{"embeddable":true,"href":"https:\/\/lospoliticosveracruz.com\/index.php?rest_route=%2Fwp%2Fv2%2Fcomments&post=21430"}],"version-history":[{"count":2,"href":"https:\/\/lospoliticosveracruz.com\/index.php?rest_route=\/wp\/v2\/posts\/21430\/revisions"}],"predecessor-version":[{"id":21433,"href":"https:\/\/lospoliticosveracruz.com\/index.php?rest_route=\/wp\/v2\/posts\/21430\/revisions\/21433"}],"wp:attachment":[{"href":"https:\/\/lospoliticosveracruz.com\/index.php?rest_route=%2Fwp%2Fv2%2Fmedia&parent=21430"}],"wp:term":[{"taxonomy":"category","embeddable":true,"href":"https:\/\/lospoliticosveracruz.com\/index.php?rest_route=%2Fwp%2Fv2%2Fcategories&post=21430"},{"taxonomy":"post_tag","embeddable":true,"href":"https:\/\/lospoliticosveracruz.com\/index.php?rest_route=%2Fwp%2Fv2%2Ftags&post=21430"}],"curies":[{"name":"wp","href":"https:\/\/api.w.org\/{rel}","templated":true}]}}