{"id":21434,"date":"2016-02-24T09:07:15","date_gmt":"2016-02-24T15:07:15","guid":{"rendered":"http:\/\/www.lospoliticosveracruz.com.mx\/?p=21434"},"modified":"2016-02-24T09:07:15","modified_gmt":"2016-02-24T15:07:15","slug":"viene-manlio","status":"publish","type":"post","link":"https:\/\/lospoliticosveracruz.com\/?p=21434","title":{"rendered":"Viene Manlio"},"content":{"rendered":"<p><a href=\"http:\/\/www.lospoliticosveracruz.com.mx\/wp-content\/uploads\/2015\/07\/H\u00e9ctor-Yunes-Javier-Duarte-Manlio-Fabio-Beltrones.jpg\"><img loading=\"lazy\" decoding=\"async\" class=\"alignnone size-medium wp-image-16915\" src=\"http:\/\/www.lospoliticosveracruz.com.mx\/wp-content\/uploads\/2015\/07\/H\u00e9ctor-Yunes-Javier-Duarte-Manlio-Fabio-Beltrones-300x200.jpg\" alt=\"H\u00e9ctor Yunes Javier Duarte Manlio Fabio Beltrones\" width=\"300\" height=\"200\" \/><\/a><\/p>\n<p><strong>Jos\u00e9 Ortiz Medina<\/strong><\/p>\n<p><em>En Corto&#8230; sin Cortes<\/em><\/p>\n<p>El pr\u00f3ximo s\u00e1bado estar\u00e1 Manlio Fabio Beltrones, en el Puerto de Veracruz, para respaldar la precampa\u00f1a de su amigo H\u00e9ctor Yunes Landa. A las 11 de la ma\u00f1ana, el dirigente nacional del PRI estar\u00e1 en la sede municipal de ese instituto pol\u00edtico.<br \/>\nManlio viene en momentos muy dif\u00edciles de la precampa\u00f1a, tiempos aciagos en los que los misiles dirigidos al gobernador Javier Duarte de Ochoa, parecieran tener un da\u00f1o colateral en las actividades proselitistas del preabanderado de la alianza \u201cPara mejorar Veracruz\u201d.<br \/>\nY decimos parecieran porque a veces en pol\u00edtica no siempre lo que parece, es. Veamos: independientemente de la no buena imagen de la administraci\u00f3n estatal saliente, H\u00e9ctor Yunes Landa trae su propio empaque. \u00c9l trae un trabajo pol\u00edtico de no de ahora, sino de hace muchos a\u00f1os.<br \/>\nY esta sinergia no s\u00f3lo la trae H\u00e9ctor con la base priista sino con fuerzas pol\u00edticas diferentes a las del Revolucionario Institucional. A ver, lo explicamos m\u00e1s a detalle: cuando desde las esferas del poder le prohib\u00edan a los alcaldes de extracci\u00f3n priista recibir en sus municipalidades a Yunes Landa, \u00e9ste sol\u00eda buscar a actores pol\u00edticos de otras siglas, ya sea del PAN, PRD, PT, etc\u00e9tera. Y a estos l\u00edderes locales H\u00e9ctor les platicaba su proyecto. Los convenc\u00eda, los seduc\u00eda. Pues muchos de esos, ahora ya en esta etapa de precampa\u00f1a, le han ratificado su apoyo, su respaldo. Y eso que no incluimos el llamado \u201cvoto duro\u201d de las bases priistas y esa megaestructura llamada Alianza Generacional.<br \/>\nY si a esto agregamos que habr\u00e1 otros precandidatos de otros partidos o independientes que comulgar\u00e1n con el proyecto hectorista; y si sumamos el factor de que el voto opositor se va a atomizar entre MORENA y la alianza PAN-PRD; y si le a\u00f1adimos que Miguel \u00c1ngel Yunes Linares tiene muchos enemigos en Acci\u00f3n Nacional, en el mismo PRI, en el partido del sol azteca y en otros partidos.<br \/>\nEllo nos puede llevar a una elecci\u00f3n de tercios, en la que H\u00e9ctor, Miguel \u00c1ngel Yunes y el morenista Cuitl\u00e1huac Garc\u00eda terminen muy parejos, siendo tal vez el priista quien gane aunque sea por pocos votos.<br \/>\nAs\u00ed que el panorama que encontrar\u00e1 Manlio Fabio Beltrones no es tan desolador como algunos lo quieren ver. Es cierto, a Javier Duarte le ha llovido duro y tupido en su milpa, pero por otro lado H\u00e9ctor Yunes se ha sabido desmarcar a tiempo. Y para los enterados, H\u00e9ctor nunca fue ni es el candidato de Javier, as\u00ed que queda m\u00e1s que claro que son harina de dos costales distintos.<br \/>\nManlio viene el s\u00e1bado y viene a aceitar la maquinaria priista. Este viejo lobo de las estepas sonorenses no se puede dar el lujo de perder Veracruz, pues con ello le va su proyecto presidencial. Veracruz es clave para el 2018. Manlio es un lobo ya muy corrido, con el cuero muy curtido, con huellas y marcas en el pelaje, que hablan de las mil y un batallas en las que ha salido bien librado. En las elecciones extraordinarias de Colima todos daban por perdido al PRI, hasta que surgieron por ah\u00ed unos reveladores videos que le dieron la vuelta a la elecci\u00f3n. \u00bfQu\u00e9 as bajo la manga tendr\u00e1 Manlio en el caso Veracruz? Ya se ver\u00e1.<br \/>\nDe mientras, quien crea que en Veracruz ya se defini\u00f3 la elecci\u00f3n y que el precandidato de la coalici\u00f3n PAN-PRD lleva todas las de ganar, es que no sabe de pol\u00edtica.<br \/>\nA\u00fan falta que fluya mucha agua debajo del puente, y esto se acaba hasta que se acaba.<\/p>\n<p>DURO Y A LA CABEZA se le fue el presidente de la Comisi\u00f3n de Vigilancia del Congreso del Estado, Francisco Garrido S\u00e1nchez, al contralor Ricardo Garc\u00eda Guzm\u00e1n, a quien responsabiliz\u00f3 de los se\u00f1alamientos por irregularidades que ha hecho la Auditor\u00eda Superior de la Federaci\u00f3n al gobierno estatal. \u201c\u00bfQu\u00e9 est\u00e1 fallando? Est\u00e1 fallando la solventaci\u00f3n y es responsabilidad del Contralor, que se ha vuelto, adem\u00e1s, un irrespetuoso diciendo que yo no tengo las condiciones para estar al frente de la Comisi\u00f3n de Vigilancia. Lo que debe de hacer es ponerse a trabajar, \u00e9l que es tan experto en la materia y responderle a quien lo puso en el cargo para que resuelva lo que tiene pendiente\u201d, se\u00f1al\u00f3 el diputado Francisco Garrido. Y agreg\u00f3: \u201cen este momento es responsabilidad del Contralor poder solventar las cuentas p\u00fablicas. \u00c9l tiene el cargo, \u00e9l tiene la responsabilidad. Nosotros vamos a estar muy pendientes\u201d.<\/p>\n<p>EL PR\u00d3XIMO 16 de marzo, la Fundaci\u00f3n Agust\u00edn Lara, que preside Yolanda Santa Cruz Gasca viuda de Lara, entregar\u00e1 la medalla que lleva el nombre del m\u00fasico poeta al cantautor mexicano Juan Gabriel, en reconocimiento a sus 45 a\u00f1os de carrera art\u00edstica y por ser uno de los iconos de la m\u00fasica popular mexicana. El acto se celebrar\u00e1, a petici\u00f3n del mismo Juanga, en la Perla del Papaloapan, Tlacotalpan, tierra adoptiva de Agust\u00edn Lara, donde el compositor m\u00e1s importante de los \u00faltimos 40 a\u00f1os quiere a su vez rendir homenaje al creador de \u201cMar\u00eda Bonita\u201d, \u201cVeracruz\u201d y \u201cPiensa en m\u00ed\u201d. Una buena, entre tantas malas.<\/p>\n<p>SE QUEDE O SE VAYA es intrascendente mientras no se resuelva el desmadre financiero y la espantosa inseguridad.<\/p>\n","protected":false},"excerpt":{"rendered":"<p>Jos\u00e9 Ortiz Medina En Corto&#8230; sin Cortes El pr\u00f3ximo s\u00e1bado estar\u00e1 Manlio Fabio Beltrones, en el Puerto de Veracruz, para respaldar la precampa\u00f1a de su amigo H\u00e9ctor Yunes Landa. A las 11 de la ma\u00f1ana, el dirigente nacional del PRI estar\u00e1 en la sede municipal de ese instituto pol\u00edtico. Manlio viene en momentos muy dif\u00edciles [&hellip;]<\/p>\n","protected":false},"author":2,"featured_media":0,"comment_status":"open","ping_status":"open","sticky":false,"template":"","format":"standard","meta":{"tdm_status":"","tdm_grid_status":"","footnotes":""},"categories":[70],"tags":[348,617,195],"class_list":{"0":"post-21434","1":"post","2":"type-post","3":"status-publish","4":"format-standard","6":"category-de-opinion","7":"tag-hector-yunes-landa","8":"tag-manlio-fabio-beltrones","9":"tag-veracruz"},"yoast_head":"<!-- This site is optimized with the Yoast SEO plugin v27.4 - https:\/\/yoast.com\/product\/yoast-seo-wordpress\/ -->\n<title>Viene Manlio - Los pol\u00edticos Veracruz<\/title>\n<meta name=\"robots\" content=\"index, follow, max-snippet:-1, max-image-preview:large, max-video-preview:-1\" \/>\n<link rel=\"canonical\" href=\"https:\/\/lospoliticosveracruz.com\/?p=21434\" \/>\n<meta property=\"og:locale\" content=\"es_ES\" \/>\n<meta property=\"og:type\" content=\"article\" \/>\n<meta property=\"og:title\" content=\"Viene Manlio - Los pol\u00edticos Veracruz\" \/>\n<meta property=\"og:description\" content=\"Jos\u00e9 Ortiz Medina En Corto&#8230; sin Cortes El pr\u00f3ximo s\u00e1bado estar\u00e1 Manlio Fabio Beltrones, en el Puerto de Veracruz, para respaldar la precampa\u00f1a de su amigo H\u00e9ctor Yunes Landa. A las 11 de la ma\u00f1ana, el dirigente nacional del PRI estar\u00e1 en la sede municipal de ese instituto pol\u00edtico. Manlio viene en momentos muy dif\u00edciles [&hellip;]\" \/>\n<meta property=\"og:url\" content=\"https:\/\/lospoliticosveracruz.com\/?p=21434\" \/>\n<meta property=\"og:site_name\" content=\"Los pol\u00edticos Veracruz\" \/>\n<meta property=\"article:publisher\" content=\"https:\/\/www.facebook.com\/people\/Notimemes-de-los-Polticos\/61565672886568\/\" \/>\n<meta property=\"article:published_time\" content=\"2016-02-24T15:07:15+00:00\" \/>\n<meta property=\"og:image\" content=\"https:\/\/lospoliticosveracruz.com\/wp-content\/uploads\/2016\/07\/Logo-Dor.jpg\" \/>\n\t<meta property=\"og:image:width\" content=\"200\" \/>\n\t<meta property=\"og:image:height\" content=\"200\" \/>\n\t<meta property=\"og:image:type\" content=\"image\/jpeg\" \/>\n<meta name=\"author\" content=\"Lo viste en Los Pol\u00edticos\" \/>\n<meta name=\"twitter:card\" content=\"summary_large_image\" \/>\n<meta name=\"twitter:creator\" content=\"@LosPoliticosVer\" \/>\n<meta name=\"twitter:site\" content=\"@LosPoliticosVer\" \/>\n<meta name=\"twitter:label1\" content=\"Escrito por\" \/>\n\t<meta name=\"twitter:data1\" content=\"Lo viste en Los Pol\u00edticos\" \/>\n\t<meta name=\"twitter:label2\" content=\"Tiempo de lectura\" \/>\n\t<meta name=\"twitter:data2\" content=\"5 minutos\" \/>\n<script type=\"application\/ld+json\" class=\"yoast-schema-graph\">{\"@context\":\"https:\\\/\\\/schema.org\",\"@graph\":[{\"@type\":\"Article\",\"@id\":\"https:\\\/\\\/lospoliticosveracruz.com\\\/?p=21434#article\",\"isPartOf\":{\"@id\":\"https:\\\/\\\/lospoliticosveracruz.com\\\/?p=21434\"},\"author\":{\"name\":\"Lo viste en Los Pol\u00edticos\",\"@id\":\"https:\\\/\\\/lospoliticosveracruz.com\\\/#\\\/schema\\\/person\\\/b8702bb0e538456e6efd07080bf2a4a2\"},\"headline\":\"Viene Manlio\",\"datePublished\":\"2016-02-24T15:07:15+00:00\",\"mainEntityOfPage\":{\"@id\":\"https:\\\/\\\/lospoliticosveracruz.com\\\/?p=21434\"},\"wordCount\":929,\"commentCount\":0,\"publisher\":{\"@id\":\"https:\\\/\\\/lospoliticosveracruz.com\\\/#organization\"},\"keywords\":[\"H\u00e9ctor Yunes Landa\",\"Manlio Fabio Beltrones\",\"Veracruz\"],\"articleSection\":[\"De Opini\u00f3n\"],\"inLanguage\":\"es\",\"potentialAction\":[{\"@type\":\"CommentAction\",\"name\":\"Comment\",\"target\":[\"https:\\\/\\\/lospoliticosveracruz.com\\\/?p=21434#respond\"]}]},{\"@type\":\"WebPage\",\"@id\":\"https:\\\/\\\/lospoliticosveracruz.com\\\/?p=21434\",\"url\":\"https:\\\/\\\/lospoliticosveracruz.com\\\/?p=21434\",\"name\":\"Viene Manlio - Los pol\u00edticos Veracruz\",\"isPartOf\":{\"@id\":\"https:\\\/\\\/lospoliticosveracruz.com\\\/#website\"},\"datePublished\":\"2016-02-24T15:07:15+00:00\",\"breadcrumb\":{\"@id\":\"https:\\\/\\\/lospoliticosveracruz.com\\\/?p=21434#breadcrumb\"},\"inLanguage\":\"es\",\"potentialAction\":[{\"@type\":\"ReadAction\",\"target\":[\"https:\\\/\\\/lospoliticosveracruz.com\\\/?p=21434\"]}]},{\"@type\":\"BreadcrumbList\",\"@id\":\"https:\\\/\\\/lospoliticosveracruz.com\\\/?p=21434#breadcrumb\",\"itemListElement\":[{\"@type\":\"ListItem\",\"position\":1,\"name\":\"Portada\",\"item\":\"https:\\\/\\\/lospoliticosveracruz.com\\\/\"},{\"@type\":\"ListItem\",\"position\":2,\"name\":\"Viene Manlio\"}]},{\"@type\":\"WebSite\",\"@id\":\"https:\\\/\\\/lospoliticosveracruz.com\\\/#website\",\"url\":\"https:\\\/\\\/lospoliticosveracruz.com\\\/\",\"name\":\"Los pol\u00edticos Veracruz\",\"description\":\"\",\"publisher\":{\"@id\":\"https:\\\/\\\/lospoliticosveracruz.com\\\/#organization\"},\"potentialAction\":[{\"@type\":\"SearchAction\",\"target\":{\"@type\":\"EntryPoint\",\"urlTemplate\":\"https:\\\/\\\/lospoliticosveracruz.com\\\/?s={search_term_string}\"},\"query-input\":{\"@type\":\"PropertyValueSpecification\",\"valueRequired\":true,\"valueName\":\"search_term_string\"}}],\"inLanguage\":\"es\"},{\"@type\":\"Organization\",\"@id\":\"https:\\\/\\\/lospoliticosveracruz.com\\\/#organization\",\"name\":\"Los pol\u00edticos Veracruz\",\"url\":\"https:\\\/\\\/lospoliticosveracruz.com\\\/\",\"logo\":{\"@type\":\"ImageObject\",\"inLanguage\":\"es\",\"@id\":\"https:\\\/\\\/lospoliticosveracruz.com\\\/#\\\/schema\\\/logo\\\/image\\\/\",\"url\":\"https:\\\/\\\/lospoliticosveracruz.com\\\/wp-content\\\/uploads\\\/2025\\\/12\\\/Logo-Nuevo-LOS-POLITICOS-1.jpg\",\"contentUrl\":\"https:\\\/\\\/lospoliticosveracruz.com\\\/wp-content\\\/uploads\\\/2025\\\/12\\\/Logo-Nuevo-LOS-POLITICOS-1.jpg\",\"width\":260,\"height\":70,\"caption\":\"Los pol\u00edticos Veracruz\"},\"image\":{\"@id\":\"https:\\\/\\\/lospoliticosveracruz.com\\\/#\\\/schema\\\/logo\\\/image\\\/\"},\"sameAs\":[\"https:\\\/\\\/www.facebook.com\\\/people\\\/Notimemes-de-los-Polticos\\\/61565672886568\\\/\",\"https:\\\/\\\/x.com\\\/LosPoliticosVer\"]},{\"@type\":\"Person\",\"@id\":\"https:\\\/\\\/lospoliticosveracruz.com\\\/#\\\/schema\\\/person\\\/b8702bb0e538456e6efd07080bf2a4a2\",\"name\":\"Lo viste en Los Pol\u00edticos\",\"image\":{\"@type\":\"ImageObject\",\"inLanguage\":\"es\",\"@id\":\"https:\\\/\\\/secure.gravatar.com\\\/avatar\\\/3a8de04a2656d44082be478bd6c086daa447c4651605818287b9532d3d0bd435?s=96&d=mm&r=g\",\"url\":\"https:\\\/\\\/secure.gravatar.com\\\/avatar\\\/3a8de04a2656d44082be478bd6c086daa447c4651605818287b9532d3d0bd435?s=96&d=mm&r=g\",\"contentUrl\":\"https:\\\/\\\/secure.gravatar.com\\\/avatar\\\/3a8de04a2656d44082be478bd6c086daa447c4651605818287b9532d3d0bd435?s=96&d=mm&r=g\",\"caption\":\"Lo viste en Los Pol\u00edticos\"},\"url\":\"https:\\\/\\\/lospoliticosveracruz.com\\\/?author=2\"}]}<\/script>\n<!-- \/ Yoast SEO plugin. -->","yoast_head_json":{"title":"Viene Manlio - Los pol\u00edticos Veracruz","robots":{"index":"index","follow":"follow","max-snippet":"max-snippet:-1","max-image-preview":"max-image-preview:large","max-video-preview":"max-video-preview:-1"},"canonical":"https:\/\/lospoliticosveracruz.com\/?p=21434","og_locale":"es_ES","og_type":"article","og_title":"Viene Manlio - Los pol\u00edticos Veracruz","og_description":"Jos\u00e9 Ortiz Medina En Corto&#8230; sin Cortes El pr\u00f3ximo s\u00e1bado estar\u00e1 Manlio Fabio Beltrones, en el Puerto de Veracruz, para respaldar la precampa\u00f1a de su amigo H\u00e9ctor Yunes Landa. A las 11 de la ma\u00f1ana, el dirigente nacional del PRI estar\u00e1 en la sede municipal de ese instituto pol\u00edtico. Manlio viene en momentos muy dif\u00edciles [&hellip;]","og_url":"https:\/\/lospoliticosveracruz.com\/?p=21434","og_site_name":"Los pol\u00edticos Veracruz","article_publisher":"https:\/\/www.facebook.com\/people\/Notimemes-de-los-Polticos\/61565672886568\/","article_published_time":"2016-02-24T15:07:15+00:00","og_image":[{"width":200,"height":200,"url":"https:\/\/lospoliticosveracruz.com\/wp-content\/uploads\/2016\/07\/Logo-Dor.jpg","type":"image\/jpeg"}],"author":"Lo viste en Los Pol\u00edticos","twitter_card":"summary_large_image","twitter_creator":"@LosPoliticosVer","twitter_site":"@LosPoliticosVer","twitter_misc":{"Escrito por":"Lo viste en Los Pol\u00edticos","Tiempo de lectura":"5 minutos"},"schema":{"@context":"https:\/\/schema.org","@graph":[{"@type":"Article","@id":"https:\/\/lospoliticosveracruz.com\/?p=21434#article","isPartOf":{"@id":"https:\/\/lospoliticosveracruz.com\/?p=21434"},"author":{"name":"Lo viste en Los Pol\u00edticos","@id":"https:\/\/lospoliticosveracruz.com\/#\/schema\/person\/b8702bb0e538456e6efd07080bf2a4a2"},"headline":"Viene Manlio","datePublished":"2016-02-24T15:07:15+00:00","mainEntityOfPage":{"@id":"https:\/\/lospoliticosveracruz.com\/?p=21434"},"wordCount":929,"commentCount":0,"publisher":{"@id":"https:\/\/lospoliticosveracruz.com\/#organization"},"keywords":["H\u00e9ctor Yunes Landa","Manlio Fabio Beltrones","Veracruz"],"articleSection":["De Opini\u00f3n"],"inLanguage":"es","potentialAction":[{"@type":"CommentAction","name":"Comment","target":["https:\/\/lospoliticosveracruz.com\/?p=21434#respond"]}]},{"@type":"WebPage","@id":"https:\/\/lospoliticosveracruz.com\/?p=21434","url":"https:\/\/lospoliticosveracruz.com\/?p=21434","name":"Viene Manlio - Los pol\u00edticos Veracruz","isPartOf":{"@id":"https:\/\/lospoliticosveracruz.com\/#website"},"datePublished":"2016-02-24T15:07:15+00:00","breadcrumb":{"@id":"https:\/\/lospoliticosveracruz.com\/?p=21434#breadcrumb"},"inLanguage":"es","potentialAction":[{"@type":"ReadAction","target":["https:\/\/lospoliticosveracruz.com\/?p=21434"]}]},{"@type":"BreadcrumbList","@id":"https:\/\/lospoliticosveracruz.com\/?p=21434#breadcrumb","itemListElement":[{"@type":"ListItem","position":1,"name":"Portada","item":"https:\/\/lospoliticosveracruz.com\/"},{"@type":"ListItem","position":2,"name":"Viene Manlio"}]},{"@type":"WebSite","@id":"https:\/\/lospoliticosveracruz.com\/#website","url":"https:\/\/lospoliticosveracruz.com\/","name":"Los pol\u00edticos Veracruz","description":"","publisher":{"@id":"https:\/\/lospoliticosveracruz.com\/#organization"},"potentialAction":[{"@type":"SearchAction","target":{"@type":"EntryPoint","urlTemplate":"https:\/\/lospoliticosveracruz.com\/?s={search_term_string}"},"query-input":{"@type":"PropertyValueSpecification","valueRequired":true,"valueName":"search_term_string"}}],"inLanguage":"es"},{"@type":"Organization","@id":"https:\/\/lospoliticosveracruz.com\/#organization","name":"Los pol\u00edticos Veracruz","url":"https:\/\/lospoliticosveracruz.com\/","logo":{"@type":"ImageObject","inLanguage":"es","@id":"https:\/\/lospoliticosveracruz.com\/#\/schema\/logo\/image\/","url":"https:\/\/lospoliticosveracruz.com\/wp-content\/uploads\/2025\/12\/Logo-Nuevo-LOS-POLITICOS-1.jpg","contentUrl":"https:\/\/lospoliticosveracruz.com\/wp-content\/uploads\/2025\/12\/Logo-Nuevo-LOS-POLITICOS-1.jpg","width":260,"height":70,"caption":"Los pol\u00edticos Veracruz"},"image":{"@id":"https:\/\/lospoliticosveracruz.com\/#\/schema\/logo\/image\/"},"sameAs":["https:\/\/www.facebook.com\/people\/Notimemes-de-los-Polticos\/61565672886568\/","https:\/\/x.com\/LosPoliticosVer"]},{"@type":"Person","@id":"https:\/\/lospoliticosveracruz.com\/#\/schema\/person\/b8702bb0e538456e6efd07080bf2a4a2","name":"Lo viste en Los Pol\u00edticos","image":{"@type":"ImageObject","inLanguage":"es","@id":"https:\/\/secure.gravatar.com\/avatar\/3a8de04a2656d44082be478bd6c086daa447c4651605818287b9532d3d0bd435?s=96&d=mm&r=g","url":"https:\/\/secure.gravatar.com\/avatar\/3a8de04a2656d44082be478bd6c086daa447c4651605818287b9532d3d0bd435?s=96&d=mm&r=g","contentUrl":"https:\/\/secure.gravatar.com\/avatar\/3a8de04a2656d44082be478bd6c086daa447c4651605818287b9532d3d0bd435?s=96&d=mm&r=g","caption":"Lo viste en Los Pol\u00edticos"},"url":"https:\/\/lospoliticosveracruz.com\/?author=2"}]}},"_links":{"self":[{"href":"https:\/\/lospoliticosveracruz.com\/index.php?rest_route=\/wp\/v2\/posts\/21434","targetHints":{"allow":["GET"]}}],"collection":[{"href":"https:\/\/lospoliticosveracruz.com\/index.php?rest_route=\/wp\/v2\/posts"}],"about":[{"href":"https:\/\/lospoliticosveracruz.com\/index.php?rest_route=\/wp\/v2\/types\/post"}],"author":[{"embeddable":true,"href":"https:\/\/lospoliticosveracruz.com\/index.php?rest_route=\/wp\/v2\/users\/2"}],"replies":[{"embeddable":true,"href":"https:\/\/lospoliticosveracruz.com\/index.php?rest_route=%2Fwp%2Fv2%2Fcomments&post=21434"}],"version-history":[{"count":1,"href":"https:\/\/lospoliticosveracruz.com\/index.php?rest_route=\/wp\/v2\/posts\/21434\/revisions"}],"predecessor-version":[{"id":21435,"href":"https:\/\/lospoliticosveracruz.com\/index.php?rest_route=\/wp\/v2\/posts\/21434\/revisions\/21435"}],"wp:attachment":[{"href":"https:\/\/lospoliticosveracruz.com\/index.php?rest_route=%2Fwp%2Fv2%2Fmedia&parent=21434"}],"wp:term":[{"taxonomy":"category","embeddable":true,"href":"https:\/\/lospoliticosveracruz.com\/index.php?rest_route=%2Fwp%2Fv2%2Fcategories&post=21434"},{"taxonomy":"post_tag","embeddable":true,"href":"https:\/\/lospoliticosveracruz.com\/index.php?rest_route=%2Fwp%2Fv2%2Ftags&post=21434"}],"curies":[{"name":"wp","href":"https:\/\/api.w.org\/{rel}","templated":true}]}}