{"id":21449,"date":"2016-02-24T21:52:00","date_gmt":"2016-02-25T03:52:00","guid":{"rendered":"http:\/\/www.lospoliticosveracruz.com.mx\/?p=21449"},"modified":"2016-02-24T21:52:00","modified_gmt":"2016-02-25T03:52:00","slug":"las-cosas-se-pondran-bien-perronas","status":"publish","type":"post","link":"https:\/\/lospoliticosveracruz.com\/?p=21449","title":{"rendered":"\u00a1Las cosas se pondr\u00e1n bien perronas!"},"content":{"rendered":"<blockquote><p><a href=\"http:\/\/www.lospoliticosveracruz.com.mx\/wp-content\/uploads\/2016\/02\/Arpa.jpg\"><img loading=\"lazy\" decoding=\"async\" class=\"alignnone size-medium wp-image-21450\" src=\"http:\/\/www.lospoliticosveracruz.com.mx\/wp-content\/uploads\/2016\/02\/Arpa-300x171.jpg\" alt=\"Arpa\" width=\"300\" height=\"171\" \/><\/a><\/p>\n<p>Presentan la campa\u00f1a \u201cSomos responsables, actuemos por los animales\u201d<\/p><\/blockquote>\n<p>Con la finalidad de dignificar la vida de las mascotas y concientizar a las personas sobre la tenencia de las mismas, fue presentada la campa\u00f1a \u201cSomos responsables, actuemos por los animales\u201d, organizada por la agrupaci\u00f3n independiente Proyecto Arpa, en coordinaci\u00f3n con el Ayuntamiento de Xalapa, la Universidad Veracruzana y la Secretar\u00eda de Medio Ambiente estatal.<\/p>\n<p>Como parte de esta campa\u00f1a se realizar\u00e1n charlas, conferencias, talleres, promoci\u00f3n de adopciones y esterilizaci\u00f3n de mascotas. Tambi\u00e9n visitas a escuelas, oficinas y dependencias gubernamentales, con la participaci\u00f3n de j\u00f3venes estudiantes de la Universidad Veracruzana y destacados ponentes.<\/p>\n<p>La Subdirectora de Salud municipal, Iride Jim\u00e9nez L\u00f3pez, agradeci\u00f3 el apoyo del Proyecto Arpa, (Acciones para el Respeto y la Protecci\u00f3n Animal) y de las instituciones involucradas, destacando el trabajo conjunto que se realizar\u00e1 en favor de la protecci\u00f3n de los animales.<\/p>\n<p>Cabe se\u00f1alar que entre las ponencias destacan la que impartir\u00e1 el doctor Genaro Coria \u00c1vila, investigador del Centro de Investigaciones Cerebrales, denominada \u201cHab\u00eda una vez un perro feliz porque su due\u00f1o entend\u00eda el cerebro\u201d, el pr\u00f3ximo 4 de marzo en el auditorio de la Facultad de Biolog\u00eda a las 17:00.<\/p>\n<p>Adem\u00e1s se llevar\u00e1n a cabo promoci\u00f3n de campa\u00f1as de adopci\u00f3n y de esterilizaci\u00f3n de las mascotas, as\u00ed como la elaboraci\u00f3n y colocaci\u00f3n de alcanc\u00edas cuyos recursos ser\u00e1n destinados para las campa\u00f1as de esterilizaci\u00f3n en colonias de escasos recursos.<\/p>\n<p>En ese sentido, el titular del Centro de Control y Salud Animal, Pedro Paredes, dio a conocer que mensualmente se llevan a cabo tanto en las Delegaciones, como en las instalaciones de la dependencia, 200 esterilizaciones gratuitas y con esta campa\u00f1a se podr\u00e1 llegar a 300 o 400.<\/p>\n<p>Al respecto, la representante del proyecto Arpa, Lourdes Jim\u00e9nez Mora, coment\u00f3 que se buscar\u00e1 que la iniciativa privada participe con donaciones, colocaci\u00f3n de alcanc\u00edas y carteles.<\/p>\n<p>\u201cLos materiales quir\u00fargicos obtenidos con el dinero de las colectas ser\u00e1n entregados al Centro de Salud Animal, quienes apoyar\u00e1n con el equipo t\u00e9cnico y m\u00e9dico para la realizaci\u00f3n de campa\u00f1as gratuitas de esterilizaci\u00f3n y cada instituci\u00f3n que realice la colecta fungir\u00e1 como padrino de los animales esterilizados\u201d.<\/p>\n<p>Estuvieron presentes el regidor quinto y titular de la Comisi\u00f3n de Salud, Mart\u00edn Victoriano Espinoza Rold\u00e1n y Edgar Le\u00f3n, encargado de la Unidad de Transparencia de la Secretar\u00eda de Medio Ambiente estatal.<\/p>\n","protected":false},"excerpt":{"rendered":"<p>Presentan la campa\u00f1a \u201cSomos responsables, actuemos por los animales\u201d Con la finalidad de dignificar la vida de las mascotas y concientizar a las personas sobre la tenencia de las mismas, fue presentada la campa\u00f1a \u201cSomos responsables, actuemos por los animales\u201d, organizada por la agrupaci\u00f3n independiente Proyecto Arpa, en coordinaci\u00f3n con el Ayuntamiento de Xalapa, la [&hellip;]<\/p>\n","protected":false},"author":2,"featured_media":0,"comment_status":"open","ping_status":"open","sticky":false,"template":"","format":"standard","meta":{"tdm_status":"","tdm_grid_status":"","footnotes":""},"categories":[73],"tags":[1534,4913,4912,3326,4914,1037,741,4911,4910,219],"class_list":{"0":"post-21449","1":"post","2":"type-post","3":"status-publish","4":"format-standard","6":"category-de-boleto","7":"tag-ayuntamiento-de-xalapa","8":"tag-esterilizacion","9":"tag-genaro-coria-avila","10":"tag-iride-jimenez-lopez","11":"tag-lourdes-jimenez-mora","12":"tag-medio-ambiente","13":"tag-perro","14":"tag-proteccion-animal","15":"tag-proyecto-arpa","16":"tag-universidad-veracruzana"},"yoast_head":"<!-- This site is optimized with the Yoast SEO plugin v27.4 - https:\/\/yoast.com\/product\/yoast-seo-wordpress\/ -->\n<title>\u00a1Las cosas se pondr\u00e1n bien perronas! - Los pol\u00edticos Veracruz<\/title>\n<meta name=\"robots\" content=\"index, follow, max-snippet:-1, max-image-preview:large, max-video-preview:-1\" \/>\n<link rel=\"canonical\" href=\"https:\/\/lospoliticosveracruz.com\/?p=21449\" \/>\n<meta property=\"og:locale\" content=\"es_ES\" \/>\n<meta property=\"og:type\" content=\"article\" \/>\n<meta property=\"og:title\" content=\"\u00a1Las cosas se pondr\u00e1n bien perronas! - Los pol\u00edticos Veracruz\" \/>\n<meta property=\"og:description\" content=\"Presentan la campa\u00f1a \u201cSomos responsables, actuemos por los animales\u201d Con la finalidad de dignificar la vida de las mascotas y concientizar a las personas sobre la tenencia de las mismas, fue presentada la campa\u00f1a \u201cSomos responsables, actuemos por los animales\u201d, organizada por la agrupaci\u00f3n independiente Proyecto Arpa, en coordinaci\u00f3n con el Ayuntamiento de Xalapa, la [&hellip;]\" \/>\n<meta property=\"og:url\" content=\"https:\/\/lospoliticosveracruz.com\/?p=21449\" \/>\n<meta property=\"og:site_name\" content=\"Los pol\u00edticos Veracruz\" \/>\n<meta property=\"article:publisher\" content=\"https:\/\/www.facebook.com\/people\/Notimemes-de-los-Polticos\/61565672886568\/\" \/>\n<meta property=\"article:published_time\" content=\"2016-02-25T03:52:00+00:00\" \/>\n<meta property=\"og:image\" content=\"http:\/\/www.lospoliticosveracruz.com.mx\/wp-content\/uploads\/2016\/02\/Arpa-300x171.jpg\" \/>\n<meta name=\"author\" content=\"Lo viste en Los Pol\u00edticos\" \/>\n<meta name=\"twitter:card\" content=\"summary_large_image\" \/>\n<meta name=\"twitter:creator\" content=\"@LosPoliticosVer\" \/>\n<meta name=\"twitter:site\" content=\"@LosPoliticosVer\" \/>\n<meta name=\"twitter:label1\" content=\"Escrito por\" \/>\n\t<meta name=\"twitter:data1\" content=\"Lo viste en Los Pol\u00edticos\" \/>\n\t<meta name=\"twitter:label2\" content=\"Tiempo de lectura\" \/>\n\t<meta name=\"twitter:data2\" content=\"2 minutos\" \/>\n<script type=\"application\/ld+json\" class=\"yoast-schema-graph\">{\"@context\":\"https:\\\/\\\/schema.org\",\"@graph\":[{\"@type\":\"Article\",\"@id\":\"https:\\\/\\\/lospoliticosveracruz.com\\\/?p=21449#article\",\"isPartOf\":{\"@id\":\"https:\\\/\\\/lospoliticosveracruz.com\\\/?p=21449\"},\"author\":{\"name\":\"Lo viste en Los Pol\u00edticos\",\"@id\":\"https:\\\/\\\/lospoliticosveracruz.com\\\/#\\\/schema\\\/person\\\/b8702bb0e538456e6efd07080bf2a4a2\"},\"headline\":\"\u00a1Las cosas se pondr\u00e1n bien perronas!\",\"datePublished\":\"2016-02-25T03:52:00+00:00\",\"mainEntityOfPage\":{\"@id\":\"https:\\\/\\\/lospoliticosveracruz.com\\\/?p=21449\"},\"wordCount\":439,\"commentCount\":0,\"publisher\":{\"@id\":\"https:\\\/\\\/lospoliticosveracruz.com\\\/#organization\"},\"image\":{\"@id\":\"https:\\\/\\\/lospoliticosveracruz.com\\\/?p=21449#primaryimage\"},\"thumbnailUrl\":\"http:\\\/\\\/www.lospoliticosveracruz.com.mx\\\/wp-content\\\/uploads\\\/2016\\\/02\\\/Arpa-300x171.jpg\",\"keywords\":[\"ayuntamiento de Xalapa\",\"esterilizaci\u00f3n\",\"Genaro Coria \u00c1vila\",\"Iride Jim\u00e9nez L\u00f3pez\",\"Lourdes Jim\u00e9nez Mora\",\"Medio Ambiente\",\"perro\",\"Protecci\u00f3n Animal\",\"Proyecto Arpa\",\"Universidad Veracruzana\"],\"articleSection\":[\"De Boleto\"],\"inLanguage\":\"es\",\"potentialAction\":[{\"@type\":\"CommentAction\",\"name\":\"Comment\",\"target\":[\"https:\\\/\\\/lospoliticosveracruz.com\\\/?p=21449#respond\"]}]},{\"@type\":\"WebPage\",\"@id\":\"https:\\\/\\\/lospoliticosveracruz.com\\\/?p=21449\",\"url\":\"https:\\\/\\\/lospoliticosveracruz.com\\\/?p=21449\",\"name\":\"\u00a1Las cosas se pondr\u00e1n bien perronas! - Los pol\u00edticos Veracruz\",\"isPartOf\":{\"@id\":\"https:\\\/\\\/lospoliticosveracruz.com\\\/#website\"},\"primaryImageOfPage\":{\"@id\":\"https:\\\/\\\/lospoliticosveracruz.com\\\/?p=21449#primaryimage\"},\"image\":{\"@id\":\"https:\\\/\\\/lospoliticosveracruz.com\\\/?p=21449#primaryimage\"},\"thumbnailUrl\":\"http:\\\/\\\/www.lospoliticosveracruz.com.mx\\\/wp-content\\\/uploads\\\/2016\\\/02\\\/Arpa-300x171.jpg\",\"datePublished\":\"2016-02-25T03:52:00+00:00\",\"breadcrumb\":{\"@id\":\"https:\\\/\\\/lospoliticosveracruz.com\\\/?p=21449#breadcrumb\"},\"inLanguage\":\"es\",\"potentialAction\":[{\"@type\":\"ReadAction\",\"target\":[\"https:\\\/\\\/lospoliticosveracruz.com\\\/?p=21449\"]}]},{\"@type\":\"ImageObject\",\"inLanguage\":\"es\",\"@id\":\"https:\\\/\\\/lospoliticosveracruz.com\\\/?p=21449#primaryimage\",\"url\":\"http:\\\/\\\/www.lospoliticosveracruz.com.mx\\\/wp-content\\\/uploads\\\/2016\\\/02\\\/Arpa-300x171.jpg\",\"contentUrl\":\"http:\\\/\\\/www.lospoliticosveracruz.com.mx\\\/wp-content\\\/uploads\\\/2016\\\/02\\\/Arpa-300x171.jpg\"},{\"@type\":\"BreadcrumbList\",\"@id\":\"https:\\\/\\\/lospoliticosveracruz.com\\\/?p=21449#breadcrumb\",\"itemListElement\":[{\"@type\":\"ListItem\",\"position\":1,\"name\":\"Portada\",\"item\":\"https:\\\/\\\/lospoliticosveracruz.com\\\/\"},{\"@type\":\"ListItem\",\"position\":2,\"name\":\"\u00a1Las cosas se pondr\u00e1n bien perronas!\"}]},{\"@type\":\"WebSite\",\"@id\":\"https:\\\/\\\/lospoliticosveracruz.com\\\/#website\",\"url\":\"https:\\\/\\\/lospoliticosveracruz.com\\\/\",\"name\":\"Los pol\u00edticos Veracruz\",\"description\":\"\",\"publisher\":{\"@id\":\"https:\\\/\\\/lospoliticosveracruz.com\\\/#organization\"},\"potentialAction\":[{\"@type\":\"SearchAction\",\"target\":{\"@type\":\"EntryPoint\",\"urlTemplate\":\"https:\\\/\\\/lospoliticosveracruz.com\\\/?s={search_term_string}\"},\"query-input\":{\"@type\":\"PropertyValueSpecification\",\"valueRequired\":true,\"valueName\":\"search_term_string\"}}],\"inLanguage\":\"es\"},{\"@type\":\"Organization\",\"@id\":\"https:\\\/\\\/lospoliticosveracruz.com\\\/#organization\",\"name\":\"Los pol\u00edticos Veracruz\",\"url\":\"https:\\\/\\\/lospoliticosveracruz.com\\\/\",\"logo\":{\"@type\":\"ImageObject\",\"inLanguage\":\"es\",\"@id\":\"https:\\\/\\\/lospoliticosveracruz.com\\\/#\\\/schema\\\/logo\\\/image\\\/\",\"url\":\"https:\\\/\\\/lospoliticosveracruz.com\\\/wp-content\\\/uploads\\\/2025\\\/12\\\/Logo-Nuevo-LOS-POLITICOS-1.jpg\",\"contentUrl\":\"https:\\\/\\\/lospoliticosveracruz.com\\\/wp-content\\\/uploads\\\/2025\\\/12\\\/Logo-Nuevo-LOS-POLITICOS-1.jpg\",\"width\":260,\"height\":70,\"caption\":\"Los pol\u00edticos Veracruz\"},\"image\":{\"@id\":\"https:\\\/\\\/lospoliticosveracruz.com\\\/#\\\/schema\\\/logo\\\/image\\\/\"},\"sameAs\":[\"https:\\\/\\\/www.facebook.com\\\/people\\\/Notimemes-de-los-Polticos\\\/61565672886568\\\/\",\"https:\\\/\\\/x.com\\\/LosPoliticosVer\"]},{\"@type\":\"Person\",\"@id\":\"https:\\\/\\\/lospoliticosveracruz.com\\\/#\\\/schema\\\/person\\\/b8702bb0e538456e6efd07080bf2a4a2\",\"name\":\"Lo viste en Los Pol\u00edticos\",\"image\":{\"@type\":\"ImageObject\",\"inLanguage\":\"es\",\"@id\":\"https:\\\/\\\/secure.gravatar.com\\\/avatar\\\/3a8de04a2656d44082be478bd6c086daa447c4651605818287b9532d3d0bd435?s=96&d=mm&r=g\",\"url\":\"https:\\\/\\\/secure.gravatar.com\\\/avatar\\\/3a8de04a2656d44082be478bd6c086daa447c4651605818287b9532d3d0bd435?s=96&d=mm&r=g\",\"contentUrl\":\"https:\\\/\\\/secure.gravatar.com\\\/avatar\\\/3a8de04a2656d44082be478bd6c086daa447c4651605818287b9532d3d0bd435?s=96&d=mm&r=g\",\"caption\":\"Lo viste en Los Pol\u00edticos\"},\"url\":\"https:\\\/\\\/lospoliticosveracruz.com\\\/?author=2\"}]}<\/script>\n<!-- \/ Yoast SEO plugin. -->","yoast_head_json":{"title":"\u00a1Las cosas se pondr\u00e1n bien perronas! - Los pol\u00edticos Veracruz","robots":{"index":"index","follow":"follow","max-snippet":"max-snippet:-1","max-image-preview":"max-image-preview:large","max-video-preview":"max-video-preview:-1"},"canonical":"https:\/\/lospoliticosveracruz.com\/?p=21449","og_locale":"es_ES","og_type":"article","og_title":"\u00a1Las cosas se pondr\u00e1n bien perronas! - Los pol\u00edticos Veracruz","og_description":"Presentan la campa\u00f1a \u201cSomos responsables, actuemos por los animales\u201d Con la finalidad de dignificar la vida de las mascotas y concientizar a las personas sobre la tenencia de las mismas, fue presentada la campa\u00f1a \u201cSomos responsables, actuemos por los animales\u201d, organizada por la agrupaci\u00f3n independiente Proyecto Arpa, en coordinaci\u00f3n con el Ayuntamiento de Xalapa, la [&hellip;]","og_url":"https:\/\/lospoliticosveracruz.com\/?p=21449","og_site_name":"Los pol\u00edticos Veracruz","article_publisher":"https:\/\/www.facebook.com\/people\/Notimemes-de-los-Polticos\/61565672886568\/","article_published_time":"2016-02-25T03:52:00+00:00","og_image":[{"url":"http:\/\/www.lospoliticosveracruz.com.mx\/wp-content\/uploads\/2016\/02\/Arpa-300x171.jpg","type":"","width":"","height":""}],"author":"Lo viste en Los Pol\u00edticos","twitter_card":"summary_large_image","twitter_creator":"@LosPoliticosVer","twitter_site":"@LosPoliticosVer","twitter_misc":{"Escrito por":"Lo viste en Los Pol\u00edticos","Tiempo de lectura":"2 minutos"},"schema":{"@context":"https:\/\/schema.org","@graph":[{"@type":"Article","@id":"https:\/\/lospoliticosveracruz.com\/?p=21449#article","isPartOf":{"@id":"https:\/\/lospoliticosveracruz.com\/?p=21449"},"author":{"name":"Lo viste en Los Pol\u00edticos","@id":"https:\/\/lospoliticosveracruz.com\/#\/schema\/person\/b8702bb0e538456e6efd07080bf2a4a2"},"headline":"\u00a1Las cosas se pondr\u00e1n bien perronas!","datePublished":"2016-02-25T03:52:00+00:00","mainEntityOfPage":{"@id":"https:\/\/lospoliticosveracruz.com\/?p=21449"},"wordCount":439,"commentCount":0,"publisher":{"@id":"https:\/\/lospoliticosveracruz.com\/#organization"},"image":{"@id":"https:\/\/lospoliticosveracruz.com\/?p=21449#primaryimage"},"thumbnailUrl":"http:\/\/www.lospoliticosveracruz.com.mx\/wp-content\/uploads\/2016\/02\/Arpa-300x171.jpg","keywords":["ayuntamiento de Xalapa","esterilizaci\u00f3n","Genaro Coria \u00c1vila","Iride Jim\u00e9nez L\u00f3pez","Lourdes Jim\u00e9nez Mora","Medio Ambiente","perro","Protecci\u00f3n Animal","Proyecto Arpa","Universidad Veracruzana"],"articleSection":["De Boleto"],"inLanguage":"es","potentialAction":[{"@type":"CommentAction","name":"Comment","target":["https:\/\/lospoliticosveracruz.com\/?p=21449#respond"]}]},{"@type":"WebPage","@id":"https:\/\/lospoliticosveracruz.com\/?p=21449","url":"https:\/\/lospoliticosveracruz.com\/?p=21449","name":"\u00a1Las cosas se pondr\u00e1n bien perronas! - Los pol\u00edticos Veracruz","isPartOf":{"@id":"https:\/\/lospoliticosveracruz.com\/#website"},"primaryImageOfPage":{"@id":"https:\/\/lospoliticosveracruz.com\/?p=21449#primaryimage"},"image":{"@id":"https:\/\/lospoliticosveracruz.com\/?p=21449#primaryimage"},"thumbnailUrl":"http:\/\/www.lospoliticosveracruz.com.mx\/wp-content\/uploads\/2016\/02\/Arpa-300x171.jpg","datePublished":"2016-02-25T03:52:00+00:00","breadcrumb":{"@id":"https:\/\/lospoliticosveracruz.com\/?p=21449#breadcrumb"},"inLanguage":"es","potentialAction":[{"@type":"ReadAction","target":["https:\/\/lospoliticosveracruz.com\/?p=21449"]}]},{"@type":"ImageObject","inLanguage":"es","@id":"https:\/\/lospoliticosveracruz.com\/?p=21449#primaryimage","url":"http:\/\/www.lospoliticosveracruz.com.mx\/wp-content\/uploads\/2016\/02\/Arpa-300x171.jpg","contentUrl":"http:\/\/www.lospoliticosveracruz.com.mx\/wp-content\/uploads\/2016\/02\/Arpa-300x171.jpg"},{"@type":"BreadcrumbList","@id":"https:\/\/lospoliticosveracruz.com\/?p=21449#breadcrumb","itemListElement":[{"@type":"ListItem","position":1,"name":"Portada","item":"https:\/\/lospoliticosveracruz.com\/"},{"@type":"ListItem","position":2,"name":"\u00a1Las cosas se pondr\u00e1n bien perronas!"}]},{"@type":"WebSite","@id":"https:\/\/lospoliticosveracruz.com\/#website","url":"https:\/\/lospoliticosveracruz.com\/","name":"Los pol\u00edticos Veracruz","description":"","publisher":{"@id":"https:\/\/lospoliticosveracruz.com\/#organization"},"potentialAction":[{"@type":"SearchAction","target":{"@type":"EntryPoint","urlTemplate":"https:\/\/lospoliticosveracruz.com\/?s={search_term_string}"},"query-input":{"@type":"PropertyValueSpecification","valueRequired":true,"valueName":"search_term_string"}}],"inLanguage":"es"},{"@type":"Organization","@id":"https:\/\/lospoliticosveracruz.com\/#organization","name":"Los pol\u00edticos Veracruz","url":"https:\/\/lospoliticosveracruz.com\/","logo":{"@type":"ImageObject","inLanguage":"es","@id":"https:\/\/lospoliticosveracruz.com\/#\/schema\/logo\/image\/","url":"https:\/\/lospoliticosveracruz.com\/wp-content\/uploads\/2025\/12\/Logo-Nuevo-LOS-POLITICOS-1.jpg","contentUrl":"https:\/\/lospoliticosveracruz.com\/wp-content\/uploads\/2025\/12\/Logo-Nuevo-LOS-POLITICOS-1.jpg","width":260,"height":70,"caption":"Los pol\u00edticos Veracruz"},"image":{"@id":"https:\/\/lospoliticosveracruz.com\/#\/schema\/logo\/image\/"},"sameAs":["https:\/\/www.facebook.com\/people\/Notimemes-de-los-Polticos\/61565672886568\/","https:\/\/x.com\/LosPoliticosVer"]},{"@type":"Person","@id":"https:\/\/lospoliticosveracruz.com\/#\/schema\/person\/b8702bb0e538456e6efd07080bf2a4a2","name":"Lo viste en Los Pol\u00edticos","image":{"@type":"ImageObject","inLanguage":"es","@id":"https:\/\/secure.gravatar.com\/avatar\/3a8de04a2656d44082be478bd6c086daa447c4651605818287b9532d3d0bd435?s=96&d=mm&r=g","url":"https:\/\/secure.gravatar.com\/avatar\/3a8de04a2656d44082be478bd6c086daa447c4651605818287b9532d3d0bd435?s=96&d=mm&r=g","contentUrl":"https:\/\/secure.gravatar.com\/avatar\/3a8de04a2656d44082be478bd6c086daa447c4651605818287b9532d3d0bd435?s=96&d=mm&r=g","caption":"Lo viste en Los Pol\u00edticos"},"url":"https:\/\/lospoliticosveracruz.com\/?author=2"}]}},"_links":{"self":[{"href":"https:\/\/lospoliticosveracruz.com\/index.php?rest_route=\/wp\/v2\/posts\/21449","targetHints":{"allow":["GET"]}}],"collection":[{"href":"https:\/\/lospoliticosveracruz.com\/index.php?rest_route=\/wp\/v2\/posts"}],"about":[{"href":"https:\/\/lospoliticosveracruz.com\/index.php?rest_route=\/wp\/v2\/types\/post"}],"author":[{"embeddable":true,"href":"https:\/\/lospoliticosveracruz.com\/index.php?rest_route=\/wp\/v2\/users\/2"}],"replies":[{"embeddable":true,"href":"https:\/\/lospoliticosveracruz.com\/index.php?rest_route=%2Fwp%2Fv2%2Fcomments&post=21449"}],"version-history":[{"count":1,"href":"https:\/\/lospoliticosveracruz.com\/index.php?rest_route=\/wp\/v2\/posts\/21449\/revisions"}],"predecessor-version":[{"id":21451,"href":"https:\/\/lospoliticosveracruz.com\/index.php?rest_route=\/wp\/v2\/posts\/21449\/revisions\/21451"}],"wp:attachment":[{"href":"https:\/\/lospoliticosveracruz.com\/index.php?rest_route=%2Fwp%2Fv2%2Fmedia&parent=21449"}],"wp:term":[{"taxonomy":"category","embeddable":true,"href":"https:\/\/lospoliticosveracruz.com\/index.php?rest_route=%2Fwp%2Fv2%2Fcategories&post=21449"},{"taxonomy":"post_tag","embeddable":true,"href":"https:\/\/lospoliticosveracruz.com\/index.php?rest_route=%2Fwp%2Fv2%2Ftags&post=21449"}],"curies":[{"name":"wp","href":"https:\/\/api.w.org\/{rel}","templated":true}]}}