{"id":21569,"date":"2016-02-28T22:09:39","date_gmt":"2016-02-29T04:09:39","guid":{"rendered":"http:\/\/www.lospoliticosveracruz.com.mx\/?p=21569"},"modified":"2016-02-28T22:09:39","modified_gmt":"2016-02-29T04:09:39","slug":"norma-la-luchadora","status":"publish","type":"post","link":"https:\/\/lospoliticosveracruz.com\/?p=21569","title":{"rendered":"Norma, la luchadora"},"content":{"rendered":"<p><a href=\"http:\/\/www.lospoliticosveracruz.com.mx\/wp-content\/uploads\/2016\/02\/Norma-Bautista.jpg\"><img loading=\"lazy\" decoding=\"async\" class=\"alignnone size-medium wp-image-21570\" src=\"http:\/\/www.lospoliticosveracruz.com.mx\/wp-content\/uploads\/2016\/02\/Norma-Bautista-300x204.jpg\" alt=\"Norma Bautista\" width=\"300\" height=\"204\" \/><\/a> <a href=\"http:\/\/www.lospoliticosveracruz.com.mx\/wp-content\/uploads\/2016\/02\/Norma-Bautista-PRI.jpg\"><img loading=\"lazy\" decoding=\"async\" class=\"alignnone size-medium wp-image-21571\" src=\"http:\/\/www.lospoliticosveracruz.com.mx\/wp-content\/uploads\/2016\/02\/Norma-Bautista-PRI-300x126.jpg\" alt=\"Norma Bautista PRI\" width=\"300\" height=\"126\" \/><\/a><br \/>\n<strong>Salvador Mu\u00f1oz<\/strong><\/p>\n<p><em>Los Pol\u00edticos<\/em><\/p>\n<p>Cuando ni\u00f1a, ve\u00eda pasar a Octag\u00f3n rumbo a su casa, acompa\u00f1ado de otros luchadores. Fue ese halo de misterio tras las m\u00e1scaras, el que, primero, la llev\u00f3 a hacer amistad con el Amo de los 8 \u00c1ngulos; posteriormente, a verse en primera fila, \u00a1hasta de a gratis! en la Arena Xalapa, por cortes\u00eda de El Soberano, Agust\u00edn Mart\u00ednez Rivera.<br \/>\nY si bien acepta que admiraba a Octag\u00f3n as\u00ed como gozar de la amistad de Fuerza Guerrera, su coraz\u00f3n era para \u00a1El Vampiro Canadiense!<br \/>\nS\u00ed, es una fan\u00e1tica del Pancracio, por eso, habitualmente, se le ve acompa\u00f1ada en sus labores sociales por luchadores. Por eso, cuando le pregunto, si fuera gladiadora, \u00bfcu\u00e1l ser\u00eda su nombre de batalla? No duda en responderme\u2026<br \/>\nII<br \/>\nEl pasado viernes, Norma Priscilia Bautista Aburto, secretaria general del PRI municipal, as\u00ed como secretaria de Turismo Rural de la CNC, alz\u00f3 la mano para decir: \u201cQuiero ser Diputada\u201d por alguno de los dos distritos que conforman Xalapa.<br \/>\nUna caracter\u00edstica inusual en estos tiempos pol\u00edticos por parte del Revolucionario Institucional: Tanto en su chamarra como en una manta, la cenecista resalta en su segundo nombre las siglas de su partido: \u201cPRIscilia\u201d.<br \/>\nLe pregunto por qu\u00e9 llevarlo, cuando en las pasadas elecciones y quiz\u00e1s en \u00e9stas, sea lo que menos se quiera destacar por parte de los ungidos del PRI en la b\u00fasqueda de una curul.<br \/>\n\u201cTrato de ser congruente siempre\u2026 llevo tatuado a mi partido y a mi sector desde siempre\u2026 no tengo por qu\u00e9 ocultarlo\u201d.<br \/>\nY se entiende su razonamiento\u2026 en un extremo de la mesa donde anunciaba su aspiraci\u00f3n por ser candidata, la ve\u00eda su padre, Delfino Bautista S\u00e1nchez, integrante de la Vieja Guardia Agrarista y ex secretario general de la CNC.<br \/>\nIII<br \/>\nNorma Priscilia encabeza Brigadas de diversos apoyos a colonias y congregaciones de Xalapa, pero de ser posible, igual trata de llevar un poco de distracci\u00f3n como puede ser a trav\u00e9s de la lucha libre, donde los gladiadores lo mismo practican el arte del Pancracio, que se toman la foto con los ni\u00f1os y platican con ellos, como El Vampiro, de la empresa Xtreme Warriors Wrestling, quien es ahijado de Octag\u00f3n y adem\u00e1s, por si eso fuera poco, nieto de Mar\u00eda Luisa \u201cLa G\u00fcera\u201d Fern\u00e1ndez, la aficionada n\u00famero uno de la lucha libre xalape\u00f1a que durante 52 a\u00f1os, siempre ha estado en primera fila durante cada funci\u00f3n.<br \/>\nOtra persona que apoya con estas brigadas es Enrique Aburto, maestro y adem\u00e1s juez nacional de F\u00edsico-culturismo y Fitness, quien platica con se\u00f1oras y j\u00f3venes de la importancia de una dieta balanceada, el ejercicio y la salud.<br \/>\nA ello se suman las asesor\u00edas legales y el ofrecimiento de becas para continuar estudios universitarios, esto, gracias al apoyo de la magistrada Concepci\u00f3n Flores Saviaga; o la venta de alimentos, como lo es carne al 50% de su costo, por parte de Granjas Carroll. Tambi\u00e9n est\u00e1n los cortes de cabello y hasta una secci\u00f3n de maquillaje, donde en cierta ocasi\u00f3n, la misma Norma Priscilia ya hac\u00eda un peinado y pon\u00eda el rubor a una se\u00f1ora, cuando la voz de una ni\u00f1a que observaba con atenci\u00f3n las labores, la dej\u00f3 impactada: \u201c\u00a1Ay, mam\u00e1! \u00a1mi pap\u00e1 te va a querer m\u00e1s!\u201d<br \/>\nIV<br \/>\nNorma Priscilia Bautista, junto con Corintia Cruz y Michelle Serv\u00edn, se suman a la lista de mujeres aspirantes pri\u00edstas por uno de los distritos de Xalapa, y eso sin contar a los varones que, al menos en el ayuntamiento, suman tres: Adolfo Toss Capistr\u00e1n, Rogelio \u00c1lvarez Arroyo y Rodrigo Montoya.<br \/>\nY sabedora de que ahora que alz\u00f3 la mano, Norma Priscilia Bautista se sube al ring pol\u00edtico, donde hay de todo, desde piquetes de ojo, pellizcos, sillazos, jalones de pelo y hasta escupitajos, le pregunto, por su gusto por el pancracio, si fuera luchadora, \u00bfcu\u00e1l ser\u00eda su nombre de batalla? No duda en responder: \u201c\u00a1Luchadora social!\u201d<br \/>\n\u00a1Y en esta esquinaaa!<\/p>\n<p><strong>\u00bfPoo? \u00a1Poo&#8230;ca madre!<\/strong><br \/>\nJuanito, un ni\u00f1o con leucemia, tiene el apoyo de un grupo de j\u00f3venes que ayer, en el Puerto de Veracruz, se pusieron a \u201cbotear\u201d a su favor\u2026 sin embargo, los inspectores del ayuntamiento de Veracruz les impidieron seguir haci\u00e9ndolo porque \u00a1no contaban con permiso! Ahora, para hacer labor altruista hay que pedirle permiso a Ram\u00f3n Poo\u2026 \u00a1Poo..ca madre!<\/p>\n<p>smcainito@gmail.com<\/p>\n","protected":false},"excerpt":{"rendered":"<p>Salvador Mu\u00f1oz Los Pol\u00edticos Cuando ni\u00f1a, ve\u00eda pasar a Octag\u00f3n rumbo a su casa, acompa\u00f1ado de otros luchadores. Fue ese halo de misterio tras las m\u00e1scaras, el que, primero, la llev\u00f3 a hacer amistad con el Amo de los 8 \u00c1ngulos; posteriormente, a verse en primera fila, \u00a1hasta de a gratis! en la Arena Xalapa, [&hellip;]<\/p>\n","protected":false},"author":2,"featured_media":0,"comment_status":"open","ping_status":"open","sticky":false,"template":"","format":"standard","meta":{"tdm_status":"","tdm_grid_status":"","footnotes":""},"categories":[70],"tags":[3118,4960,4959,4954,4961,4958,4709],"class_list":{"0":"post-21569","1":"post","2":"type-post","3":"status-publish","4":"format-standard","6":"category-de-opinion","7":"tag-cnc","8":"tag-delfino-bautista-sanchez","9":"tag-diputada","10":"tag-el-soberano","11":"tag-enrique-aburto","12":"tag-norma-priscilia-bautista-aburto","13":"tag-octagon"},"yoast_head":"<!-- This site is optimized with the Yoast SEO plugin v27.4 - https:\/\/yoast.com\/product\/yoast-seo-wordpress\/ -->\n<title>Norma, la luchadora - Los pol\u00edticos Veracruz<\/title>\n<meta name=\"robots\" content=\"index, follow, max-snippet:-1, max-image-preview:large, max-video-preview:-1\" \/>\n<link rel=\"canonical\" href=\"https:\/\/lospoliticosveracruz.com\/?p=21569\" \/>\n<meta property=\"og:locale\" content=\"es_ES\" \/>\n<meta property=\"og:type\" content=\"article\" \/>\n<meta property=\"og:title\" content=\"Norma, la luchadora - Los pol\u00edticos Veracruz\" \/>\n<meta property=\"og:description\" content=\"Salvador Mu\u00f1oz Los Pol\u00edticos Cuando ni\u00f1a, ve\u00eda pasar a Octag\u00f3n rumbo a su casa, acompa\u00f1ado de otros luchadores. Fue ese halo de misterio tras las m\u00e1scaras, el que, primero, la llev\u00f3 a hacer amistad con el Amo de los 8 \u00c1ngulos; posteriormente, a verse en primera fila, \u00a1hasta de a gratis! en la Arena Xalapa, [&hellip;]\" \/>\n<meta property=\"og:url\" content=\"https:\/\/lospoliticosveracruz.com\/?p=21569\" \/>\n<meta property=\"og:site_name\" content=\"Los pol\u00edticos Veracruz\" \/>\n<meta property=\"article:publisher\" content=\"https:\/\/www.facebook.com\/people\/Notimemes-de-los-Polticos\/61565672886568\/\" \/>\n<meta property=\"article:published_time\" content=\"2016-02-29T04:09:39+00:00\" \/>\n<meta property=\"og:image\" content=\"http:\/\/www.lospoliticosveracruz.com.mx\/wp-content\/uploads\/2016\/02\/Norma-Bautista-300x204.jpg\" \/>\n<meta name=\"author\" content=\"Lo viste en Los Pol\u00edticos\" \/>\n<meta name=\"twitter:card\" content=\"summary_large_image\" \/>\n<meta name=\"twitter:creator\" content=\"@LosPoliticosVer\" \/>\n<meta name=\"twitter:site\" content=\"@LosPoliticosVer\" \/>\n<meta name=\"twitter:label1\" content=\"Escrito por\" \/>\n\t<meta name=\"twitter:data1\" content=\"Lo viste en Los Pol\u00edticos\" \/>\n\t<meta name=\"twitter:label2\" content=\"Tiempo de lectura\" \/>\n\t<meta name=\"twitter:data2\" content=\"4 minutos\" \/>\n<script type=\"application\/ld+json\" class=\"yoast-schema-graph\">{\"@context\":\"https:\\\/\\\/schema.org\",\"@graph\":[{\"@type\":\"Article\",\"@id\":\"https:\\\/\\\/lospoliticosveracruz.com\\\/?p=21569#article\",\"isPartOf\":{\"@id\":\"https:\\\/\\\/lospoliticosveracruz.com\\\/?p=21569\"},\"author\":{\"name\":\"Lo viste en Los Pol\u00edticos\",\"@id\":\"https:\\\/\\\/lospoliticosveracruz.com\\\/#\\\/schema\\\/person\\\/b8702bb0e538456e6efd07080bf2a4a2\"},\"headline\":\"Norma, la luchadora\",\"datePublished\":\"2016-02-29T04:09:39+00:00\",\"mainEntityOfPage\":{\"@id\":\"https:\\\/\\\/lospoliticosveracruz.com\\\/?p=21569\"},\"wordCount\":771,\"commentCount\":0,\"publisher\":{\"@id\":\"https:\\\/\\\/lospoliticosveracruz.com\\\/#organization\"},\"image\":{\"@id\":\"https:\\\/\\\/lospoliticosveracruz.com\\\/?p=21569#primaryimage\"},\"thumbnailUrl\":\"http:\\\/\\\/www.lospoliticosveracruz.com.mx\\\/wp-content\\\/uploads\\\/2016\\\/02\\\/Norma-Bautista-300x204.jpg\",\"keywords\":[\"CNC\",\"Delfino Bautista S\u00e1nchez\",\"Diputada\",\"El Soberano\",\"Enrique Aburto\",\"Norma Priscilia Bautista Aburto\",\"Octag\u00f3n\"],\"articleSection\":[\"De Opini\u00f3n\"],\"inLanguage\":\"es\",\"potentialAction\":[{\"@type\":\"CommentAction\",\"name\":\"Comment\",\"target\":[\"https:\\\/\\\/lospoliticosveracruz.com\\\/?p=21569#respond\"]}]},{\"@type\":\"WebPage\",\"@id\":\"https:\\\/\\\/lospoliticosveracruz.com\\\/?p=21569\",\"url\":\"https:\\\/\\\/lospoliticosveracruz.com\\\/?p=21569\",\"name\":\"Norma, la luchadora - Los pol\u00edticos Veracruz\",\"isPartOf\":{\"@id\":\"https:\\\/\\\/lospoliticosveracruz.com\\\/#website\"},\"primaryImageOfPage\":{\"@id\":\"https:\\\/\\\/lospoliticosveracruz.com\\\/?p=21569#primaryimage\"},\"image\":{\"@id\":\"https:\\\/\\\/lospoliticosveracruz.com\\\/?p=21569#primaryimage\"},\"thumbnailUrl\":\"http:\\\/\\\/www.lospoliticosveracruz.com.mx\\\/wp-content\\\/uploads\\\/2016\\\/02\\\/Norma-Bautista-300x204.jpg\",\"datePublished\":\"2016-02-29T04:09:39+00:00\",\"breadcrumb\":{\"@id\":\"https:\\\/\\\/lospoliticosveracruz.com\\\/?p=21569#breadcrumb\"},\"inLanguage\":\"es\",\"potentialAction\":[{\"@type\":\"ReadAction\",\"target\":[\"https:\\\/\\\/lospoliticosveracruz.com\\\/?p=21569\"]}]},{\"@type\":\"ImageObject\",\"inLanguage\":\"es\",\"@id\":\"https:\\\/\\\/lospoliticosveracruz.com\\\/?p=21569#primaryimage\",\"url\":\"http:\\\/\\\/www.lospoliticosveracruz.com.mx\\\/wp-content\\\/uploads\\\/2016\\\/02\\\/Norma-Bautista-300x204.jpg\",\"contentUrl\":\"http:\\\/\\\/www.lospoliticosveracruz.com.mx\\\/wp-content\\\/uploads\\\/2016\\\/02\\\/Norma-Bautista-300x204.jpg\"},{\"@type\":\"BreadcrumbList\",\"@id\":\"https:\\\/\\\/lospoliticosveracruz.com\\\/?p=21569#breadcrumb\",\"itemListElement\":[{\"@type\":\"ListItem\",\"position\":1,\"name\":\"Portada\",\"item\":\"https:\\\/\\\/lospoliticosveracruz.com\\\/\"},{\"@type\":\"ListItem\",\"position\":2,\"name\":\"Norma, la luchadora\"}]},{\"@type\":\"WebSite\",\"@id\":\"https:\\\/\\\/lospoliticosveracruz.com\\\/#website\",\"url\":\"https:\\\/\\\/lospoliticosveracruz.com\\\/\",\"name\":\"Los pol\u00edticos Veracruz\",\"description\":\"\",\"publisher\":{\"@id\":\"https:\\\/\\\/lospoliticosveracruz.com\\\/#organization\"},\"potentialAction\":[{\"@type\":\"SearchAction\",\"target\":{\"@type\":\"EntryPoint\",\"urlTemplate\":\"https:\\\/\\\/lospoliticosveracruz.com\\\/?s={search_term_string}\"},\"query-input\":{\"@type\":\"PropertyValueSpecification\",\"valueRequired\":true,\"valueName\":\"search_term_string\"}}],\"inLanguage\":\"es\"},{\"@type\":\"Organization\",\"@id\":\"https:\\\/\\\/lospoliticosveracruz.com\\\/#organization\",\"name\":\"Los pol\u00edticos Veracruz\",\"url\":\"https:\\\/\\\/lospoliticosveracruz.com\\\/\",\"logo\":{\"@type\":\"ImageObject\",\"inLanguage\":\"es\",\"@id\":\"https:\\\/\\\/lospoliticosveracruz.com\\\/#\\\/schema\\\/logo\\\/image\\\/\",\"url\":\"https:\\\/\\\/lospoliticosveracruz.com\\\/wp-content\\\/uploads\\\/2025\\\/12\\\/Logo-Nuevo-LOS-POLITICOS-1.jpg\",\"contentUrl\":\"https:\\\/\\\/lospoliticosveracruz.com\\\/wp-content\\\/uploads\\\/2025\\\/12\\\/Logo-Nuevo-LOS-POLITICOS-1.jpg\",\"width\":260,\"height\":70,\"caption\":\"Los pol\u00edticos Veracruz\"},\"image\":{\"@id\":\"https:\\\/\\\/lospoliticosveracruz.com\\\/#\\\/schema\\\/logo\\\/image\\\/\"},\"sameAs\":[\"https:\\\/\\\/www.facebook.com\\\/people\\\/Notimemes-de-los-Polticos\\\/61565672886568\\\/\",\"https:\\\/\\\/x.com\\\/LosPoliticosVer\"]},{\"@type\":\"Person\",\"@id\":\"https:\\\/\\\/lospoliticosveracruz.com\\\/#\\\/schema\\\/person\\\/b8702bb0e538456e6efd07080bf2a4a2\",\"name\":\"Lo viste en Los Pol\u00edticos\",\"image\":{\"@type\":\"ImageObject\",\"inLanguage\":\"es\",\"@id\":\"https:\\\/\\\/secure.gravatar.com\\\/avatar\\\/3a8de04a2656d44082be478bd6c086daa447c4651605818287b9532d3d0bd435?s=96&d=mm&r=g\",\"url\":\"https:\\\/\\\/secure.gravatar.com\\\/avatar\\\/3a8de04a2656d44082be478bd6c086daa447c4651605818287b9532d3d0bd435?s=96&d=mm&r=g\",\"contentUrl\":\"https:\\\/\\\/secure.gravatar.com\\\/avatar\\\/3a8de04a2656d44082be478bd6c086daa447c4651605818287b9532d3d0bd435?s=96&d=mm&r=g\",\"caption\":\"Lo viste en Los Pol\u00edticos\"},\"url\":\"https:\\\/\\\/lospoliticosveracruz.com\\\/?author=2\"}]}<\/script>\n<!-- \/ Yoast SEO plugin. -->","yoast_head_json":{"title":"Norma, la luchadora - Los pol\u00edticos Veracruz","robots":{"index":"index","follow":"follow","max-snippet":"max-snippet:-1","max-image-preview":"max-image-preview:large","max-video-preview":"max-video-preview:-1"},"canonical":"https:\/\/lospoliticosveracruz.com\/?p=21569","og_locale":"es_ES","og_type":"article","og_title":"Norma, la luchadora - Los pol\u00edticos Veracruz","og_description":"Salvador Mu\u00f1oz Los Pol\u00edticos Cuando ni\u00f1a, ve\u00eda pasar a Octag\u00f3n rumbo a su casa, acompa\u00f1ado de otros luchadores. Fue ese halo de misterio tras las m\u00e1scaras, el que, primero, la llev\u00f3 a hacer amistad con el Amo de los 8 \u00c1ngulos; posteriormente, a verse en primera fila, \u00a1hasta de a gratis! en la Arena Xalapa, [&hellip;]","og_url":"https:\/\/lospoliticosveracruz.com\/?p=21569","og_site_name":"Los pol\u00edticos Veracruz","article_publisher":"https:\/\/www.facebook.com\/people\/Notimemes-de-los-Polticos\/61565672886568\/","article_published_time":"2016-02-29T04:09:39+00:00","og_image":[{"url":"http:\/\/www.lospoliticosveracruz.com.mx\/wp-content\/uploads\/2016\/02\/Norma-Bautista-300x204.jpg","type":"","width":"","height":""}],"author":"Lo viste en Los Pol\u00edticos","twitter_card":"summary_large_image","twitter_creator":"@LosPoliticosVer","twitter_site":"@LosPoliticosVer","twitter_misc":{"Escrito por":"Lo viste en Los Pol\u00edticos","Tiempo de lectura":"4 minutos"},"schema":{"@context":"https:\/\/schema.org","@graph":[{"@type":"Article","@id":"https:\/\/lospoliticosveracruz.com\/?p=21569#article","isPartOf":{"@id":"https:\/\/lospoliticosveracruz.com\/?p=21569"},"author":{"name":"Lo viste en Los Pol\u00edticos","@id":"https:\/\/lospoliticosveracruz.com\/#\/schema\/person\/b8702bb0e538456e6efd07080bf2a4a2"},"headline":"Norma, la luchadora","datePublished":"2016-02-29T04:09:39+00:00","mainEntityOfPage":{"@id":"https:\/\/lospoliticosveracruz.com\/?p=21569"},"wordCount":771,"commentCount":0,"publisher":{"@id":"https:\/\/lospoliticosveracruz.com\/#organization"},"image":{"@id":"https:\/\/lospoliticosveracruz.com\/?p=21569#primaryimage"},"thumbnailUrl":"http:\/\/www.lospoliticosveracruz.com.mx\/wp-content\/uploads\/2016\/02\/Norma-Bautista-300x204.jpg","keywords":["CNC","Delfino Bautista S\u00e1nchez","Diputada","El Soberano","Enrique Aburto","Norma Priscilia Bautista Aburto","Octag\u00f3n"],"articleSection":["De Opini\u00f3n"],"inLanguage":"es","potentialAction":[{"@type":"CommentAction","name":"Comment","target":["https:\/\/lospoliticosveracruz.com\/?p=21569#respond"]}]},{"@type":"WebPage","@id":"https:\/\/lospoliticosveracruz.com\/?p=21569","url":"https:\/\/lospoliticosveracruz.com\/?p=21569","name":"Norma, la luchadora - Los pol\u00edticos Veracruz","isPartOf":{"@id":"https:\/\/lospoliticosveracruz.com\/#website"},"primaryImageOfPage":{"@id":"https:\/\/lospoliticosveracruz.com\/?p=21569#primaryimage"},"image":{"@id":"https:\/\/lospoliticosveracruz.com\/?p=21569#primaryimage"},"thumbnailUrl":"http:\/\/www.lospoliticosveracruz.com.mx\/wp-content\/uploads\/2016\/02\/Norma-Bautista-300x204.jpg","datePublished":"2016-02-29T04:09:39+00:00","breadcrumb":{"@id":"https:\/\/lospoliticosveracruz.com\/?p=21569#breadcrumb"},"inLanguage":"es","potentialAction":[{"@type":"ReadAction","target":["https:\/\/lospoliticosveracruz.com\/?p=21569"]}]},{"@type":"ImageObject","inLanguage":"es","@id":"https:\/\/lospoliticosveracruz.com\/?p=21569#primaryimage","url":"http:\/\/www.lospoliticosveracruz.com.mx\/wp-content\/uploads\/2016\/02\/Norma-Bautista-300x204.jpg","contentUrl":"http:\/\/www.lospoliticosveracruz.com.mx\/wp-content\/uploads\/2016\/02\/Norma-Bautista-300x204.jpg"},{"@type":"BreadcrumbList","@id":"https:\/\/lospoliticosveracruz.com\/?p=21569#breadcrumb","itemListElement":[{"@type":"ListItem","position":1,"name":"Portada","item":"https:\/\/lospoliticosveracruz.com\/"},{"@type":"ListItem","position":2,"name":"Norma, la luchadora"}]},{"@type":"WebSite","@id":"https:\/\/lospoliticosveracruz.com\/#website","url":"https:\/\/lospoliticosveracruz.com\/","name":"Los pol\u00edticos Veracruz","description":"","publisher":{"@id":"https:\/\/lospoliticosveracruz.com\/#organization"},"potentialAction":[{"@type":"SearchAction","target":{"@type":"EntryPoint","urlTemplate":"https:\/\/lospoliticosveracruz.com\/?s={search_term_string}"},"query-input":{"@type":"PropertyValueSpecification","valueRequired":true,"valueName":"search_term_string"}}],"inLanguage":"es"},{"@type":"Organization","@id":"https:\/\/lospoliticosveracruz.com\/#organization","name":"Los pol\u00edticos Veracruz","url":"https:\/\/lospoliticosveracruz.com\/","logo":{"@type":"ImageObject","inLanguage":"es","@id":"https:\/\/lospoliticosveracruz.com\/#\/schema\/logo\/image\/","url":"https:\/\/lospoliticosveracruz.com\/wp-content\/uploads\/2025\/12\/Logo-Nuevo-LOS-POLITICOS-1.jpg","contentUrl":"https:\/\/lospoliticosveracruz.com\/wp-content\/uploads\/2025\/12\/Logo-Nuevo-LOS-POLITICOS-1.jpg","width":260,"height":70,"caption":"Los pol\u00edticos Veracruz"},"image":{"@id":"https:\/\/lospoliticosveracruz.com\/#\/schema\/logo\/image\/"},"sameAs":["https:\/\/www.facebook.com\/people\/Notimemes-de-los-Polticos\/61565672886568\/","https:\/\/x.com\/LosPoliticosVer"]},{"@type":"Person","@id":"https:\/\/lospoliticosveracruz.com\/#\/schema\/person\/b8702bb0e538456e6efd07080bf2a4a2","name":"Lo viste en Los Pol\u00edticos","image":{"@type":"ImageObject","inLanguage":"es","@id":"https:\/\/secure.gravatar.com\/avatar\/3a8de04a2656d44082be478bd6c086daa447c4651605818287b9532d3d0bd435?s=96&d=mm&r=g","url":"https:\/\/secure.gravatar.com\/avatar\/3a8de04a2656d44082be478bd6c086daa447c4651605818287b9532d3d0bd435?s=96&d=mm&r=g","contentUrl":"https:\/\/secure.gravatar.com\/avatar\/3a8de04a2656d44082be478bd6c086daa447c4651605818287b9532d3d0bd435?s=96&d=mm&r=g","caption":"Lo viste en Los Pol\u00edticos"},"url":"https:\/\/lospoliticosveracruz.com\/?author=2"}]}},"_links":{"self":[{"href":"https:\/\/lospoliticosveracruz.com\/index.php?rest_route=\/wp\/v2\/posts\/21569","targetHints":{"allow":["GET"]}}],"collection":[{"href":"https:\/\/lospoliticosveracruz.com\/index.php?rest_route=\/wp\/v2\/posts"}],"about":[{"href":"https:\/\/lospoliticosveracruz.com\/index.php?rest_route=\/wp\/v2\/types\/post"}],"author":[{"embeddable":true,"href":"https:\/\/lospoliticosveracruz.com\/index.php?rest_route=\/wp\/v2\/users\/2"}],"replies":[{"embeddable":true,"href":"https:\/\/lospoliticosveracruz.com\/index.php?rest_route=%2Fwp%2Fv2%2Fcomments&post=21569"}],"version-history":[{"count":1,"href":"https:\/\/lospoliticosveracruz.com\/index.php?rest_route=\/wp\/v2\/posts\/21569\/revisions"}],"predecessor-version":[{"id":21572,"href":"https:\/\/lospoliticosveracruz.com\/index.php?rest_route=\/wp\/v2\/posts\/21569\/revisions\/21572"}],"wp:attachment":[{"href":"https:\/\/lospoliticosveracruz.com\/index.php?rest_route=%2Fwp%2Fv2%2Fmedia&parent=21569"}],"wp:term":[{"taxonomy":"category","embeddable":true,"href":"https:\/\/lospoliticosveracruz.com\/index.php?rest_route=%2Fwp%2Fv2%2Fcategories&post=21569"},{"taxonomy":"post_tag","embeddable":true,"href":"https:\/\/lospoliticosveracruz.com\/index.php?rest_route=%2Fwp%2Fv2%2Ftags&post=21569"}],"curies":[{"name":"wp","href":"https:\/\/api.w.org\/{rel}","templated":true}]}}