{"id":21870,"date":"2016-03-09T19:14:49","date_gmt":"2016-03-10T01:14:49","guid":{"rendered":"http:\/\/www.lospoliticosveracruz.com.mx\/?p=21870"},"modified":"2016-03-09T19:14:49","modified_gmt":"2016-03-10T01:14:49","slug":"que-y-cuanto-falta","status":"publish","type":"post","link":"https:\/\/lospoliticosveracruz.com\/?p=21870","title":{"rendered":"\u00bfQu\u00e9 y cu\u00e1nto falta?"},"content":{"rendered":"<p><a href=\"http:\/\/www.lospoliticosveracruz.com.mx\/wp-content\/uploads\/2016\/03\/brasil-wp.jpg\"><img loading=\"lazy\" decoding=\"async\" class=\"alignnone size-medium wp-image-21871\" src=\"http:\/\/www.lospoliticosveracruz.com.mx\/wp-content\/uploads\/2016\/03\/brasil-wp-300x121.jpg\" alt=\"brasil-wp\" width=\"300\" height=\"121\" \/><\/a><\/p>\n<p><strong>Jorge Arturo Rodr\u00edguez<\/strong><\/p>\n<p><em>Tierra de Babel<\/em><\/p>\n<p>&nbsp;<\/p>\n<p>Hace unos d\u00edas, vi una foto de una mujer joven asesinada, en los matorrales tirada, as\u00ed como si nada. Me qued\u00e9 callado y pens\u00e9 en qu\u00e9 habr\u00eda sido de esa vida. Pero vivimos, o sobrevivimos, en un mundo donde las vidas no valen nada \u2013\u00bfJos\u00e9 Alfredo Jim\u00e9nez?- y las muertes nos son indiferentes, al igual que las desapariciones, secuestros y\u2026 S\u00f3lo hasta que nos pasa, muy cerquita, a la vuelta de la esquina, a un ser querido, es cuando reaccionamos.<\/p>\n<p>El pasado 8 de marzo fue el D\u00eda Internacional de la Mujer y hubo de todo para su celebraci\u00f3n. Eso \u2018ta g\u00fceno, siempre y cuando se valoren los principios que lo vieron nacer, y no s\u00f3lo sea palabrer\u00eda y v\u00e1monos a olvidar otra vez.<\/p>\n<p>Las cifras son muchas y elocuentes. Destaco s\u00f3lo algunas aparecidas en el suplemento Revista del Diario Reforma (6-03-16): 2 mil 502 feminicidios ocurrieron en M\u00e9xico en 2013; 120 mil ataques a mujeres en 2010; primer lugar mundial en ataques sexuales a mujeres en 2010, seg\u00fan la ONU; 31.8% de las mexicanas han sido agredidas en un lugar p\u00fablico; en 2013 hubo 861 muertes maternas en M\u00e9xico; 682 mujeres fueron denunciadas por aborto de 2012 a 2015.<\/p>\n<p>En pol\u00edtica, hay 48 senadoras y 80 senadores; 241 alcaldesas y 2,204 alcaldes; 1 gobernadora (Sonora) y 31 gobernadores; 212 diputadas federales y 288 diputados.<\/p>\n<p>En el terreno laboral, por cada 100 pesos que gana un var\u00f3n con educaci\u00f3n b\u00e1sica, una mujer percibe 78 pesos; por cada 100 pesos que gana un var\u00f3n con educaci\u00f3n superior, la mujer gana 92 pesos; entre 10 y 20 horas semanales m\u00e1s que los hombres dedican las mujeres a quehaceres dom\u00e9sticos. Existen 28.5 millones de mujeres pobres; 5.9 millones de mujeres en pobreza extrema.<\/p>\n<p>La situaci\u00f3n no es nada sencilla y ya llevamos a\u00f1os con esto; se avanza, s\u00ed, pero\u2026 \u00bfQu\u00e9 y cu\u00e1nto falta?<\/p>\n<p>Ese d\u00eda que vi la foto de una mujer joven asesinada, escrib\u00ed el siguiente texto que ahora les comparto.<\/p>\n<p>\u201cUna sola vez (en el sof\u00e1 mugriento y pegado a la ventana por donde la noche entraba apenas turbada por una l\u00e1mpara al pie del refrigerador blanquecino abierto para nada, cerca de la cama pre\u00f1ada de ropas gastadas, a dos cent\u00edmetros de la estufa incierta, juntito a la puerta que cerr\u00f3 ferviente, apasionada, dichosa de amor encontrado que poco despu\u00e9s como un cigarrillo se acab\u00f3 esfumado pero que dej\u00f3 un embri\u00f3n colmado de ese instante de caricias, besos, promesas y exigencias de m\u00e1s, m\u00e1s, m\u00e1s, porque era imperioso saberse viva de abrazos y la penetraci\u00f3n de la delicia, cogi\u00e9ndose ambos para nunca morir, y despu\u00e9s masticar el olvido, tragarlo y vomitar ese pasado mezcla de odio, coraje y desvelos, andarse en la cuerda floja de los d\u00edas y conseguir un bocado de penurias y empujones que dol\u00edan m\u00e1s que el desprecio, la indiferencia, el abandono y por eso, una cosa lleva a la otra, de pronto verse abierta, ajena, sintiendo la soledad en la pared ros\u00e1cea con la que conversaba a cada minuto, a cada hora, para quedarse s\u00f3lo con el quejido y el dolor de la distante alegr\u00eda emponzo\u00f1ada de traiciones), Melisa hizo el amor a sus quince a\u00f1os para tiempo despu\u00e9s amanecer golpeada, violada, un cuerpo sin alma ni reclamos, muerta en las afueras de la ciudad llamada como muchas otras, cierta a no encontrar el camino porque no hubo ni si quiera principio\u201d.<\/p>\n<p><strong>De cinismo y anexas<\/strong><\/p>\n<p>Inmaculada Guti\u00e9rrez Porcel escribi\u00f3 el siguiente microcuento titulado \u201cPeque\u00f1os detalles\u201d: \u201cHoy mi mujer me ha tra\u00eddo flores. Debo de haber muerto\u201d.<\/p>\n<p>Por lo pronto, ah\u00ed se ven.<\/p>\n","protected":false},"excerpt":{"rendered":"<p>Jorge Arturo Rodr\u00edguez Tierra de Babel &nbsp; Hace unos d\u00edas, vi una foto de una mujer joven asesinada, en los matorrales tirada, as\u00ed como si nada. Me qued\u00e9 callado y pens\u00e9 en qu\u00e9 habr\u00eda sido de esa vida. Pero vivimos, o sobrevivimos, en un mundo donde las vidas no valen nada \u2013\u00bfJos\u00e9 Alfredo Jim\u00e9nez?- y [&hellip;]<\/p>\n","protected":false},"author":2,"featured_media":0,"comment_status":"open","ping_status":"open","sticky":false,"template":"","format":"standard","meta":{"tdm_status":"","tdm_grid_status":"","footnotes":""},"categories":[70],"tags":[5051,1257,5050],"class_list":{"0":"post-21870","1":"post","2":"type-post","3":"status-publish","4":"format-standard","6":"category-de-opinion","7":"tag-dia-internacional-de","8":"tag-feminicidio","9":"tag-mujer-asesinada"},"yoast_head":"<!-- This site is optimized with the Yoast SEO plugin v27.4 - https:\/\/yoast.com\/product\/yoast-seo-wordpress\/ -->\n<title>\u00bfQu\u00e9 y cu\u00e1nto falta? - Los pol\u00edticos Veracruz<\/title>\n<meta name=\"robots\" content=\"index, follow, max-snippet:-1, max-image-preview:large, max-video-preview:-1\" \/>\n<link rel=\"canonical\" href=\"https:\/\/lospoliticosveracruz.com\/?p=21870\" \/>\n<meta property=\"og:locale\" content=\"es_ES\" \/>\n<meta property=\"og:type\" content=\"article\" \/>\n<meta property=\"og:title\" content=\"\u00bfQu\u00e9 y cu\u00e1nto falta? - Los pol\u00edticos Veracruz\" \/>\n<meta property=\"og:description\" content=\"Jorge Arturo Rodr\u00edguez Tierra de Babel &nbsp; Hace unos d\u00edas, vi una foto de una mujer joven asesinada, en los matorrales tirada, as\u00ed como si nada. Me qued\u00e9 callado y pens\u00e9 en qu\u00e9 habr\u00eda sido de esa vida. Pero vivimos, o sobrevivimos, en un mundo donde las vidas no valen nada \u2013\u00bfJos\u00e9 Alfredo Jim\u00e9nez?- y [&hellip;]\" \/>\n<meta property=\"og:url\" content=\"https:\/\/lospoliticosveracruz.com\/?p=21870\" \/>\n<meta property=\"og:site_name\" content=\"Los pol\u00edticos Veracruz\" \/>\n<meta property=\"article:publisher\" content=\"https:\/\/www.facebook.com\/people\/Notimemes-de-los-Polticos\/61565672886568\/\" \/>\n<meta property=\"article:published_time\" content=\"2016-03-10T01:14:49+00:00\" \/>\n<meta property=\"og:image\" content=\"http:\/\/www.lospoliticosveracruz.com.mx\/wp-content\/uploads\/2016\/03\/brasil-wp-300x121.jpg\" \/>\n<meta name=\"author\" content=\"Lo viste en Los Pol\u00edticos\" \/>\n<meta name=\"twitter:card\" content=\"summary_large_image\" \/>\n<meta name=\"twitter:creator\" content=\"@LosPoliticosVer\" \/>\n<meta name=\"twitter:site\" content=\"@LosPoliticosVer\" \/>\n<meta name=\"twitter:label1\" content=\"Escrito por\" \/>\n\t<meta name=\"twitter:data1\" content=\"Lo viste en Los Pol\u00edticos\" \/>\n\t<meta name=\"twitter:label2\" content=\"Tiempo de lectura\" \/>\n\t<meta name=\"twitter:data2\" content=\"3 minutos\" \/>\n<script type=\"application\/ld+json\" class=\"yoast-schema-graph\">{\"@context\":\"https:\\\/\\\/schema.org\",\"@graph\":[{\"@type\":\"Article\",\"@id\":\"https:\\\/\\\/lospoliticosveracruz.com\\\/?p=21870#article\",\"isPartOf\":{\"@id\":\"https:\\\/\\\/lospoliticosveracruz.com\\\/?p=21870\"},\"author\":{\"name\":\"Lo viste en Los Pol\u00edticos\",\"@id\":\"https:\\\/\\\/lospoliticosveracruz.com\\\/#\\\/schema\\\/person\\\/b8702bb0e538456e6efd07080bf2a4a2\"},\"headline\":\"\u00bfQu\u00e9 y cu\u00e1nto falta?\",\"datePublished\":\"2016-03-10T01:14:49+00:00\",\"mainEntityOfPage\":{\"@id\":\"https:\\\/\\\/lospoliticosveracruz.com\\\/?p=21870\"},\"wordCount\":632,\"commentCount\":0,\"publisher\":{\"@id\":\"https:\\\/\\\/lospoliticosveracruz.com\\\/#organization\"},\"image\":{\"@id\":\"https:\\\/\\\/lospoliticosveracruz.com\\\/?p=21870#primaryimage\"},\"thumbnailUrl\":\"http:\\\/\\\/www.lospoliticosveracruz.com.mx\\\/wp-content\\\/uploads\\\/2016\\\/03\\\/brasil-wp-300x121.jpg\",\"keywords\":[\"D\u00eda Internacional de\",\"feminicidio\",\"Mujer asesinada\"],\"articleSection\":[\"De Opini\u00f3n\"],\"inLanguage\":\"es\",\"potentialAction\":[{\"@type\":\"CommentAction\",\"name\":\"Comment\",\"target\":[\"https:\\\/\\\/lospoliticosveracruz.com\\\/?p=21870#respond\"]}]},{\"@type\":\"WebPage\",\"@id\":\"https:\\\/\\\/lospoliticosveracruz.com\\\/?p=21870\",\"url\":\"https:\\\/\\\/lospoliticosveracruz.com\\\/?p=21870\",\"name\":\"\u00bfQu\u00e9 y cu\u00e1nto falta? - Los pol\u00edticos Veracruz\",\"isPartOf\":{\"@id\":\"https:\\\/\\\/lospoliticosveracruz.com\\\/#website\"},\"primaryImageOfPage\":{\"@id\":\"https:\\\/\\\/lospoliticosveracruz.com\\\/?p=21870#primaryimage\"},\"image\":{\"@id\":\"https:\\\/\\\/lospoliticosveracruz.com\\\/?p=21870#primaryimage\"},\"thumbnailUrl\":\"http:\\\/\\\/www.lospoliticosveracruz.com.mx\\\/wp-content\\\/uploads\\\/2016\\\/03\\\/brasil-wp-300x121.jpg\",\"datePublished\":\"2016-03-10T01:14:49+00:00\",\"breadcrumb\":{\"@id\":\"https:\\\/\\\/lospoliticosveracruz.com\\\/?p=21870#breadcrumb\"},\"inLanguage\":\"es\",\"potentialAction\":[{\"@type\":\"ReadAction\",\"target\":[\"https:\\\/\\\/lospoliticosveracruz.com\\\/?p=21870\"]}]},{\"@type\":\"ImageObject\",\"inLanguage\":\"es\",\"@id\":\"https:\\\/\\\/lospoliticosveracruz.com\\\/?p=21870#primaryimage\",\"url\":\"http:\\\/\\\/www.lospoliticosveracruz.com.mx\\\/wp-content\\\/uploads\\\/2016\\\/03\\\/brasil-wp-300x121.jpg\",\"contentUrl\":\"http:\\\/\\\/www.lospoliticosveracruz.com.mx\\\/wp-content\\\/uploads\\\/2016\\\/03\\\/brasil-wp-300x121.jpg\"},{\"@type\":\"BreadcrumbList\",\"@id\":\"https:\\\/\\\/lospoliticosveracruz.com\\\/?p=21870#breadcrumb\",\"itemListElement\":[{\"@type\":\"ListItem\",\"position\":1,\"name\":\"Portada\",\"item\":\"https:\\\/\\\/lospoliticosveracruz.com\\\/\"},{\"@type\":\"ListItem\",\"position\":2,\"name\":\"\u00bfQu\u00e9 y cu\u00e1nto falta?\"}]},{\"@type\":\"WebSite\",\"@id\":\"https:\\\/\\\/lospoliticosveracruz.com\\\/#website\",\"url\":\"https:\\\/\\\/lospoliticosveracruz.com\\\/\",\"name\":\"Los pol\u00edticos Veracruz\",\"description\":\"\",\"publisher\":{\"@id\":\"https:\\\/\\\/lospoliticosveracruz.com\\\/#organization\"},\"potentialAction\":[{\"@type\":\"SearchAction\",\"target\":{\"@type\":\"EntryPoint\",\"urlTemplate\":\"https:\\\/\\\/lospoliticosveracruz.com\\\/?s={search_term_string}\"},\"query-input\":{\"@type\":\"PropertyValueSpecification\",\"valueRequired\":true,\"valueName\":\"search_term_string\"}}],\"inLanguage\":\"es\"},{\"@type\":\"Organization\",\"@id\":\"https:\\\/\\\/lospoliticosveracruz.com\\\/#organization\",\"name\":\"Los pol\u00edticos Veracruz\",\"url\":\"https:\\\/\\\/lospoliticosveracruz.com\\\/\",\"logo\":{\"@type\":\"ImageObject\",\"inLanguage\":\"es\",\"@id\":\"https:\\\/\\\/lospoliticosveracruz.com\\\/#\\\/schema\\\/logo\\\/image\\\/\",\"url\":\"https:\\\/\\\/lospoliticosveracruz.com\\\/wp-content\\\/uploads\\\/2025\\\/12\\\/Logo-Nuevo-LOS-POLITICOS-1.jpg\",\"contentUrl\":\"https:\\\/\\\/lospoliticosveracruz.com\\\/wp-content\\\/uploads\\\/2025\\\/12\\\/Logo-Nuevo-LOS-POLITICOS-1.jpg\",\"width\":260,\"height\":70,\"caption\":\"Los pol\u00edticos Veracruz\"},\"image\":{\"@id\":\"https:\\\/\\\/lospoliticosveracruz.com\\\/#\\\/schema\\\/logo\\\/image\\\/\"},\"sameAs\":[\"https:\\\/\\\/www.facebook.com\\\/people\\\/Notimemes-de-los-Polticos\\\/61565672886568\\\/\",\"https:\\\/\\\/x.com\\\/LosPoliticosVer\"]},{\"@type\":\"Person\",\"@id\":\"https:\\\/\\\/lospoliticosveracruz.com\\\/#\\\/schema\\\/person\\\/b8702bb0e538456e6efd07080bf2a4a2\",\"name\":\"Lo viste en Los Pol\u00edticos\",\"image\":{\"@type\":\"ImageObject\",\"inLanguage\":\"es\",\"@id\":\"https:\\\/\\\/secure.gravatar.com\\\/avatar\\\/3a8de04a2656d44082be478bd6c086daa447c4651605818287b9532d3d0bd435?s=96&d=mm&r=g\",\"url\":\"https:\\\/\\\/secure.gravatar.com\\\/avatar\\\/3a8de04a2656d44082be478bd6c086daa447c4651605818287b9532d3d0bd435?s=96&d=mm&r=g\",\"contentUrl\":\"https:\\\/\\\/secure.gravatar.com\\\/avatar\\\/3a8de04a2656d44082be478bd6c086daa447c4651605818287b9532d3d0bd435?s=96&d=mm&r=g\",\"caption\":\"Lo viste en Los Pol\u00edticos\"},\"url\":\"https:\\\/\\\/lospoliticosveracruz.com\\\/?author=2\"}]}<\/script>\n<!-- \/ Yoast SEO plugin. -->","yoast_head_json":{"title":"\u00bfQu\u00e9 y cu\u00e1nto falta? - Los pol\u00edticos Veracruz","robots":{"index":"index","follow":"follow","max-snippet":"max-snippet:-1","max-image-preview":"max-image-preview:large","max-video-preview":"max-video-preview:-1"},"canonical":"https:\/\/lospoliticosveracruz.com\/?p=21870","og_locale":"es_ES","og_type":"article","og_title":"\u00bfQu\u00e9 y cu\u00e1nto falta? - Los pol\u00edticos Veracruz","og_description":"Jorge Arturo Rodr\u00edguez Tierra de Babel &nbsp; Hace unos d\u00edas, vi una foto de una mujer joven asesinada, en los matorrales tirada, as\u00ed como si nada. Me qued\u00e9 callado y pens\u00e9 en qu\u00e9 habr\u00eda sido de esa vida. Pero vivimos, o sobrevivimos, en un mundo donde las vidas no valen nada \u2013\u00bfJos\u00e9 Alfredo Jim\u00e9nez?- y [&hellip;]","og_url":"https:\/\/lospoliticosveracruz.com\/?p=21870","og_site_name":"Los pol\u00edticos Veracruz","article_publisher":"https:\/\/www.facebook.com\/people\/Notimemes-de-los-Polticos\/61565672886568\/","article_published_time":"2016-03-10T01:14:49+00:00","og_image":[{"url":"http:\/\/www.lospoliticosveracruz.com.mx\/wp-content\/uploads\/2016\/03\/brasil-wp-300x121.jpg","type":"","width":"","height":""}],"author":"Lo viste en Los Pol\u00edticos","twitter_card":"summary_large_image","twitter_creator":"@LosPoliticosVer","twitter_site":"@LosPoliticosVer","twitter_misc":{"Escrito por":"Lo viste en Los Pol\u00edticos","Tiempo de lectura":"3 minutos"},"schema":{"@context":"https:\/\/schema.org","@graph":[{"@type":"Article","@id":"https:\/\/lospoliticosveracruz.com\/?p=21870#article","isPartOf":{"@id":"https:\/\/lospoliticosveracruz.com\/?p=21870"},"author":{"name":"Lo viste en Los Pol\u00edticos","@id":"https:\/\/lospoliticosveracruz.com\/#\/schema\/person\/b8702bb0e538456e6efd07080bf2a4a2"},"headline":"\u00bfQu\u00e9 y cu\u00e1nto falta?","datePublished":"2016-03-10T01:14:49+00:00","mainEntityOfPage":{"@id":"https:\/\/lospoliticosveracruz.com\/?p=21870"},"wordCount":632,"commentCount":0,"publisher":{"@id":"https:\/\/lospoliticosveracruz.com\/#organization"},"image":{"@id":"https:\/\/lospoliticosveracruz.com\/?p=21870#primaryimage"},"thumbnailUrl":"http:\/\/www.lospoliticosveracruz.com.mx\/wp-content\/uploads\/2016\/03\/brasil-wp-300x121.jpg","keywords":["D\u00eda Internacional de","feminicidio","Mujer asesinada"],"articleSection":["De Opini\u00f3n"],"inLanguage":"es","potentialAction":[{"@type":"CommentAction","name":"Comment","target":["https:\/\/lospoliticosveracruz.com\/?p=21870#respond"]}]},{"@type":"WebPage","@id":"https:\/\/lospoliticosveracruz.com\/?p=21870","url":"https:\/\/lospoliticosveracruz.com\/?p=21870","name":"\u00bfQu\u00e9 y cu\u00e1nto falta? - Los pol\u00edticos Veracruz","isPartOf":{"@id":"https:\/\/lospoliticosveracruz.com\/#website"},"primaryImageOfPage":{"@id":"https:\/\/lospoliticosveracruz.com\/?p=21870#primaryimage"},"image":{"@id":"https:\/\/lospoliticosveracruz.com\/?p=21870#primaryimage"},"thumbnailUrl":"http:\/\/www.lospoliticosveracruz.com.mx\/wp-content\/uploads\/2016\/03\/brasil-wp-300x121.jpg","datePublished":"2016-03-10T01:14:49+00:00","breadcrumb":{"@id":"https:\/\/lospoliticosveracruz.com\/?p=21870#breadcrumb"},"inLanguage":"es","potentialAction":[{"@type":"ReadAction","target":["https:\/\/lospoliticosveracruz.com\/?p=21870"]}]},{"@type":"ImageObject","inLanguage":"es","@id":"https:\/\/lospoliticosveracruz.com\/?p=21870#primaryimage","url":"http:\/\/www.lospoliticosveracruz.com.mx\/wp-content\/uploads\/2016\/03\/brasil-wp-300x121.jpg","contentUrl":"http:\/\/www.lospoliticosveracruz.com.mx\/wp-content\/uploads\/2016\/03\/brasil-wp-300x121.jpg"},{"@type":"BreadcrumbList","@id":"https:\/\/lospoliticosveracruz.com\/?p=21870#breadcrumb","itemListElement":[{"@type":"ListItem","position":1,"name":"Portada","item":"https:\/\/lospoliticosveracruz.com\/"},{"@type":"ListItem","position":2,"name":"\u00bfQu\u00e9 y cu\u00e1nto falta?"}]},{"@type":"WebSite","@id":"https:\/\/lospoliticosveracruz.com\/#website","url":"https:\/\/lospoliticosveracruz.com\/","name":"Los pol\u00edticos Veracruz","description":"","publisher":{"@id":"https:\/\/lospoliticosveracruz.com\/#organization"},"potentialAction":[{"@type":"SearchAction","target":{"@type":"EntryPoint","urlTemplate":"https:\/\/lospoliticosveracruz.com\/?s={search_term_string}"},"query-input":{"@type":"PropertyValueSpecification","valueRequired":true,"valueName":"search_term_string"}}],"inLanguage":"es"},{"@type":"Organization","@id":"https:\/\/lospoliticosveracruz.com\/#organization","name":"Los pol\u00edticos Veracruz","url":"https:\/\/lospoliticosveracruz.com\/","logo":{"@type":"ImageObject","inLanguage":"es","@id":"https:\/\/lospoliticosveracruz.com\/#\/schema\/logo\/image\/","url":"https:\/\/lospoliticosveracruz.com\/wp-content\/uploads\/2025\/12\/Logo-Nuevo-LOS-POLITICOS-1.jpg","contentUrl":"https:\/\/lospoliticosveracruz.com\/wp-content\/uploads\/2025\/12\/Logo-Nuevo-LOS-POLITICOS-1.jpg","width":260,"height":70,"caption":"Los pol\u00edticos Veracruz"},"image":{"@id":"https:\/\/lospoliticosveracruz.com\/#\/schema\/logo\/image\/"},"sameAs":["https:\/\/www.facebook.com\/people\/Notimemes-de-los-Polticos\/61565672886568\/","https:\/\/x.com\/LosPoliticosVer"]},{"@type":"Person","@id":"https:\/\/lospoliticosveracruz.com\/#\/schema\/person\/b8702bb0e538456e6efd07080bf2a4a2","name":"Lo viste en Los Pol\u00edticos","image":{"@type":"ImageObject","inLanguage":"es","@id":"https:\/\/secure.gravatar.com\/avatar\/3a8de04a2656d44082be478bd6c086daa447c4651605818287b9532d3d0bd435?s=96&d=mm&r=g","url":"https:\/\/secure.gravatar.com\/avatar\/3a8de04a2656d44082be478bd6c086daa447c4651605818287b9532d3d0bd435?s=96&d=mm&r=g","contentUrl":"https:\/\/secure.gravatar.com\/avatar\/3a8de04a2656d44082be478bd6c086daa447c4651605818287b9532d3d0bd435?s=96&d=mm&r=g","caption":"Lo viste en Los Pol\u00edticos"},"url":"https:\/\/lospoliticosveracruz.com\/?author=2"}]}},"_links":{"self":[{"href":"https:\/\/lospoliticosveracruz.com\/index.php?rest_route=\/wp\/v2\/posts\/21870","targetHints":{"allow":["GET"]}}],"collection":[{"href":"https:\/\/lospoliticosveracruz.com\/index.php?rest_route=\/wp\/v2\/posts"}],"about":[{"href":"https:\/\/lospoliticosveracruz.com\/index.php?rest_route=\/wp\/v2\/types\/post"}],"author":[{"embeddable":true,"href":"https:\/\/lospoliticosveracruz.com\/index.php?rest_route=\/wp\/v2\/users\/2"}],"replies":[{"embeddable":true,"href":"https:\/\/lospoliticosveracruz.com\/index.php?rest_route=%2Fwp%2Fv2%2Fcomments&post=21870"}],"version-history":[{"count":2,"href":"https:\/\/lospoliticosveracruz.com\/index.php?rest_route=\/wp\/v2\/posts\/21870\/revisions"}],"predecessor-version":[{"id":21873,"href":"https:\/\/lospoliticosveracruz.com\/index.php?rest_route=\/wp\/v2\/posts\/21870\/revisions\/21873"}],"wp:attachment":[{"href":"https:\/\/lospoliticosveracruz.com\/index.php?rest_route=%2Fwp%2Fv2%2Fmedia&parent=21870"}],"wp:term":[{"taxonomy":"category","embeddable":true,"href":"https:\/\/lospoliticosveracruz.com\/index.php?rest_route=%2Fwp%2Fv2%2Fcategories&post=21870"},{"taxonomy":"post_tag","embeddable":true,"href":"https:\/\/lospoliticosveracruz.com\/index.php?rest_route=%2Fwp%2Fv2%2Ftags&post=21870"}],"curies":[{"name":"wp","href":"https:\/\/api.w.org\/{rel}","templated":true}]}}