{"id":21874,"date":"2016-03-09T21:49:39","date_gmt":"2016-03-10T03:49:39","guid":{"rendered":"http:\/\/www.lospoliticosveracruz.com.mx\/?p=21874"},"modified":"2016-03-09T21:49:39","modified_gmt":"2016-03-10T03:49:39","slug":"alamo-y-papantla-la-division-perredista","status":"publish","type":"post","link":"https:\/\/lospoliticosveracruz.com\/?p=21874","title":{"rendered":"\u00c1lamo y Papantla, la divisi\u00f3n perredista"},"content":{"rendered":"<p><a href=\"http:\/\/www.lospoliticosveracruz.com.mx\/wp-content\/uploads\/2016\/03\/Alianza-PRD-PAN.jpg\"><img loading=\"lazy\" decoding=\"async\" class=\"alignnone size-medium wp-image-21875\" src=\"http:\/\/www.lospoliticosveracruz.com.mx\/wp-content\/uploads\/2016\/03\/Alianza-PRD-PAN-300x203.jpg\" alt=\"Alianza-PRD-PAN\" width=\"300\" height=\"203\" \/><\/a><\/p>\n<p><strong>Luis Alberto Romero<\/strong><\/p>\n<p><em>Hora Cero<\/em><\/p>\n<p>&nbsp;<\/p>\n<p>La alianza entre los partidos Acci\u00f3n Nacional y de la Revoluci\u00f3n Democr\u00e1tica podr\u00eda fracasar en el distrito de \u00c1lamo Temapache, donde ex alcalde y actual diputado local, Jorge Vera Hern\u00e1ndez, mantiene un fuerte enfrentamiento, casi una guerra sin cuartel, con el regidor perredista Esteban Arg\u00fcelles Ram\u00edrez, aspirante a la diputaci\u00f3n local.<\/p>\n<p>Desde ese municipio nos comentan que la divisi\u00f3n fue evidente en la elecci\u00f3n interna del pasado domingo, cuando Vera Hern\u00e1ndez carg\u00f3 los dados para favorecer al alcalde con licencia de Zacualpan, Juli\u00e1n Luna Garc\u00eda, a la postre ganador del proceso para seleccionar candidato a diputado.<\/p>\n<p>En Papantla, tambi\u00e9n al norte del estado, ocurre algo parecido: prevalecen diferencias entre los grupos, por la selecci\u00f3n del candidato a diputado local.<\/p>\n<p>En ese municipio, las pugnas no s\u00f3lo se registran al interior del Sol Azteca, se producen en el seno de la familia del alcalde Marcos Romero S\u00e1nchez, cuyo hermano, Ricardo Romero, le acusa por excluir a su sobrina, \u00c9rika Romero Copca, ex candidata a la diputaci\u00f3n federal por el PRD, para beneficiar a Salom\u00f3n Garc\u00eda Malpica, el cuestionado dirigente de la organizaci\u00f3n Uni\u00f3n Veracruzana de Pueblos Olvidados, Uverpo.<\/p>\n<p>Garc\u00eda Malpica busca ser diputado local por la alianza PAN-PRD. Se le recuerda como uno de los protagonistas del bloqueo a pozos petroleros en la zona norte; por esos hechos, ocurridos en noviembre de 2011 en la Reforma Escol\u00edn, estuvo preso en el penal de Villa Aldama (causa penal 91\/2011).<\/p>\n<p>A pesar de ello, Salom\u00f3n Garc\u00eda fue incluido en la lista de precandidatos a la diputaci\u00f3n local por el distrito de Papantla. Su postulaci\u00f3n es pr\u00e1cticamente un hecho; antes hab\u00edan declinado Aracely Garc\u00eda Morgado, Alfredo Ram\u00edrez Bernab\u00e9 y Oliverio B\u00e1ez Garc\u00eda; en ese distrito no hubo elecci\u00f3n interna.<\/p>\n<p>&nbsp;<\/p>\n<p><strong>Sof\u00eda de Le\u00f3n destaca en San L\u00e1zaro<\/strong><\/p>\n<p>El pasado martes, en el marco del D\u00eda Internacional de la Mujer, la diputada federal por el distrito de P\u00e1nuco, Sof\u00eda de Le\u00f3n Maza, fue la encargada de subir la m\u00e1xima tribunal del pa\u00eds para hablar en representaci\u00f3n de la fracci\u00f3n priista; dijo que las mujeres del partido seguir\u00e1n luchando por la igualdad de g\u00e9nero y que esa fuerza pol\u00edtica considera necesario contribuir a un correcto desarrollo social del sector femenino de nuestro pa\u00eds.<\/p>\n<p>De igual forma, De Le\u00f3n Maza apunt\u00f3 que \u201cuna sociedad culturalmente desarrollada tendr\u00e1 una mayor capacidad para entender su entorno y estar\u00e1 mejor capacitada para entender identificar oportunidades de desarrollo\u201d.<\/p>\n<p>La legisladora federal por el distrito I de Veracruz recibi\u00f3 el reconocimiento de los miembros de la C\u00e1mara Baja.<\/p>\n<p>&nbsp;<\/p>\n<p><strong>Nada definido, en Xalapa<\/strong><\/p>\n<p>Nada para nadie en el distrito de Xalapa en lo que a las diputaciones locales se refiere.<\/p>\n<p>Unos d\u00edas antes del 16, seguramente el precandidato del PRI, H\u00e9ctor Yunes Landa, palomear\u00e1 las propuestas, pero lo que suena en el ambiente es que ser\u00e1 qui\u00e9n m\u00e1s camine, quien m\u00e1s simpat\u00eda represente.<\/p>\n<p>\u00bfEs Xalapa un distrito dif\u00edcil? Todos lo saben, lo mismo en la zona rural que en la urbana. Los grupos pol\u00edticos de tradici\u00f3n quieren cuidar su imagen y no ser blanco de desgracia pol\u00edtica, como ya ha sucedido en elecciones recientes.<\/p>\n<p>Por ello, quienes se apuntan en esta contienda son personas j\u00f3venes que no le temen a la aventura; es el caso de Rodrigo Montoya Rivera.<\/p>\n<p>El l\u00edder juvenil sabe que tiene algunas circunstancias en contra y el propio pulso pol\u00edtico de una de las ciudades m\u00e1s complicadas para el PRI en el estado, pero entonces \u00bfpor qu\u00e9 su inter\u00e9s por competir? Eso es algo que seguramente tomar\u00e1n en cuenta quienes tienen la decisi\u00f3n en sus manos.<\/p>\n<p><strong>La Huasteca y sus malas carreteras<\/strong><\/p>\n<p>En Tamaulipas hay quejas por el mal estado que presentan las carreteras veracruzanas y en particular, por la falta de inversi\u00f3n en la infraestructura de comunicaciones.<\/p>\n<p>El presidente del Consejo de Instituciones Empresariales del Sur de Tamaulipas y las Huastecas, Jos\u00e9 Luis S\u00e1nchez Garza, se\u00f1al\u00f3 que las malas carreteras ahuyentan al turismo que visita el sur de la entidad gobernada por Egidio Torre Cant\u00fa.<\/p>\n<p>Las fallas mec\u00e1nicas, sobre todo en la suspensi\u00f3n, de los autom\u00f3viles, as\u00ed como lo tortuoso del camino, hacen que quienes visitan la zona, no regresen, expuso el empresario, quien tambi\u00e9n se quej\u00f3 por la falta de inversi\u00f3n en dicho sector; dijo que el gobierno federal ha olvidado las eternas promesas de modernizaci\u00f3n de la infraestructura y de la construcci\u00f3n de nuevas v\u00edas, como la que unir\u00eda a Tuxpan, Veracruz, con Tampico, Tamaulipas.<\/p>\n<p>El problema es muy simple: las malas carreteras no s\u00f3lo ahuyentan al turismo, sino que frenan la inversi\u00f3n y pr\u00e1cticamente a\u00edslan a la Huasteca.<\/p>\n<p>Desafortunadamente, todo parece indicar que la inversi\u00f3n en las carreteras quedar\u00e1 pendiente este a\u00f1o, dado el recorte presupuestal anunciado para diferentes dependencias del gobierno federal, como la Secretar\u00eda de Comunicaciones y Transportes, que este a\u00f1o ejercer\u00e1 12 mil millones de pesos menos que lo estimado en el Presupuesto de Egresos.<\/p>\n<p>De acuerdo con el anuncio de Gerardo Ruiz Esparza, el recorte a la SCT\u00a0 impedir\u00e1 el desarrollo, este a\u00f1o, de al menos 20 proyectos carreteros.<\/p>\n<p>&nbsp;<\/p>\n<p>@luisromero85<\/p>\n","protected":false},"excerpt":{"rendered":"<p>Luis Alberto Romero Hora Cero &nbsp; La alianza entre los partidos Acci\u00f3n Nacional y de la Revoluci\u00f3n Democr\u00e1tica podr\u00eda fracasar en el distrito de \u00c1lamo Temapache, donde ex alcalde y actual diputado local, Jorge Vera Hern\u00e1ndez, mantiene un fuerte enfrentamiento, casi una guerra sin cuartel, con el regidor perredista Esteban Arg\u00fcelles Ram\u00edrez, aspirante a la [&hellip;]<\/p>\n","protected":false},"author":2,"featured_media":0,"comment_status":"open","ping_status":"open","sticky":false,"template":"","format":"standard","meta":{"tdm_status":"","tdm_grid_status":"","footnotes":""},"categories":[70],"tags":[5053,5052,2810,5054,3315,2738,3041],"class_list":{"0":"post-21874","1":"post","2":"type-post","3":"status-publish","4":"format-standard","6":"category-de-opinion","7":"tag-erika-romero-copca","8":"tag-esteban-arguelles-ramirez","9":"tag-jorge-vera-hernandez","10":"tag-julian-luna-garcia","11":"tag-papantla","12":"tag-rodrigo-montoya-rivera","13":"tag-sofia-de-leon-maza"},"yoast_head":"<!-- This site is optimized with the Yoast SEO plugin v27.4 - https:\/\/yoast.com\/product\/yoast-seo-wordpress\/ -->\n<title>\u00c1lamo y Papantla, la divisi\u00f3n perredista - Los pol\u00edticos Veracruz<\/title>\n<meta name=\"robots\" content=\"index, follow, max-snippet:-1, max-image-preview:large, max-video-preview:-1\" \/>\n<link rel=\"canonical\" href=\"https:\/\/lospoliticosveracruz.com\/?p=21874\" \/>\n<meta property=\"og:locale\" content=\"es_ES\" \/>\n<meta property=\"og:type\" content=\"article\" \/>\n<meta property=\"og:title\" content=\"\u00c1lamo y Papantla, la divisi\u00f3n perredista - Los pol\u00edticos Veracruz\" \/>\n<meta property=\"og:description\" content=\"Luis Alberto Romero Hora Cero &nbsp; La alianza entre los partidos Acci\u00f3n Nacional y de la Revoluci\u00f3n Democr\u00e1tica podr\u00eda fracasar en el distrito de \u00c1lamo Temapache, donde ex alcalde y actual diputado local, Jorge Vera Hern\u00e1ndez, mantiene un fuerte enfrentamiento, casi una guerra sin cuartel, con el regidor perredista Esteban Arg\u00fcelles Ram\u00edrez, aspirante a la [&hellip;]\" \/>\n<meta property=\"og:url\" content=\"https:\/\/lospoliticosveracruz.com\/?p=21874\" \/>\n<meta property=\"og:site_name\" content=\"Los pol\u00edticos Veracruz\" \/>\n<meta property=\"article:publisher\" content=\"https:\/\/www.facebook.com\/people\/Notimemes-de-los-Polticos\/61565672886568\/\" \/>\n<meta property=\"article:published_time\" content=\"2016-03-10T03:49:39+00:00\" \/>\n<meta property=\"og:image\" content=\"http:\/\/www.lospoliticosveracruz.com.mx\/wp-content\/uploads\/2016\/03\/Alianza-PRD-PAN-300x203.jpg\" \/>\n<meta name=\"author\" content=\"Lo viste en Los Pol\u00edticos\" \/>\n<meta name=\"twitter:card\" content=\"summary_large_image\" \/>\n<meta name=\"twitter:creator\" content=\"@LosPoliticosVer\" \/>\n<meta name=\"twitter:site\" content=\"@LosPoliticosVer\" \/>\n<meta name=\"twitter:label1\" content=\"Escrito por\" \/>\n\t<meta name=\"twitter:data1\" content=\"Lo viste en Los Pol\u00edticos\" \/>\n\t<meta name=\"twitter:label2\" content=\"Tiempo de lectura\" \/>\n\t<meta name=\"twitter:data2\" content=\"5 minutos\" \/>\n<script type=\"application\/ld+json\" class=\"yoast-schema-graph\">{\"@context\":\"https:\\\/\\\/schema.org\",\"@graph\":[{\"@type\":\"Article\",\"@id\":\"https:\\\/\\\/lospoliticosveracruz.com\\\/?p=21874#article\",\"isPartOf\":{\"@id\":\"https:\\\/\\\/lospoliticosveracruz.com\\\/?p=21874\"},\"author\":{\"name\":\"Lo viste en Los Pol\u00edticos\",\"@id\":\"https:\\\/\\\/lospoliticosveracruz.com\\\/#\\\/schema\\\/person\\\/b8702bb0e538456e6efd07080bf2a4a2\"},\"headline\":\"\u00c1lamo y Papantla, la divisi\u00f3n perredista\",\"datePublished\":\"2016-03-10T03:49:39+00:00\",\"mainEntityOfPage\":{\"@id\":\"https:\\\/\\\/lospoliticosveracruz.com\\\/?p=21874\"},\"wordCount\":929,\"commentCount\":0,\"publisher\":{\"@id\":\"https:\\\/\\\/lospoliticosveracruz.com\\\/#organization\"},\"image\":{\"@id\":\"https:\\\/\\\/lospoliticosveracruz.com\\\/?p=21874#primaryimage\"},\"thumbnailUrl\":\"http:\\\/\\\/www.lospoliticosveracruz.com.mx\\\/wp-content\\\/uploads\\\/2016\\\/03\\\/Alianza-PRD-PAN-300x203.jpg\",\"keywords\":[\"\u00c9rika Romero Copca\",\"Esteban Arg\u00fcelles Ram\u00edrez\",\"Jorge Vera Hern\u00e1ndez\",\"Juli\u00e1n Luna Garc\u00eda\",\"Papantla\",\"Rodrigo Montoya Rivera\",\"Sof\u00eda de Le\u00f3n Maza\"],\"articleSection\":[\"De Opini\u00f3n\"],\"inLanguage\":\"es\",\"potentialAction\":[{\"@type\":\"CommentAction\",\"name\":\"Comment\",\"target\":[\"https:\\\/\\\/lospoliticosveracruz.com\\\/?p=21874#respond\"]}]},{\"@type\":\"WebPage\",\"@id\":\"https:\\\/\\\/lospoliticosveracruz.com\\\/?p=21874\",\"url\":\"https:\\\/\\\/lospoliticosveracruz.com\\\/?p=21874\",\"name\":\"\u00c1lamo y Papantla, la divisi\u00f3n perredista - Los pol\u00edticos Veracruz\",\"isPartOf\":{\"@id\":\"https:\\\/\\\/lospoliticosveracruz.com\\\/#website\"},\"primaryImageOfPage\":{\"@id\":\"https:\\\/\\\/lospoliticosveracruz.com\\\/?p=21874#primaryimage\"},\"image\":{\"@id\":\"https:\\\/\\\/lospoliticosveracruz.com\\\/?p=21874#primaryimage\"},\"thumbnailUrl\":\"http:\\\/\\\/www.lospoliticosveracruz.com.mx\\\/wp-content\\\/uploads\\\/2016\\\/03\\\/Alianza-PRD-PAN-300x203.jpg\",\"datePublished\":\"2016-03-10T03:49:39+00:00\",\"breadcrumb\":{\"@id\":\"https:\\\/\\\/lospoliticosveracruz.com\\\/?p=21874#breadcrumb\"},\"inLanguage\":\"es\",\"potentialAction\":[{\"@type\":\"ReadAction\",\"target\":[\"https:\\\/\\\/lospoliticosveracruz.com\\\/?p=21874\"]}]},{\"@type\":\"ImageObject\",\"inLanguage\":\"es\",\"@id\":\"https:\\\/\\\/lospoliticosveracruz.com\\\/?p=21874#primaryimage\",\"url\":\"http:\\\/\\\/www.lospoliticosveracruz.com.mx\\\/wp-content\\\/uploads\\\/2016\\\/03\\\/Alianza-PRD-PAN-300x203.jpg\",\"contentUrl\":\"http:\\\/\\\/www.lospoliticosveracruz.com.mx\\\/wp-content\\\/uploads\\\/2016\\\/03\\\/Alianza-PRD-PAN-300x203.jpg\"},{\"@type\":\"BreadcrumbList\",\"@id\":\"https:\\\/\\\/lospoliticosveracruz.com\\\/?p=21874#breadcrumb\",\"itemListElement\":[{\"@type\":\"ListItem\",\"position\":1,\"name\":\"Portada\",\"item\":\"https:\\\/\\\/lospoliticosveracruz.com\\\/\"},{\"@type\":\"ListItem\",\"position\":2,\"name\":\"\u00c1lamo y Papantla, la divisi\u00f3n perredista\"}]},{\"@type\":\"WebSite\",\"@id\":\"https:\\\/\\\/lospoliticosveracruz.com\\\/#website\",\"url\":\"https:\\\/\\\/lospoliticosveracruz.com\\\/\",\"name\":\"Los pol\u00edticos Veracruz\",\"description\":\"\",\"publisher\":{\"@id\":\"https:\\\/\\\/lospoliticosveracruz.com\\\/#organization\"},\"potentialAction\":[{\"@type\":\"SearchAction\",\"target\":{\"@type\":\"EntryPoint\",\"urlTemplate\":\"https:\\\/\\\/lospoliticosveracruz.com\\\/?s={search_term_string}\"},\"query-input\":{\"@type\":\"PropertyValueSpecification\",\"valueRequired\":true,\"valueName\":\"search_term_string\"}}],\"inLanguage\":\"es\"},{\"@type\":\"Organization\",\"@id\":\"https:\\\/\\\/lospoliticosveracruz.com\\\/#organization\",\"name\":\"Los pol\u00edticos Veracruz\",\"url\":\"https:\\\/\\\/lospoliticosveracruz.com\\\/\",\"logo\":{\"@type\":\"ImageObject\",\"inLanguage\":\"es\",\"@id\":\"https:\\\/\\\/lospoliticosveracruz.com\\\/#\\\/schema\\\/logo\\\/image\\\/\",\"url\":\"https:\\\/\\\/lospoliticosveracruz.com\\\/wp-content\\\/uploads\\\/2025\\\/12\\\/Logo-Nuevo-LOS-POLITICOS-1.jpg\",\"contentUrl\":\"https:\\\/\\\/lospoliticosveracruz.com\\\/wp-content\\\/uploads\\\/2025\\\/12\\\/Logo-Nuevo-LOS-POLITICOS-1.jpg\",\"width\":260,\"height\":70,\"caption\":\"Los pol\u00edticos Veracruz\"},\"image\":{\"@id\":\"https:\\\/\\\/lospoliticosveracruz.com\\\/#\\\/schema\\\/logo\\\/image\\\/\"},\"sameAs\":[\"https:\\\/\\\/www.facebook.com\\\/people\\\/Notimemes-de-los-Polticos\\\/61565672886568\\\/\",\"https:\\\/\\\/x.com\\\/LosPoliticosVer\"]},{\"@type\":\"Person\",\"@id\":\"https:\\\/\\\/lospoliticosveracruz.com\\\/#\\\/schema\\\/person\\\/b8702bb0e538456e6efd07080bf2a4a2\",\"name\":\"Lo viste en Los Pol\u00edticos\",\"image\":{\"@type\":\"ImageObject\",\"inLanguage\":\"es\",\"@id\":\"https:\\\/\\\/secure.gravatar.com\\\/avatar\\\/3a8de04a2656d44082be478bd6c086daa447c4651605818287b9532d3d0bd435?s=96&d=mm&r=g\",\"url\":\"https:\\\/\\\/secure.gravatar.com\\\/avatar\\\/3a8de04a2656d44082be478bd6c086daa447c4651605818287b9532d3d0bd435?s=96&d=mm&r=g\",\"contentUrl\":\"https:\\\/\\\/secure.gravatar.com\\\/avatar\\\/3a8de04a2656d44082be478bd6c086daa447c4651605818287b9532d3d0bd435?s=96&d=mm&r=g\",\"caption\":\"Lo viste en Los Pol\u00edticos\"},\"url\":\"https:\\\/\\\/lospoliticosveracruz.com\\\/?author=2\"}]}<\/script>\n<!-- \/ Yoast SEO plugin. -->","yoast_head_json":{"title":"\u00c1lamo y Papantla, la divisi\u00f3n perredista - Los pol\u00edticos Veracruz","robots":{"index":"index","follow":"follow","max-snippet":"max-snippet:-1","max-image-preview":"max-image-preview:large","max-video-preview":"max-video-preview:-1"},"canonical":"https:\/\/lospoliticosveracruz.com\/?p=21874","og_locale":"es_ES","og_type":"article","og_title":"\u00c1lamo y Papantla, la divisi\u00f3n perredista - Los pol\u00edticos Veracruz","og_description":"Luis Alberto Romero Hora Cero &nbsp; La alianza entre los partidos Acci\u00f3n Nacional y de la Revoluci\u00f3n Democr\u00e1tica podr\u00eda fracasar en el distrito de \u00c1lamo Temapache, donde ex alcalde y actual diputado local, Jorge Vera Hern\u00e1ndez, mantiene un fuerte enfrentamiento, casi una guerra sin cuartel, con el regidor perredista Esteban Arg\u00fcelles Ram\u00edrez, aspirante a la [&hellip;]","og_url":"https:\/\/lospoliticosveracruz.com\/?p=21874","og_site_name":"Los pol\u00edticos Veracruz","article_publisher":"https:\/\/www.facebook.com\/people\/Notimemes-de-los-Polticos\/61565672886568\/","article_published_time":"2016-03-10T03:49:39+00:00","og_image":[{"url":"http:\/\/www.lospoliticosveracruz.com.mx\/wp-content\/uploads\/2016\/03\/Alianza-PRD-PAN-300x203.jpg","type":"","width":"","height":""}],"author":"Lo viste en Los Pol\u00edticos","twitter_card":"summary_large_image","twitter_creator":"@LosPoliticosVer","twitter_site":"@LosPoliticosVer","twitter_misc":{"Escrito por":"Lo viste en Los Pol\u00edticos","Tiempo de lectura":"5 minutos"},"schema":{"@context":"https:\/\/schema.org","@graph":[{"@type":"Article","@id":"https:\/\/lospoliticosveracruz.com\/?p=21874#article","isPartOf":{"@id":"https:\/\/lospoliticosveracruz.com\/?p=21874"},"author":{"name":"Lo viste en Los Pol\u00edticos","@id":"https:\/\/lospoliticosveracruz.com\/#\/schema\/person\/b8702bb0e538456e6efd07080bf2a4a2"},"headline":"\u00c1lamo y Papantla, la divisi\u00f3n perredista","datePublished":"2016-03-10T03:49:39+00:00","mainEntityOfPage":{"@id":"https:\/\/lospoliticosveracruz.com\/?p=21874"},"wordCount":929,"commentCount":0,"publisher":{"@id":"https:\/\/lospoliticosveracruz.com\/#organization"},"image":{"@id":"https:\/\/lospoliticosveracruz.com\/?p=21874#primaryimage"},"thumbnailUrl":"http:\/\/www.lospoliticosveracruz.com.mx\/wp-content\/uploads\/2016\/03\/Alianza-PRD-PAN-300x203.jpg","keywords":["\u00c9rika Romero Copca","Esteban Arg\u00fcelles Ram\u00edrez","Jorge Vera Hern\u00e1ndez","Juli\u00e1n Luna Garc\u00eda","Papantla","Rodrigo Montoya Rivera","Sof\u00eda de Le\u00f3n Maza"],"articleSection":["De Opini\u00f3n"],"inLanguage":"es","potentialAction":[{"@type":"CommentAction","name":"Comment","target":["https:\/\/lospoliticosveracruz.com\/?p=21874#respond"]}]},{"@type":"WebPage","@id":"https:\/\/lospoliticosveracruz.com\/?p=21874","url":"https:\/\/lospoliticosveracruz.com\/?p=21874","name":"\u00c1lamo y Papantla, la divisi\u00f3n perredista - Los pol\u00edticos Veracruz","isPartOf":{"@id":"https:\/\/lospoliticosveracruz.com\/#website"},"primaryImageOfPage":{"@id":"https:\/\/lospoliticosveracruz.com\/?p=21874#primaryimage"},"image":{"@id":"https:\/\/lospoliticosveracruz.com\/?p=21874#primaryimage"},"thumbnailUrl":"http:\/\/www.lospoliticosveracruz.com.mx\/wp-content\/uploads\/2016\/03\/Alianza-PRD-PAN-300x203.jpg","datePublished":"2016-03-10T03:49:39+00:00","breadcrumb":{"@id":"https:\/\/lospoliticosveracruz.com\/?p=21874#breadcrumb"},"inLanguage":"es","potentialAction":[{"@type":"ReadAction","target":["https:\/\/lospoliticosveracruz.com\/?p=21874"]}]},{"@type":"ImageObject","inLanguage":"es","@id":"https:\/\/lospoliticosveracruz.com\/?p=21874#primaryimage","url":"http:\/\/www.lospoliticosveracruz.com.mx\/wp-content\/uploads\/2016\/03\/Alianza-PRD-PAN-300x203.jpg","contentUrl":"http:\/\/www.lospoliticosveracruz.com.mx\/wp-content\/uploads\/2016\/03\/Alianza-PRD-PAN-300x203.jpg"},{"@type":"BreadcrumbList","@id":"https:\/\/lospoliticosveracruz.com\/?p=21874#breadcrumb","itemListElement":[{"@type":"ListItem","position":1,"name":"Portada","item":"https:\/\/lospoliticosveracruz.com\/"},{"@type":"ListItem","position":2,"name":"\u00c1lamo y Papantla, la divisi\u00f3n perredista"}]},{"@type":"WebSite","@id":"https:\/\/lospoliticosveracruz.com\/#website","url":"https:\/\/lospoliticosveracruz.com\/","name":"Los pol\u00edticos Veracruz","description":"","publisher":{"@id":"https:\/\/lospoliticosveracruz.com\/#organization"},"potentialAction":[{"@type":"SearchAction","target":{"@type":"EntryPoint","urlTemplate":"https:\/\/lospoliticosveracruz.com\/?s={search_term_string}"},"query-input":{"@type":"PropertyValueSpecification","valueRequired":true,"valueName":"search_term_string"}}],"inLanguage":"es"},{"@type":"Organization","@id":"https:\/\/lospoliticosveracruz.com\/#organization","name":"Los pol\u00edticos Veracruz","url":"https:\/\/lospoliticosveracruz.com\/","logo":{"@type":"ImageObject","inLanguage":"es","@id":"https:\/\/lospoliticosveracruz.com\/#\/schema\/logo\/image\/","url":"https:\/\/lospoliticosveracruz.com\/wp-content\/uploads\/2025\/12\/Logo-Nuevo-LOS-POLITICOS-1.jpg","contentUrl":"https:\/\/lospoliticosveracruz.com\/wp-content\/uploads\/2025\/12\/Logo-Nuevo-LOS-POLITICOS-1.jpg","width":260,"height":70,"caption":"Los pol\u00edticos Veracruz"},"image":{"@id":"https:\/\/lospoliticosveracruz.com\/#\/schema\/logo\/image\/"},"sameAs":["https:\/\/www.facebook.com\/people\/Notimemes-de-los-Polticos\/61565672886568\/","https:\/\/x.com\/LosPoliticosVer"]},{"@type":"Person","@id":"https:\/\/lospoliticosveracruz.com\/#\/schema\/person\/b8702bb0e538456e6efd07080bf2a4a2","name":"Lo viste en Los Pol\u00edticos","image":{"@type":"ImageObject","inLanguage":"es","@id":"https:\/\/secure.gravatar.com\/avatar\/3a8de04a2656d44082be478bd6c086daa447c4651605818287b9532d3d0bd435?s=96&d=mm&r=g","url":"https:\/\/secure.gravatar.com\/avatar\/3a8de04a2656d44082be478bd6c086daa447c4651605818287b9532d3d0bd435?s=96&d=mm&r=g","contentUrl":"https:\/\/secure.gravatar.com\/avatar\/3a8de04a2656d44082be478bd6c086daa447c4651605818287b9532d3d0bd435?s=96&d=mm&r=g","caption":"Lo viste en Los Pol\u00edticos"},"url":"https:\/\/lospoliticosveracruz.com\/?author=2"}]}},"_links":{"self":[{"href":"https:\/\/lospoliticosveracruz.com\/index.php?rest_route=\/wp\/v2\/posts\/21874","targetHints":{"allow":["GET"]}}],"collection":[{"href":"https:\/\/lospoliticosveracruz.com\/index.php?rest_route=\/wp\/v2\/posts"}],"about":[{"href":"https:\/\/lospoliticosveracruz.com\/index.php?rest_route=\/wp\/v2\/types\/post"}],"author":[{"embeddable":true,"href":"https:\/\/lospoliticosveracruz.com\/index.php?rest_route=\/wp\/v2\/users\/2"}],"replies":[{"embeddable":true,"href":"https:\/\/lospoliticosveracruz.com\/index.php?rest_route=%2Fwp%2Fv2%2Fcomments&post=21874"}],"version-history":[{"count":1,"href":"https:\/\/lospoliticosveracruz.com\/index.php?rest_route=\/wp\/v2\/posts\/21874\/revisions"}],"predecessor-version":[{"id":21876,"href":"https:\/\/lospoliticosveracruz.com\/index.php?rest_route=\/wp\/v2\/posts\/21874\/revisions\/21876"}],"wp:attachment":[{"href":"https:\/\/lospoliticosveracruz.com\/index.php?rest_route=%2Fwp%2Fv2%2Fmedia&parent=21874"}],"wp:term":[{"taxonomy":"category","embeddable":true,"href":"https:\/\/lospoliticosveracruz.com\/index.php?rest_route=%2Fwp%2Fv2%2Fcategories&post=21874"},{"taxonomy":"post_tag","embeddable":true,"href":"https:\/\/lospoliticosveracruz.com\/index.php?rest_route=%2Fwp%2Fv2%2Ftags&post=21874"}],"curies":[{"name":"wp","href":"https:\/\/api.w.org\/{rel}","templated":true}]}}