{"id":21939,"date":"2016-03-13T18:27:04","date_gmt":"2016-03-14T00:27:04","guid":{"rendered":"http:\/\/www.lospoliticosveracruz.com.mx\/?p=21939"},"modified":"2016-03-13T18:27:04","modified_gmt":"2016-03-14T00:27:04","slug":"sere-un-buen-gobernador-hector","status":"publish","type":"post","link":"https:\/\/lospoliticosveracruz.com\/?p=21939","title":{"rendered":"\u00abSer\u00e9 un buen Gobernador\u00bb: H\u00e9ctor"},"content":{"rendered":"<p><a href=\"http:\/\/www.lospoliticosveracruz.com.mx\/wp-content\/uploads\/2016\/03\/H\u00e9ctor-Yunes-Landa1.jpg\"><img loading=\"lazy\" decoding=\"async\" class=\"alignnone size-medium wp-image-21941\" src=\"http:\/\/www.lospoliticosveracruz.com.mx\/wp-content\/uploads\/2016\/03\/H\u00e9ctor-Yunes-Landa1-300x183.jpg\" alt=\"H\u00e9ctor Yunes Landa\" width=\"300\" height=\"183\" \/><\/a><\/p>\n<p>Al rendir protesta como candidato del PRI a la gubernatura de Veracruz, H\u00e9ctor Yunes Landa hizo el compromiso de entregar su pasi\u00f3n y fuerza para mejorar al estado.<\/p>\n<p>\u201cSer\u00e9 un buen Gobernador de Veracruz. Ser\u00e9 lo que he sido toda mi vida, honesto, leal, eficiente y decente. Un desleal, por el contrario, es en quien no se puede confiar, quien traiciona una vez, traiciona siempre y quien traiciona a su familia es capaz de traicionar a cualquiera\u201d, manifest\u00f3 luego de que el presidente del Comit\u00e9 Ejecutivo Nacional (CEN) del Partido Revolucionario Institucional (PRI), Manlio Fabio Beltrones, le tomara la protesta de ley.<\/p>\n<p>En presencia dirigentes de sindicatos de trabajadores del estado y de campesinos que estuvo representado por la fuerza del liderazgo de Juan Carlos Molina Palacios, el candidato del PRI dijo que no se prepar\u00f3 toda su vida para llegar a cobrar facturas, ni a dirimir obsesiones. \u201cMi proyecto es ser un Gobernador honorable, respetado, cercano y eficiente. Los \u00fanicos problemas que quiero y que voy a resolver son los de ustedes\u201d.<br \/>\nAnte cientos de personas reunidas en el World Trade Center de Boca del R\u00edo, H\u00e9ctor Yunes reiter\u00f3 servir con honor ser el candidato de la alianza que ganar\u00e1 el 5 de junio. Para ello, dijo estar listo.<\/p>\n<p>\u201cHar\u00e9 m\u00e1s fuerte y grande a Veracruz, no les voy a fallar. Lleg\u00f3 la hora de la esperanza, el trabajo y la alegr\u00eda. Vamos a desencadenar el optimismo, a desatar el talento de los veracruzanos y vamos todos a poner en marcha a Veracruz\u201d, a\u00f1adi\u00f3 tras afirmar que su proyecto es ser un Gobernador honorable, respetado, cercano y eficiente. Y los \u00fanicos problemas que quiere y que va a resolver son los de los veracruzanos.<\/p>\n<p>Asimismo, H\u00e9ctor Yunes advirti\u00f3 que la gente est\u00e1 harta de la confrontaci\u00f3n est\u00e9ril, de las cr\u00edticas sin propuestas, de las guerras de lodo; y se\u00f1al\u00f3 que la gente hoy quiere resultados, reforzar el compromiso p\u00fablico con la decencia. Un reencuentro cotidiano con los valores y un civismo renovado.<\/p>\n<p>\u201cEso solo lo puede hacer una persona decente, nosotros lo somos. Somos los \u00fanicos que podemos levantar Veracruz y es lo que vamos a hacer en dos a\u00f1os para transformar a Veracruz\u201d, apunt\u00f3 tras subrayar que todos caben aqu\u00ed, salvo los deshonestos, salvo los inmorales, salvo los que hacen pol\u00edtica por amargura.<\/p>\n<p>El candidato \u00fanico al Gobierno de Veracruz por el PRI, expres\u00f3 el compromiso de resolver el tema de los pensionados; y refrend\u00f3 dar todo su respaldo para que la Universidad Veracruzana sea una instituci\u00f3n de excelencia, reciba puntualmente todo a lo que tiene derecho.<\/p>\n<p>Yunes Landa asumi\u00f3 cuatro compromisos concretos:<\/p>\n<p>1.- Que Veracruz potencie su grandeza con la activaci\u00f3n de un nuevo modelo econ\u00f3mico basado en sus fortalezas y en el talento de su gente.<\/p>\n<p>2.- Lograr la paz y la tranquila de las familias, que los j\u00f3venes no sufran de la impotencia y la injusticia de ser v\u00edctimas de acoso.<\/p>\n<p>3.- Llevar la educaci\u00f3n a quienes no han tenido la oportunidad de aprender, dar salud a quien la ha perdido, iniciar una gran cruzada para que el Veracruz ind\u00edgena y el Veracruz rural dejen el atraso y la miseria.<\/p>\n<p>4.- Fortalecer el imperio de la ley, la honestidad y la decencia.<\/p>\n<p>Asistieron el coordinador parlamentario del PRI en el Senado de la Rep\u00fablica, Emilio Gamboa Patr\u00f3n; los senadores priistas, Jos\u00e9 Francisco Yunes Zorrilla y Erika Ayala R\u00edos; el presidente del CDE del PRI, Felipe Amadeo Flores Espinosa; los gobernadores de los estados de Colima, Ignacio Peralta S\u00e1nchez; de Chiapas, Manuel Velasco Coello; los candidatos del PRI a la gubernatura de Hidalgo; Omar Fayad Meneses; y de Tamaulipas, Baltazar Manuel Hinojosa Ochoa.<\/p>\n<p>As\u00ed como los dirigentes de la Confederaci\u00f3n Nacional Campesina (CNC), el senador Manuel Cota Jim\u00e9nez; y de la Confederaci\u00f3n de Trabajadores de M\u00e9xico (CTM), Carlos Aceves del Olmo; y personalidades como Ricardo Ahued Bardahuil, M\u00f3nica Robles, Sonia S\u00e1nchez de Chirinos, entre otros.<\/p>\n","protected":false},"excerpt":{"rendered":"<p>Al rendir protesta como candidato del PRI a la gubernatura de Veracruz, H\u00e9ctor Yunes Landa hizo el compromiso de entregar su pasi\u00f3n y fuerza para mejorar al estado. \u201cSer\u00e9 un buen Gobernador de Veracruz. Ser\u00e9 lo que he sido toda mi vida, honesto, leal, eficiente y decente. Un desleal, por el contrario, es en quien [&hellip;]<\/p>\n","protected":false},"author":2,"featured_media":0,"comment_status":"open","ping_status":"open","sticky":false,"template":"","format":"standard","meta":{"tdm_status":"","tdm_grid_status":"","footnotes":""},"categories":[73],"tags":[662,348,3256,617,251,195],"class_list":{"0":"post-21939","1":"post","2":"type-post","3":"status-publish","4":"format-standard","6":"category-de-boleto","7":"tag-gubernatura","8":"tag-hector-yunes-landa","9":"tag-juan-carlos-molina-palacios","10":"tag-manlio-fabio-beltrones","11":"tag-pri","12":"tag-veracruz"},"yoast_head":"<!-- This site is optimized with the Yoast SEO plugin v27.4 - https:\/\/yoast.com\/product\/yoast-seo-wordpress\/ -->\n<title>&quot;Ser\u00e9 un buen Gobernador&quot;: H\u00e9ctor - Los pol\u00edticos Veracruz<\/title>\n<meta name=\"robots\" content=\"index, follow, max-snippet:-1, max-image-preview:large, max-video-preview:-1\" \/>\n<link rel=\"canonical\" href=\"https:\/\/lospoliticosveracruz.com\/?p=21939\" \/>\n<meta property=\"og:locale\" content=\"es_ES\" \/>\n<meta property=\"og:type\" content=\"article\" \/>\n<meta property=\"og:title\" content=\"&quot;Ser\u00e9 un buen Gobernador&quot;: H\u00e9ctor - Los pol\u00edticos Veracruz\" \/>\n<meta property=\"og:description\" content=\"Al rendir protesta como candidato del PRI a la gubernatura de Veracruz, H\u00e9ctor Yunes Landa hizo el compromiso de entregar su pasi\u00f3n y fuerza para mejorar al estado. \u201cSer\u00e9 un buen Gobernador de Veracruz. Ser\u00e9 lo que he sido toda mi vida, honesto, leal, eficiente y decente. Un desleal, por el contrario, es en quien [&hellip;]\" \/>\n<meta property=\"og:url\" content=\"https:\/\/lospoliticosveracruz.com\/?p=21939\" \/>\n<meta property=\"og:site_name\" content=\"Los pol\u00edticos Veracruz\" \/>\n<meta property=\"article:publisher\" content=\"https:\/\/www.facebook.com\/people\/Notimemes-de-los-Polticos\/61565672886568\/\" \/>\n<meta property=\"article:published_time\" content=\"2016-03-14T00:27:04+00:00\" \/>\n<meta property=\"og:image\" content=\"https:\/\/lospoliticosveracruz.com\/wp-content\/uploads\/2016\/07\/Logo-Dor.jpg\" \/>\n\t<meta property=\"og:image:width\" content=\"200\" \/>\n\t<meta property=\"og:image:height\" content=\"200\" \/>\n\t<meta property=\"og:image:type\" content=\"image\/jpeg\" \/>\n<meta name=\"author\" content=\"Lo viste en Los Pol\u00edticos\" \/>\n<meta name=\"twitter:card\" content=\"summary_large_image\" \/>\n<meta name=\"twitter:creator\" content=\"@LosPoliticosVer\" \/>\n<meta name=\"twitter:site\" content=\"@LosPoliticosVer\" \/>\n<meta name=\"twitter:label1\" content=\"Escrito por\" \/>\n\t<meta name=\"twitter:data1\" content=\"Lo viste en Los Pol\u00edticos\" \/>\n\t<meta name=\"twitter:label2\" content=\"Tiempo de lectura\" \/>\n\t<meta name=\"twitter:data2\" content=\"3 minutos\" \/>\n<script type=\"application\/ld+json\" class=\"yoast-schema-graph\">{\"@context\":\"https:\\\/\\\/schema.org\",\"@graph\":[{\"@type\":\"Article\",\"@id\":\"https:\\\/\\\/lospoliticosveracruz.com\\\/?p=21939#article\",\"isPartOf\":{\"@id\":\"https:\\\/\\\/lospoliticosveracruz.com\\\/?p=21939\"},\"author\":{\"name\":\"Lo viste en Los Pol\u00edticos\",\"@id\":\"https:\\\/\\\/lospoliticosveracruz.com\\\/#\\\/schema\\\/person\\\/b8702bb0e538456e6efd07080bf2a4a2\"},\"headline\":\"\u00abSer\u00e9 un buen Gobernador\u00bb: H\u00e9ctor\",\"datePublished\":\"2016-03-14T00:27:04+00:00\",\"mainEntityOfPage\":{\"@id\":\"https:\\\/\\\/lospoliticosveracruz.com\\\/?p=21939\"},\"wordCount\":686,\"commentCount\":0,\"publisher\":{\"@id\":\"https:\\\/\\\/lospoliticosveracruz.com\\\/#organization\"},\"keywords\":[\"gubernatura\",\"H\u00e9ctor Yunes Landa\",\"Juan Carlos Molina Palacios\",\"Manlio Fabio Beltrones\",\"PRI\",\"Veracruz\"],\"articleSection\":[\"De Boleto\"],\"inLanguage\":\"es\",\"potentialAction\":[{\"@type\":\"CommentAction\",\"name\":\"Comment\",\"target\":[\"https:\\\/\\\/lospoliticosveracruz.com\\\/?p=21939#respond\"]}]},{\"@type\":\"WebPage\",\"@id\":\"https:\\\/\\\/lospoliticosveracruz.com\\\/?p=21939\",\"url\":\"https:\\\/\\\/lospoliticosveracruz.com\\\/?p=21939\",\"name\":\"\\\"Ser\u00e9 un buen Gobernador\\\": H\u00e9ctor - Los pol\u00edticos Veracruz\",\"isPartOf\":{\"@id\":\"https:\\\/\\\/lospoliticosveracruz.com\\\/#website\"},\"datePublished\":\"2016-03-14T00:27:04+00:00\",\"breadcrumb\":{\"@id\":\"https:\\\/\\\/lospoliticosveracruz.com\\\/?p=21939#breadcrumb\"},\"inLanguage\":\"es\",\"potentialAction\":[{\"@type\":\"ReadAction\",\"target\":[\"https:\\\/\\\/lospoliticosveracruz.com\\\/?p=21939\"]}]},{\"@type\":\"BreadcrumbList\",\"@id\":\"https:\\\/\\\/lospoliticosveracruz.com\\\/?p=21939#breadcrumb\",\"itemListElement\":[{\"@type\":\"ListItem\",\"position\":1,\"name\":\"Portada\",\"item\":\"https:\\\/\\\/lospoliticosveracruz.com\\\/\"},{\"@type\":\"ListItem\",\"position\":2,\"name\":\"\u00abSer\u00e9 un buen Gobernador\u00bb: H\u00e9ctor\"}]},{\"@type\":\"WebSite\",\"@id\":\"https:\\\/\\\/lospoliticosveracruz.com\\\/#website\",\"url\":\"https:\\\/\\\/lospoliticosveracruz.com\\\/\",\"name\":\"Los pol\u00edticos Veracruz\",\"description\":\"\",\"publisher\":{\"@id\":\"https:\\\/\\\/lospoliticosveracruz.com\\\/#organization\"},\"potentialAction\":[{\"@type\":\"SearchAction\",\"target\":{\"@type\":\"EntryPoint\",\"urlTemplate\":\"https:\\\/\\\/lospoliticosveracruz.com\\\/?s={search_term_string}\"},\"query-input\":{\"@type\":\"PropertyValueSpecification\",\"valueRequired\":true,\"valueName\":\"search_term_string\"}}],\"inLanguage\":\"es\"},{\"@type\":\"Organization\",\"@id\":\"https:\\\/\\\/lospoliticosveracruz.com\\\/#organization\",\"name\":\"Los pol\u00edticos Veracruz\",\"url\":\"https:\\\/\\\/lospoliticosveracruz.com\\\/\",\"logo\":{\"@type\":\"ImageObject\",\"inLanguage\":\"es\",\"@id\":\"https:\\\/\\\/lospoliticosveracruz.com\\\/#\\\/schema\\\/logo\\\/image\\\/\",\"url\":\"https:\\\/\\\/lospoliticosveracruz.com\\\/wp-content\\\/uploads\\\/2025\\\/12\\\/Logo-Nuevo-LOS-POLITICOS-1.jpg\",\"contentUrl\":\"https:\\\/\\\/lospoliticosveracruz.com\\\/wp-content\\\/uploads\\\/2025\\\/12\\\/Logo-Nuevo-LOS-POLITICOS-1.jpg\",\"width\":260,\"height\":70,\"caption\":\"Los pol\u00edticos Veracruz\"},\"image\":{\"@id\":\"https:\\\/\\\/lospoliticosveracruz.com\\\/#\\\/schema\\\/logo\\\/image\\\/\"},\"sameAs\":[\"https:\\\/\\\/www.facebook.com\\\/people\\\/Notimemes-de-los-Polticos\\\/61565672886568\\\/\",\"https:\\\/\\\/x.com\\\/LosPoliticosVer\"]},{\"@type\":\"Person\",\"@id\":\"https:\\\/\\\/lospoliticosveracruz.com\\\/#\\\/schema\\\/person\\\/b8702bb0e538456e6efd07080bf2a4a2\",\"name\":\"Lo viste en Los Pol\u00edticos\",\"image\":{\"@type\":\"ImageObject\",\"inLanguage\":\"es\",\"@id\":\"https:\\\/\\\/secure.gravatar.com\\\/avatar\\\/3a8de04a2656d44082be478bd6c086daa447c4651605818287b9532d3d0bd435?s=96&d=mm&r=g\",\"url\":\"https:\\\/\\\/secure.gravatar.com\\\/avatar\\\/3a8de04a2656d44082be478bd6c086daa447c4651605818287b9532d3d0bd435?s=96&d=mm&r=g\",\"contentUrl\":\"https:\\\/\\\/secure.gravatar.com\\\/avatar\\\/3a8de04a2656d44082be478bd6c086daa447c4651605818287b9532d3d0bd435?s=96&d=mm&r=g\",\"caption\":\"Lo viste en Los Pol\u00edticos\"},\"url\":\"https:\\\/\\\/lospoliticosveracruz.com\\\/?author=2\"}]}<\/script>\n<!-- \/ Yoast SEO plugin. -->","yoast_head_json":{"title":"\"Ser\u00e9 un buen Gobernador\": H\u00e9ctor - Los pol\u00edticos Veracruz","robots":{"index":"index","follow":"follow","max-snippet":"max-snippet:-1","max-image-preview":"max-image-preview:large","max-video-preview":"max-video-preview:-1"},"canonical":"https:\/\/lospoliticosveracruz.com\/?p=21939","og_locale":"es_ES","og_type":"article","og_title":"\"Ser\u00e9 un buen Gobernador\": H\u00e9ctor - Los pol\u00edticos Veracruz","og_description":"Al rendir protesta como candidato del PRI a la gubernatura de Veracruz, H\u00e9ctor Yunes Landa hizo el compromiso de entregar su pasi\u00f3n y fuerza para mejorar al estado. \u201cSer\u00e9 un buen Gobernador de Veracruz. Ser\u00e9 lo que he sido toda mi vida, honesto, leal, eficiente y decente. Un desleal, por el contrario, es en quien [&hellip;]","og_url":"https:\/\/lospoliticosveracruz.com\/?p=21939","og_site_name":"Los pol\u00edticos Veracruz","article_publisher":"https:\/\/www.facebook.com\/people\/Notimemes-de-los-Polticos\/61565672886568\/","article_published_time":"2016-03-14T00:27:04+00:00","og_image":[{"width":200,"height":200,"url":"https:\/\/lospoliticosveracruz.com\/wp-content\/uploads\/2016\/07\/Logo-Dor.jpg","type":"image\/jpeg"}],"author":"Lo viste en Los Pol\u00edticos","twitter_card":"summary_large_image","twitter_creator":"@LosPoliticosVer","twitter_site":"@LosPoliticosVer","twitter_misc":{"Escrito por":"Lo viste en Los Pol\u00edticos","Tiempo de lectura":"3 minutos"},"schema":{"@context":"https:\/\/schema.org","@graph":[{"@type":"Article","@id":"https:\/\/lospoliticosveracruz.com\/?p=21939#article","isPartOf":{"@id":"https:\/\/lospoliticosveracruz.com\/?p=21939"},"author":{"name":"Lo viste en Los Pol\u00edticos","@id":"https:\/\/lospoliticosveracruz.com\/#\/schema\/person\/b8702bb0e538456e6efd07080bf2a4a2"},"headline":"\u00abSer\u00e9 un buen Gobernador\u00bb: H\u00e9ctor","datePublished":"2016-03-14T00:27:04+00:00","mainEntityOfPage":{"@id":"https:\/\/lospoliticosveracruz.com\/?p=21939"},"wordCount":686,"commentCount":0,"publisher":{"@id":"https:\/\/lospoliticosveracruz.com\/#organization"},"keywords":["gubernatura","H\u00e9ctor Yunes Landa","Juan Carlos Molina Palacios","Manlio Fabio Beltrones","PRI","Veracruz"],"articleSection":["De Boleto"],"inLanguage":"es","potentialAction":[{"@type":"CommentAction","name":"Comment","target":["https:\/\/lospoliticosveracruz.com\/?p=21939#respond"]}]},{"@type":"WebPage","@id":"https:\/\/lospoliticosveracruz.com\/?p=21939","url":"https:\/\/lospoliticosveracruz.com\/?p=21939","name":"\"Ser\u00e9 un buen Gobernador\": H\u00e9ctor - Los pol\u00edticos Veracruz","isPartOf":{"@id":"https:\/\/lospoliticosveracruz.com\/#website"},"datePublished":"2016-03-14T00:27:04+00:00","breadcrumb":{"@id":"https:\/\/lospoliticosveracruz.com\/?p=21939#breadcrumb"},"inLanguage":"es","potentialAction":[{"@type":"ReadAction","target":["https:\/\/lospoliticosveracruz.com\/?p=21939"]}]},{"@type":"BreadcrumbList","@id":"https:\/\/lospoliticosveracruz.com\/?p=21939#breadcrumb","itemListElement":[{"@type":"ListItem","position":1,"name":"Portada","item":"https:\/\/lospoliticosveracruz.com\/"},{"@type":"ListItem","position":2,"name":"\u00abSer\u00e9 un buen Gobernador\u00bb: H\u00e9ctor"}]},{"@type":"WebSite","@id":"https:\/\/lospoliticosveracruz.com\/#website","url":"https:\/\/lospoliticosveracruz.com\/","name":"Los pol\u00edticos Veracruz","description":"","publisher":{"@id":"https:\/\/lospoliticosveracruz.com\/#organization"},"potentialAction":[{"@type":"SearchAction","target":{"@type":"EntryPoint","urlTemplate":"https:\/\/lospoliticosveracruz.com\/?s={search_term_string}"},"query-input":{"@type":"PropertyValueSpecification","valueRequired":true,"valueName":"search_term_string"}}],"inLanguage":"es"},{"@type":"Organization","@id":"https:\/\/lospoliticosveracruz.com\/#organization","name":"Los pol\u00edticos Veracruz","url":"https:\/\/lospoliticosveracruz.com\/","logo":{"@type":"ImageObject","inLanguage":"es","@id":"https:\/\/lospoliticosveracruz.com\/#\/schema\/logo\/image\/","url":"https:\/\/lospoliticosveracruz.com\/wp-content\/uploads\/2025\/12\/Logo-Nuevo-LOS-POLITICOS-1.jpg","contentUrl":"https:\/\/lospoliticosveracruz.com\/wp-content\/uploads\/2025\/12\/Logo-Nuevo-LOS-POLITICOS-1.jpg","width":260,"height":70,"caption":"Los pol\u00edticos Veracruz"},"image":{"@id":"https:\/\/lospoliticosveracruz.com\/#\/schema\/logo\/image\/"},"sameAs":["https:\/\/www.facebook.com\/people\/Notimemes-de-los-Polticos\/61565672886568\/","https:\/\/x.com\/LosPoliticosVer"]},{"@type":"Person","@id":"https:\/\/lospoliticosveracruz.com\/#\/schema\/person\/b8702bb0e538456e6efd07080bf2a4a2","name":"Lo viste en Los Pol\u00edticos","image":{"@type":"ImageObject","inLanguage":"es","@id":"https:\/\/secure.gravatar.com\/avatar\/3a8de04a2656d44082be478bd6c086daa447c4651605818287b9532d3d0bd435?s=96&d=mm&r=g","url":"https:\/\/secure.gravatar.com\/avatar\/3a8de04a2656d44082be478bd6c086daa447c4651605818287b9532d3d0bd435?s=96&d=mm&r=g","contentUrl":"https:\/\/secure.gravatar.com\/avatar\/3a8de04a2656d44082be478bd6c086daa447c4651605818287b9532d3d0bd435?s=96&d=mm&r=g","caption":"Lo viste en Los Pol\u00edticos"},"url":"https:\/\/lospoliticosveracruz.com\/?author=2"}]}},"_links":{"self":[{"href":"https:\/\/lospoliticosveracruz.com\/index.php?rest_route=\/wp\/v2\/posts\/21939","targetHints":{"allow":["GET"]}}],"collection":[{"href":"https:\/\/lospoliticosveracruz.com\/index.php?rest_route=\/wp\/v2\/posts"}],"about":[{"href":"https:\/\/lospoliticosveracruz.com\/index.php?rest_route=\/wp\/v2\/types\/post"}],"author":[{"embeddable":true,"href":"https:\/\/lospoliticosveracruz.com\/index.php?rest_route=\/wp\/v2\/users\/2"}],"replies":[{"embeddable":true,"href":"https:\/\/lospoliticosveracruz.com\/index.php?rest_route=%2Fwp%2Fv2%2Fcomments&post=21939"}],"version-history":[{"count":1,"href":"https:\/\/lospoliticosveracruz.com\/index.php?rest_route=\/wp\/v2\/posts\/21939\/revisions"}],"predecessor-version":[{"id":21942,"href":"https:\/\/lospoliticosveracruz.com\/index.php?rest_route=\/wp\/v2\/posts\/21939\/revisions\/21942"}],"wp:attachment":[{"href":"https:\/\/lospoliticosveracruz.com\/index.php?rest_route=%2Fwp%2Fv2%2Fmedia&parent=21939"}],"wp:term":[{"taxonomy":"category","embeddable":true,"href":"https:\/\/lospoliticosveracruz.com\/index.php?rest_route=%2Fwp%2Fv2%2Fcategories&post=21939"},{"taxonomy":"post_tag","embeddable":true,"href":"https:\/\/lospoliticosveracruz.com\/index.php?rest_route=%2Fwp%2Fv2%2Ftags&post=21939"}],"curies":[{"name":"wp","href":"https:\/\/api.w.org\/{rel}","templated":true}]}}