{"id":22018,"date":"2016-03-15T21:39:31","date_gmt":"2016-03-16T03:39:31","guid":{"rendered":"http:\/\/www.lospoliticosveracruz.com.mx\/?p=22018"},"modified":"2016-03-15T21:39:31","modified_gmt":"2016-03-16T03:39:31","slug":"imac-devolver-el-prestigio-cultural-a-xalapa","status":"publish","type":"post","link":"https:\/\/lospoliticosveracruz.com\/?p=22018","title":{"rendered":"IMAC: devolver el prestigio cultural a Xalapa"},"content":{"rendered":"<p><a href=\"http:\/\/www.lospoliticosveracruz.com.mx\/wp-content\/uploads\/2016\/03\/IMAC.jpg\"><img loading=\"lazy\" decoding=\"async\" class=\"alignnone size-medium wp-image-22022\" src=\"http:\/\/www.lospoliticosveracruz.com.mx\/wp-content\/uploads\/2016\/03\/IMAC-300x225.jpg\" alt=\"IMAC\" width=\"300\" height=\"225\" \/><\/a><\/p>\n<p><strong>Armando Ortiz <\/strong><\/p>\n<p><em>El Hijo Pr\u00f3digo<\/em><\/p>\n<p>\u00a1Huy, el teatro IMAC tiene tantos a\u00f1os abandonado! Ah\u00ed se gradu\u00f3 mi hermano Rub\u00e9n de la primaria. Todav\u00eda guardamos esa foto en donde aparece lloroso porque no pudimos ir a su ceremonia de graduaci\u00f3n, primero porque mi mam\u00e1 trabajaba, segundo porque nosotros ni siquiera nos acordamos. Est\u00e1 con mi t\u00eda quien trata de consolarlo, con su coordinado de dos piezas y atr\u00e1s el Teatro IMAC que nunca pudo servir para gran cosa.<br \/>\nDespu\u00e9s de esa graduaci\u00f3n de mi hermano el teatro se abandon\u00f3. No s\u00e9 qu\u00e9 sucedi\u00f3 pero pasaron y pasaron administraciones que miraban con indiferencia ese edificio de estilo cl\u00e1sico que se levantaba erguido por una zona que en aquel entonces no era muy transitada. En alg\u00fan momento se quiso rehabilitar y se utiliz\u00f3 como sede de los poderes municipales de aquella zona. Se pusieron oficinas y empleados, pero por alguna raz\u00f3n no peg\u00f3. De modo que volvi\u00f3 a ser olvidado.<br \/>\nEl deterioro que provoca el paso del tiempo, algunas inundaciones, el vandalismo y la mala estrella de un edificio monumental, despreciado, arrojaron al IMAC al completo olvido. S\u00f3lo se convirti\u00f3 en una referencia, en una parada de autobuses, pero pocos, muy pocos sab\u00edan lo que significaba IMAC. Algunos dec\u00edan que era Instituto Municipal de Acci\u00f3n Civil, pero pocos sab\u00edan que en alg\u00fan tiempo hubo un Instituto Municipal de Arte y Cultura. Algo relacionado con la cultura merec\u00eda ser olvidado.<br \/>\nNo cuaj\u00f3 ni el Instituto, no cuaj\u00f3 su sede. Los que nos dedicamos a la cultura y el arte conocemos las mezquindades que se mueven en estos \u00e1mbitos. No puede haber unidad en el gremio de la cultura sobre todo porque son los egos los que mueven a los artistas, y trabajar con egos es como nadar en un estanque de pira\u00f1as.<br \/>\nAfortunadamente, despu\u00e9s de d\u00e9cadas de olvido, el alcalde Am\u00e9rico Z\u00fa\u00f1iga se dio a la tarea de rehabilitar este espacio. Primero se buscaron los recursos, de modo que la rehabilitaci\u00f3n del edificio IMAC entr\u00f3 en el Programa Rescate de Espacios P\u00fablicos (PREP) de la Secretar\u00eda de Desarrollo Agrario, Territorial y Urbano (Sedatu). De acuerdo con informaci\u00f3n recabada su utilizar\u00e1n 16 millones de pesos para la \u201crehabilitaci\u00f3n de un total de 2 mil 554 metros cuadrados que permiten la reconstrucci\u00f3n de la planta baja general, los accesos al edificio, una salida de emergencia con rampas, el vest\u00edbulo general, los ba\u00f1os para hombres y mujeres y el auditorio con capacidad para 500 personas, incluyendo el escenario, zona de camerinos y sanitarios, mientras que la planta s\u00f3tano se recuperar\u00e1 como bodega\u201d.<br \/>\nDentro de poco veremos los resultados. Nuevamente se levantar\u00e1 un edificio para el Instituto Municipal de Arte y Cultura, esa es la parte f\u00e1cil. Por supuesto no minimizamos el gran m\u00e9rito del alcalde Am\u00e9rico Z\u00fa\u00f1iga. Sin embargo, la parte m\u00e1s dif\u00edcil ser\u00e1 darle a Xalapa el esplendor art\u00edstico que alguna vez tuvo. Tal vez las nuevas generaciones no lo sepan, pero en la Rep\u00fablica Xalapa era un referente cultural. En nuestra ciudad ten\u00edamos festivales de teatro, de m\u00fasica, festivales literarios, de danza. No necesit\u00e1bamos gastar en el Hay Festival pues la cartelera cultural en Xalapa era abundante.<br \/>\nPero un d\u00eda llegaron autoridades que ve\u00edan a la cultura como un adorno superfluo, inc\u00f3modo que hac\u00eda que las personas pensaran. Y en este pa\u00eds pensar es cosa peligrosa, de modo que poco a poco se le fue restando valor a la cultura. Tan poco valor tiene la cultura en Veracruz que a la fecha sigue subordinada al turismo.<br \/>\nSi se va a levantar el edificio del Instituto Municipal de Arte y Cultura estar\u00eda bien que tambi\u00e9n se rehabilite el prestigio cultural de nuestra ciudad. Entonces la tarea del alcalde Am\u00e9rico Z\u00fa\u00f1iga estar\u00e1 completa.<\/p>\n<p>aortiz52@hotmail.com<\/p>\n","protected":false},"excerpt":{"rendered":"<p>Armando Ortiz El Hijo Pr\u00f3digo \u00a1Huy, el teatro IMAC tiene tantos a\u00f1os abandonado! Ah\u00ed se gradu\u00f3 mi hermano Rub\u00e9n de la primaria. Todav\u00eda guardamos esa foto en donde aparece lloroso porque no pudimos ir a su ceremonia de graduaci\u00f3n, primero porque mi mam\u00e1 trabajaba, segundo porque nosotros ni siquiera nos acordamos. Est\u00e1 con mi t\u00eda [&hellip;]<\/p>\n","protected":false},"author":2,"featured_media":0,"comment_status":"open","ping_status":"open","sticky":false,"template":"","format":"standard","meta":{"tdm_status":"","tdm_grid_status":"","footnotes":""},"categories":[70],"tags":[539,5101,96],"class_list":{"0":"post-22018","1":"post","2":"type-post","3":"status-publish","4":"format-standard","6":"category-de-opinion","7":"tag-americo-zuniga-martinez","8":"tag-imac","9":"tag-xalapa"},"yoast_head":"<!-- This site is optimized with the Yoast SEO plugin v27.4 - https:\/\/yoast.com\/product\/yoast-seo-wordpress\/ -->\n<title>IMAC: devolver el prestigio cultural a Xalapa - Los pol\u00edticos Veracruz<\/title>\n<meta name=\"robots\" content=\"index, follow, max-snippet:-1, max-image-preview:large, max-video-preview:-1\" \/>\n<link rel=\"canonical\" href=\"https:\/\/lospoliticosveracruz.com\/?p=22018\" \/>\n<meta property=\"og:locale\" content=\"es_ES\" \/>\n<meta property=\"og:type\" content=\"article\" \/>\n<meta property=\"og:title\" content=\"IMAC: devolver el prestigio cultural a Xalapa - Los pol\u00edticos Veracruz\" \/>\n<meta property=\"og:description\" content=\"Armando Ortiz El Hijo Pr\u00f3digo \u00a1Huy, el teatro IMAC tiene tantos a\u00f1os abandonado! Ah\u00ed se gradu\u00f3 mi hermano Rub\u00e9n de la primaria. Todav\u00eda guardamos esa foto en donde aparece lloroso porque no pudimos ir a su ceremonia de graduaci\u00f3n, primero porque mi mam\u00e1 trabajaba, segundo porque nosotros ni siquiera nos acordamos. Est\u00e1 con mi t\u00eda [&hellip;]\" \/>\n<meta property=\"og:url\" content=\"https:\/\/lospoliticosveracruz.com\/?p=22018\" \/>\n<meta property=\"og:site_name\" content=\"Los pol\u00edticos Veracruz\" \/>\n<meta property=\"article:publisher\" content=\"https:\/\/www.facebook.com\/people\/Notimemes-de-los-Polticos\/61565672886568\/\" \/>\n<meta property=\"article:published_time\" content=\"2016-03-16T03:39:31+00:00\" \/>\n<meta property=\"og:image\" content=\"http:\/\/www.lospoliticosveracruz.com.mx\/wp-content\/uploads\/2016\/03\/IMAC-300x225.jpg\" \/>\n<meta name=\"author\" content=\"Lo viste en Los Pol\u00edticos\" \/>\n<meta name=\"twitter:card\" content=\"summary_large_image\" \/>\n<meta name=\"twitter:creator\" content=\"@LosPoliticosVer\" \/>\n<meta name=\"twitter:site\" content=\"@LosPoliticosVer\" \/>\n<meta name=\"twitter:label1\" content=\"Escrito por\" \/>\n\t<meta name=\"twitter:data1\" content=\"Lo viste en Los Pol\u00edticos\" \/>\n\t<meta name=\"twitter:label2\" content=\"Tiempo de lectura\" \/>\n\t<meta name=\"twitter:data2\" content=\"3 minutos\" \/>\n<script type=\"application\/ld+json\" class=\"yoast-schema-graph\">{\"@context\":\"https:\\\/\\\/schema.org\",\"@graph\":[{\"@type\":\"Article\",\"@id\":\"https:\\\/\\\/lospoliticosveracruz.com\\\/?p=22018#article\",\"isPartOf\":{\"@id\":\"https:\\\/\\\/lospoliticosveracruz.com\\\/?p=22018\"},\"author\":{\"name\":\"Lo viste en Los Pol\u00edticos\",\"@id\":\"https:\\\/\\\/lospoliticosveracruz.com\\\/#\\\/schema\\\/person\\\/b8702bb0e538456e6efd07080bf2a4a2\"},\"headline\":\"IMAC: devolver el prestigio cultural a Xalapa\",\"datePublished\":\"2016-03-16T03:39:31+00:00\",\"mainEntityOfPage\":{\"@id\":\"https:\\\/\\\/lospoliticosveracruz.com\\\/?p=22018\"},\"wordCount\":676,\"commentCount\":0,\"publisher\":{\"@id\":\"https:\\\/\\\/lospoliticosveracruz.com\\\/#organization\"},\"image\":{\"@id\":\"https:\\\/\\\/lospoliticosveracruz.com\\\/?p=22018#primaryimage\"},\"thumbnailUrl\":\"http:\\\/\\\/www.lospoliticosveracruz.com.mx\\\/wp-content\\\/uploads\\\/2016\\\/03\\\/IMAC-300x225.jpg\",\"keywords\":[\"Am\u00e9rico Z\u00fa\u00f1iga Mart\u00ednez\",\"IMAC\",\"Xalapa\"],\"articleSection\":[\"De Opini\u00f3n\"],\"inLanguage\":\"es\",\"potentialAction\":[{\"@type\":\"CommentAction\",\"name\":\"Comment\",\"target\":[\"https:\\\/\\\/lospoliticosveracruz.com\\\/?p=22018#respond\"]}]},{\"@type\":\"WebPage\",\"@id\":\"https:\\\/\\\/lospoliticosveracruz.com\\\/?p=22018\",\"url\":\"https:\\\/\\\/lospoliticosveracruz.com\\\/?p=22018\",\"name\":\"IMAC: devolver el prestigio cultural a Xalapa - Los pol\u00edticos Veracruz\",\"isPartOf\":{\"@id\":\"https:\\\/\\\/lospoliticosveracruz.com\\\/#website\"},\"primaryImageOfPage\":{\"@id\":\"https:\\\/\\\/lospoliticosveracruz.com\\\/?p=22018#primaryimage\"},\"image\":{\"@id\":\"https:\\\/\\\/lospoliticosveracruz.com\\\/?p=22018#primaryimage\"},\"thumbnailUrl\":\"http:\\\/\\\/www.lospoliticosveracruz.com.mx\\\/wp-content\\\/uploads\\\/2016\\\/03\\\/IMAC-300x225.jpg\",\"datePublished\":\"2016-03-16T03:39:31+00:00\",\"breadcrumb\":{\"@id\":\"https:\\\/\\\/lospoliticosveracruz.com\\\/?p=22018#breadcrumb\"},\"inLanguage\":\"es\",\"potentialAction\":[{\"@type\":\"ReadAction\",\"target\":[\"https:\\\/\\\/lospoliticosveracruz.com\\\/?p=22018\"]}]},{\"@type\":\"ImageObject\",\"inLanguage\":\"es\",\"@id\":\"https:\\\/\\\/lospoliticosveracruz.com\\\/?p=22018#primaryimage\",\"url\":\"http:\\\/\\\/www.lospoliticosveracruz.com.mx\\\/wp-content\\\/uploads\\\/2016\\\/03\\\/IMAC-300x225.jpg\",\"contentUrl\":\"http:\\\/\\\/www.lospoliticosveracruz.com.mx\\\/wp-content\\\/uploads\\\/2016\\\/03\\\/IMAC-300x225.jpg\"},{\"@type\":\"BreadcrumbList\",\"@id\":\"https:\\\/\\\/lospoliticosveracruz.com\\\/?p=22018#breadcrumb\",\"itemListElement\":[{\"@type\":\"ListItem\",\"position\":1,\"name\":\"Portada\",\"item\":\"https:\\\/\\\/lospoliticosveracruz.com\\\/\"},{\"@type\":\"ListItem\",\"position\":2,\"name\":\"IMAC: devolver el prestigio cultural a Xalapa\"}]},{\"@type\":\"WebSite\",\"@id\":\"https:\\\/\\\/lospoliticosveracruz.com\\\/#website\",\"url\":\"https:\\\/\\\/lospoliticosveracruz.com\\\/\",\"name\":\"Los pol\u00edticos Veracruz\",\"description\":\"\",\"publisher\":{\"@id\":\"https:\\\/\\\/lospoliticosveracruz.com\\\/#organization\"},\"potentialAction\":[{\"@type\":\"SearchAction\",\"target\":{\"@type\":\"EntryPoint\",\"urlTemplate\":\"https:\\\/\\\/lospoliticosveracruz.com\\\/?s={search_term_string}\"},\"query-input\":{\"@type\":\"PropertyValueSpecification\",\"valueRequired\":true,\"valueName\":\"search_term_string\"}}],\"inLanguage\":\"es\"},{\"@type\":\"Organization\",\"@id\":\"https:\\\/\\\/lospoliticosveracruz.com\\\/#organization\",\"name\":\"Los pol\u00edticos Veracruz\",\"url\":\"https:\\\/\\\/lospoliticosveracruz.com\\\/\",\"logo\":{\"@type\":\"ImageObject\",\"inLanguage\":\"es\",\"@id\":\"https:\\\/\\\/lospoliticosveracruz.com\\\/#\\\/schema\\\/logo\\\/image\\\/\",\"url\":\"https:\\\/\\\/lospoliticosveracruz.com\\\/wp-content\\\/uploads\\\/2025\\\/12\\\/Logo-Nuevo-LOS-POLITICOS-1.jpg\",\"contentUrl\":\"https:\\\/\\\/lospoliticosveracruz.com\\\/wp-content\\\/uploads\\\/2025\\\/12\\\/Logo-Nuevo-LOS-POLITICOS-1.jpg\",\"width\":260,\"height\":70,\"caption\":\"Los pol\u00edticos Veracruz\"},\"image\":{\"@id\":\"https:\\\/\\\/lospoliticosveracruz.com\\\/#\\\/schema\\\/logo\\\/image\\\/\"},\"sameAs\":[\"https:\\\/\\\/www.facebook.com\\\/people\\\/Notimemes-de-los-Polticos\\\/61565672886568\\\/\",\"https:\\\/\\\/x.com\\\/LosPoliticosVer\"]},{\"@type\":\"Person\",\"@id\":\"https:\\\/\\\/lospoliticosveracruz.com\\\/#\\\/schema\\\/person\\\/b8702bb0e538456e6efd07080bf2a4a2\",\"name\":\"Lo viste en Los Pol\u00edticos\",\"image\":{\"@type\":\"ImageObject\",\"inLanguage\":\"es\",\"@id\":\"https:\\\/\\\/secure.gravatar.com\\\/avatar\\\/3a8de04a2656d44082be478bd6c086daa447c4651605818287b9532d3d0bd435?s=96&d=mm&r=g\",\"url\":\"https:\\\/\\\/secure.gravatar.com\\\/avatar\\\/3a8de04a2656d44082be478bd6c086daa447c4651605818287b9532d3d0bd435?s=96&d=mm&r=g\",\"contentUrl\":\"https:\\\/\\\/secure.gravatar.com\\\/avatar\\\/3a8de04a2656d44082be478bd6c086daa447c4651605818287b9532d3d0bd435?s=96&d=mm&r=g\",\"caption\":\"Lo viste en Los Pol\u00edticos\"},\"url\":\"https:\\\/\\\/lospoliticosveracruz.com\\\/?author=2\"}]}<\/script>\n<!-- \/ Yoast SEO plugin. -->","yoast_head_json":{"title":"IMAC: devolver el prestigio cultural a Xalapa - Los pol\u00edticos Veracruz","robots":{"index":"index","follow":"follow","max-snippet":"max-snippet:-1","max-image-preview":"max-image-preview:large","max-video-preview":"max-video-preview:-1"},"canonical":"https:\/\/lospoliticosveracruz.com\/?p=22018","og_locale":"es_ES","og_type":"article","og_title":"IMAC: devolver el prestigio cultural a Xalapa - Los pol\u00edticos Veracruz","og_description":"Armando Ortiz El Hijo Pr\u00f3digo \u00a1Huy, el teatro IMAC tiene tantos a\u00f1os abandonado! Ah\u00ed se gradu\u00f3 mi hermano Rub\u00e9n de la primaria. Todav\u00eda guardamos esa foto en donde aparece lloroso porque no pudimos ir a su ceremonia de graduaci\u00f3n, primero porque mi mam\u00e1 trabajaba, segundo porque nosotros ni siquiera nos acordamos. Est\u00e1 con mi t\u00eda [&hellip;]","og_url":"https:\/\/lospoliticosveracruz.com\/?p=22018","og_site_name":"Los pol\u00edticos Veracruz","article_publisher":"https:\/\/www.facebook.com\/people\/Notimemes-de-los-Polticos\/61565672886568\/","article_published_time":"2016-03-16T03:39:31+00:00","og_image":[{"url":"http:\/\/www.lospoliticosveracruz.com.mx\/wp-content\/uploads\/2016\/03\/IMAC-300x225.jpg","type":"","width":"","height":""}],"author":"Lo viste en Los Pol\u00edticos","twitter_card":"summary_large_image","twitter_creator":"@LosPoliticosVer","twitter_site":"@LosPoliticosVer","twitter_misc":{"Escrito por":"Lo viste en Los Pol\u00edticos","Tiempo de lectura":"3 minutos"},"schema":{"@context":"https:\/\/schema.org","@graph":[{"@type":"Article","@id":"https:\/\/lospoliticosveracruz.com\/?p=22018#article","isPartOf":{"@id":"https:\/\/lospoliticosveracruz.com\/?p=22018"},"author":{"name":"Lo viste en Los Pol\u00edticos","@id":"https:\/\/lospoliticosveracruz.com\/#\/schema\/person\/b8702bb0e538456e6efd07080bf2a4a2"},"headline":"IMAC: devolver el prestigio cultural a Xalapa","datePublished":"2016-03-16T03:39:31+00:00","mainEntityOfPage":{"@id":"https:\/\/lospoliticosveracruz.com\/?p=22018"},"wordCount":676,"commentCount":0,"publisher":{"@id":"https:\/\/lospoliticosveracruz.com\/#organization"},"image":{"@id":"https:\/\/lospoliticosveracruz.com\/?p=22018#primaryimage"},"thumbnailUrl":"http:\/\/www.lospoliticosveracruz.com.mx\/wp-content\/uploads\/2016\/03\/IMAC-300x225.jpg","keywords":["Am\u00e9rico Z\u00fa\u00f1iga Mart\u00ednez","IMAC","Xalapa"],"articleSection":["De Opini\u00f3n"],"inLanguage":"es","potentialAction":[{"@type":"CommentAction","name":"Comment","target":["https:\/\/lospoliticosveracruz.com\/?p=22018#respond"]}]},{"@type":"WebPage","@id":"https:\/\/lospoliticosveracruz.com\/?p=22018","url":"https:\/\/lospoliticosveracruz.com\/?p=22018","name":"IMAC: devolver el prestigio cultural a Xalapa - Los pol\u00edticos Veracruz","isPartOf":{"@id":"https:\/\/lospoliticosveracruz.com\/#website"},"primaryImageOfPage":{"@id":"https:\/\/lospoliticosveracruz.com\/?p=22018#primaryimage"},"image":{"@id":"https:\/\/lospoliticosveracruz.com\/?p=22018#primaryimage"},"thumbnailUrl":"http:\/\/www.lospoliticosveracruz.com.mx\/wp-content\/uploads\/2016\/03\/IMAC-300x225.jpg","datePublished":"2016-03-16T03:39:31+00:00","breadcrumb":{"@id":"https:\/\/lospoliticosveracruz.com\/?p=22018#breadcrumb"},"inLanguage":"es","potentialAction":[{"@type":"ReadAction","target":["https:\/\/lospoliticosveracruz.com\/?p=22018"]}]},{"@type":"ImageObject","inLanguage":"es","@id":"https:\/\/lospoliticosveracruz.com\/?p=22018#primaryimage","url":"http:\/\/www.lospoliticosveracruz.com.mx\/wp-content\/uploads\/2016\/03\/IMAC-300x225.jpg","contentUrl":"http:\/\/www.lospoliticosveracruz.com.mx\/wp-content\/uploads\/2016\/03\/IMAC-300x225.jpg"},{"@type":"BreadcrumbList","@id":"https:\/\/lospoliticosveracruz.com\/?p=22018#breadcrumb","itemListElement":[{"@type":"ListItem","position":1,"name":"Portada","item":"https:\/\/lospoliticosveracruz.com\/"},{"@type":"ListItem","position":2,"name":"IMAC: devolver el prestigio cultural a Xalapa"}]},{"@type":"WebSite","@id":"https:\/\/lospoliticosveracruz.com\/#website","url":"https:\/\/lospoliticosveracruz.com\/","name":"Los pol\u00edticos Veracruz","description":"","publisher":{"@id":"https:\/\/lospoliticosveracruz.com\/#organization"},"potentialAction":[{"@type":"SearchAction","target":{"@type":"EntryPoint","urlTemplate":"https:\/\/lospoliticosveracruz.com\/?s={search_term_string}"},"query-input":{"@type":"PropertyValueSpecification","valueRequired":true,"valueName":"search_term_string"}}],"inLanguage":"es"},{"@type":"Organization","@id":"https:\/\/lospoliticosveracruz.com\/#organization","name":"Los pol\u00edticos Veracruz","url":"https:\/\/lospoliticosveracruz.com\/","logo":{"@type":"ImageObject","inLanguage":"es","@id":"https:\/\/lospoliticosveracruz.com\/#\/schema\/logo\/image\/","url":"https:\/\/lospoliticosveracruz.com\/wp-content\/uploads\/2025\/12\/Logo-Nuevo-LOS-POLITICOS-1.jpg","contentUrl":"https:\/\/lospoliticosveracruz.com\/wp-content\/uploads\/2025\/12\/Logo-Nuevo-LOS-POLITICOS-1.jpg","width":260,"height":70,"caption":"Los pol\u00edticos Veracruz"},"image":{"@id":"https:\/\/lospoliticosveracruz.com\/#\/schema\/logo\/image\/"},"sameAs":["https:\/\/www.facebook.com\/people\/Notimemes-de-los-Polticos\/61565672886568\/","https:\/\/x.com\/LosPoliticosVer"]},{"@type":"Person","@id":"https:\/\/lospoliticosveracruz.com\/#\/schema\/person\/b8702bb0e538456e6efd07080bf2a4a2","name":"Lo viste en Los Pol\u00edticos","image":{"@type":"ImageObject","inLanguage":"es","@id":"https:\/\/secure.gravatar.com\/avatar\/3a8de04a2656d44082be478bd6c086daa447c4651605818287b9532d3d0bd435?s=96&d=mm&r=g","url":"https:\/\/secure.gravatar.com\/avatar\/3a8de04a2656d44082be478bd6c086daa447c4651605818287b9532d3d0bd435?s=96&d=mm&r=g","contentUrl":"https:\/\/secure.gravatar.com\/avatar\/3a8de04a2656d44082be478bd6c086daa447c4651605818287b9532d3d0bd435?s=96&d=mm&r=g","caption":"Lo viste en Los Pol\u00edticos"},"url":"https:\/\/lospoliticosveracruz.com\/?author=2"}]}},"_links":{"self":[{"href":"https:\/\/lospoliticosveracruz.com\/index.php?rest_route=\/wp\/v2\/posts\/22018","targetHints":{"allow":["GET"]}}],"collection":[{"href":"https:\/\/lospoliticosveracruz.com\/index.php?rest_route=\/wp\/v2\/posts"}],"about":[{"href":"https:\/\/lospoliticosveracruz.com\/index.php?rest_route=\/wp\/v2\/types\/post"}],"author":[{"embeddable":true,"href":"https:\/\/lospoliticosveracruz.com\/index.php?rest_route=\/wp\/v2\/users\/2"}],"replies":[{"embeddable":true,"href":"https:\/\/lospoliticosveracruz.com\/index.php?rest_route=%2Fwp%2Fv2%2Fcomments&post=22018"}],"version-history":[{"count":1,"href":"https:\/\/lospoliticosveracruz.com\/index.php?rest_route=\/wp\/v2\/posts\/22018\/revisions"}],"predecessor-version":[{"id":22023,"href":"https:\/\/lospoliticosveracruz.com\/index.php?rest_route=\/wp\/v2\/posts\/22018\/revisions\/22023"}],"wp:attachment":[{"href":"https:\/\/lospoliticosveracruz.com\/index.php?rest_route=%2Fwp%2Fv2%2Fmedia&parent=22018"}],"wp:term":[{"taxonomy":"category","embeddable":true,"href":"https:\/\/lospoliticosveracruz.com\/index.php?rest_route=%2Fwp%2Fv2%2Fcategories&post=22018"},{"taxonomy":"post_tag","embeddable":true,"href":"https:\/\/lospoliticosveracruz.com\/index.php?rest_route=%2Fwp%2Fv2%2Ftags&post=22018"}],"curies":[{"name":"wp","href":"https:\/\/api.w.org\/{rel}","templated":true}]}}