{"id":22024,"date":"2016-03-15T21:52:43","date_gmt":"2016-03-16T03:52:43","guid":{"rendered":"http:\/\/www.lospoliticosveracruz.com.mx\/?p=22024"},"modified":"2016-03-15T21:52:43","modified_gmt":"2016-03-16T03:52:43","slug":"el-reparto-de-las-candidaturas-a-las-diputaciones","status":"publish","type":"post","link":"https:\/\/lospoliticosveracruz.com\/?p=22024","title":{"rendered":"El reparto de las candidaturas a las diputaciones"},"content":{"rendered":"<p><a href=\"http:\/\/www.lospoliticosveracruz.com.mx\/wp-content\/uploads\/2016\/03\/Alianza-PAN-PRD.jpg\"><img loading=\"lazy\" decoding=\"async\" class=\"alignnone size-medium wp-image-22026\" src=\"http:\/\/www.lospoliticosveracruz.com.mx\/wp-content\/uploads\/2016\/03\/Alianza-PAN-PRD-266x300.jpg\" alt=\"Alianza PAN-PRD\" width=\"266\" height=\"300\" \/><\/a><br \/>\n<strong>Luis Alberto Romero<\/strong><\/p>\n<p><em>Hora Cero<\/em><\/p>\n<p>En la sesi\u00f3n de su Comisi\u00f3n Permanente Estatal celebrada por la noche del pasado lunes 14, el Partido Acci\u00f3n Nacional no s\u00f3lo formaliz\u00f3 la candidatura de Miguel \u00c1ngel Yunes Linares al gobierno de la entidad, tambi\u00e9n determin\u00f3 a los abanderados a las diputaciones locales por 16 distritos; los otros 14 fueron reservados, en los t\u00e9rminos de la \u201cAlianza para Rescatar Veracruz\u201d, para el Sol Azteca.<br \/>\nDe los 16 distritos que ya tienen candidato por la alianza PAN-PRD, probablemente los de la zona conurbada Veracruz-Boca del R\u00edo y los que se ubican en la regi\u00f3n de las Altas Monta\u00f1as, C\u00f3rdoba, Orizaba y Huatusco, tienen muy altas probabilidades de triunfo en la jornada del domingo 5 de junio.<br \/>\nSin embargo, tambi\u00e9n se prev\u00e9 un alto nivel de competencia pol\u00edtica en al menos otros seis de los distritos donde Acci\u00f3n Nacional coloc\u00f3 candidatos: P\u00e1nuco, con Zoila Guzm\u00e1n; Mart\u00ednez de la Torre, con Mar\u00eda Elisa Manterola; Xalapa, con Cyntia Lobato; Coatepec, con Jos\u00e9 Manuel S\u00e1nchez; Emiliano Zapata, con Daniel Olmos; y Cosamaloapan, con Gregorio Murillo.<br \/>\nEso sin contar con algunos distritos donde el candidato sale del Partido de la Revoluci\u00f3n Democr\u00e1tica, como \u00c1lamo, Poza Rica, Papantla, Acayucan, Minatitl\u00e1n, Cosoleacaque y Coatzacoalcos, que tambi\u00e9n representar\u00e1n un fuerte riesgo el Revolucionario Institucional.<br \/>\nEn el otro frente, el PRI todav\u00eda no da a conocer de manera oficial a sus abanderados a las diputaciones locales.<br \/>\nEn ese contexto, el problema a que se enfrentar\u00e1 el tricolor no s\u00f3lo se relaciona con la unidad de los grupos y las corrientes internas en las diferentes regiones de la entidad, sino con la distribuci\u00f3n y reparto de cuotas a los sectores del partido: el lunes, los dirigentes estatales de la CNOP, \u00c9rika Ayala R\u00edos; y CNC, Juan Carlos Molina Palacios, exigieron que no se les ignore; es decir, que sean tomados en cuenta para los espacios en las candidaturas a las diputaciones.<br \/>\nPor si fuera poco, adem\u00e1s de los sectores y organizaciones, el PRI deber\u00e1 apoyarse en las expresiones y grupos regionales, porque sin \u00e9stos, el camino al 5 de junio podr\u00eda resultar tortuoso para sus abanderados a las curules y, de rebote, para su candidato al gobierno estatal.<br \/>\nNo s\u00f3lo eso: la lista de los aspirantes priistas al poder legislativo tambi\u00e9n revelar\u00e1, en gran medida, los acuerdos entre el partido, su candidato a gobernador, y los grupos internos, como el del actual ejecutivo estatal, Javier Duarte.<\/p>\n<p><strong>Huatusco, distrito de riesgo para el PRI<\/strong><br \/>\nEntre las candidaturas presentadas y aprobadas este lunes por la Comisi\u00f3n Permanente Estatal del PAN destaca la del perredista Hugo Gonz\u00e1lez Saavedra por el distrito 18 de Huatusco.<br \/>\nEn ese distrito, la peligrosidad de Acci\u00f3n Nacional no s\u00f3lo radica en un candidato fuerte, sino en el control pol\u00edtico que ejerce en la cabecera distrital, Huatusco, donde el blanquiazul gobierna con Santiago Chicuellar Aguilar.<br \/>\nEn ese distrito, el municipio priista m\u00e1s importante es Coscomatepec, que tiene como alcalde a Manuel \u00c1lvarez S\u00e1nchez.<br \/>\nCoscomatepec, elevado a la categor\u00eda de Puebla M\u00e1gico por el gobierno federal en septiembre de a\u00f1o pasado, tiene una poblaci\u00f3n cercana a los 52 mil 500 habitantes; es el segundo municipio m\u00e1s poblado del distrito, s\u00f3lo atr\u00e1s de Huatusco, que tiene 54 mil 500.<br \/>\nEntre Huatusco y Coscomatepec hay 107 mil habitantes, en tanto que el resto de los municipios del distrito representan, juntos, 137 mil. Alpatl\u00e1huac tiene menos de 10 mil pobladores; Calcahualco, 13 mil; Comapa, 18 mil, al igual que Chocam\u00e1n; Ixhuatl\u00e1n del Caf\u00e9, 21 mil; Sochiapa, 3 mil; Temampa 6 mil; Tepatlaxco, 8 mil, igual que Tomatl\u00e1n; Tlacotepec, 4 mil; Totutla, 16 mil; y Zentla, 12 mil habitantes.<br \/>\nDe esa manera, podr\u00edamos decir que la elecci\u00f3n para diputado local se definir\u00e1 en dos municipios, uno panista, Huatusco, y el otro con gobierno priista, Coscomatepec, por donde, sin duda, deber\u00e1 pasar la decisi\u00f3n en torno al candidato del tricolor.<br \/>\nAs\u00ed las cosas, si el PRI decide ir al proceso electoral con un abanderado que no est\u00e9 vinculado con los grupos locales y que no cuente con presencia, arraigo y recursos, lo m\u00e1s probable es que el pr\u00f3ximo legislador por el distrito 18 sea el empresario Hugo Gonz\u00e1lez, quien fue derrotado en la elecci\u00f3n por la alcald\u00eda de Coscomatepec, en 2013, precisamente por el actual alcalde, Manuel \u00c1lvarez.<\/p>\n<p><strong>Xalapa, compromiso con la educaci\u00f3n<\/strong><br \/>\nEste viernes 18, el alcalde de Xalapa, Am\u00e9rico Z\u00fa\u00f1iga Mart\u00ednez, encabezar\u00e1 una ceremonia con m\u00e1s de 3 mil ni\u00f1os, en el Estadio Xalape\u00f1o Heriberto Jara Corona, para entregar paquetes deportivos a 150 escuelas de la capital.<br \/>\nSer\u00e1 un evento multitudinario, nos dicen, donde el mun\u00edcipe, la Secretaria de Educaci\u00f3n, X\u00f3chitl Adela Osorio, y los ni\u00f1os participantes, recorrer\u00e1n el Estadio y el primer lago, con diversas actividades.<br \/>\nEl compromiso del Ayuntamiento de Xalapa con la educaci\u00f3n en la capital est\u00e1 fuera de duda. S\u00f3lo hay que ver los m\u00e1s de 20 millones que se han invertido en el programa \u00abAlcalde en Tu Escuela\u00bb y todas las acciones que diariamente se realizan en las zonas aleda\u00f1as a los centros educativos. @luisromero85<\/p>\n","protected":false},"excerpt":{"rendered":"<p>Luis Alberto Romero Hora Cero En la sesi\u00f3n de su Comisi\u00f3n Permanente Estatal celebrada por la noche del pasado lunes 14, el Partido Acci\u00f3n Nacional no s\u00f3lo formaliz\u00f3 la candidatura de Miguel \u00c1ngel Yunes Linares al gobierno de la entidad, tambi\u00e9n determin\u00f3 a los abanderados a las diputaciones locales por 16 distritos; los otros 14 [&hellip;]<\/p>\n","protected":false},"author":2,"featured_media":0,"comment_status":"open","ping_status":"open","sticky":false,"template":"","format":"standard","meta":{"tdm_status":"","tdm_grid_status":"","footnotes":""},"categories":[70],"tags":[539,1818,3118,3368,4303,3525,3256,428,3479,96],"class_list":{"0":"post-22024","1":"post","2":"type-post","3":"status-publish","4":"format-standard","6":"category-de-opinion","7":"tag-americo-zuniga-martinez","8":"tag-candidatos","9":"tag-cnc","10":"tag-cnop","11":"tag-diputaciones","12":"tag-erika-ayala-rios","13":"tag-juan-carlos-molina-palacios","14":"tag-miguel-angel-yunes-linares","15":"tag-pan-prd","16":"tag-xalapa"},"yoast_head":"<!-- This site is optimized with the Yoast SEO plugin v27.4 - https:\/\/yoast.com\/product\/yoast-seo-wordpress\/ -->\n<title>El reparto de las candidaturas a las diputaciones - Los pol\u00edticos Veracruz<\/title>\n<meta name=\"robots\" content=\"index, follow, max-snippet:-1, max-image-preview:large, max-video-preview:-1\" \/>\n<link rel=\"canonical\" href=\"https:\/\/lospoliticosveracruz.com\/?p=22024\" \/>\n<meta property=\"og:locale\" content=\"es_ES\" \/>\n<meta property=\"og:type\" content=\"article\" \/>\n<meta property=\"og:title\" content=\"El reparto de las candidaturas a las diputaciones - Los pol\u00edticos Veracruz\" \/>\n<meta property=\"og:description\" content=\"Luis Alberto Romero Hora Cero En la sesi\u00f3n de su Comisi\u00f3n Permanente Estatal celebrada por la noche del pasado lunes 14, el Partido Acci\u00f3n Nacional no s\u00f3lo formaliz\u00f3 la candidatura de Miguel \u00c1ngel Yunes Linares al gobierno de la entidad, tambi\u00e9n determin\u00f3 a los abanderados a las diputaciones locales por 16 distritos; los otros 14 [&hellip;]\" \/>\n<meta property=\"og:url\" content=\"https:\/\/lospoliticosveracruz.com\/?p=22024\" \/>\n<meta property=\"og:site_name\" content=\"Los pol\u00edticos Veracruz\" \/>\n<meta property=\"article:publisher\" content=\"https:\/\/www.facebook.com\/people\/Notimemes-de-los-Polticos\/61565672886568\/\" \/>\n<meta property=\"article:published_time\" content=\"2016-03-16T03:52:43+00:00\" \/>\n<meta property=\"og:image\" content=\"http:\/\/www.lospoliticosveracruz.com.mx\/wp-content\/uploads\/2016\/03\/Alianza-PAN-PRD-266x300.jpg\" \/>\n<meta name=\"author\" content=\"Lo viste en Los Pol\u00edticos\" \/>\n<meta name=\"twitter:card\" content=\"summary_large_image\" \/>\n<meta name=\"twitter:creator\" content=\"@LosPoliticosVer\" \/>\n<meta name=\"twitter:site\" content=\"@LosPoliticosVer\" \/>\n<meta name=\"twitter:label1\" content=\"Escrito por\" \/>\n\t<meta name=\"twitter:data1\" content=\"Lo viste en Los Pol\u00edticos\" \/>\n\t<meta name=\"twitter:label2\" content=\"Tiempo de lectura\" \/>\n\t<meta name=\"twitter:data2\" content=\"4 minutos\" \/>\n<script type=\"application\/ld+json\" class=\"yoast-schema-graph\">{\"@context\":\"https:\\\/\\\/schema.org\",\"@graph\":[{\"@type\":\"Article\",\"@id\":\"https:\\\/\\\/lospoliticosveracruz.com\\\/?p=22024#article\",\"isPartOf\":{\"@id\":\"https:\\\/\\\/lospoliticosveracruz.com\\\/?p=22024\"},\"author\":{\"name\":\"Lo viste en Los Pol\u00edticos\",\"@id\":\"https:\\\/\\\/lospoliticosveracruz.com\\\/#\\\/schema\\\/person\\\/b8702bb0e538456e6efd07080bf2a4a2\"},\"headline\":\"El reparto de las candidaturas a las diputaciones\",\"datePublished\":\"2016-03-16T03:52:43+00:00\",\"mainEntityOfPage\":{\"@id\":\"https:\\\/\\\/lospoliticosveracruz.com\\\/?p=22024\"},\"wordCount\":884,\"commentCount\":0,\"publisher\":{\"@id\":\"https:\\\/\\\/lospoliticosveracruz.com\\\/#organization\"},\"image\":{\"@id\":\"https:\\\/\\\/lospoliticosveracruz.com\\\/?p=22024#primaryimage\"},\"thumbnailUrl\":\"http:\\\/\\\/www.lospoliticosveracruz.com.mx\\\/wp-content\\\/uploads\\\/2016\\\/03\\\/Alianza-PAN-PRD-266x300.jpg\",\"keywords\":[\"Am\u00e9rico Z\u00fa\u00f1iga Mart\u00ednez\",\"candidatos\",\"CNC\",\"CNOP\",\"Diputaciones\",\"Erika Ayala R\u00edos\",\"Juan Carlos Molina Palacios\",\"Miguel Angel Yunes Linares\",\"PAN-PRD\",\"Xalapa\"],\"articleSection\":[\"De Opini\u00f3n\"],\"inLanguage\":\"es\",\"potentialAction\":[{\"@type\":\"CommentAction\",\"name\":\"Comment\",\"target\":[\"https:\\\/\\\/lospoliticosveracruz.com\\\/?p=22024#respond\"]}]},{\"@type\":\"WebPage\",\"@id\":\"https:\\\/\\\/lospoliticosveracruz.com\\\/?p=22024\",\"url\":\"https:\\\/\\\/lospoliticosveracruz.com\\\/?p=22024\",\"name\":\"El reparto de las candidaturas a las diputaciones - Los pol\u00edticos Veracruz\",\"isPartOf\":{\"@id\":\"https:\\\/\\\/lospoliticosveracruz.com\\\/#website\"},\"primaryImageOfPage\":{\"@id\":\"https:\\\/\\\/lospoliticosveracruz.com\\\/?p=22024#primaryimage\"},\"image\":{\"@id\":\"https:\\\/\\\/lospoliticosveracruz.com\\\/?p=22024#primaryimage\"},\"thumbnailUrl\":\"http:\\\/\\\/www.lospoliticosveracruz.com.mx\\\/wp-content\\\/uploads\\\/2016\\\/03\\\/Alianza-PAN-PRD-266x300.jpg\",\"datePublished\":\"2016-03-16T03:52:43+00:00\",\"breadcrumb\":{\"@id\":\"https:\\\/\\\/lospoliticosveracruz.com\\\/?p=22024#breadcrumb\"},\"inLanguage\":\"es\",\"potentialAction\":[{\"@type\":\"ReadAction\",\"target\":[\"https:\\\/\\\/lospoliticosveracruz.com\\\/?p=22024\"]}]},{\"@type\":\"ImageObject\",\"inLanguage\":\"es\",\"@id\":\"https:\\\/\\\/lospoliticosveracruz.com\\\/?p=22024#primaryimage\",\"url\":\"http:\\\/\\\/www.lospoliticosveracruz.com.mx\\\/wp-content\\\/uploads\\\/2016\\\/03\\\/Alianza-PAN-PRD-266x300.jpg\",\"contentUrl\":\"http:\\\/\\\/www.lospoliticosveracruz.com.mx\\\/wp-content\\\/uploads\\\/2016\\\/03\\\/Alianza-PAN-PRD-266x300.jpg\"},{\"@type\":\"BreadcrumbList\",\"@id\":\"https:\\\/\\\/lospoliticosveracruz.com\\\/?p=22024#breadcrumb\",\"itemListElement\":[{\"@type\":\"ListItem\",\"position\":1,\"name\":\"Portada\",\"item\":\"https:\\\/\\\/lospoliticosveracruz.com\\\/\"},{\"@type\":\"ListItem\",\"position\":2,\"name\":\"El reparto de las candidaturas a las diputaciones\"}]},{\"@type\":\"WebSite\",\"@id\":\"https:\\\/\\\/lospoliticosveracruz.com\\\/#website\",\"url\":\"https:\\\/\\\/lospoliticosveracruz.com\\\/\",\"name\":\"Los pol\u00edticos Veracruz\",\"description\":\"\",\"publisher\":{\"@id\":\"https:\\\/\\\/lospoliticosveracruz.com\\\/#organization\"},\"potentialAction\":[{\"@type\":\"SearchAction\",\"target\":{\"@type\":\"EntryPoint\",\"urlTemplate\":\"https:\\\/\\\/lospoliticosveracruz.com\\\/?s={search_term_string}\"},\"query-input\":{\"@type\":\"PropertyValueSpecification\",\"valueRequired\":true,\"valueName\":\"search_term_string\"}}],\"inLanguage\":\"es\"},{\"@type\":\"Organization\",\"@id\":\"https:\\\/\\\/lospoliticosveracruz.com\\\/#organization\",\"name\":\"Los pol\u00edticos Veracruz\",\"url\":\"https:\\\/\\\/lospoliticosveracruz.com\\\/\",\"logo\":{\"@type\":\"ImageObject\",\"inLanguage\":\"es\",\"@id\":\"https:\\\/\\\/lospoliticosveracruz.com\\\/#\\\/schema\\\/logo\\\/image\\\/\",\"url\":\"https:\\\/\\\/lospoliticosveracruz.com\\\/wp-content\\\/uploads\\\/2025\\\/12\\\/Logo-Nuevo-LOS-POLITICOS-1.jpg\",\"contentUrl\":\"https:\\\/\\\/lospoliticosveracruz.com\\\/wp-content\\\/uploads\\\/2025\\\/12\\\/Logo-Nuevo-LOS-POLITICOS-1.jpg\",\"width\":260,\"height\":70,\"caption\":\"Los pol\u00edticos Veracruz\"},\"image\":{\"@id\":\"https:\\\/\\\/lospoliticosveracruz.com\\\/#\\\/schema\\\/logo\\\/image\\\/\"},\"sameAs\":[\"https:\\\/\\\/www.facebook.com\\\/people\\\/Notimemes-de-los-Polticos\\\/61565672886568\\\/\",\"https:\\\/\\\/x.com\\\/LosPoliticosVer\"]},{\"@type\":\"Person\",\"@id\":\"https:\\\/\\\/lospoliticosveracruz.com\\\/#\\\/schema\\\/person\\\/b8702bb0e538456e6efd07080bf2a4a2\",\"name\":\"Lo viste en Los Pol\u00edticos\",\"image\":{\"@type\":\"ImageObject\",\"inLanguage\":\"es\",\"@id\":\"https:\\\/\\\/secure.gravatar.com\\\/avatar\\\/3a8de04a2656d44082be478bd6c086daa447c4651605818287b9532d3d0bd435?s=96&d=mm&r=g\",\"url\":\"https:\\\/\\\/secure.gravatar.com\\\/avatar\\\/3a8de04a2656d44082be478bd6c086daa447c4651605818287b9532d3d0bd435?s=96&d=mm&r=g\",\"contentUrl\":\"https:\\\/\\\/secure.gravatar.com\\\/avatar\\\/3a8de04a2656d44082be478bd6c086daa447c4651605818287b9532d3d0bd435?s=96&d=mm&r=g\",\"caption\":\"Lo viste en Los Pol\u00edticos\"},\"url\":\"https:\\\/\\\/lospoliticosveracruz.com\\\/?author=2\"}]}<\/script>\n<!-- \/ Yoast SEO plugin. -->","yoast_head_json":{"title":"El reparto de las candidaturas a las diputaciones - Los pol\u00edticos Veracruz","robots":{"index":"index","follow":"follow","max-snippet":"max-snippet:-1","max-image-preview":"max-image-preview:large","max-video-preview":"max-video-preview:-1"},"canonical":"https:\/\/lospoliticosveracruz.com\/?p=22024","og_locale":"es_ES","og_type":"article","og_title":"El reparto de las candidaturas a las diputaciones - Los pol\u00edticos Veracruz","og_description":"Luis Alberto Romero Hora Cero En la sesi\u00f3n de su Comisi\u00f3n Permanente Estatal celebrada por la noche del pasado lunes 14, el Partido Acci\u00f3n Nacional no s\u00f3lo formaliz\u00f3 la candidatura de Miguel \u00c1ngel Yunes Linares al gobierno de la entidad, tambi\u00e9n determin\u00f3 a los abanderados a las diputaciones locales por 16 distritos; los otros 14 [&hellip;]","og_url":"https:\/\/lospoliticosveracruz.com\/?p=22024","og_site_name":"Los pol\u00edticos Veracruz","article_publisher":"https:\/\/www.facebook.com\/people\/Notimemes-de-los-Polticos\/61565672886568\/","article_published_time":"2016-03-16T03:52:43+00:00","og_image":[{"url":"http:\/\/www.lospoliticosveracruz.com.mx\/wp-content\/uploads\/2016\/03\/Alianza-PAN-PRD-266x300.jpg","type":"","width":"","height":""}],"author":"Lo viste en Los Pol\u00edticos","twitter_card":"summary_large_image","twitter_creator":"@LosPoliticosVer","twitter_site":"@LosPoliticosVer","twitter_misc":{"Escrito por":"Lo viste en Los Pol\u00edticos","Tiempo de lectura":"4 minutos"},"schema":{"@context":"https:\/\/schema.org","@graph":[{"@type":"Article","@id":"https:\/\/lospoliticosveracruz.com\/?p=22024#article","isPartOf":{"@id":"https:\/\/lospoliticosveracruz.com\/?p=22024"},"author":{"name":"Lo viste en Los Pol\u00edticos","@id":"https:\/\/lospoliticosveracruz.com\/#\/schema\/person\/b8702bb0e538456e6efd07080bf2a4a2"},"headline":"El reparto de las candidaturas a las diputaciones","datePublished":"2016-03-16T03:52:43+00:00","mainEntityOfPage":{"@id":"https:\/\/lospoliticosveracruz.com\/?p=22024"},"wordCount":884,"commentCount":0,"publisher":{"@id":"https:\/\/lospoliticosveracruz.com\/#organization"},"image":{"@id":"https:\/\/lospoliticosveracruz.com\/?p=22024#primaryimage"},"thumbnailUrl":"http:\/\/www.lospoliticosveracruz.com.mx\/wp-content\/uploads\/2016\/03\/Alianza-PAN-PRD-266x300.jpg","keywords":["Am\u00e9rico Z\u00fa\u00f1iga Mart\u00ednez","candidatos","CNC","CNOP","Diputaciones","Erika Ayala R\u00edos","Juan Carlos Molina Palacios","Miguel Angel Yunes Linares","PAN-PRD","Xalapa"],"articleSection":["De Opini\u00f3n"],"inLanguage":"es","potentialAction":[{"@type":"CommentAction","name":"Comment","target":["https:\/\/lospoliticosveracruz.com\/?p=22024#respond"]}]},{"@type":"WebPage","@id":"https:\/\/lospoliticosveracruz.com\/?p=22024","url":"https:\/\/lospoliticosveracruz.com\/?p=22024","name":"El reparto de las candidaturas a las diputaciones - Los pol\u00edticos Veracruz","isPartOf":{"@id":"https:\/\/lospoliticosveracruz.com\/#website"},"primaryImageOfPage":{"@id":"https:\/\/lospoliticosveracruz.com\/?p=22024#primaryimage"},"image":{"@id":"https:\/\/lospoliticosveracruz.com\/?p=22024#primaryimage"},"thumbnailUrl":"http:\/\/www.lospoliticosveracruz.com.mx\/wp-content\/uploads\/2016\/03\/Alianza-PAN-PRD-266x300.jpg","datePublished":"2016-03-16T03:52:43+00:00","breadcrumb":{"@id":"https:\/\/lospoliticosveracruz.com\/?p=22024#breadcrumb"},"inLanguage":"es","potentialAction":[{"@type":"ReadAction","target":["https:\/\/lospoliticosveracruz.com\/?p=22024"]}]},{"@type":"ImageObject","inLanguage":"es","@id":"https:\/\/lospoliticosveracruz.com\/?p=22024#primaryimage","url":"http:\/\/www.lospoliticosveracruz.com.mx\/wp-content\/uploads\/2016\/03\/Alianza-PAN-PRD-266x300.jpg","contentUrl":"http:\/\/www.lospoliticosveracruz.com.mx\/wp-content\/uploads\/2016\/03\/Alianza-PAN-PRD-266x300.jpg"},{"@type":"BreadcrumbList","@id":"https:\/\/lospoliticosveracruz.com\/?p=22024#breadcrumb","itemListElement":[{"@type":"ListItem","position":1,"name":"Portada","item":"https:\/\/lospoliticosveracruz.com\/"},{"@type":"ListItem","position":2,"name":"El reparto de las candidaturas a las diputaciones"}]},{"@type":"WebSite","@id":"https:\/\/lospoliticosveracruz.com\/#website","url":"https:\/\/lospoliticosveracruz.com\/","name":"Los pol\u00edticos Veracruz","description":"","publisher":{"@id":"https:\/\/lospoliticosveracruz.com\/#organization"},"potentialAction":[{"@type":"SearchAction","target":{"@type":"EntryPoint","urlTemplate":"https:\/\/lospoliticosveracruz.com\/?s={search_term_string}"},"query-input":{"@type":"PropertyValueSpecification","valueRequired":true,"valueName":"search_term_string"}}],"inLanguage":"es"},{"@type":"Organization","@id":"https:\/\/lospoliticosveracruz.com\/#organization","name":"Los pol\u00edticos Veracruz","url":"https:\/\/lospoliticosveracruz.com\/","logo":{"@type":"ImageObject","inLanguage":"es","@id":"https:\/\/lospoliticosveracruz.com\/#\/schema\/logo\/image\/","url":"https:\/\/lospoliticosveracruz.com\/wp-content\/uploads\/2025\/12\/Logo-Nuevo-LOS-POLITICOS-1.jpg","contentUrl":"https:\/\/lospoliticosveracruz.com\/wp-content\/uploads\/2025\/12\/Logo-Nuevo-LOS-POLITICOS-1.jpg","width":260,"height":70,"caption":"Los pol\u00edticos Veracruz"},"image":{"@id":"https:\/\/lospoliticosveracruz.com\/#\/schema\/logo\/image\/"},"sameAs":["https:\/\/www.facebook.com\/people\/Notimemes-de-los-Polticos\/61565672886568\/","https:\/\/x.com\/LosPoliticosVer"]},{"@type":"Person","@id":"https:\/\/lospoliticosveracruz.com\/#\/schema\/person\/b8702bb0e538456e6efd07080bf2a4a2","name":"Lo viste en Los Pol\u00edticos","image":{"@type":"ImageObject","inLanguage":"es","@id":"https:\/\/secure.gravatar.com\/avatar\/3a8de04a2656d44082be478bd6c086daa447c4651605818287b9532d3d0bd435?s=96&d=mm&r=g","url":"https:\/\/secure.gravatar.com\/avatar\/3a8de04a2656d44082be478bd6c086daa447c4651605818287b9532d3d0bd435?s=96&d=mm&r=g","contentUrl":"https:\/\/secure.gravatar.com\/avatar\/3a8de04a2656d44082be478bd6c086daa447c4651605818287b9532d3d0bd435?s=96&d=mm&r=g","caption":"Lo viste en Los Pol\u00edticos"},"url":"https:\/\/lospoliticosveracruz.com\/?author=2"}]}},"_links":{"self":[{"href":"https:\/\/lospoliticosveracruz.com\/index.php?rest_route=\/wp\/v2\/posts\/22024","targetHints":{"allow":["GET"]}}],"collection":[{"href":"https:\/\/lospoliticosveracruz.com\/index.php?rest_route=\/wp\/v2\/posts"}],"about":[{"href":"https:\/\/lospoliticosveracruz.com\/index.php?rest_route=\/wp\/v2\/types\/post"}],"author":[{"embeddable":true,"href":"https:\/\/lospoliticosveracruz.com\/index.php?rest_route=\/wp\/v2\/users\/2"}],"replies":[{"embeddable":true,"href":"https:\/\/lospoliticosveracruz.com\/index.php?rest_route=%2Fwp%2Fv2%2Fcomments&post=22024"}],"version-history":[{"count":1,"href":"https:\/\/lospoliticosveracruz.com\/index.php?rest_route=\/wp\/v2\/posts\/22024\/revisions"}],"predecessor-version":[{"id":22027,"href":"https:\/\/lospoliticosveracruz.com\/index.php?rest_route=\/wp\/v2\/posts\/22024\/revisions\/22027"}],"wp:attachment":[{"href":"https:\/\/lospoliticosveracruz.com\/index.php?rest_route=%2Fwp%2Fv2%2Fmedia&parent=22024"}],"wp:term":[{"taxonomy":"category","embeddable":true,"href":"https:\/\/lospoliticosveracruz.com\/index.php?rest_route=%2Fwp%2Fv2%2Fcategories&post=22024"},{"taxonomy":"post_tag","embeddable":true,"href":"https:\/\/lospoliticosveracruz.com\/index.php?rest_route=%2Fwp%2Fv2%2Ftags&post=22024"}],"curies":[{"name":"wp","href":"https:\/\/api.w.org\/{rel}","templated":true}]}}