{"id":22037,"date":"2016-03-15T22:29:39","date_gmt":"2016-03-16T04:29:39","guid":{"rendered":"http:\/\/www.lospoliticosveracruz.com.mx\/?p=22037"},"modified":"2016-03-15T22:29:39","modified_gmt":"2016-03-16T04:29:39","slug":"el-enemigo-publico-1","status":"publish","type":"post","link":"https:\/\/lospoliticosveracruz.com\/?p=22037","title":{"rendered":"El enemigo p\u00fablico #1"},"content":{"rendered":"<p><a href=\"http:\/\/www.lospoliticosveracruz.com.mx\/wp-content\/uploads\/2016\/03\/Yunes-Duarte.png\"><img loading=\"lazy\" decoding=\"async\" class=\"alignnone size-medium wp-image-22039\" src=\"http:\/\/www.lospoliticosveracruz.com.mx\/wp-content\/uploads\/2016\/03\/Yunes-Duarte-300x143.png\" alt=\"Yunes Duarte\" width=\"300\" height=\"143\" \/><\/a><br \/>\n<strong>Salvador Mu\u00f1oz<\/strong><\/p>\n<p><em>Los Pol\u00edticos<\/em><\/p>\n<p>En el fidelato, se gener\u00f3 una estrategia pol\u00edtica desde el gobierno estatal para darle a los veracruzanos un enemigo p\u00fablico: Miguel \u00c1ngel Yunes Linares.<br \/>\nLa estrategia es tan v\u00e1lida (para la gente en el poder) si se trata de alcanzar un objetivo, que en este caso era obstaculizar la carrera pol\u00edtica del chole\u00f1o.<br \/>\nPara ello, se utilizaron diversos medios de propagaci\u00f3n, popularmente llamados \u201cperi\u00f3dicos\u201d al servicio del Gobierno, as\u00ed como columnistas que endilgaron al pol\u00edtico en la mira apodos como \u201cpederasta\u201d o \u201cperro\u201d, y se\u00f1alamientos que van desde la responsabilidad de la primera fuga del Chapo Guzm\u00e1n o hasta una doble vida, es decir, que ten\u00eda otra familia\u2026 o casa chica, como com\u00fanmente se le conoce.<br \/>\nS\u00ed, no se tentaron el coraz\u00f3n si la idea era generarle animadversi\u00f3n popular.<br \/>\nII<br \/>\nLo que son las cosas.<br \/>\nTanto invirti\u00f3 el fidelato tratando de crear un enemigo p\u00fablico com\u00fan entre los veracruzanos, que al final, sin que Miguel \u00c1ngel Yunes Linares le haya metido un solo centavo, tiene en sus manos la misma estrategia que emplearon en su contra\u2026 bueno, no s\u00f3lo el chole\u00f1o, tambi\u00e9n H\u00e9ctor, Armando M\u00e9ndez de la Luz, Cuitl\u00e1huac Garc\u00eda, Juan Bueno Torio y el Pipo V\u00e1zquez\u2026 \u00a1claro! siempre y cuando se atrevan a usarla.<br \/>\nMe refiero a que en este momento, si uno pregunta entre los sectores politizados, como pueden ser los bur\u00f3cratas del gobierno estatal, los acad\u00e9micos de la UV, los maestros de Ense\u00f1anza B\u00e1sica y Media Superior, pensionados del IPE, empresarios \u00a1y hasta taxistas!, el enemigo p\u00fablico de ellos viene siendo el Gobernador.<br \/>\nLa diferencia con Miguel \u00c1ngel es que pareciera que Javier Duarte se empe\u00f1\u00f3 en ganarlo a pulso por dos elementos que la percepci\u00f3n social establece en torno a su administraci\u00f3n: inseguridad y corrupci\u00f3n.<br \/>\nIII<br \/>\nContrario a la estrategia del fidelato, que pretend\u00eda disminuir o debilitar la carrera pol\u00edtica de Yunes Linares, en el caso de Javier Duarte se pueden agregar dos elementos m\u00e1s que hacen de este ejemplo, a\u00fan m\u00e1s interesante.<br \/>\nAl hacer de Duarte el receptor de un sentimiento en com\u00fan, que puede ir desde el odio, desprecio, rechazo o todos, se genera una identidad (primer factor), que puede ir desde el \u201cAnti-Duartismo\u201d, al \u201c#YoSoyUV\u201d, o hasta abrazar una bandera pol\u00edtica contraria a la que represente el personaje de la animadversi\u00f3n, que puede ser PAN-PRD, Morena, Movimiento Ciudadano, PES\u2026 y en una de \u00e9sas, hasta un Independiente.<br \/>\nClaro que el segundo factor que encontramos en esta estrategia pol\u00edtica es el m\u00e1s interesante: Ya tenemos el com\u00fan denominador que nos une bajo una bandera\u2026 ahora requerimos a un l\u00edder, a un salvador, a un mes\u00edas que nos gu\u00ede\u2026 y aqu\u00ed entra un Yunes Linares, un M\u00e9ndez de la Luz, un Cuitl\u00e1huac y en una de \u00e9sas, \u00a1hasta un Yunes Landa!, siendo este \u00faltimo personaje el que m\u00e1s complicado tiene el asunto y depender\u00e1 de su estrategia electoral y hasta de su carisma, para tratar de revertir el hecho de que sea un priista el que sea su mayor obst\u00e1culo para sus aspiraciones. Dif\u00edcil, complicado, tortuoso\u2026 no imposible.<br \/>\nIV<br \/>\nMaestro de esta estrategia es Andr\u00e9s Manuel L\u00f3pez Obrador, quien concentra en gobiernos espurios y mafias del poder, al enemigo en com\u00fan; el buscar la identificaci\u00f3n a trav\u00e9s de Morena, a m\u00ed no me quitan la idea del sentido guadalupano que implica el nombre de su partido, m\u00e1s cuando el mexicano promedio ve en la Virgen del Tepeyac un estandarte del cual se siente orgulloso; \u00a1ah! y por supuesto: \u00a1el salvador! qui\u00e9n m\u00e1s que el Peje.<br \/>\nEsta estrategia de generar un sentimiento en com\u00fan a favor o en contra de alguien en com\u00fan, para buscar a un salvador en com\u00fan, es tan efectiva que el mismo Donald Trump hoy la emplea en el gringo con una idea de \u201cnacionalismo\u201d exacerbado. \u00a1Ah! tambi\u00e9n la emple\u00f3 Jaime Rodr\u00edguez Calder\u00f3n y el mismo Vicente Fox\u2026 en el caso del primero, est\u00e1 quedando a deber\u2026 en el caso del segundo, hasta se hizo la broma de que se qued\u00f3 con el cambio.<br \/>\nV<br \/>\nS\u00f3lo nos queda esperar hasta el cinco de junio, cuando las elecciones en Veracruz nos digan qu\u00e9 tanto aprovecharon los candidatos contrarios al PRI las condiciones que, sin querer-queriendo, puso en bandeja de plata esta administraci\u00f3n estatal; o si a pesar de tanto sector encolerizado con un gobierno que fenece, no deja de ser \u201clos menos\u201d contra una mayor\u00eda social que ajena a la politizaci\u00f3n, sigue \u201ccreyendo\u201d en las bondades de un partido que, como dice Cuitl\u00e1huac Garc\u00eda, tiene un buen candidato pero al que no le ayuda ni el PRI ni el Gobernador. Porque, conste, si aun con los esfuerzos del fidelato, Yunes Linares nunca fue el enemigo com\u00fan de los veracruzanos, \u00bfalcanzar\u00e1 esa gloria Javier Duarte a pesar de los esfuerzos de la oposici\u00f3n al PRI\u2026 y del mismo Gobernador por ser el enemigo p\u00fablico n\u00famero 1?<\/p>\n<p>Estructura 10<br \/>\nEmpieza a circular por las redes de internet \u201cEstructura 10\u201d, un grupo social-electoral que presume ser el m\u00e1s grande de Veracruz, integrado por j\u00f3venes empresarios, profesionistas, l\u00edderes sociales, mujeres activas en la vida social, que sin partido se unen para impulsar a H\u00e9ctor Yunes Landa a la Gubernatura de Veracruz. De acuerdo a lo comentado, las razones para impulsarlo es que lo consideran un hombre honesto y preparado \u201cen el que confiamos y estamos convencidos que rescatar\u00e1 a Veracruz y lo impulsar\u00e1 con toda la fuerza y energ\u00eda que s\u00f3lo un hombre transparente y de trabajo como \u00e9l lo puede lograr. \u00a1\u00danete ! Cambiemos Veracruz con H\u00e9ctor Yunes Landa\u201d. Tendr\u00e1n mucha chamba por delante.<\/p>\n<p>smcainito@gmail.com<\/p>\n","protected":false},"excerpt":{"rendered":"<p>Salvador Mu\u00f1oz Los Pol\u00edticos En el fidelato, se gener\u00f3 una estrategia pol\u00edtica desde el gobierno estatal para darle a los veracruzanos un enemigo p\u00fablico: Miguel \u00c1ngel Yunes Linares. La estrategia es tan v\u00e1lida (para la gente en el poder) si se trata de alcanzar un objetivo, que en este caso era obstaculizar la carrera pol\u00edtica [&hellip;]<\/p>\n","protected":false},"author":2,"featured_media":0,"comment_status":"open","ping_status":"open","sticky":false,"template":"","format":"standard","meta":{"tdm_status":"","tdm_grid_status":"","footnotes":""},"categories":[70],"tags":[618,3672,1681,5103,348,260,1305,428],"class_list":{"0":"post-22037","1":"post","2":"type-post","3":"status-publish","4":"format-standard","6":"category-de-opinion","7":"tag-andres-manuel-lopez-obrador","8":"tag-armando-mendez-de-la-luz","9":"tag-cuitlahuac-garcia","10":"tag-estructura-10","11":"tag-hector-yunes-landa","12":"tag-javier-duarte-de-ochoa","13":"tag-juan-bueno-torio","14":"tag-miguel-angel-yunes-linares"},"yoast_head":"<!-- This site is optimized with the Yoast SEO plugin v27.4 - https:\/\/yoast.com\/product\/yoast-seo-wordpress\/ -->\n<title>El enemigo p\u00fablico #1 - Los pol\u00edticos Veracruz<\/title>\n<meta name=\"robots\" content=\"index, follow, max-snippet:-1, max-image-preview:large, max-video-preview:-1\" \/>\n<link rel=\"canonical\" href=\"https:\/\/lospoliticosveracruz.com\/?p=22037\" \/>\n<meta property=\"og:locale\" content=\"es_ES\" \/>\n<meta property=\"og:type\" content=\"article\" \/>\n<meta property=\"og:title\" content=\"El enemigo p\u00fablico #1 - Los pol\u00edticos Veracruz\" \/>\n<meta property=\"og:description\" content=\"Salvador Mu\u00f1oz Los Pol\u00edticos En el fidelato, se gener\u00f3 una estrategia pol\u00edtica desde el gobierno estatal para darle a los veracruzanos un enemigo p\u00fablico: Miguel \u00c1ngel Yunes Linares. La estrategia es tan v\u00e1lida (para la gente en el poder) si se trata de alcanzar un objetivo, que en este caso era obstaculizar la carrera pol\u00edtica [&hellip;]\" \/>\n<meta property=\"og:url\" content=\"https:\/\/lospoliticosveracruz.com\/?p=22037\" \/>\n<meta property=\"og:site_name\" content=\"Los pol\u00edticos Veracruz\" \/>\n<meta property=\"article:publisher\" content=\"https:\/\/www.facebook.com\/people\/Notimemes-de-los-Polticos\/61565672886568\/\" \/>\n<meta property=\"article:published_time\" content=\"2016-03-16T04:29:39+00:00\" \/>\n<meta property=\"og:image\" content=\"http:\/\/www.lospoliticosveracruz.com.mx\/wp-content\/uploads\/2016\/03\/Yunes-Duarte-300x143.png\" \/>\n<meta name=\"author\" content=\"Lo viste en Los Pol\u00edticos\" \/>\n<meta name=\"twitter:card\" content=\"summary_large_image\" \/>\n<meta name=\"twitter:creator\" content=\"@LosPoliticosVer\" \/>\n<meta name=\"twitter:site\" content=\"@LosPoliticosVer\" \/>\n<meta name=\"twitter:label1\" content=\"Escrito por\" \/>\n\t<meta name=\"twitter:data1\" content=\"Lo viste en Los Pol\u00edticos\" \/>\n\t<meta name=\"twitter:label2\" content=\"Tiempo de lectura\" \/>\n\t<meta name=\"twitter:data2\" content=\"5 minutos\" \/>\n<script type=\"application\/ld+json\" class=\"yoast-schema-graph\">{\"@context\":\"https:\\\/\\\/schema.org\",\"@graph\":[{\"@type\":\"Article\",\"@id\":\"https:\\\/\\\/lospoliticosveracruz.com\\\/?p=22037#article\",\"isPartOf\":{\"@id\":\"https:\\\/\\\/lospoliticosveracruz.com\\\/?p=22037\"},\"author\":{\"name\":\"Lo viste en Los Pol\u00edticos\",\"@id\":\"https:\\\/\\\/lospoliticosveracruz.com\\\/#\\\/schema\\\/person\\\/b8702bb0e538456e6efd07080bf2a4a2\"},\"headline\":\"El enemigo p\u00fablico #1\",\"datePublished\":\"2016-03-16T04:29:39+00:00\",\"mainEntityOfPage\":{\"@id\":\"https:\\\/\\\/lospoliticosveracruz.com\\\/?p=22037\"},\"wordCount\":1010,\"commentCount\":0,\"publisher\":{\"@id\":\"https:\\\/\\\/lospoliticosveracruz.com\\\/#organization\"},\"image\":{\"@id\":\"https:\\\/\\\/lospoliticosveracruz.com\\\/?p=22037#primaryimage\"},\"thumbnailUrl\":\"http:\\\/\\\/www.lospoliticosveracruz.com.mx\\\/wp-content\\\/uploads\\\/2016\\\/03\\\/Yunes-Duarte-300x143.png\",\"keywords\":[\"Andr\u00e9s Manuel L\u00f3pez Obrador\",\"Armando M\u00e9ndez de la Luz\",\"Cuitl\u00e1huac Garc\u00eda\",\"Estructura 10\",\"H\u00e9ctor Yunes Landa\",\"Javier Duarte de Ochoa\",\"Juan Bueno Torio\",\"Miguel Angel Yunes Linares\"],\"articleSection\":[\"De Opini\u00f3n\"],\"inLanguage\":\"es\",\"potentialAction\":[{\"@type\":\"CommentAction\",\"name\":\"Comment\",\"target\":[\"https:\\\/\\\/lospoliticosveracruz.com\\\/?p=22037#respond\"]}]},{\"@type\":\"WebPage\",\"@id\":\"https:\\\/\\\/lospoliticosveracruz.com\\\/?p=22037\",\"url\":\"https:\\\/\\\/lospoliticosveracruz.com\\\/?p=22037\",\"name\":\"El enemigo p\u00fablico #1 - Los pol\u00edticos Veracruz\",\"isPartOf\":{\"@id\":\"https:\\\/\\\/lospoliticosveracruz.com\\\/#website\"},\"primaryImageOfPage\":{\"@id\":\"https:\\\/\\\/lospoliticosveracruz.com\\\/?p=22037#primaryimage\"},\"image\":{\"@id\":\"https:\\\/\\\/lospoliticosveracruz.com\\\/?p=22037#primaryimage\"},\"thumbnailUrl\":\"http:\\\/\\\/www.lospoliticosveracruz.com.mx\\\/wp-content\\\/uploads\\\/2016\\\/03\\\/Yunes-Duarte-300x143.png\",\"datePublished\":\"2016-03-16T04:29:39+00:00\",\"breadcrumb\":{\"@id\":\"https:\\\/\\\/lospoliticosveracruz.com\\\/?p=22037#breadcrumb\"},\"inLanguage\":\"es\",\"potentialAction\":[{\"@type\":\"ReadAction\",\"target\":[\"https:\\\/\\\/lospoliticosveracruz.com\\\/?p=22037\"]}]},{\"@type\":\"ImageObject\",\"inLanguage\":\"es\",\"@id\":\"https:\\\/\\\/lospoliticosveracruz.com\\\/?p=22037#primaryimage\",\"url\":\"http:\\\/\\\/www.lospoliticosveracruz.com.mx\\\/wp-content\\\/uploads\\\/2016\\\/03\\\/Yunes-Duarte-300x143.png\",\"contentUrl\":\"http:\\\/\\\/www.lospoliticosveracruz.com.mx\\\/wp-content\\\/uploads\\\/2016\\\/03\\\/Yunes-Duarte-300x143.png\"},{\"@type\":\"BreadcrumbList\",\"@id\":\"https:\\\/\\\/lospoliticosveracruz.com\\\/?p=22037#breadcrumb\",\"itemListElement\":[{\"@type\":\"ListItem\",\"position\":1,\"name\":\"Portada\",\"item\":\"https:\\\/\\\/lospoliticosveracruz.com\\\/\"},{\"@type\":\"ListItem\",\"position\":2,\"name\":\"El enemigo p\u00fablico #1\"}]},{\"@type\":\"WebSite\",\"@id\":\"https:\\\/\\\/lospoliticosveracruz.com\\\/#website\",\"url\":\"https:\\\/\\\/lospoliticosveracruz.com\\\/\",\"name\":\"Los pol\u00edticos Veracruz\",\"description\":\"\",\"publisher\":{\"@id\":\"https:\\\/\\\/lospoliticosveracruz.com\\\/#organization\"},\"potentialAction\":[{\"@type\":\"SearchAction\",\"target\":{\"@type\":\"EntryPoint\",\"urlTemplate\":\"https:\\\/\\\/lospoliticosveracruz.com\\\/?s={search_term_string}\"},\"query-input\":{\"@type\":\"PropertyValueSpecification\",\"valueRequired\":true,\"valueName\":\"search_term_string\"}}],\"inLanguage\":\"es\"},{\"@type\":\"Organization\",\"@id\":\"https:\\\/\\\/lospoliticosveracruz.com\\\/#organization\",\"name\":\"Los pol\u00edticos Veracruz\",\"url\":\"https:\\\/\\\/lospoliticosveracruz.com\\\/\",\"logo\":{\"@type\":\"ImageObject\",\"inLanguage\":\"es\",\"@id\":\"https:\\\/\\\/lospoliticosveracruz.com\\\/#\\\/schema\\\/logo\\\/image\\\/\",\"url\":\"https:\\\/\\\/lospoliticosveracruz.com\\\/wp-content\\\/uploads\\\/2025\\\/12\\\/Logo-Nuevo-LOS-POLITICOS-1.jpg\",\"contentUrl\":\"https:\\\/\\\/lospoliticosveracruz.com\\\/wp-content\\\/uploads\\\/2025\\\/12\\\/Logo-Nuevo-LOS-POLITICOS-1.jpg\",\"width\":260,\"height\":70,\"caption\":\"Los pol\u00edticos Veracruz\"},\"image\":{\"@id\":\"https:\\\/\\\/lospoliticosveracruz.com\\\/#\\\/schema\\\/logo\\\/image\\\/\"},\"sameAs\":[\"https:\\\/\\\/www.facebook.com\\\/people\\\/Notimemes-de-los-Polticos\\\/61565672886568\\\/\",\"https:\\\/\\\/x.com\\\/LosPoliticosVer\"]},{\"@type\":\"Person\",\"@id\":\"https:\\\/\\\/lospoliticosveracruz.com\\\/#\\\/schema\\\/person\\\/b8702bb0e538456e6efd07080bf2a4a2\",\"name\":\"Lo viste en Los Pol\u00edticos\",\"image\":{\"@type\":\"ImageObject\",\"inLanguage\":\"es\",\"@id\":\"https:\\\/\\\/secure.gravatar.com\\\/avatar\\\/3a8de04a2656d44082be478bd6c086daa447c4651605818287b9532d3d0bd435?s=96&d=mm&r=g\",\"url\":\"https:\\\/\\\/secure.gravatar.com\\\/avatar\\\/3a8de04a2656d44082be478bd6c086daa447c4651605818287b9532d3d0bd435?s=96&d=mm&r=g\",\"contentUrl\":\"https:\\\/\\\/secure.gravatar.com\\\/avatar\\\/3a8de04a2656d44082be478bd6c086daa447c4651605818287b9532d3d0bd435?s=96&d=mm&r=g\",\"caption\":\"Lo viste en Los Pol\u00edticos\"},\"url\":\"https:\\\/\\\/lospoliticosveracruz.com\\\/?author=2\"}]}<\/script>\n<!-- \/ Yoast SEO plugin. -->","yoast_head_json":{"title":"El enemigo p\u00fablico #1 - Los pol\u00edticos Veracruz","robots":{"index":"index","follow":"follow","max-snippet":"max-snippet:-1","max-image-preview":"max-image-preview:large","max-video-preview":"max-video-preview:-1"},"canonical":"https:\/\/lospoliticosveracruz.com\/?p=22037","og_locale":"es_ES","og_type":"article","og_title":"El enemigo p\u00fablico #1 - Los pol\u00edticos Veracruz","og_description":"Salvador Mu\u00f1oz Los Pol\u00edticos En el fidelato, se gener\u00f3 una estrategia pol\u00edtica desde el gobierno estatal para darle a los veracruzanos un enemigo p\u00fablico: Miguel \u00c1ngel Yunes Linares. La estrategia es tan v\u00e1lida (para la gente en el poder) si se trata de alcanzar un objetivo, que en este caso era obstaculizar la carrera pol\u00edtica [&hellip;]","og_url":"https:\/\/lospoliticosveracruz.com\/?p=22037","og_site_name":"Los pol\u00edticos Veracruz","article_publisher":"https:\/\/www.facebook.com\/people\/Notimemes-de-los-Polticos\/61565672886568\/","article_published_time":"2016-03-16T04:29:39+00:00","og_image":[{"url":"http:\/\/www.lospoliticosveracruz.com.mx\/wp-content\/uploads\/2016\/03\/Yunes-Duarte-300x143.png","type":"","width":"","height":""}],"author":"Lo viste en Los Pol\u00edticos","twitter_card":"summary_large_image","twitter_creator":"@LosPoliticosVer","twitter_site":"@LosPoliticosVer","twitter_misc":{"Escrito por":"Lo viste en Los Pol\u00edticos","Tiempo de lectura":"5 minutos"},"schema":{"@context":"https:\/\/schema.org","@graph":[{"@type":"Article","@id":"https:\/\/lospoliticosveracruz.com\/?p=22037#article","isPartOf":{"@id":"https:\/\/lospoliticosveracruz.com\/?p=22037"},"author":{"name":"Lo viste en Los Pol\u00edticos","@id":"https:\/\/lospoliticosveracruz.com\/#\/schema\/person\/b8702bb0e538456e6efd07080bf2a4a2"},"headline":"El enemigo p\u00fablico #1","datePublished":"2016-03-16T04:29:39+00:00","mainEntityOfPage":{"@id":"https:\/\/lospoliticosveracruz.com\/?p=22037"},"wordCount":1010,"commentCount":0,"publisher":{"@id":"https:\/\/lospoliticosveracruz.com\/#organization"},"image":{"@id":"https:\/\/lospoliticosveracruz.com\/?p=22037#primaryimage"},"thumbnailUrl":"http:\/\/www.lospoliticosveracruz.com.mx\/wp-content\/uploads\/2016\/03\/Yunes-Duarte-300x143.png","keywords":["Andr\u00e9s Manuel L\u00f3pez Obrador","Armando M\u00e9ndez de la Luz","Cuitl\u00e1huac Garc\u00eda","Estructura 10","H\u00e9ctor Yunes Landa","Javier Duarte de Ochoa","Juan Bueno Torio","Miguel Angel Yunes Linares"],"articleSection":["De Opini\u00f3n"],"inLanguage":"es","potentialAction":[{"@type":"CommentAction","name":"Comment","target":["https:\/\/lospoliticosveracruz.com\/?p=22037#respond"]}]},{"@type":"WebPage","@id":"https:\/\/lospoliticosveracruz.com\/?p=22037","url":"https:\/\/lospoliticosveracruz.com\/?p=22037","name":"El enemigo p\u00fablico #1 - Los pol\u00edticos Veracruz","isPartOf":{"@id":"https:\/\/lospoliticosveracruz.com\/#website"},"primaryImageOfPage":{"@id":"https:\/\/lospoliticosveracruz.com\/?p=22037#primaryimage"},"image":{"@id":"https:\/\/lospoliticosveracruz.com\/?p=22037#primaryimage"},"thumbnailUrl":"http:\/\/www.lospoliticosveracruz.com.mx\/wp-content\/uploads\/2016\/03\/Yunes-Duarte-300x143.png","datePublished":"2016-03-16T04:29:39+00:00","breadcrumb":{"@id":"https:\/\/lospoliticosveracruz.com\/?p=22037#breadcrumb"},"inLanguage":"es","potentialAction":[{"@type":"ReadAction","target":["https:\/\/lospoliticosveracruz.com\/?p=22037"]}]},{"@type":"ImageObject","inLanguage":"es","@id":"https:\/\/lospoliticosveracruz.com\/?p=22037#primaryimage","url":"http:\/\/www.lospoliticosveracruz.com.mx\/wp-content\/uploads\/2016\/03\/Yunes-Duarte-300x143.png","contentUrl":"http:\/\/www.lospoliticosveracruz.com.mx\/wp-content\/uploads\/2016\/03\/Yunes-Duarte-300x143.png"},{"@type":"BreadcrumbList","@id":"https:\/\/lospoliticosveracruz.com\/?p=22037#breadcrumb","itemListElement":[{"@type":"ListItem","position":1,"name":"Portada","item":"https:\/\/lospoliticosveracruz.com\/"},{"@type":"ListItem","position":2,"name":"El enemigo p\u00fablico #1"}]},{"@type":"WebSite","@id":"https:\/\/lospoliticosveracruz.com\/#website","url":"https:\/\/lospoliticosveracruz.com\/","name":"Los pol\u00edticos Veracruz","description":"","publisher":{"@id":"https:\/\/lospoliticosveracruz.com\/#organization"},"potentialAction":[{"@type":"SearchAction","target":{"@type":"EntryPoint","urlTemplate":"https:\/\/lospoliticosveracruz.com\/?s={search_term_string}"},"query-input":{"@type":"PropertyValueSpecification","valueRequired":true,"valueName":"search_term_string"}}],"inLanguage":"es"},{"@type":"Organization","@id":"https:\/\/lospoliticosveracruz.com\/#organization","name":"Los pol\u00edticos Veracruz","url":"https:\/\/lospoliticosveracruz.com\/","logo":{"@type":"ImageObject","inLanguage":"es","@id":"https:\/\/lospoliticosveracruz.com\/#\/schema\/logo\/image\/","url":"https:\/\/lospoliticosveracruz.com\/wp-content\/uploads\/2025\/12\/Logo-Nuevo-LOS-POLITICOS-1.jpg","contentUrl":"https:\/\/lospoliticosveracruz.com\/wp-content\/uploads\/2025\/12\/Logo-Nuevo-LOS-POLITICOS-1.jpg","width":260,"height":70,"caption":"Los pol\u00edticos Veracruz"},"image":{"@id":"https:\/\/lospoliticosveracruz.com\/#\/schema\/logo\/image\/"},"sameAs":["https:\/\/www.facebook.com\/people\/Notimemes-de-los-Polticos\/61565672886568\/","https:\/\/x.com\/LosPoliticosVer"]},{"@type":"Person","@id":"https:\/\/lospoliticosveracruz.com\/#\/schema\/person\/b8702bb0e538456e6efd07080bf2a4a2","name":"Lo viste en Los Pol\u00edticos","image":{"@type":"ImageObject","inLanguage":"es","@id":"https:\/\/secure.gravatar.com\/avatar\/3a8de04a2656d44082be478bd6c086daa447c4651605818287b9532d3d0bd435?s=96&d=mm&r=g","url":"https:\/\/secure.gravatar.com\/avatar\/3a8de04a2656d44082be478bd6c086daa447c4651605818287b9532d3d0bd435?s=96&d=mm&r=g","contentUrl":"https:\/\/secure.gravatar.com\/avatar\/3a8de04a2656d44082be478bd6c086daa447c4651605818287b9532d3d0bd435?s=96&d=mm&r=g","caption":"Lo viste en Los Pol\u00edticos"},"url":"https:\/\/lospoliticosveracruz.com\/?author=2"}]}},"_links":{"self":[{"href":"https:\/\/lospoliticosveracruz.com\/index.php?rest_route=\/wp\/v2\/posts\/22037","targetHints":{"allow":["GET"]}}],"collection":[{"href":"https:\/\/lospoliticosveracruz.com\/index.php?rest_route=\/wp\/v2\/posts"}],"about":[{"href":"https:\/\/lospoliticosveracruz.com\/index.php?rest_route=\/wp\/v2\/types\/post"}],"author":[{"embeddable":true,"href":"https:\/\/lospoliticosveracruz.com\/index.php?rest_route=\/wp\/v2\/users\/2"}],"replies":[{"embeddable":true,"href":"https:\/\/lospoliticosveracruz.com\/index.php?rest_route=%2Fwp%2Fv2%2Fcomments&post=22037"}],"version-history":[{"count":1,"href":"https:\/\/lospoliticosveracruz.com\/index.php?rest_route=\/wp\/v2\/posts\/22037\/revisions"}],"predecessor-version":[{"id":22040,"href":"https:\/\/lospoliticosveracruz.com\/index.php?rest_route=\/wp\/v2\/posts\/22037\/revisions\/22040"}],"wp:attachment":[{"href":"https:\/\/lospoliticosveracruz.com\/index.php?rest_route=%2Fwp%2Fv2%2Fmedia&parent=22037"}],"wp:term":[{"taxonomy":"category","embeddable":true,"href":"https:\/\/lospoliticosveracruz.com\/index.php?rest_route=%2Fwp%2Fv2%2Fcategories&post=22037"},{"taxonomy":"post_tag","embeddable":true,"href":"https:\/\/lospoliticosveracruz.com\/index.php?rest_route=%2Fwp%2Fv2%2Ftags&post=22037"}],"curies":[{"name":"wp","href":"https:\/\/api.w.org\/{rel}","templated":true}]}}