{"id":22048,"date":"2016-03-16T15:38:19","date_gmt":"2016-03-16T21:38:19","guid":{"rendered":"http:\/\/www.lospoliticosveracruz.com.mx\/?p=22048"},"modified":"2016-03-16T15:38:19","modified_gmt":"2016-03-16T21:38:19","slug":"reconocimiento","status":"publish","type":"post","link":"https:\/\/lospoliticosveracruz.com\/?p=22048","title":{"rendered":"Reconocimiento"},"content":{"rendered":"<p><a href=\"http:\/\/www.lospoliticosveracruz.com.mx\/wp-content\/uploads\/2016\/03\/Norma-Ang\u00e9lica-Lozada.jpg\"><img loading=\"lazy\" decoding=\"async\" class=\"alignnone size-medium wp-image-22049\" src=\"http:\/\/www.lospoliticosveracruz.com.mx\/wp-content\/uploads\/2016\/03\/Norma-Ang\u00e9lica-Lozada-300x300.jpg\" alt=\"Norma Ang\u00e9lica Lozada\" width=\"300\" height=\"300\" \/><\/a><br \/>\n<strong>Estela Casados Gonz\u00e1lez<\/strong><\/p>\n<p><em>Mujeres Que Saben Lat\u00edn<\/em><\/p>\n<p>La noche del 15 de marzo el Cabildo de Xalapa entreg\u00f3 un reconocimiento como Mujer Destacada a la Magistrada Emma Rodr\u00edguez Ca\u00f1ada, ello por su labor y trayectoria. En el marco del 8 de marzo, D\u00eda Internacional de las Mujeres, tambi\u00e9n fueron reconocidas empleadas destacadas de las diferentes \u00e1reas del gobierno municipal.<br \/>\nLlam\u00f3 mi atenci\u00f3n que abogados y abogadas que egresaron de la Universidad Veracruzana y que se encontraban en la ceremonia, reconocieran en la Magistrada a quien fue su profesora en la Facultad de Derecho de nuestra Casa de Estudios.<br \/>\nSin duda, ese fue el mayor premio que la galardonada de esa noche se llev\u00f3 a casa: el aplauso de sus estudiantes y la simpat\u00eda que gener\u00f3 entre el p\u00fablico asistente.<br \/>\nM\u00e1s tarde, una a una fueron llamadas las trabajadoras del gobierno municipal para recibir su reconocimiento. Familiares y compa\u00f1eras de trabajo estaban presentes para acompa\u00f1arlas en ese momento tan importante para ellas, pues era la prueba de que puedes trascender el desgaste brutal de la doble jornada y que la dedicaci\u00f3n al quehacer en la oficina tiene su recompensa.<br \/>\nCelebro que el gobierno municipal desarrolle este tipo de actividades que, m\u00e1s all\u00e1 de lo que implica estar en sinton\u00eda con el \u201cmes de la mujer\u201d, permite a las profesionistas ser nombradas con distinci\u00f3n en el \u00e1mbito laboral, situaci\u00f3n que hasta hace poco tiempo era impensable.<br \/>\nMe emocion\u00f3 especialmente el reconocimiento hecho a Norma Ang\u00e9lica Lozada G\u00f3mez, abogada del Instituto Municipal de las Mujeres de Xalapa, una joven profesional y de profundo compromiso feminista. Es una de las pocas abogadas especializadas en la defensa de los derechos de las mujeres con las que cuenta la entidad y que trabajan permanentemente para una instancia de este tipo.<br \/>\nAdem\u00e1s de la falta de recursos y de un espacio propio, uno de los principales problemas que enfrentan los institutos municipales de las mujeres en el estado de Veracruz es la falta de abogadas calificadas y comprometidas que lleven a buen puerto las acciones que por ley deben desarrollar este tipo de instancias.<br \/>\nDa gusto que el cabildo xalape\u00f1o haya premiado la calidad y calidez del trabajo de la abogada de su instituto.<br \/>\nCierto es que lo ideal ser\u00eda que hubiesen m\u00e1s abogadas para atender los requerimientos de las veracruzanas que hoy en d\u00eda suman m\u00e1s de la mitad de la poblaci\u00f3n estatal.<br \/>\nLa asesor\u00eda legal, la orientaci\u00f3n y acompa\u00f1amiento jur\u00eddico son necesidades apremiantes de aquellas que acuden a los institutos municipales de las mujeres; en este sentido, el papel de las abogadas es clave.<br \/>\nVa desde este espacio, nuestro reconocimiento a la Licenciada Norma. Amiga y c\u00f3mplice en la defensa de los derechos de las mujeres.<br \/>\nHacemos votos para que el compromiso incansable que te caracteriza se multiplique en el quehacer de m\u00e1s profesionales como t\u00fa.<\/p>\n","protected":false},"excerpt":{"rendered":"<p>Estela Casados Gonz\u00e1lez Mujeres Que Saben Lat\u00edn La noche del 15 de marzo el Cabildo de Xalapa entreg\u00f3 un reconocimiento como Mujer Destacada a la Magistrada Emma Rodr\u00edguez Ca\u00f1ada, ello por su labor y trayectoria. En el marco del 8 de marzo, D\u00eda Internacional de las Mujeres, tambi\u00e9n fueron reconocidas empleadas destacadas de las diferentes [&hellip;]<\/p>\n","protected":false},"author":2,"featured_media":0,"comment_status":"open","ping_status":"open","sticky":false,"template":"","format":"standard","meta":{"tdm_status":"","tdm_grid_status":"","footnotes":""},"categories":[70],"tags":[5095,5104],"class_list":{"0":"post-22048","1":"post","2":"type-post","3":"status-publish","4":"format-standard","6":"category-de-opinion","7":"tag-emma-rodriguez-canada","8":"tag-norma-angelica-lozada-gomez"},"yoast_head":"<!-- This site is optimized with the Yoast SEO plugin v27.4 - https:\/\/yoast.com\/product\/yoast-seo-wordpress\/ -->\n<title>Reconocimiento - Los pol\u00edticos Veracruz<\/title>\n<meta name=\"robots\" content=\"index, follow, max-snippet:-1, max-image-preview:large, max-video-preview:-1\" \/>\n<link rel=\"canonical\" href=\"https:\/\/lospoliticosveracruz.com\/?p=22048\" \/>\n<meta property=\"og:locale\" content=\"es_ES\" \/>\n<meta property=\"og:type\" content=\"article\" \/>\n<meta property=\"og:title\" content=\"Reconocimiento - Los pol\u00edticos Veracruz\" \/>\n<meta property=\"og:description\" content=\"Estela Casados Gonz\u00e1lez Mujeres Que Saben Lat\u00edn La noche del 15 de marzo el Cabildo de Xalapa entreg\u00f3 un reconocimiento como Mujer Destacada a la Magistrada Emma Rodr\u00edguez Ca\u00f1ada, ello por su labor y trayectoria. En el marco del 8 de marzo, D\u00eda Internacional de las Mujeres, tambi\u00e9n fueron reconocidas empleadas destacadas de las diferentes [&hellip;]\" \/>\n<meta property=\"og:url\" content=\"https:\/\/lospoliticosveracruz.com\/?p=22048\" \/>\n<meta property=\"og:site_name\" content=\"Los pol\u00edticos Veracruz\" \/>\n<meta property=\"article:publisher\" content=\"https:\/\/www.facebook.com\/people\/Notimemes-de-los-Polticos\/61565672886568\/\" \/>\n<meta property=\"article:published_time\" content=\"2016-03-16T21:38:19+00:00\" \/>\n<meta property=\"og:image\" content=\"https:\/\/lospoliticosveracruz.com\/wp-content\/uploads\/2016\/07\/Logo-Dor.jpg\" \/>\n\t<meta property=\"og:image:width\" content=\"200\" \/>\n\t<meta property=\"og:image:height\" content=\"200\" \/>\n\t<meta property=\"og:image:type\" content=\"image\/jpeg\" \/>\n<meta name=\"author\" content=\"Lo viste en Los Pol\u00edticos\" \/>\n<meta name=\"twitter:card\" content=\"summary_large_image\" \/>\n<meta name=\"twitter:creator\" content=\"@LosPoliticosVer\" \/>\n<meta name=\"twitter:site\" content=\"@LosPoliticosVer\" \/>\n<meta name=\"twitter:label1\" content=\"Escrito por\" \/>\n\t<meta name=\"twitter:data1\" content=\"Lo viste en Los Pol\u00edticos\" \/>\n\t<meta name=\"twitter:label2\" content=\"Tiempo de lectura\" \/>\n\t<meta name=\"twitter:data2\" content=\"3 minutos\" \/>\n<script type=\"application\/ld+json\" class=\"yoast-schema-graph\">{\"@context\":\"https:\\\/\\\/schema.org\",\"@graph\":[{\"@type\":\"Article\",\"@id\":\"https:\\\/\\\/lospoliticosveracruz.com\\\/?p=22048#article\",\"isPartOf\":{\"@id\":\"https:\\\/\\\/lospoliticosveracruz.com\\\/?p=22048\"},\"author\":{\"name\":\"Lo viste en Los Pol\u00edticos\",\"@id\":\"https:\\\/\\\/lospoliticosveracruz.com\\\/#\\\/schema\\\/person\\\/b8702bb0e538456e6efd07080bf2a4a2\"},\"headline\":\"Reconocimiento\",\"datePublished\":\"2016-03-16T21:38:19+00:00\",\"mainEntityOfPage\":{\"@id\":\"https:\\\/\\\/lospoliticosveracruz.com\\\/?p=22048\"},\"wordCount\":502,\"commentCount\":0,\"publisher\":{\"@id\":\"https:\\\/\\\/lospoliticosveracruz.com\\\/#organization\"},\"keywords\":[\"Emma Rodr\u00edguez Ca\u00f1ada\",\"Norma Ang\u00e9lica Lozada G\u00f3mez\"],\"articleSection\":[\"De Opini\u00f3n\"],\"inLanguage\":\"es\",\"potentialAction\":[{\"@type\":\"CommentAction\",\"name\":\"Comment\",\"target\":[\"https:\\\/\\\/lospoliticosveracruz.com\\\/?p=22048#respond\"]}]},{\"@type\":\"WebPage\",\"@id\":\"https:\\\/\\\/lospoliticosveracruz.com\\\/?p=22048\",\"url\":\"https:\\\/\\\/lospoliticosveracruz.com\\\/?p=22048\",\"name\":\"Reconocimiento - Los pol\u00edticos Veracruz\",\"isPartOf\":{\"@id\":\"https:\\\/\\\/lospoliticosveracruz.com\\\/#website\"},\"datePublished\":\"2016-03-16T21:38:19+00:00\",\"breadcrumb\":{\"@id\":\"https:\\\/\\\/lospoliticosveracruz.com\\\/?p=22048#breadcrumb\"},\"inLanguage\":\"es\",\"potentialAction\":[{\"@type\":\"ReadAction\",\"target\":[\"https:\\\/\\\/lospoliticosveracruz.com\\\/?p=22048\"]}]},{\"@type\":\"BreadcrumbList\",\"@id\":\"https:\\\/\\\/lospoliticosveracruz.com\\\/?p=22048#breadcrumb\",\"itemListElement\":[{\"@type\":\"ListItem\",\"position\":1,\"name\":\"Portada\",\"item\":\"https:\\\/\\\/lospoliticosveracruz.com\\\/\"},{\"@type\":\"ListItem\",\"position\":2,\"name\":\"Reconocimiento\"}]},{\"@type\":\"WebSite\",\"@id\":\"https:\\\/\\\/lospoliticosveracruz.com\\\/#website\",\"url\":\"https:\\\/\\\/lospoliticosveracruz.com\\\/\",\"name\":\"Los pol\u00edticos Veracruz\",\"description\":\"\",\"publisher\":{\"@id\":\"https:\\\/\\\/lospoliticosveracruz.com\\\/#organization\"},\"potentialAction\":[{\"@type\":\"SearchAction\",\"target\":{\"@type\":\"EntryPoint\",\"urlTemplate\":\"https:\\\/\\\/lospoliticosveracruz.com\\\/?s={search_term_string}\"},\"query-input\":{\"@type\":\"PropertyValueSpecification\",\"valueRequired\":true,\"valueName\":\"search_term_string\"}}],\"inLanguage\":\"es\"},{\"@type\":\"Organization\",\"@id\":\"https:\\\/\\\/lospoliticosveracruz.com\\\/#organization\",\"name\":\"Los pol\u00edticos Veracruz\",\"url\":\"https:\\\/\\\/lospoliticosveracruz.com\\\/\",\"logo\":{\"@type\":\"ImageObject\",\"inLanguage\":\"es\",\"@id\":\"https:\\\/\\\/lospoliticosveracruz.com\\\/#\\\/schema\\\/logo\\\/image\\\/\",\"url\":\"https:\\\/\\\/lospoliticosveracruz.com\\\/wp-content\\\/uploads\\\/2025\\\/12\\\/Logo-Nuevo-LOS-POLITICOS-1.jpg\",\"contentUrl\":\"https:\\\/\\\/lospoliticosveracruz.com\\\/wp-content\\\/uploads\\\/2025\\\/12\\\/Logo-Nuevo-LOS-POLITICOS-1.jpg\",\"width\":260,\"height\":70,\"caption\":\"Los pol\u00edticos Veracruz\"},\"image\":{\"@id\":\"https:\\\/\\\/lospoliticosveracruz.com\\\/#\\\/schema\\\/logo\\\/image\\\/\"},\"sameAs\":[\"https:\\\/\\\/www.facebook.com\\\/people\\\/Notimemes-de-los-Polticos\\\/61565672886568\\\/\",\"https:\\\/\\\/x.com\\\/LosPoliticosVer\"]},{\"@type\":\"Person\",\"@id\":\"https:\\\/\\\/lospoliticosveracruz.com\\\/#\\\/schema\\\/person\\\/b8702bb0e538456e6efd07080bf2a4a2\",\"name\":\"Lo viste en Los Pol\u00edticos\",\"image\":{\"@type\":\"ImageObject\",\"inLanguage\":\"es\",\"@id\":\"https:\\\/\\\/secure.gravatar.com\\\/avatar\\\/3a8de04a2656d44082be478bd6c086daa447c4651605818287b9532d3d0bd435?s=96&d=mm&r=g\",\"url\":\"https:\\\/\\\/secure.gravatar.com\\\/avatar\\\/3a8de04a2656d44082be478bd6c086daa447c4651605818287b9532d3d0bd435?s=96&d=mm&r=g\",\"contentUrl\":\"https:\\\/\\\/secure.gravatar.com\\\/avatar\\\/3a8de04a2656d44082be478bd6c086daa447c4651605818287b9532d3d0bd435?s=96&d=mm&r=g\",\"caption\":\"Lo viste en Los Pol\u00edticos\"},\"url\":\"https:\\\/\\\/lospoliticosveracruz.com\\\/?author=2\"}]}<\/script>\n<!-- \/ Yoast SEO plugin. -->","yoast_head_json":{"title":"Reconocimiento - Los pol\u00edticos Veracruz","robots":{"index":"index","follow":"follow","max-snippet":"max-snippet:-1","max-image-preview":"max-image-preview:large","max-video-preview":"max-video-preview:-1"},"canonical":"https:\/\/lospoliticosveracruz.com\/?p=22048","og_locale":"es_ES","og_type":"article","og_title":"Reconocimiento - Los pol\u00edticos Veracruz","og_description":"Estela Casados Gonz\u00e1lez Mujeres Que Saben Lat\u00edn La noche del 15 de marzo el Cabildo de Xalapa entreg\u00f3 un reconocimiento como Mujer Destacada a la Magistrada Emma Rodr\u00edguez Ca\u00f1ada, ello por su labor y trayectoria. En el marco del 8 de marzo, D\u00eda Internacional de las Mujeres, tambi\u00e9n fueron reconocidas empleadas destacadas de las diferentes [&hellip;]","og_url":"https:\/\/lospoliticosveracruz.com\/?p=22048","og_site_name":"Los pol\u00edticos Veracruz","article_publisher":"https:\/\/www.facebook.com\/people\/Notimemes-de-los-Polticos\/61565672886568\/","article_published_time":"2016-03-16T21:38:19+00:00","og_image":[{"width":200,"height":200,"url":"https:\/\/lospoliticosveracruz.com\/wp-content\/uploads\/2016\/07\/Logo-Dor.jpg","type":"image\/jpeg"}],"author":"Lo viste en Los Pol\u00edticos","twitter_card":"summary_large_image","twitter_creator":"@LosPoliticosVer","twitter_site":"@LosPoliticosVer","twitter_misc":{"Escrito por":"Lo viste en Los Pol\u00edticos","Tiempo de lectura":"3 minutos"},"schema":{"@context":"https:\/\/schema.org","@graph":[{"@type":"Article","@id":"https:\/\/lospoliticosveracruz.com\/?p=22048#article","isPartOf":{"@id":"https:\/\/lospoliticosveracruz.com\/?p=22048"},"author":{"name":"Lo viste en Los Pol\u00edticos","@id":"https:\/\/lospoliticosveracruz.com\/#\/schema\/person\/b8702bb0e538456e6efd07080bf2a4a2"},"headline":"Reconocimiento","datePublished":"2016-03-16T21:38:19+00:00","mainEntityOfPage":{"@id":"https:\/\/lospoliticosveracruz.com\/?p=22048"},"wordCount":502,"commentCount":0,"publisher":{"@id":"https:\/\/lospoliticosveracruz.com\/#organization"},"keywords":["Emma Rodr\u00edguez Ca\u00f1ada","Norma Ang\u00e9lica Lozada G\u00f3mez"],"articleSection":["De Opini\u00f3n"],"inLanguage":"es","potentialAction":[{"@type":"CommentAction","name":"Comment","target":["https:\/\/lospoliticosveracruz.com\/?p=22048#respond"]}]},{"@type":"WebPage","@id":"https:\/\/lospoliticosveracruz.com\/?p=22048","url":"https:\/\/lospoliticosveracruz.com\/?p=22048","name":"Reconocimiento - Los pol\u00edticos Veracruz","isPartOf":{"@id":"https:\/\/lospoliticosveracruz.com\/#website"},"datePublished":"2016-03-16T21:38:19+00:00","breadcrumb":{"@id":"https:\/\/lospoliticosveracruz.com\/?p=22048#breadcrumb"},"inLanguage":"es","potentialAction":[{"@type":"ReadAction","target":["https:\/\/lospoliticosveracruz.com\/?p=22048"]}]},{"@type":"BreadcrumbList","@id":"https:\/\/lospoliticosveracruz.com\/?p=22048#breadcrumb","itemListElement":[{"@type":"ListItem","position":1,"name":"Portada","item":"https:\/\/lospoliticosveracruz.com\/"},{"@type":"ListItem","position":2,"name":"Reconocimiento"}]},{"@type":"WebSite","@id":"https:\/\/lospoliticosveracruz.com\/#website","url":"https:\/\/lospoliticosveracruz.com\/","name":"Los pol\u00edticos Veracruz","description":"","publisher":{"@id":"https:\/\/lospoliticosveracruz.com\/#organization"},"potentialAction":[{"@type":"SearchAction","target":{"@type":"EntryPoint","urlTemplate":"https:\/\/lospoliticosveracruz.com\/?s={search_term_string}"},"query-input":{"@type":"PropertyValueSpecification","valueRequired":true,"valueName":"search_term_string"}}],"inLanguage":"es"},{"@type":"Organization","@id":"https:\/\/lospoliticosveracruz.com\/#organization","name":"Los pol\u00edticos Veracruz","url":"https:\/\/lospoliticosveracruz.com\/","logo":{"@type":"ImageObject","inLanguage":"es","@id":"https:\/\/lospoliticosveracruz.com\/#\/schema\/logo\/image\/","url":"https:\/\/lospoliticosveracruz.com\/wp-content\/uploads\/2025\/12\/Logo-Nuevo-LOS-POLITICOS-1.jpg","contentUrl":"https:\/\/lospoliticosveracruz.com\/wp-content\/uploads\/2025\/12\/Logo-Nuevo-LOS-POLITICOS-1.jpg","width":260,"height":70,"caption":"Los pol\u00edticos Veracruz"},"image":{"@id":"https:\/\/lospoliticosveracruz.com\/#\/schema\/logo\/image\/"},"sameAs":["https:\/\/www.facebook.com\/people\/Notimemes-de-los-Polticos\/61565672886568\/","https:\/\/x.com\/LosPoliticosVer"]},{"@type":"Person","@id":"https:\/\/lospoliticosveracruz.com\/#\/schema\/person\/b8702bb0e538456e6efd07080bf2a4a2","name":"Lo viste en Los Pol\u00edticos","image":{"@type":"ImageObject","inLanguage":"es","@id":"https:\/\/secure.gravatar.com\/avatar\/3a8de04a2656d44082be478bd6c086daa447c4651605818287b9532d3d0bd435?s=96&d=mm&r=g","url":"https:\/\/secure.gravatar.com\/avatar\/3a8de04a2656d44082be478bd6c086daa447c4651605818287b9532d3d0bd435?s=96&d=mm&r=g","contentUrl":"https:\/\/secure.gravatar.com\/avatar\/3a8de04a2656d44082be478bd6c086daa447c4651605818287b9532d3d0bd435?s=96&d=mm&r=g","caption":"Lo viste en Los Pol\u00edticos"},"url":"https:\/\/lospoliticosveracruz.com\/?author=2"}]}},"_links":{"self":[{"href":"https:\/\/lospoliticosveracruz.com\/index.php?rest_route=\/wp\/v2\/posts\/22048","targetHints":{"allow":["GET"]}}],"collection":[{"href":"https:\/\/lospoliticosveracruz.com\/index.php?rest_route=\/wp\/v2\/posts"}],"about":[{"href":"https:\/\/lospoliticosveracruz.com\/index.php?rest_route=\/wp\/v2\/types\/post"}],"author":[{"embeddable":true,"href":"https:\/\/lospoliticosveracruz.com\/index.php?rest_route=\/wp\/v2\/users\/2"}],"replies":[{"embeddable":true,"href":"https:\/\/lospoliticosveracruz.com\/index.php?rest_route=%2Fwp%2Fv2%2Fcomments&post=22048"}],"version-history":[{"count":1,"href":"https:\/\/lospoliticosveracruz.com\/index.php?rest_route=\/wp\/v2\/posts\/22048\/revisions"}],"predecessor-version":[{"id":22050,"href":"https:\/\/lospoliticosveracruz.com\/index.php?rest_route=\/wp\/v2\/posts\/22048\/revisions\/22050"}],"wp:attachment":[{"href":"https:\/\/lospoliticosveracruz.com\/index.php?rest_route=%2Fwp%2Fv2%2Fmedia&parent=22048"}],"wp:term":[{"taxonomy":"category","embeddable":true,"href":"https:\/\/lospoliticosveracruz.com\/index.php?rest_route=%2Fwp%2Fv2%2Fcategories&post=22048"},{"taxonomy":"post_tag","embeddable":true,"href":"https:\/\/lospoliticosveracruz.com\/index.php?rest_route=%2Fwp%2Fv2%2Ftags&post=22048"}],"curies":[{"name":"wp","href":"https:\/\/api.w.org\/{rel}","templated":true}]}}