{"id":22088,"date":"2016-03-18T23:14:05","date_gmt":"2016-03-19T05:14:05","guid":{"rendered":"http:\/\/www.lospoliticosveracruz.com.mx\/?p=22088"},"modified":"2016-03-18T23:14:05","modified_gmt":"2016-03-19T05:14:05","slug":"las-chambas-de-erika","status":"publish","type":"post","link":"https:\/\/lospoliticosveracruz.com\/?p=22088","title":{"rendered":"Las chambas de Erika"},"content":{"rendered":"<p><a href=\"http:\/\/www.lospoliticosveracruz.com.mx\/wp-content\/uploads\/2016\/03\/Erika-Ayala.jpeg\"><img loading=\"lazy\" decoding=\"async\" class=\"alignnone size-medium wp-image-22091\" src=\"http:\/\/www.lospoliticosveracruz.com.mx\/wp-content\/uploads\/2016\/03\/Erika-Ayala-300x192.jpeg\" alt=\"Erika Ayala\" width=\"300\" height=\"192\" \/><\/a><br \/>\n<strong>Brenda Caballero<\/strong><br \/>\n<em>N\u00fameros Rojos<\/em><\/p>\n<p>\u00bfHas sufrido violencia pol\u00edtica? Le pregunto a la senadora Erika Ayala R\u00edos, quien sin dudarlo dos veces, me contesta de manera afirmativa. Respira y comenta que ahorita se est\u00e1 legislando para que se reconozca el t\u00e9rmino como tal. Abunda tambi\u00e9n en la equidad de g\u00e9nero y se refiere a sus dos hijos, el var\u00f3n de 17, y su ni\u00f1a de 8. \u00a1Quiero que cuando sean grandes tengan las mismas oportunidades de trabajar!<br \/>\n\u00bfY como senadora?, insisto. Recuerda que cuando lleg\u00f3 a C\u00e1mara Alta, Pepe Yunes no la dej\u00f3 sola, pues la acompa\u00f1\u00f3 y present\u00f3 a todos sus compa\u00f1eros. Sin embargo, al poner ejemplos del vestir o de la belleza de las personas, me hace pensar que la violencia pol\u00edtica vino de ese lado contra su persona.<br \/>\nLa mujer de la eterna sonrisa y hoy senadora de la Rep\u00fablica por Veracruz, Erika Ayala R\u00edos, se reuni\u00f3 ayer con miembros de la Apever No\u00e9 Vald\u00e9s donde contest\u00f3 todo lo que los periodistas le preguntaron.<br \/>\nAunque hac\u00eda calor, le llovi\u00f3 a Erika, pues se le fueron con todo:<br \/>\n\u00bfPuede hablar realmente de democracia cuando ostenta tres cargos: Senadora, dirigente del SUIT Cobaev y dirigente de la CNOP? Le cuestionaron. De inmediato y sin temblarle nada, Ayala R\u00edos asegur\u00f3 que no importa cu\u00e1ntos cargos tengas, sino qui\u00e9n te acompa\u00f1e, ya que detr\u00e1s de ella, asegur\u00f3, hay todo un equipo t\u00e9cnico, adem\u00e1s de que se considera totalmente responsable y capaz para ejercer cada uno de esos puestos.<br \/>\n\u201cEstoy estudiando un Doctorado en Administraci\u00f3n P\u00fablica en Puebla; duermo 3 \u00f3 4 horas diarias; los martes y los jueves los dedico completamente al Senado; los mi\u00e9rcoles, a actividades del sindicato; as\u00ed como los lunes a los maestros y s\u00e1bados y domingos son de actividad pol\u00edtica de la CNOP\u2026 aparte lavo y plancho\u201d.<br \/>\nClaro que estas \u00faltimas actividades son como ama de casa, ya que asegura no estar impulsando a nadie, ni tener inter\u00e9s en ser la primera en la lista plurinominal.<br \/>\nPor sus cargos, indic\u00f3 que es dirigente del Sindicato porque as\u00ed lo han querido los agremiados del mismo, los cuales le reconocen su trayectoria y siguen apoyando para estar al frente por otros diez a\u00f1os m\u00e1s.<br \/>\nDe su dirigencia en la CNOP, refiri\u00f3 que cuando se dio la suplencia a la Senadur\u00eda, fue sorpresivo, pues pod\u00eda haber sido Pepe y no H\u00e9ctor el candidato, raz\u00f3n por la que los sectores no pudieron emitir la convocatoria para un dirigente, pero posteriormente seguro se dar\u00e1.<br \/>\nAclar\u00f3 no tener tres sueldos, ya que por Ley, al tomar posesi\u00f3n como Senadora, autom\u00e1ticamente ten\u00eda que renunciar a \u00e9l. No neg\u00f3 recibir una cantidad por parte del SUIT Cobaev, pero como gastos para visitar planteles o hacer algunas gestiones.<br \/>\nAl hablar de las Reinis, el grupo de mujeres con el que muchos en el estado la asociaron y que hasta fue considerado de forma despectiva y denigrante (podr\u00eda decir desde mi punto de vista hasta como violencia pol\u00edtica) brome\u00f3 y dijo que era un saludo que usaban las priistas entre ellas; sin embargo, por ese sobrenombre fueron conocidas y ahora al hablar de grupos de mujeres en la pol\u00edtica, ser\u00e1 referencia obligada.<br \/>\nDesde luego, reconoce que ha tenido el apoyo de otras mujeres pol\u00edticas para llegar hasta donde est\u00e1, pues le han apoyado desde diferentes trincheras. Menci\u00f3n especial hace a Bertha Hern\u00e1ndez (de la que recibi\u00f3 muchos consejos), Silvia Dom\u00ednguez y Nohem\u00ed Lagunes, mujeres pol\u00edticas que sin tener las oportunidades que la Ley hoy les da, llegaron muy alto en t\u00e9rminos pol\u00edticos.<br \/>\nAhora que est\u00e1 en el Senado, Erika tiene varias iniciativas como la del maltrato a las ni\u00f1as y los ni\u00f1os, o la de las pensiones alimenticias que se acaba de aprobar hace unos d\u00edas, enfocado a varones que no cumplen con su obligaci\u00f3n, y se les restringe salir fuera del pa\u00eds.<br \/>\nAyala dice haber aprendido en dos meses lo que muchos legisladores aprenden en cuatro a\u00f1os. Se aplica totalmente para dar lo mejor de s\u00ed desde el Senado de la Rep\u00fablica y hace un llamado a mantener una comunicaci\u00f3n entre los tres senadores de la Rep\u00fablica por el estado: Pepe, Fernando y ella en aras de trabajar en una causa com\u00fan: el bienestar de los veracruzanos.<br \/>\n\u201c\u00a1Eres una autoritaria! \u00a1una sobreprotectora!\u201d, le dice el joven de 17 a\u00f1os a su mam\u00e1 que no lo deja salir a divertirse. \u201c\u00a1Prefiero ser la mam\u00e1 mala!\u201d, dice Erika Ayala, antes que dejar que algo le pase a su hijo, \u201caunque confieso que de repente se me escapa\u201d.<br \/>\nCreo que Erika no tiene tres, sino cuatro cargos: el ser madre y ama de casa \u00bfrecibe sueldo por ello?<\/p>\n<p>Posdata<br \/>\nEl Grupo Coatepec se re\u00fane este s\u00e1bado a las diez de la ma\u00f1ana, en la Quinta Antojitos Col\u00f3n donde la psic\u00f3loga Martha Nelda Morales hablar\u00e1 sobre el libro \u201cViaje por la Vida\u201d.<\/p>\n<p>Email:caballero_brenda@hotmail.com<\/p>\n","protected":false},"excerpt":{"rendered":"<p>Brenda Caballero N\u00fameros Rojos \u00bfHas sufrido violencia pol\u00edtica? Le pregunto a la senadora Erika Ayala R\u00edos, quien sin dudarlo dos veces, me contesta de manera afirmativa. Respira y comenta que ahorita se est\u00e1 legislando para que se reconozca el t\u00e9rmino como tal. Abunda tambi\u00e9n en la equidad de g\u00e9nero y se refiere a sus dos [&hellip;]<\/p>\n","protected":false},"author":2,"featured_media":0,"comment_status":"open","ping_status":"open","sticky":false,"template":"","format":"standard","meta":{"tdm_status":"","tdm_grid_status":"","footnotes":""},"categories":[70],"tags":[3368,3525,711,5117],"class_list":{"0":"post-22088","1":"post","2":"type-post","3":"status-publish","4":"format-standard","6":"category-de-opinion","7":"tag-cnop","8":"tag-erika-ayala-rios","9":"tag-senado","10":"tag-suit-cobaev"},"yoast_head":"<!-- This site is optimized with the Yoast SEO plugin v27.4 - https:\/\/yoast.com\/product\/yoast-seo-wordpress\/ -->\n<title>Las chambas de Erika - Los pol\u00edticos Veracruz<\/title>\n<meta name=\"robots\" content=\"index, follow, max-snippet:-1, max-image-preview:large, max-video-preview:-1\" \/>\n<link rel=\"canonical\" href=\"https:\/\/lospoliticosveracruz.com\/?p=22088\" \/>\n<meta property=\"og:locale\" content=\"es_ES\" \/>\n<meta property=\"og:type\" content=\"article\" \/>\n<meta property=\"og:title\" content=\"Las chambas de Erika - Los pol\u00edticos Veracruz\" \/>\n<meta property=\"og:description\" content=\"Brenda Caballero N\u00fameros Rojos \u00bfHas sufrido violencia pol\u00edtica? Le pregunto a la senadora Erika Ayala R\u00edos, quien sin dudarlo dos veces, me contesta de manera afirmativa. Respira y comenta que ahorita se est\u00e1 legislando para que se reconozca el t\u00e9rmino como tal. Abunda tambi\u00e9n en la equidad de g\u00e9nero y se refiere a sus dos [&hellip;]\" \/>\n<meta property=\"og:url\" content=\"https:\/\/lospoliticosveracruz.com\/?p=22088\" \/>\n<meta property=\"og:site_name\" content=\"Los pol\u00edticos Veracruz\" \/>\n<meta property=\"article:publisher\" content=\"https:\/\/www.facebook.com\/people\/Notimemes-de-los-Polticos\/61565672886568\/\" \/>\n<meta property=\"article:published_time\" content=\"2016-03-19T05:14:05+00:00\" \/>\n<meta property=\"og:image\" content=\"http:\/\/www.lospoliticosveracruz.com.mx\/wp-content\/uploads\/2016\/03\/Erika-Ayala-300x192.jpeg\" \/>\n<meta name=\"author\" content=\"Lo viste en Los Pol\u00edticos\" \/>\n<meta name=\"twitter:card\" content=\"summary_large_image\" \/>\n<meta name=\"twitter:creator\" content=\"@LosPoliticosVer\" \/>\n<meta name=\"twitter:site\" content=\"@LosPoliticosVer\" \/>\n<meta name=\"twitter:label1\" content=\"Escrito por\" \/>\n\t<meta name=\"twitter:data1\" content=\"Lo viste en Los Pol\u00edticos\" \/>\n\t<meta name=\"twitter:label2\" content=\"Tiempo de lectura\" \/>\n\t<meta name=\"twitter:data2\" content=\"4 minutos\" \/>\n<script type=\"application\/ld+json\" class=\"yoast-schema-graph\">{\"@context\":\"https:\\\/\\\/schema.org\",\"@graph\":[{\"@type\":\"Article\",\"@id\":\"https:\\\/\\\/lospoliticosveracruz.com\\\/?p=22088#article\",\"isPartOf\":{\"@id\":\"https:\\\/\\\/lospoliticosveracruz.com\\\/?p=22088\"},\"author\":{\"name\":\"Lo viste en Los Pol\u00edticos\",\"@id\":\"https:\\\/\\\/lospoliticosveracruz.com\\\/#\\\/schema\\\/person\\\/b8702bb0e538456e6efd07080bf2a4a2\"},\"headline\":\"Las chambas de Erika\",\"datePublished\":\"2016-03-19T05:14:05+00:00\",\"mainEntityOfPage\":{\"@id\":\"https:\\\/\\\/lospoliticosveracruz.com\\\/?p=22088\"},\"wordCount\":867,\"commentCount\":0,\"publisher\":{\"@id\":\"https:\\\/\\\/lospoliticosveracruz.com\\\/#organization\"},\"image\":{\"@id\":\"https:\\\/\\\/lospoliticosveracruz.com\\\/?p=22088#primaryimage\"},\"thumbnailUrl\":\"http:\\\/\\\/www.lospoliticosveracruz.com.mx\\\/wp-content\\\/uploads\\\/2016\\\/03\\\/Erika-Ayala-300x192.jpeg\",\"keywords\":[\"CNOP\",\"Erika Ayala R\u00edos\",\"Senado\",\"SUIT Cobaev\"],\"articleSection\":[\"De Opini\u00f3n\"],\"inLanguage\":\"es\",\"potentialAction\":[{\"@type\":\"CommentAction\",\"name\":\"Comment\",\"target\":[\"https:\\\/\\\/lospoliticosveracruz.com\\\/?p=22088#respond\"]}]},{\"@type\":\"WebPage\",\"@id\":\"https:\\\/\\\/lospoliticosveracruz.com\\\/?p=22088\",\"url\":\"https:\\\/\\\/lospoliticosveracruz.com\\\/?p=22088\",\"name\":\"Las chambas de Erika - Los pol\u00edticos Veracruz\",\"isPartOf\":{\"@id\":\"https:\\\/\\\/lospoliticosveracruz.com\\\/#website\"},\"primaryImageOfPage\":{\"@id\":\"https:\\\/\\\/lospoliticosveracruz.com\\\/?p=22088#primaryimage\"},\"image\":{\"@id\":\"https:\\\/\\\/lospoliticosveracruz.com\\\/?p=22088#primaryimage\"},\"thumbnailUrl\":\"http:\\\/\\\/www.lospoliticosveracruz.com.mx\\\/wp-content\\\/uploads\\\/2016\\\/03\\\/Erika-Ayala-300x192.jpeg\",\"datePublished\":\"2016-03-19T05:14:05+00:00\",\"breadcrumb\":{\"@id\":\"https:\\\/\\\/lospoliticosveracruz.com\\\/?p=22088#breadcrumb\"},\"inLanguage\":\"es\",\"potentialAction\":[{\"@type\":\"ReadAction\",\"target\":[\"https:\\\/\\\/lospoliticosveracruz.com\\\/?p=22088\"]}]},{\"@type\":\"ImageObject\",\"inLanguage\":\"es\",\"@id\":\"https:\\\/\\\/lospoliticosveracruz.com\\\/?p=22088#primaryimage\",\"url\":\"http:\\\/\\\/www.lospoliticosveracruz.com.mx\\\/wp-content\\\/uploads\\\/2016\\\/03\\\/Erika-Ayala-300x192.jpeg\",\"contentUrl\":\"http:\\\/\\\/www.lospoliticosveracruz.com.mx\\\/wp-content\\\/uploads\\\/2016\\\/03\\\/Erika-Ayala-300x192.jpeg\"},{\"@type\":\"BreadcrumbList\",\"@id\":\"https:\\\/\\\/lospoliticosveracruz.com\\\/?p=22088#breadcrumb\",\"itemListElement\":[{\"@type\":\"ListItem\",\"position\":1,\"name\":\"Portada\",\"item\":\"https:\\\/\\\/lospoliticosveracruz.com\\\/\"},{\"@type\":\"ListItem\",\"position\":2,\"name\":\"Las chambas de Erika\"}]},{\"@type\":\"WebSite\",\"@id\":\"https:\\\/\\\/lospoliticosveracruz.com\\\/#website\",\"url\":\"https:\\\/\\\/lospoliticosveracruz.com\\\/\",\"name\":\"Los pol\u00edticos Veracruz\",\"description\":\"\",\"publisher\":{\"@id\":\"https:\\\/\\\/lospoliticosveracruz.com\\\/#organization\"},\"potentialAction\":[{\"@type\":\"SearchAction\",\"target\":{\"@type\":\"EntryPoint\",\"urlTemplate\":\"https:\\\/\\\/lospoliticosveracruz.com\\\/?s={search_term_string}\"},\"query-input\":{\"@type\":\"PropertyValueSpecification\",\"valueRequired\":true,\"valueName\":\"search_term_string\"}}],\"inLanguage\":\"es\"},{\"@type\":\"Organization\",\"@id\":\"https:\\\/\\\/lospoliticosveracruz.com\\\/#organization\",\"name\":\"Los pol\u00edticos Veracruz\",\"url\":\"https:\\\/\\\/lospoliticosveracruz.com\\\/\",\"logo\":{\"@type\":\"ImageObject\",\"inLanguage\":\"es\",\"@id\":\"https:\\\/\\\/lospoliticosveracruz.com\\\/#\\\/schema\\\/logo\\\/image\\\/\",\"url\":\"https:\\\/\\\/lospoliticosveracruz.com\\\/wp-content\\\/uploads\\\/2025\\\/12\\\/Logo-Nuevo-LOS-POLITICOS-1.jpg\",\"contentUrl\":\"https:\\\/\\\/lospoliticosveracruz.com\\\/wp-content\\\/uploads\\\/2025\\\/12\\\/Logo-Nuevo-LOS-POLITICOS-1.jpg\",\"width\":260,\"height\":70,\"caption\":\"Los pol\u00edticos Veracruz\"},\"image\":{\"@id\":\"https:\\\/\\\/lospoliticosveracruz.com\\\/#\\\/schema\\\/logo\\\/image\\\/\"},\"sameAs\":[\"https:\\\/\\\/www.facebook.com\\\/people\\\/Notimemes-de-los-Polticos\\\/61565672886568\\\/\",\"https:\\\/\\\/x.com\\\/LosPoliticosVer\"]},{\"@type\":\"Person\",\"@id\":\"https:\\\/\\\/lospoliticosveracruz.com\\\/#\\\/schema\\\/person\\\/b8702bb0e538456e6efd07080bf2a4a2\",\"name\":\"Lo viste en Los Pol\u00edticos\",\"image\":{\"@type\":\"ImageObject\",\"inLanguage\":\"es\",\"@id\":\"https:\\\/\\\/secure.gravatar.com\\\/avatar\\\/3a8de04a2656d44082be478bd6c086daa447c4651605818287b9532d3d0bd435?s=96&d=mm&r=g\",\"url\":\"https:\\\/\\\/secure.gravatar.com\\\/avatar\\\/3a8de04a2656d44082be478bd6c086daa447c4651605818287b9532d3d0bd435?s=96&d=mm&r=g\",\"contentUrl\":\"https:\\\/\\\/secure.gravatar.com\\\/avatar\\\/3a8de04a2656d44082be478bd6c086daa447c4651605818287b9532d3d0bd435?s=96&d=mm&r=g\",\"caption\":\"Lo viste en Los Pol\u00edticos\"},\"url\":\"https:\\\/\\\/lospoliticosveracruz.com\\\/?author=2\"}]}<\/script>\n<!-- \/ Yoast SEO plugin. -->","yoast_head_json":{"title":"Las chambas de Erika - Los pol\u00edticos Veracruz","robots":{"index":"index","follow":"follow","max-snippet":"max-snippet:-1","max-image-preview":"max-image-preview:large","max-video-preview":"max-video-preview:-1"},"canonical":"https:\/\/lospoliticosveracruz.com\/?p=22088","og_locale":"es_ES","og_type":"article","og_title":"Las chambas de Erika - Los pol\u00edticos Veracruz","og_description":"Brenda Caballero N\u00fameros Rojos \u00bfHas sufrido violencia pol\u00edtica? Le pregunto a la senadora Erika Ayala R\u00edos, quien sin dudarlo dos veces, me contesta de manera afirmativa. Respira y comenta que ahorita se est\u00e1 legislando para que se reconozca el t\u00e9rmino como tal. Abunda tambi\u00e9n en la equidad de g\u00e9nero y se refiere a sus dos [&hellip;]","og_url":"https:\/\/lospoliticosveracruz.com\/?p=22088","og_site_name":"Los pol\u00edticos Veracruz","article_publisher":"https:\/\/www.facebook.com\/people\/Notimemes-de-los-Polticos\/61565672886568\/","article_published_time":"2016-03-19T05:14:05+00:00","og_image":[{"url":"http:\/\/www.lospoliticosveracruz.com.mx\/wp-content\/uploads\/2016\/03\/Erika-Ayala-300x192.jpeg","type":"","width":"","height":""}],"author":"Lo viste en Los Pol\u00edticos","twitter_card":"summary_large_image","twitter_creator":"@LosPoliticosVer","twitter_site":"@LosPoliticosVer","twitter_misc":{"Escrito por":"Lo viste en Los Pol\u00edticos","Tiempo de lectura":"4 minutos"},"schema":{"@context":"https:\/\/schema.org","@graph":[{"@type":"Article","@id":"https:\/\/lospoliticosveracruz.com\/?p=22088#article","isPartOf":{"@id":"https:\/\/lospoliticosveracruz.com\/?p=22088"},"author":{"name":"Lo viste en Los Pol\u00edticos","@id":"https:\/\/lospoliticosveracruz.com\/#\/schema\/person\/b8702bb0e538456e6efd07080bf2a4a2"},"headline":"Las chambas de Erika","datePublished":"2016-03-19T05:14:05+00:00","mainEntityOfPage":{"@id":"https:\/\/lospoliticosveracruz.com\/?p=22088"},"wordCount":867,"commentCount":0,"publisher":{"@id":"https:\/\/lospoliticosveracruz.com\/#organization"},"image":{"@id":"https:\/\/lospoliticosveracruz.com\/?p=22088#primaryimage"},"thumbnailUrl":"http:\/\/www.lospoliticosveracruz.com.mx\/wp-content\/uploads\/2016\/03\/Erika-Ayala-300x192.jpeg","keywords":["CNOP","Erika Ayala R\u00edos","Senado","SUIT Cobaev"],"articleSection":["De Opini\u00f3n"],"inLanguage":"es","potentialAction":[{"@type":"CommentAction","name":"Comment","target":["https:\/\/lospoliticosveracruz.com\/?p=22088#respond"]}]},{"@type":"WebPage","@id":"https:\/\/lospoliticosveracruz.com\/?p=22088","url":"https:\/\/lospoliticosveracruz.com\/?p=22088","name":"Las chambas de Erika - Los pol\u00edticos Veracruz","isPartOf":{"@id":"https:\/\/lospoliticosveracruz.com\/#website"},"primaryImageOfPage":{"@id":"https:\/\/lospoliticosveracruz.com\/?p=22088#primaryimage"},"image":{"@id":"https:\/\/lospoliticosveracruz.com\/?p=22088#primaryimage"},"thumbnailUrl":"http:\/\/www.lospoliticosveracruz.com.mx\/wp-content\/uploads\/2016\/03\/Erika-Ayala-300x192.jpeg","datePublished":"2016-03-19T05:14:05+00:00","breadcrumb":{"@id":"https:\/\/lospoliticosveracruz.com\/?p=22088#breadcrumb"},"inLanguage":"es","potentialAction":[{"@type":"ReadAction","target":["https:\/\/lospoliticosveracruz.com\/?p=22088"]}]},{"@type":"ImageObject","inLanguage":"es","@id":"https:\/\/lospoliticosveracruz.com\/?p=22088#primaryimage","url":"http:\/\/www.lospoliticosveracruz.com.mx\/wp-content\/uploads\/2016\/03\/Erika-Ayala-300x192.jpeg","contentUrl":"http:\/\/www.lospoliticosveracruz.com.mx\/wp-content\/uploads\/2016\/03\/Erika-Ayala-300x192.jpeg"},{"@type":"BreadcrumbList","@id":"https:\/\/lospoliticosveracruz.com\/?p=22088#breadcrumb","itemListElement":[{"@type":"ListItem","position":1,"name":"Portada","item":"https:\/\/lospoliticosveracruz.com\/"},{"@type":"ListItem","position":2,"name":"Las chambas de Erika"}]},{"@type":"WebSite","@id":"https:\/\/lospoliticosveracruz.com\/#website","url":"https:\/\/lospoliticosveracruz.com\/","name":"Los pol\u00edticos Veracruz","description":"","publisher":{"@id":"https:\/\/lospoliticosveracruz.com\/#organization"},"potentialAction":[{"@type":"SearchAction","target":{"@type":"EntryPoint","urlTemplate":"https:\/\/lospoliticosveracruz.com\/?s={search_term_string}"},"query-input":{"@type":"PropertyValueSpecification","valueRequired":true,"valueName":"search_term_string"}}],"inLanguage":"es"},{"@type":"Organization","@id":"https:\/\/lospoliticosveracruz.com\/#organization","name":"Los pol\u00edticos Veracruz","url":"https:\/\/lospoliticosveracruz.com\/","logo":{"@type":"ImageObject","inLanguage":"es","@id":"https:\/\/lospoliticosveracruz.com\/#\/schema\/logo\/image\/","url":"https:\/\/lospoliticosveracruz.com\/wp-content\/uploads\/2025\/12\/Logo-Nuevo-LOS-POLITICOS-1.jpg","contentUrl":"https:\/\/lospoliticosveracruz.com\/wp-content\/uploads\/2025\/12\/Logo-Nuevo-LOS-POLITICOS-1.jpg","width":260,"height":70,"caption":"Los pol\u00edticos Veracruz"},"image":{"@id":"https:\/\/lospoliticosveracruz.com\/#\/schema\/logo\/image\/"},"sameAs":["https:\/\/www.facebook.com\/people\/Notimemes-de-los-Polticos\/61565672886568\/","https:\/\/x.com\/LosPoliticosVer"]},{"@type":"Person","@id":"https:\/\/lospoliticosveracruz.com\/#\/schema\/person\/b8702bb0e538456e6efd07080bf2a4a2","name":"Lo viste en Los Pol\u00edticos","image":{"@type":"ImageObject","inLanguage":"es","@id":"https:\/\/secure.gravatar.com\/avatar\/3a8de04a2656d44082be478bd6c086daa447c4651605818287b9532d3d0bd435?s=96&d=mm&r=g","url":"https:\/\/secure.gravatar.com\/avatar\/3a8de04a2656d44082be478bd6c086daa447c4651605818287b9532d3d0bd435?s=96&d=mm&r=g","contentUrl":"https:\/\/secure.gravatar.com\/avatar\/3a8de04a2656d44082be478bd6c086daa447c4651605818287b9532d3d0bd435?s=96&d=mm&r=g","caption":"Lo viste en Los Pol\u00edticos"},"url":"https:\/\/lospoliticosveracruz.com\/?author=2"}]}},"_links":{"self":[{"href":"https:\/\/lospoliticosveracruz.com\/index.php?rest_route=\/wp\/v2\/posts\/22088","targetHints":{"allow":["GET"]}}],"collection":[{"href":"https:\/\/lospoliticosveracruz.com\/index.php?rest_route=\/wp\/v2\/posts"}],"about":[{"href":"https:\/\/lospoliticosveracruz.com\/index.php?rest_route=\/wp\/v2\/types\/post"}],"author":[{"embeddable":true,"href":"https:\/\/lospoliticosveracruz.com\/index.php?rest_route=\/wp\/v2\/users\/2"}],"replies":[{"embeddable":true,"href":"https:\/\/lospoliticosveracruz.com\/index.php?rest_route=%2Fwp%2Fv2%2Fcomments&post=22088"}],"version-history":[{"count":1,"href":"https:\/\/lospoliticosveracruz.com\/index.php?rest_route=\/wp\/v2\/posts\/22088\/revisions"}],"predecessor-version":[{"id":22092,"href":"https:\/\/lospoliticosveracruz.com\/index.php?rest_route=\/wp\/v2\/posts\/22088\/revisions\/22092"}],"wp:attachment":[{"href":"https:\/\/lospoliticosveracruz.com\/index.php?rest_route=%2Fwp%2Fv2%2Fmedia&parent=22088"}],"wp:term":[{"taxonomy":"category","embeddable":true,"href":"https:\/\/lospoliticosveracruz.com\/index.php?rest_route=%2Fwp%2Fv2%2Fcategories&post=22088"},{"taxonomy":"post_tag","embeddable":true,"href":"https:\/\/lospoliticosveracruz.com\/index.php?rest_route=%2Fwp%2Fv2%2Ftags&post=22088"}],"curies":[{"name":"wp","href":"https:\/\/api.w.org\/{rel}","templated":true}]}}