{"id":22492,"date":"2016-04-07T00:21:41","date_gmt":"2016-04-07T05:21:41","guid":{"rendered":"http:\/\/www.lospoliticosveracruz.com.mx\/?p=22492"},"modified":"2016-04-07T00:21:41","modified_gmt":"2016-04-07T05:21:41","slug":"violencias-machistas","status":"publish","type":"post","link":"https:\/\/lospoliticosveracruz.com\/?p=22492","title":{"rendered":"Violencias machistas"},"content":{"rendered":"<p><a href=\"http:\/\/www.lospoliticosveracruz.com.mx\/wp-content\/uploads\/2016\/04\/Violencia-medi\u00e1tica1.jpg\"><img loading=\"lazy\" decoding=\"async\" class=\"alignnone size-medium wp-image-22501\" src=\"http:\/\/www.lospoliticosveracruz.com.mx\/wp-content\/uploads\/2016\/04\/Violencia-medi\u00e1tica1-300x169.jpg\" alt=\"Violencia medi\u00e1tica\" width=\"300\" height=\"169\" \/><\/a><\/p>\n<p><strong>Yadira Hidalgo G.<\/strong><\/p>\n<p><em>Mujeres que Saben Lat\u00edn<\/em><br \/>\nEsta semana hemos atestiguado el inmenso odio que muchas personas no tienen reparo en expresar contra las mujeres: impunidad y casos en los que la v\u00edctima es presentada como la culpable de su situaci\u00f3n, violaciones viralizadas en las redes sociales, videos que hacen apolog\u00eda de la misoginia y el feminicidio y que apelan a la \u201clibertad de expresi\u00f3n\u201d, golpes, vejaciones, insultos y amenazas contra las mujeres que se atreven a poner un alto a las agresiones hacia su persona; varones que creen que los cuerpos de todas las mujeres les pertenecen y pueden tomarlos no importa si es en el transporte p\u00fablico o en la calle, la casa o cualquier otro lugar.<br \/>\nLa violencia machista se expresa de diferentes formas, ya lo ha dejado muy claro la Ley de Acceso de las Mujeres a una Vida Libre de Violencia. Sin embargo, estas violencias se sofistican cada vez m\u00e1s o se adaptan a los tiempos, el ejemplo m\u00e1s claro son las que provienen de las redes sociales; as\u00ed como la normalizaci\u00f3n de las mismas, pues muchas personas las ven como una \u201cexpresi\u00f3n\u201d de la cultura, algo que pasa porque s\u00ed, porque siempre ha pasado.<br \/>\nLa buena noticia es que nada es para siempre. Y aunque a\u00fan hay personas que defienden ideas arcaicas que se enfocan m\u00e1s en culpabilizar a la v\u00edctima, tampoco podemos decir que nuestra sociedad se ha quedado estancada en ese decir. Poco a poco hemos visto c\u00f3mo los argumentos que apelan a no re victimizar o a enfocarse m\u00e1s en la comisi\u00f3n del delito que en la ropa, la conducta o la hora en la que fue agredida la v\u00edctima, van ganando terreno en la opini\u00f3n p\u00fablica.<br \/>\nExpresiones ciudadanas diversas tambi\u00e9n han demostrado que cada vez construimos un enorme escudo contra el odio, sin embargo, la construcci\u00f3n es lenta, sufre retrocesos y ha tomado no s\u00f3lo tiempo, tambi\u00e9n se ha llevado vidas (f\u00edsicas y emocionales) de muchas mujeres que con el ejemplo de sus experiencias, afianzan esa tarea enorme que consiste en el cambio de paradigmas, una tarea tit\u00e1nica que no s\u00f3lo nos corresponde realizar a las mujeres.<br \/>\nEn ese tenor, familia, escuela, sociedad, instituciones y medios de comunicaci\u00f3n deben hacer lo propio y dejar las reticencias para entrarle al tema de la violencia contra las mujeres de lleno y de frente. De qu\u00e9 vale que en casa se eduque en el respeto y la igualdad, si los medios de comunicaci\u00f3n nos mandan mensajes en los que se sigue promoviendo a las mujeres como objeto de consumo masculino; de la misma forma cualquier buen mensaje se diluye si el sector educativo no cambia sus pr\u00e1cticas o las instituciones siguen despachando bajo el manto de la misoginia y el desinter\u00e9s.<br \/>\nDe la misma manera los varones deben integrarse a las acciones en contra de la violencia hacia las mujeres. Es cierto que porcentualmente son varones los que en su mayor\u00eda agreden a las mujeres, pero esto no quiere decir que todos los varones van a agredir o est\u00e1n de acuerdo con la agresi\u00f3n. Sin embargo, a\u00fan son pocas voces de varones las que se atreven a manifestar su indignaci\u00f3n hacia la violencia que cotidianamente enfrentamos las mujeres.<br \/>\nHace un par de d\u00edas un amigo me comentaba, como quien le ha ca\u00eddo el m\u00e1s grande de los veintes, que no pod\u00eda creer el nivel de acoso con el que tenemos que vivir las mujeres todos los d\u00edas y en todos los \u00e1mbitos. Lo relacion\u00f3 directamente con \u00e9l, con su vida y sus experiencias. Lleg\u00f3 a la conclusi\u00f3n de que \u00e9l nunca iba a saber qu\u00e9 era ser violentado de tantas maneras y tener que acostumbrase a ello y encima creer que esas violencias forman parte de la cultura. Dijo que iba a ser lo propio y lo est\u00e1 haciendo. Algunas veces veo que recibe comentarios asombrados o burlones, pero sigue en su dicho.<br \/>\nDe eso se trata, de asumir compromisos personales pero que puedan impactar en lo colectivo. As\u00ed se cambian paradigmas.<br \/>\nAprovecho este espacio para invitarles a la Movilizaci\u00f3n Nacional contra las Violencias Machistas que se realizar\u00e1 el pr\u00f3ximo 24 de abril. En Xalapa partir\u00e1 desde el Monumento a la Madre a las 13:00 horas. \u00a1Participa!<\/p>\n","protected":false},"excerpt":{"rendered":"<p>Yadira Hidalgo G. Mujeres que Saben Lat\u00edn Esta semana hemos atestiguado el inmenso odio que muchas personas no tienen reparo en expresar contra las mujeres: impunidad y casos en los que la v\u00edctima es presentada como la culpable de su situaci\u00f3n, violaciones viralizadas en las redes sociales, videos que hacen apolog\u00eda de la misoginia y [&hellip;]<\/p>\n","protected":false},"author":2,"featured_media":0,"comment_status":"open","ping_status":"open","sticky":false,"template":"","format":"standard","meta":{"tdm_status":"","tdm_grid_status":"","footnotes":""},"categories":[70],"tags":[1257,2139,5010,2305],"class_list":{"0":"post-22492","1":"post","2":"type-post","3":"status-publish","4":"format-standard","6":"category-de-opinion","7":"tag-feminicidio","8":"tag-libertad-de-expresion","9":"tag-misoginia","10":"tag-mujeres"},"yoast_head":"<!-- This site is optimized with the Yoast SEO plugin v27.4 - https:\/\/yoast.com\/product\/yoast-seo-wordpress\/ -->\n<title>Violencias machistas - Los pol\u00edticos Veracruz<\/title>\n<meta name=\"robots\" content=\"index, follow, max-snippet:-1, max-image-preview:large, max-video-preview:-1\" \/>\n<link rel=\"canonical\" href=\"https:\/\/lospoliticosveracruz.com\/?p=22492\" \/>\n<meta property=\"og:locale\" content=\"es_ES\" \/>\n<meta property=\"og:type\" content=\"article\" \/>\n<meta property=\"og:title\" content=\"Violencias machistas - Los pol\u00edticos Veracruz\" \/>\n<meta property=\"og:description\" content=\"Yadira Hidalgo G. Mujeres que Saben Lat\u00edn Esta semana hemos atestiguado el inmenso odio que muchas personas no tienen reparo en expresar contra las mujeres: impunidad y casos en los que la v\u00edctima es presentada como la culpable de su situaci\u00f3n, violaciones viralizadas en las redes sociales, videos que hacen apolog\u00eda de la misoginia y [&hellip;]\" \/>\n<meta property=\"og:url\" content=\"https:\/\/lospoliticosveracruz.com\/?p=22492\" \/>\n<meta property=\"og:site_name\" content=\"Los pol\u00edticos Veracruz\" \/>\n<meta property=\"article:publisher\" content=\"https:\/\/www.facebook.com\/people\/Notimemes-de-los-Polticos\/61565672886568\/\" \/>\n<meta property=\"article:published_time\" content=\"2016-04-07T05:21:41+00:00\" \/>\n<meta property=\"og:image\" content=\"https:\/\/lospoliticosveracruz.com\/wp-content\/uploads\/2016\/07\/Logo-Dor.jpg\" \/>\n\t<meta property=\"og:image:width\" content=\"200\" \/>\n\t<meta property=\"og:image:height\" content=\"200\" \/>\n\t<meta property=\"og:image:type\" content=\"image\/jpeg\" \/>\n<meta name=\"author\" content=\"Lo viste en Los Pol\u00edticos\" \/>\n<meta name=\"twitter:card\" content=\"summary_large_image\" \/>\n<meta name=\"twitter:creator\" content=\"@LosPoliticosVer\" \/>\n<meta name=\"twitter:site\" content=\"@LosPoliticosVer\" \/>\n<meta name=\"twitter:label1\" content=\"Escrito por\" \/>\n\t<meta name=\"twitter:data1\" content=\"Lo viste en Los Pol\u00edticos\" \/>\n\t<meta name=\"twitter:label2\" content=\"Tiempo de lectura\" \/>\n\t<meta name=\"twitter:data2\" content=\"4 minutos\" \/>\n<script type=\"application\/ld+json\" class=\"yoast-schema-graph\">{\"@context\":\"https:\\\/\\\/schema.org\",\"@graph\":[{\"@type\":\"Article\",\"@id\":\"https:\\\/\\\/lospoliticosveracruz.com\\\/?p=22492#article\",\"isPartOf\":{\"@id\":\"https:\\\/\\\/lospoliticosveracruz.com\\\/?p=22492\"},\"author\":{\"name\":\"Lo viste en Los Pol\u00edticos\",\"@id\":\"https:\\\/\\\/lospoliticosveracruz.com\\\/#\\\/schema\\\/person\\\/b8702bb0e538456e6efd07080bf2a4a2\"},\"headline\":\"Violencias machistas\",\"datePublished\":\"2016-04-07T05:21:41+00:00\",\"mainEntityOfPage\":{\"@id\":\"https:\\\/\\\/lospoliticosveracruz.com\\\/?p=22492\"},\"wordCount\":747,\"commentCount\":0,\"publisher\":{\"@id\":\"https:\\\/\\\/lospoliticosveracruz.com\\\/#organization\"},\"keywords\":[\"feminicidio\",\"Libertad de expresi\u00f3n\",\"misoginia\",\"Mujeres\"],\"articleSection\":[\"De Opini\u00f3n\"],\"inLanguage\":\"es\",\"potentialAction\":[{\"@type\":\"CommentAction\",\"name\":\"Comment\",\"target\":[\"https:\\\/\\\/lospoliticosveracruz.com\\\/?p=22492#respond\"]}]},{\"@type\":\"WebPage\",\"@id\":\"https:\\\/\\\/lospoliticosveracruz.com\\\/?p=22492\",\"url\":\"https:\\\/\\\/lospoliticosveracruz.com\\\/?p=22492\",\"name\":\"Violencias machistas - Los pol\u00edticos Veracruz\",\"isPartOf\":{\"@id\":\"https:\\\/\\\/lospoliticosveracruz.com\\\/#website\"},\"datePublished\":\"2016-04-07T05:21:41+00:00\",\"breadcrumb\":{\"@id\":\"https:\\\/\\\/lospoliticosveracruz.com\\\/?p=22492#breadcrumb\"},\"inLanguage\":\"es\",\"potentialAction\":[{\"@type\":\"ReadAction\",\"target\":[\"https:\\\/\\\/lospoliticosveracruz.com\\\/?p=22492\"]}]},{\"@type\":\"BreadcrumbList\",\"@id\":\"https:\\\/\\\/lospoliticosveracruz.com\\\/?p=22492#breadcrumb\",\"itemListElement\":[{\"@type\":\"ListItem\",\"position\":1,\"name\":\"Portada\",\"item\":\"https:\\\/\\\/lospoliticosveracruz.com\\\/\"},{\"@type\":\"ListItem\",\"position\":2,\"name\":\"Violencias machistas\"}]},{\"@type\":\"WebSite\",\"@id\":\"https:\\\/\\\/lospoliticosveracruz.com\\\/#website\",\"url\":\"https:\\\/\\\/lospoliticosveracruz.com\\\/\",\"name\":\"Los pol\u00edticos Veracruz\",\"description\":\"\",\"publisher\":{\"@id\":\"https:\\\/\\\/lospoliticosveracruz.com\\\/#organization\"},\"potentialAction\":[{\"@type\":\"SearchAction\",\"target\":{\"@type\":\"EntryPoint\",\"urlTemplate\":\"https:\\\/\\\/lospoliticosveracruz.com\\\/?s={search_term_string}\"},\"query-input\":{\"@type\":\"PropertyValueSpecification\",\"valueRequired\":true,\"valueName\":\"search_term_string\"}}],\"inLanguage\":\"es\"},{\"@type\":\"Organization\",\"@id\":\"https:\\\/\\\/lospoliticosveracruz.com\\\/#organization\",\"name\":\"Los pol\u00edticos Veracruz\",\"url\":\"https:\\\/\\\/lospoliticosveracruz.com\\\/\",\"logo\":{\"@type\":\"ImageObject\",\"inLanguage\":\"es\",\"@id\":\"https:\\\/\\\/lospoliticosveracruz.com\\\/#\\\/schema\\\/logo\\\/image\\\/\",\"url\":\"https:\\\/\\\/lospoliticosveracruz.com\\\/wp-content\\\/uploads\\\/2025\\\/12\\\/Logo-Nuevo-LOS-POLITICOS-1.jpg\",\"contentUrl\":\"https:\\\/\\\/lospoliticosveracruz.com\\\/wp-content\\\/uploads\\\/2025\\\/12\\\/Logo-Nuevo-LOS-POLITICOS-1.jpg\",\"width\":260,\"height\":70,\"caption\":\"Los pol\u00edticos Veracruz\"},\"image\":{\"@id\":\"https:\\\/\\\/lospoliticosveracruz.com\\\/#\\\/schema\\\/logo\\\/image\\\/\"},\"sameAs\":[\"https:\\\/\\\/www.facebook.com\\\/people\\\/Notimemes-de-los-Polticos\\\/61565672886568\\\/\",\"https:\\\/\\\/x.com\\\/LosPoliticosVer\"]},{\"@type\":\"Person\",\"@id\":\"https:\\\/\\\/lospoliticosveracruz.com\\\/#\\\/schema\\\/person\\\/b8702bb0e538456e6efd07080bf2a4a2\",\"name\":\"Lo viste en Los Pol\u00edticos\",\"image\":{\"@type\":\"ImageObject\",\"inLanguage\":\"es\",\"@id\":\"https:\\\/\\\/secure.gravatar.com\\\/avatar\\\/3a8de04a2656d44082be478bd6c086daa447c4651605818287b9532d3d0bd435?s=96&d=mm&r=g\",\"url\":\"https:\\\/\\\/secure.gravatar.com\\\/avatar\\\/3a8de04a2656d44082be478bd6c086daa447c4651605818287b9532d3d0bd435?s=96&d=mm&r=g\",\"contentUrl\":\"https:\\\/\\\/secure.gravatar.com\\\/avatar\\\/3a8de04a2656d44082be478bd6c086daa447c4651605818287b9532d3d0bd435?s=96&d=mm&r=g\",\"caption\":\"Lo viste en Los Pol\u00edticos\"},\"url\":\"https:\\\/\\\/lospoliticosveracruz.com\\\/?author=2\"}]}<\/script>\n<!-- \/ Yoast SEO plugin. -->","yoast_head_json":{"title":"Violencias machistas - Los pol\u00edticos Veracruz","robots":{"index":"index","follow":"follow","max-snippet":"max-snippet:-1","max-image-preview":"max-image-preview:large","max-video-preview":"max-video-preview:-1"},"canonical":"https:\/\/lospoliticosveracruz.com\/?p=22492","og_locale":"es_ES","og_type":"article","og_title":"Violencias machistas - Los pol\u00edticos Veracruz","og_description":"Yadira Hidalgo G. Mujeres que Saben Lat\u00edn Esta semana hemos atestiguado el inmenso odio que muchas personas no tienen reparo en expresar contra las mujeres: impunidad y casos en los que la v\u00edctima es presentada como la culpable de su situaci\u00f3n, violaciones viralizadas en las redes sociales, videos que hacen apolog\u00eda de la misoginia y [&hellip;]","og_url":"https:\/\/lospoliticosveracruz.com\/?p=22492","og_site_name":"Los pol\u00edticos Veracruz","article_publisher":"https:\/\/www.facebook.com\/people\/Notimemes-de-los-Polticos\/61565672886568\/","article_published_time":"2016-04-07T05:21:41+00:00","og_image":[{"width":200,"height":200,"url":"https:\/\/lospoliticosveracruz.com\/wp-content\/uploads\/2016\/07\/Logo-Dor.jpg","type":"image\/jpeg"}],"author":"Lo viste en Los Pol\u00edticos","twitter_card":"summary_large_image","twitter_creator":"@LosPoliticosVer","twitter_site":"@LosPoliticosVer","twitter_misc":{"Escrito por":"Lo viste en Los Pol\u00edticos","Tiempo de lectura":"4 minutos"},"schema":{"@context":"https:\/\/schema.org","@graph":[{"@type":"Article","@id":"https:\/\/lospoliticosveracruz.com\/?p=22492#article","isPartOf":{"@id":"https:\/\/lospoliticosveracruz.com\/?p=22492"},"author":{"name":"Lo viste en Los Pol\u00edticos","@id":"https:\/\/lospoliticosveracruz.com\/#\/schema\/person\/b8702bb0e538456e6efd07080bf2a4a2"},"headline":"Violencias machistas","datePublished":"2016-04-07T05:21:41+00:00","mainEntityOfPage":{"@id":"https:\/\/lospoliticosveracruz.com\/?p=22492"},"wordCount":747,"commentCount":0,"publisher":{"@id":"https:\/\/lospoliticosveracruz.com\/#organization"},"keywords":["feminicidio","Libertad de expresi\u00f3n","misoginia","Mujeres"],"articleSection":["De Opini\u00f3n"],"inLanguage":"es","potentialAction":[{"@type":"CommentAction","name":"Comment","target":["https:\/\/lospoliticosveracruz.com\/?p=22492#respond"]}]},{"@type":"WebPage","@id":"https:\/\/lospoliticosveracruz.com\/?p=22492","url":"https:\/\/lospoliticosveracruz.com\/?p=22492","name":"Violencias machistas - Los pol\u00edticos Veracruz","isPartOf":{"@id":"https:\/\/lospoliticosveracruz.com\/#website"},"datePublished":"2016-04-07T05:21:41+00:00","breadcrumb":{"@id":"https:\/\/lospoliticosveracruz.com\/?p=22492#breadcrumb"},"inLanguage":"es","potentialAction":[{"@type":"ReadAction","target":["https:\/\/lospoliticosveracruz.com\/?p=22492"]}]},{"@type":"BreadcrumbList","@id":"https:\/\/lospoliticosveracruz.com\/?p=22492#breadcrumb","itemListElement":[{"@type":"ListItem","position":1,"name":"Portada","item":"https:\/\/lospoliticosveracruz.com\/"},{"@type":"ListItem","position":2,"name":"Violencias machistas"}]},{"@type":"WebSite","@id":"https:\/\/lospoliticosveracruz.com\/#website","url":"https:\/\/lospoliticosveracruz.com\/","name":"Los pol\u00edticos Veracruz","description":"","publisher":{"@id":"https:\/\/lospoliticosveracruz.com\/#organization"},"potentialAction":[{"@type":"SearchAction","target":{"@type":"EntryPoint","urlTemplate":"https:\/\/lospoliticosveracruz.com\/?s={search_term_string}"},"query-input":{"@type":"PropertyValueSpecification","valueRequired":true,"valueName":"search_term_string"}}],"inLanguage":"es"},{"@type":"Organization","@id":"https:\/\/lospoliticosveracruz.com\/#organization","name":"Los pol\u00edticos Veracruz","url":"https:\/\/lospoliticosveracruz.com\/","logo":{"@type":"ImageObject","inLanguage":"es","@id":"https:\/\/lospoliticosveracruz.com\/#\/schema\/logo\/image\/","url":"https:\/\/lospoliticosveracruz.com\/wp-content\/uploads\/2025\/12\/Logo-Nuevo-LOS-POLITICOS-1.jpg","contentUrl":"https:\/\/lospoliticosveracruz.com\/wp-content\/uploads\/2025\/12\/Logo-Nuevo-LOS-POLITICOS-1.jpg","width":260,"height":70,"caption":"Los pol\u00edticos Veracruz"},"image":{"@id":"https:\/\/lospoliticosveracruz.com\/#\/schema\/logo\/image\/"},"sameAs":["https:\/\/www.facebook.com\/people\/Notimemes-de-los-Polticos\/61565672886568\/","https:\/\/x.com\/LosPoliticosVer"]},{"@type":"Person","@id":"https:\/\/lospoliticosveracruz.com\/#\/schema\/person\/b8702bb0e538456e6efd07080bf2a4a2","name":"Lo viste en Los Pol\u00edticos","image":{"@type":"ImageObject","inLanguage":"es","@id":"https:\/\/secure.gravatar.com\/avatar\/3a8de04a2656d44082be478bd6c086daa447c4651605818287b9532d3d0bd435?s=96&d=mm&r=g","url":"https:\/\/secure.gravatar.com\/avatar\/3a8de04a2656d44082be478bd6c086daa447c4651605818287b9532d3d0bd435?s=96&d=mm&r=g","contentUrl":"https:\/\/secure.gravatar.com\/avatar\/3a8de04a2656d44082be478bd6c086daa447c4651605818287b9532d3d0bd435?s=96&d=mm&r=g","caption":"Lo viste en Los Pol\u00edticos"},"url":"https:\/\/lospoliticosveracruz.com\/?author=2"}]}},"_links":{"self":[{"href":"https:\/\/lospoliticosveracruz.com\/index.php?rest_route=\/wp\/v2\/posts\/22492","targetHints":{"allow":["GET"]}}],"collection":[{"href":"https:\/\/lospoliticosveracruz.com\/index.php?rest_route=\/wp\/v2\/posts"}],"about":[{"href":"https:\/\/lospoliticosveracruz.com\/index.php?rest_route=\/wp\/v2\/types\/post"}],"author":[{"embeddable":true,"href":"https:\/\/lospoliticosveracruz.com\/index.php?rest_route=\/wp\/v2\/users\/2"}],"replies":[{"embeddable":true,"href":"https:\/\/lospoliticosveracruz.com\/index.php?rest_route=%2Fwp%2Fv2%2Fcomments&post=22492"}],"version-history":[{"count":1,"href":"https:\/\/lospoliticosveracruz.com\/index.php?rest_route=\/wp\/v2\/posts\/22492\/revisions"}],"predecessor-version":[{"id":22502,"href":"https:\/\/lospoliticosveracruz.com\/index.php?rest_route=\/wp\/v2\/posts\/22492\/revisions\/22502"}],"wp:attachment":[{"href":"https:\/\/lospoliticosveracruz.com\/index.php?rest_route=%2Fwp%2Fv2%2Fmedia&parent=22492"}],"wp:term":[{"taxonomy":"category","embeddable":true,"href":"https:\/\/lospoliticosveracruz.com\/index.php?rest_route=%2Fwp%2Fv2%2Fcategories&post=22492"},{"taxonomy":"post_tag","embeddable":true,"href":"https:\/\/lospoliticosveracruz.com\/index.php?rest_route=%2Fwp%2Fv2%2Ftags&post=22492"}],"curies":[{"name":"wp","href":"https:\/\/api.w.org\/{rel}","templated":true}]}}