{"id":22503,"date":"2016-04-07T00:41:08","date_gmt":"2016-04-07T05:41:08","guid":{"rendered":"http:\/\/www.lospoliticosveracruz.com.mx\/?p=22503"},"modified":"2016-04-07T00:41:08","modified_gmt":"2016-04-07T05:41:08","slug":"protesis-esperanzas-e-ilusiones","status":"publish","type":"post","link":"https:\/\/lospoliticosveracruz.com\/?p=22503","title":{"rendered":"Pr\u00f3tesis, esperanzas e ilusiones"},"content":{"rendered":"<p><a href=\"http:\/\/www.lospoliticosveracruz.com.mx\/wp-content\/uploads\/2016\/04\/Pr\u00f3tesis1.jpg\"><img loading=\"lazy\" decoding=\"async\" class=\"alignnone size-medium wp-image-22536\" src=\"http:\/\/www.lospoliticosveracruz.com.mx\/wp-content\/uploads\/2016\/04\/Pr\u00f3tesis1-300x200.jpg\" alt=\"Pr\u00f3tesis\" width=\"300\" height=\"200\" \/><\/a> <a href=\"http:\/\/www.lospoliticosveracruz.com.mx\/wp-content\/uploads\/2016\/04\/Pr\u00f3tesis-22.jpg\"><img loading=\"lazy\" decoding=\"async\" class=\"alignnone size-medium wp-image-22527\" src=\"http:\/\/www.lospoliticosveracruz.com.mx\/wp-content\/uploads\/2016\/04\/Pr\u00f3tesis-22-300x197.jpg\" alt=\"Pr\u00f3tesis 2\" width=\"300\" height=\"197\" \/><\/a><\/p>\n<p>En el Taller de Investigaci\u00f3n Prot\u00e9sica de Xalapa no s\u00f3lo construimos pr\u00f3tesis y aparatos para personas con discapacidad, aqu\u00ed construimos esperanzas e ilusiones por salir adelante en la vida, as\u00ed lo consider\u00f3 el t\u00e9cnico protesista Miguel \u00c1ngel Correa Silva.<\/p>\n<p>El hombre que apoya a las personas que diariamente acuden a sus sesiones de rehabilitaci\u00f3n f\u00edsica en las instalaciones del Parque El Haya, reconoci\u00f3 que la incidencia de personas que requieren de una \u00f3rtesis o pr\u00f3tesis en Xalapa es alta, sobre todo en personas diab\u00e9ticas.<\/p>\n<p>\u201cDe diez pacientes que llegan al centro, siete vienen amputados, derivado de padecer la enfermedad, otros por accidentes y el resto por una malformaci\u00f3n cong\u00e9nita\u201d.<\/p>\n<p>Correa Silva se\u00f1al\u00f3 que el hecho de que en Xalapa exista este tipo de espacios auspiciados por el DIF Municipal significa mucho para la ciudad; \u201cse recuper\u00f3 un espacio que estaba abandonado y adem\u00e1s se abri\u00f3 este sitio para personas que realmente tienen la esperanza de salir adelante con su discapacidad\u201d.<\/p>\n<p>Por su parte, el tambi\u00e9n t\u00e9cnico protesista Fabi\u00e1n P\u00e9rez Cruz, quien vive en carne propia su rehabilitaci\u00f3n al perder la pierna derecha, explic\u00f3 que en este centro prot\u00e9sico recibe un promedio de cuatro personas al mes, ya que la atenci\u00f3n es personalizada y se abren nuevos espacios en base a los avances que las mismas presenten.<\/p>\n<p>P\u00e9rez Cruz exhort\u00f3 a las familias que tengan a una persona discapacitada a acercarse al Taller de Investigaci\u00f3n Prot\u00e9sica del Parque El Haya, a fin de que m\u00e1s personas conozcan lo que ah\u00ed se hace para devolver a los pacientes una recuperaci\u00f3n integral.<\/p>\n<p>Reconoci\u00f3 que muchas personas se quedan en cama y no salen por esta situaci\u00f3n; \u201cla discapacidad es lo que te impide hacer algo, nosotros somos personas con capacidades diferentes, este concepto tiene que cambiar porque las capacidades las tenemos s\u00f3lo que son diferentes\u201d.<\/p>\n<p>Indic\u00f3 que para volver a caminar las personas deben tomar en cuenta que se trata de una ense\u00f1anza; \u201ces la educaci\u00f3n de volver a caminar, volvemos a reincorporar la marcha a trav\u00e9s de una relaci\u00f3n entre t\u00e9cnico, protesista y la familia, as\u00ed se conjuga esto\u201d.<\/p>\n<p>El Taller de \u00d3rtesis y Pr\u00f3tesis est\u00e1 bajo la direcci\u00f3n de Efra\u00edn Andr\u00e9s Ferat Morales quien a ra\u00edz de un accidente dedica sus esfuerzos para ayudar a personas que al igual que \u00e9l han sufrido una amputaci\u00f3n.<\/p>\n<p>Consta de \u00e1reas como toma de medidas, talabarter\u00eda y zapater\u00eda, \u00d3rtesis y Pr\u00f3tesis, Consultorio, \u00c1rea Homo industrial, marcha y rehabilitaci\u00f3n y las zonas Preprot\u00e9sica y Postprot\u00e9sica.<\/p>\n","protected":false},"excerpt":{"rendered":"<p>En el Taller de Investigaci\u00f3n Prot\u00e9sica de Xalapa no s\u00f3lo construimos pr\u00f3tesis y aparatos para personas con discapacidad, aqu\u00ed construimos esperanzas e ilusiones por salir adelante en la vida, as\u00ed lo consider\u00f3 el t\u00e9cnico protesista Miguel \u00c1ngel Correa Silva. El hombre que apoya a las personas que diariamente acuden a sus sesiones de rehabilitaci\u00f3n f\u00edsica [&hellip;]<\/p>\n","protected":false},"author":2,"featured_media":0,"comment_status":"open","ping_status":"open","sticky":false,"template":"","format":"standard","meta":{"tdm_status":"","tdm_grid_status":"","footnotes":""},"categories":[73],"tags":[3112,5214,4257,96],"class_list":{"0":"post-22503","1":"post","2":"type-post","3":"status-publish","4":"format-standard","6":"category-de-boleto","7":"tag-diabetes","8":"tag-protesis","9":"tag-taller-de-investigacion-protesica","10":"tag-xalapa"},"yoast_head":"<!-- This site is optimized with the Yoast SEO plugin v27.4 - https:\/\/yoast.com\/product\/yoast-seo-wordpress\/ -->\n<title>Pr\u00f3tesis, esperanzas e ilusiones - Los pol\u00edticos Veracruz<\/title>\n<meta name=\"robots\" content=\"index, follow, max-snippet:-1, max-image-preview:large, max-video-preview:-1\" \/>\n<link rel=\"canonical\" href=\"https:\/\/lospoliticosveracruz.com\/?p=22503\" \/>\n<meta property=\"og:locale\" content=\"es_ES\" \/>\n<meta property=\"og:type\" content=\"article\" \/>\n<meta property=\"og:title\" content=\"Pr\u00f3tesis, esperanzas e ilusiones - Los pol\u00edticos Veracruz\" \/>\n<meta property=\"og:description\" content=\"En el Taller de Investigaci\u00f3n Prot\u00e9sica de Xalapa no s\u00f3lo construimos pr\u00f3tesis y aparatos para personas con discapacidad, aqu\u00ed construimos esperanzas e ilusiones por salir adelante en la vida, as\u00ed lo consider\u00f3 el t\u00e9cnico protesista Miguel \u00c1ngel Correa Silva. El hombre que apoya a las personas que diariamente acuden a sus sesiones de rehabilitaci\u00f3n f\u00edsica [&hellip;]\" \/>\n<meta property=\"og:url\" content=\"https:\/\/lospoliticosveracruz.com\/?p=22503\" \/>\n<meta property=\"og:site_name\" content=\"Los pol\u00edticos Veracruz\" \/>\n<meta property=\"article:publisher\" content=\"https:\/\/www.facebook.com\/people\/Notimemes-de-los-Polticos\/61565672886568\/\" \/>\n<meta property=\"article:published_time\" content=\"2016-04-07T05:41:08+00:00\" \/>\n<meta property=\"og:image\" content=\"https:\/\/lospoliticosveracruz.com\/wp-content\/uploads\/2016\/07\/Logo-Dor.jpg\" \/>\n\t<meta property=\"og:image:width\" content=\"200\" \/>\n\t<meta property=\"og:image:height\" content=\"200\" \/>\n\t<meta property=\"og:image:type\" content=\"image\/jpeg\" \/>\n<meta name=\"author\" content=\"Lo viste en Los Pol\u00edticos\" \/>\n<meta name=\"twitter:card\" content=\"summary_large_image\" \/>\n<meta name=\"twitter:creator\" content=\"@LosPoliticosVer\" \/>\n<meta name=\"twitter:site\" content=\"@LosPoliticosVer\" \/>\n<meta name=\"twitter:label1\" content=\"Escrito por\" \/>\n\t<meta name=\"twitter:data1\" content=\"Lo viste en Los Pol\u00edticos\" \/>\n\t<meta name=\"twitter:label2\" content=\"Tiempo de lectura\" \/>\n\t<meta name=\"twitter:data2\" content=\"2 minutos\" \/>\n<script type=\"application\/ld+json\" class=\"yoast-schema-graph\">{\"@context\":\"https:\\\/\\\/schema.org\",\"@graph\":[{\"@type\":\"Article\",\"@id\":\"https:\\\/\\\/lospoliticosveracruz.com\\\/?p=22503#article\",\"isPartOf\":{\"@id\":\"https:\\\/\\\/lospoliticosveracruz.com\\\/?p=22503\"},\"author\":{\"name\":\"Lo viste en Los Pol\u00edticos\",\"@id\":\"https:\\\/\\\/lospoliticosveracruz.com\\\/#\\\/schema\\\/person\\\/b8702bb0e538456e6efd07080bf2a4a2\"},\"headline\":\"Pr\u00f3tesis, esperanzas e ilusiones\",\"datePublished\":\"2016-04-07T05:41:08+00:00\",\"mainEntityOfPage\":{\"@id\":\"https:\\\/\\\/lospoliticosveracruz.com\\\/?p=22503\"},\"wordCount\":459,\"commentCount\":0,\"publisher\":{\"@id\":\"https:\\\/\\\/lospoliticosveracruz.com\\\/#organization\"},\"keywords\":[\"Diabetes\",\"pr\u00f3tesis\",\"Taller de Investigaci\u00f3n Prot\u00e9sica\",\"Xalapa\"],\"articleSection\":[\"De Boleto\"],\"inLanguage\":\"es\",\"potentialAction\":[{\"@type\":\"CommentAction\",\"name\":\"Comment\",\"target\":[\"https:\\\/\\\/lospoliticosveracruz.com\\\/?p=22503#respond\"]}]},{\"@type\":\"WebPage\",\"@id\":\"https:\\\/\\\/lospoliticosveracruz.com\\\/?p=22503\",\"url\":\"https:\\\/\\\/lospoliticosveracruz.com\\\/?p=22503\",\"name\":\"Pr\u00f3tesis, esperanzas e ilusiones - Los pol\u00edticos Veracruz\",\"isPartOf\":{\"@id\":\"https:\\\/\\\/lospoliticosveracruz.com\\\/#website\"},\"datePublished\":\"2016-04-07T05:41:08+00:00\",\"breadcrumb\":{\"@id\":\"https:\\\/\\\/lospoliticosveracruz.com\\\/?p=22503#breadcrumb\"},\"inLanguage\":\"es\",\"potentialAction\":[{\"@type\":\"ReadAction\",\"target\":[\"https:\\\/\\\/lospoliticosveracruz.com\\\/?p=22503\"]}]},{\"@type\":\"BreadcrumbList\",\"@id\":\"https:\\\/\\\/lospoliticosveracruz.com\\\/?p=22503#breadcrumb\",\"itemListElement\":[{\"@type\":\"ListItem\",\"position\":1,\"name\":\"Portada\",\"item\":\"https:\\\/\\\/lospoliticosveracruz.com\\\/\"},{\"@type\":\"ListItem\",\"position\":2,\"name\":\"Pr\u00f3tesis, esperanzas e ilusiones\"}]},{\"@type\":\"WebSite\",\"@id\":\"https:\\\/\\\/lospoliticosveracruz.com\\\/#website\",\"url\":\"https:\\\/\\\/lospoliticosveracruz.com\\\/\",\"name\":\"Los pol\u00edticos Veracruz\",\"description\":\"\",\"publisher\":{\"@id\":\"https:\\\/\\\/lospoliticosveracruz.com\\\/#organization\"},\"potentialAction\":[{\"@type\":\"SearchAction\",\"target\":{\"@type\":\"EntryPoint\",\"urlTemplate\":\"https:\\\/\\\/lospoliticosveracruz.com\\\/?s={search_term_string}\"},\"query-input\":{\"@type\":\"PropertyValueSpecification\",\"valueRequired\":true,\"valueName\":\"search_term_string\"}}],\"inLanguage\":\"es\"},{\"@type\":\"Organization\",\"@id\":\"https:\\\/\\\/lospoliticosveracruz.com\\\/#organization\",\"name\":\"Los pol\u00edticos Veracruz\",\"url\":\"https:\\\/\\\/lospoliticosveracruz.com\\\/\",\"logo\":{\"@type\":\"ImageObject\",\"inLanguage\":\"es\",\"@id\":\"https:\\\/\\\/lospoliticosveracruz.com\\\/#\\\/schema\\\/logo\\\/image\\\/\",\"url\":\"https:\\\/\\\/lospoliticosveracruz.com\\\/wp-content\\\/uploads\\\/2025\\\/12\\\/Logo-Nuevo-LOS-POLITICOS-1.jpg\",\"contentUrl\":\"https:\\\/\\\/lospoliticosveracruz.com\\\/wp-content\\\/uploads\\\/2025\\\/12\\\/Logo-Nuevo-LOS-POLITICOS-1.jpg\",\"width\":260,\"height\":70,\"caption\":\"Los pol\u00edticos Veracruz\"},\"image\":{\"@id\":\"https:\\\/\\\/lospoliticosveracruz.com\\\/#\\\/schema\\\/logo\\\/image\\\/\"},\"sameAs\":[\"https:\\\/\\\/www.facebook.com\\\/people\\\/Notimemes-de-los-Polticos\\\/61565672886568\\\/\",\"https:\\\/\\\/x.com\\\/LosPoliticosVer\"]},{\"@type\":\"Person\",\"@id\":\"https:\\\/\\\/lospoliticosveracruz.com\\\/#\\\/schema\\\/person\\\/b8702bb0e538456e6efd07080bf2a4a2\",\"name\":\"Lo viste en Los Pol\u00edticos\",\"image\":{\"@type\":\"ImageObject\",\"inLanguage\":\"es\",\"@id\":\"https:\\\/\\\/secure.gravatar.com\\\/avatar\\\/3a8de04a2656d44082be478bd6c086daa447c4651605818287b9532d3d0bd435?s=96&d=mm&r=g\",\"url\":\"https:\\\/\\\/secure.gravatar.com\\\/avatar\\\/3a8de04a2656d44082be478bd6c086daa447c4651605818287b9532d3d0bd435?s=96&d=mm&r=g\",\"contentUrl\":\"https:\\\/\\\/secure.gravatar.com\\\/avatar\\\/3a8de04a2656d44082be478bd6c086daa447c4651605818287b9532d3d0bd435?s=96&d=mm&r=g\",\"caption\":\"Lo viste en Los Pol\u00edticos\"},\"url\":\"https:\\\/\\\/lospoliticosveracruz.com\\\/?author=2\"}]}<\/script>\n<!-- \/ Yoast SEO plugin. -->","yoast_head_json":{"title":"Pr\u00f3tesis, esperanzas e ilusiones - Los pol\u00edticos Veracruz","robots":{"index":"index","follow":"follow","max-snippet":"max-snippet:-1","max-image-preview":"max-image-preview:large","max-video-preview":"max-video-preview:-1"},"canonical":"https:\/\/lospoliticosveracruz.com\/?p=22503","og_locale":"es_ES","og_type":"article","og_title":"Pr\u00f3tesis, esperanzas e ilusiones - Los pol\u00edticos Veracruz","og_description":"En el Taller de Investigaci\u00f3n Prot\u00e9sica de Xalapa no s\u00f3lo construimos pr\u00f3tesis y aparatos para personas con discapacidad, aqu\u00ed construimos esperanzas e ilusiones por salir adelante en la vida, as\u00ed lo consider\u00f3 el t\u00e9cnico protesista Miguel \u00c1ngel Correa Silva. El hombre que apoya a las personas que diariamente acuden a sus sesiones de rehabilitaci\u00f3n f\u00edsica [&hellip;]","og_url":"https:\/\/lospoliticosveracruz.com\/?p=22503","og_site_name":"Los pol\u00edticos Veracruz","article_publisher":"https:\/\/www.facebook.com\/people\/Notimemes-de-los-Polticos\/61565672886568\/","article_published_time":"2016-04-07T05:41:08+00:00","og_image":[{"width":200,"height":200,"url":"https:\/\/lospoliticosveracruz.com\/wp-content\/uploads\/2016\/07\/Logo-Dor.jpg","type":"image\/jpeg"}],"author":"Lo viste en Los Pol\u00edticos","twitter_card":"summary_large_image","twitter_creator":"@LosPoliticosVer","twitter_site":"@LosPoliticosVer","twitter_misc":{"Escrito por":"Lo viste en Los Pol\u00edticos","Tiempo de lectura":"2 minutos"},"schema":{"@context":"https:\/\/schema.org","@graph":[{"@type":"Article","@id":"https:\/\/lospoliticosveracruz.com\/?p=22503#article","isPartOf":{"@id":"https:\/\/lospoliticosveracruz.com\/?p=22503"},"author":{"name":"Lo viste en Los Pol\u00edticos","@id":"https:\/\/lospoliticosveracruz.com\/#\/schema\/person\/b8702bb0e538456e6efd07080bf2a4a2"},"headline":"Pr\u00f3tesis, esperanzas e ilusiones","datePublished":"2016-04-07T05:41:08+00:00","mainEntityOfPage":{"@id":"https:\/\/lospoliticosveracruz.com\/?p=22503"},"wordCount":459,"commentCount":0,"publisher":{"@id":"https:\/\/lospoliticosveracruz.com\/#organization"},"keywords":["Diabetes","pr\u00f3tesis","Taller de Investigaci\u00f3n Prot\u00e9sica","Xalapa"],"articleSection":["De Boleto"],"inLanguage":"es","potentialAction":[{"@type":"CommentAction","name":"Comment","target":["https:\/\/lospoliticosveracruz.com\/?p=22503#respond"]}]},{"@type":"WebPage","@id":"https:\/\/lospoliticosveracruz.com\/?p=22503","url":"https:\/\/lospoliticosveracruz.com\/?p=22503","name":"Pr\u00f3tesis, esperanzas e ilusiones - Los pol\u00edticos Veracruz","isPartOf":{"@id":"https:\/\/lospoliticosveracruz.com\/#website"},"datePublished":"2016-04-07T05:41:08+00:00","breadcrumb":{"@id":"https:\/\/lospoliticosveracruz.com\/?p=22503#breadcrumb"},"inLanguage":"es","potentialAction":[{"@type":"ReadAction","target":["https:\/\/lospoliticosveracruz.com\/?p=22503"]}]},{"@type":"BreadcrumbList","@id":"https:\/\/lospoliticosveracruz.com\/?p=22503#breadcrumb","itemListElement":[{"@type":"ListItem","position":1,"name":"Portada","item":"https:\/\/lospoliticosveracruz.com\/"},{"@type":"ListItem","position":2,"name":"Pr\u00f3tesis, esperanzas e ilusiones"}]},{"@type":"WebSite","@id":"https:\/\/lospoliticosveracruz.com\/#website","url":"https:\/\/lospoliticosveracruz.com\/","name":"Los pol\u00edticos Veracruz","description":"","publisher":{"@id":"https:\/\/lospoliticosveracruz.com\/#organization"},"potentialAction":[{"@type":"SearchAction","target":{"@type":"EntryPoint","urlTemplate":"https:\/\/lospoliticosveracruz.com\/?s={search_term_string}"},"query-input":{"@type":"PropertyValueSpecification","valueRequired":true,"valueName":"search_term_string"}}],"inLanguage":"es"},{"@type":"Organization","@id":"https:\/\/lospoliticosveracruz.com\/#organization","name":"Los pol\u00edticos Veracruz","url":"https:\/\/lospoliticosveracruz.com\/","logo":{"@type":"ImageObject","inLanguage":"es","@id":"https:\/\/lospoliticosveracruz.com\/#\/schema\/logo\/image\/","url":"https:\/\/lospoliticosveracruz.com\/wp-content\/uploads\/2025\/12\/Logo-Nuevo-LOS-POLITICOS-1.jpg","contentUrl":"https:\/\/lospoliticosveracruz.com\/wp-content\/uploads\/2025\/12\/Logo-Nuevo-LOS-POLITICOS-1.jpg","width":260,"height":70,"caption":"Los pol\u00edticos Veracruz"},"image":{"@id":"https:\/\/lospoliticosveracruz.com\/#\/schema\/logo\/image\/"},"sameAs":["https:\/\/www.facebook.com\/people\/Notimemes-de-los-Polticos\/61565672886568\/","https:\/\/x.com\/LosPoliticosVer"]},{"@type":"Person","@id":"https:\/\/lospoliticosveracruz.com\/#\/schema\/person\/b8702bb0e538456e6efd07080bf2a4a2","name":"Lo viste en Los Pol\u00edticos","image":{"@type":"ImageObject","inLanguage":"es","@id":"https:\/\/secure.gravatar.com\/avatar\/3a8de04a2656d44082be478bd6c086daa447c4651605818287b9532d3d0bd435?s=96&d=mm&r=g","url":"https:\/\/secure.gravatar.com\/avatar\/3a8de04a2656d44082be478bd6c086daa447c4651605818287b9532d3d0bd435?s=96&d=mm&r=g","contentUrl":"https:\/\/secure.gravatar.com\/avatar\/3a8de04a2656d44082be478bd6c086daa447c4651605818287b9532d3d0bd435?s=96&d=mm&r=g","caption":"Lo viste en Los Pol\u00edticos"},"url":"https:\/\/lospoliticosveracruz.com\/?author=2"}]}},"_links":{"self":[{"href":"https:\/\/lospoliticosveracruz.com\/index.php?rest_route=\/wp\/v2\/posts\/22503","targetHints":{"allow":["GET"]}}],"collection":[{"href":"https:\/\/lospoliticosveracruz.com\/index.php?rest_route=\/wp\/v2\/posts"}],"about":[{"href":"https:\/\/lospoliticosveracruz.com\/index.php?rest_route=\/wp\/v2\/types\/post"}],"author":[{"embeddable":true,"href":"https:\/\/lospoliticosveracruz.com\/index.php?rest_route=\/wp\/v2\/users\/2"}],"replies":[{"embeddable":true,"href":"https:\/\/lospoliticosveracruz.com\/index.php?rest_route=%2Fwp%2Fv2%2Fcomments&post=22503"}],"version-history":[{"count":2,"href":"https:\/\/lospoliticosveracruz.com\/index.php?rest_route=\/wp\/v2\/posts\/22503\/revisions"}],"predecessor-version":[{"id":22537,"href":"https:\/\/lospoliticosveracruz.com\/index.php?rest_route=\/wp\/v2\/posts\/22503\/revisions\/22537"}],"wp:attachment":[{"href":"https:\/\/lospoliticosveracruz.com\/index.php?rest_route=%2Fwp%2Fv2%2Fmedia&parent=22503"}],"wp:term":[{"taxonomy":"category","embeddable":true,"href":"https:\/\/lospoliticosveracruz.com\/index.php?rest_route=%2Fwp%2Fv2%2Fcategories&post=22503"},{"taxonomy":"post_tag","embeddable":true,"href":"https:\/\/lospoliticosveracruz.com\/index.php?rest_route=%2Fwp%2Fv2%2Ftags&post=22503"}],"curies":[{"name":"wp","href":"https:\/\/api.w.org\/{rel}","templated":true}]}}