{"id":22627,"date":"2016-04-12T17:20:45","date_gmt":"2016-04-12T22:20:45","guid":{"rendered":"http:\/\/www.lospoliticosveracruz.com.mx\/?p=22627"},"modified":"2016-04-12T17:20:45","modified_gmt":"2016-04-12T22:20:45","slug":"crisis-petrolera-pone-en-aprietos-a-veracruz","status":"publish","type":"post","link":"https:\/\/lospoliticosveracruz.com\/?p=22627","title":{"rendered":"Crisis petrolera pone en aprietos a Veracruz"},"content":{"rendered":"<p><a href=\"http:\/\/www.lospoliticosveracruz.com.mx\/wp-content\/uploads\/2014\/11\/pemex.jpg\"><img loading=\"lazy\" decoding=\"async\" class=\"alignnone size-medium wp-image-13236\" src=\"http:\/\/www.lospoliticosveracruz.com.mx\/wp-content\/uploads\/2014\/11\/pemex-300x228.jpg\" alt=\"pemex\" width=\"300\" height=\"228\" \/><\/a><br \/>\n<strong>Luis Alberto Romero<\/strong><\/p>\n<p><em>Hora Cero<\/em><\/p>\n<p>Las malas noticias para Veracruz no s\u00f3lo se ubican en el contexto de la inseguridad (520 secuestros durante 5 a\u00f1os), de la corrupci\u00f3n gubernamental (a la que, en parte, se atribuye la enorme deuda p\u00fablica), de la impunidad (como, por ejemplo, el caso de los llamados Porkys de Boca del R\u00edo) y del bajo nivel de desarrollo econ\u00f3mico; la crisis de la industria petrolera golpea con fuerza a las regiones de la entidad que dependen de dicho sector y el impacto se percibe todo el estado.<br \/>\nHace unas semanas, en este espacio me refer\u00eda al desempleo derivado de la crisis en el sector energ\u00e9tico y a los masivos despidos en Petr\u00f3leos Mexicanos y en las empresas vinculadas a la producci\u00f3n y exploraci\u00f3n.<br \/>\nCampeche, Tabasco y Veracruz son muy afectados por la crisis petrolera en t\u00e9rminos de comportamiento de los \u00edndices de empleo.<br \/>\nS\u00f3lo en la entidad veracruzana, el Instituto Mexicano del Seguro Social report\u00f3 una ca\u00edda de 2.3 por ciento en el empleo formal, equivalente a m\u00e1s de 17 mil puestos de trabajo; por supuesto, no toda la p\u00e9rdida es atribuible al sector petrolero; sin embargo, los despidos en Pemex y empresas como Halliburton, Schlumberger, Vordcab y Weatherford, en las zonas de Poza Rica, Coatzacoalcos y Minatitl\u00e1n, han contribuido al repunte de esos n\u00fameros.<br \/>\nLo que se preve\u00eda como una amenaza, la p\u00e9rdida de empleos por la prolongada crisis del sector energ\u00e9tico, termin\u00f3 por convertirse en una pesadilla para las regiones que, como Poza Rica, dependen casi en su totalidad de las compa\u00f1\u00edas petroleras.<br \/>\nPor otro lado, se equivocan quienes ven como un asunto lejano, distante, casi ajeno, el tema de los bajos precios internacionales del hidrocarburo; probablemente, el mayor impacto se resienta en los municipios asentados en zonas petroleras, pero los da\u00f1os colaterales alcanzan a todo el territorio estatal.<br \/>\nEste lunes, por ejemplo, un medio de circulaci\u00f3n nacional da a conocer datos preocupantes sobre el tema: se habla de una ca\u00edda en la Recaudaci\u00f3n Federal Participable; es decir, en los ingresos de los estados petroleros, que tiene su origen en el desplome de los precios del hidrocarburo.<br \/>\nS\u00f3lo durante 2015, el precio de la mezcla mexicana baj\u00f3 en m\u00e1s del 48 por ciento. Este desplome en los ingresos participables tiene su origen en la ca\u00edda del precio del crudo, que durante dicho a\u00f1o pas\u00f3 de 85.5 d\u00f3lares a 43.3.<\/p>\n<p><strong>Bajan las participaciones federales<\/strong><br \/>\nEsa compleja situaci\u00f3n ha generado una nueva ca\u00edda en las participaciones federales, lo que pone en aprietos a las finanzas de las entidades que, como Veracruz, dependen de los ingresos que env\u00eda la federaci\u00f3n, ante una muy baja recaudaci\u00f3n propia.<br \/>\nEs una situaci\u00f3n que no s\u00f3lo afectar\u00e1 a las regiones petroleras; lo peor es que el problema tom\u00f3 a Veracruz con los dedos en la puerta: una deuda p\u00fablica que registra niveles alarmantes y una evidente dependencia de la Recaudaci\u00f3n Federal Participable, que en un 13 por ciento se relaciona con los ingresos petroleros.<br \/>\nAs\u00ed las cosas, el tema de los bajos precios del crudo provoc\u00f3, durante el mes de febrero, una reducci\u00f3n de 7.7 por ciento en las participaciones a los estados.<br \/>\nDe esa forma, la crisis petrolera y su impacto en Veracruz est\u00e1n por entrar en su peor momento; especialistas en el tema energ\u00e9tico prev\u00e9n que los bajos precios internacionales del petr\u00f3leo se prolonguen y que la producci\u00f3n nacional de crudo registre una disminuci\u00f3n, como consecuencia del recorte en las inversiones destinadas a exploraci\u00f3n y producci\u00f3n.<br \/>\nLa perspectiva a futuro no podr\u00eda ser peor, porque para 2017 el problema podr\u00eda ubicarse en el punto m\u00e1s alto, afectando no s\u00f3lo a los ingresos de la federaci\u00f3n, sino tambi\u00e9n a los de los estados y municipios.<br \/>\nEn gran medida, esos factores provocaron que recientemente, la calificadora Moody\u00b4s redujera la calificaci\u00f3n crediticia de M\u00e9xico y particularmente la de Pemex; por ello, analistas financieros estiman que los estados correr\u00e1n con la misma suerte, en virtud de que cerca de 90 por ciento de los recursos que llegan a las entidades del pa\u00eds provienen de la federaci\u00f3n.<\/p>\n<p><strong>Le entidad en la prensa nacional<\/strong><br \/>\nPlaticaba recientemente con periodistas de medios informativos de la Ciudad de M\u00e9xico; llama la atenci\u00f3n que las referencias que tienen de Veracruz no se relacionan tanto con la sucesi\u00f3n en el gobierno estatal, sino m\u00e1s bien con temas delincuenciales, con el secuestro, con los asesinatos y con la implicaci\u00f3n de los cuerpos policiacos en hechos delictivos, como los casos de Tierra Blanca y Papantla.<br \/>\nEn la agenda de los medios nacionales, el caso de los Porkys de Boca del R\u00edo y la muy cuestionada actuaci\u00f3n de la Fiscal\u00eda General de Justicia, que luego de 15 meses de la denuncia por la presunta violaci\u00f3n de la joven Daphne no da pie con bola, venden m\u00e1s que las propuestas de los candidatos en materia de combate al delito.<br \/>\nResulta evidente que cuando la prensa nacional voltea a Veracruz observa a un lugar inseguro, en que prevalece la impunidad, la corrupci\u00f3n y el saqueo de los recursos p\u00fablicos, y donde el gobierno hace mucho fue rebasado por la delincuencia; es una pena. @luisromero85<\/p>\n","protected":false},"excerpt":{"rendered":"<p>Luis Alberto Romero Hora Cero Las malas noticias para Veracruz no s\u00f3lo se ubican en el contexto de la inseguridad (520 secuestros durante 5 a\u00f1os), de la corrupci\u00f3n gubernamental (a la que, en parte, se atribuye la enorme deuda p\u00fablica), de la impunidad (como, por ejemplo, el caso de los llamados Porkys de Boca del [&hellip;]<\/p>\n","protected":false},"author":2,"featured_media":0,"comment_status":"open","ping_status":"open","sticky":false,"template":"","format":"standard","meta":{"tdm_status":"","tdm_grid_status":"","footnotes":""},"categories":[70],"tags":[689,195],"class_list":{"0":"post-22627","1":"post","2":"type-post","3":"status-publish","4":"format-standard","6":"category-de-opinion","7":"tag-petroleos-mexicanos","8":"tag-veracruz"},"yoast_head":"<!-- This site is optimized with the Yoast SEO plugin v27.4 - https:\/\/yoast.com\/product\/yoast-seo-wordpress\/ -->\n<title>Crisis petrolera pone en aprietos a Veracruz - Los pol\u00edticos Veracruz<\/title>\n<meta name=\"robots\" content=\"index, follow, max-snippet:-1, max-image-preview:large, max-video-preview:-1\" \/>\n<link rel=\"canonical\" href=\"https:\/\/lospoliticosveracruz.com\/?p=22627\" \/>\n<meta property=\"og:locale\" content=\"es_ES\" \/>\n<meta property=\"og:type\" content=\"article\" \/>\n<meta property=\"og:title\" content=\"Crisis petrolera pone en aprietos a Veracruz - Los pol\u00edticos Veracruz\" \/>\n<meta property=\"og:description\" content=\"Luis Alberto Romero Hora Cero Las malas noticias para Veracruz no s\u00f3lo se ubican en el contexto de la inseguridad (520 secuestros durante 5 a\u00f1os), de la corrupci\u00f3n gubernamental (a la que, en parte, se atribuye la enorme deuda p\u00fablica), de la impunidad (como, por ejemplo, el caso de los llamados Porkys de Boca del [&hellip;]\" \/>\n<meta property=\"og:url\" content=\"https:\/\/lospoliticosveracruz.com\/?p=22627\" \/>\n<meta property=\"og:site_name\" content=\"Los pol\u00edticos Veracruz\" \/>\n<meta property=\"article:publisher\" content=\"https:\/\/www.facebook.com\/people\/Notimemes-de-los-Polticos\/61565672886568\/\" \/>\n<meta property=\"article:published_time\" content=\"2016-04-12T22:20:45+00:00\" \/>\n<meta property=\"og:image\" content=\"http:\/\/www.lospoliticosveracruz.com.mx\/wp-content\/uploads\/2014\/11\/pemex-300x228.jpg\" \/>\n<meta name=\"author\" content=\"Lo viste en Los Pol\u00edticos\" \/>\n<meta name=\"twitter:card\" content=\"summary_large_image\" \/>\n<meta name=\"twitter:creator\" content=\"@LosPoliticosVer\" \/>\n<meta name=\"twitter:site\" content=\"@LosPoliticosVer\" \/>\n<meta name=\"twitter:label1\" content=\"Escrito por\" \/>\n\t<meta name=\"twitter:data1\" content=\"Lo viste en Los Pol\u00edticos\" \/>\n\t<meta name=\"twitter:label2\" content=\"Tiempo de lectura\" \/>\n\t<meta name=\"twitter:data2\" content=\"5 minutos\" \/>\n<script type=\"application\/ld+json\" class=\"yoast-schema-graph\">{\"@context\":\"https:\\\/\\\/schema.org\",\"@graph\":[{\"@type\":\"Article\",\"@id\":\"https:\\\/\\\/lospoliticosveracruz.com\\\/?p=22627#article\",\"isPartOf\":{\"@id\":\"https:\\\/\\\/lospoliticosveracruz.com\\\/?p=22627\"},\"author\":{\"name\":\"Lo viste en Los Pol\u00edticos\",\"@id\":\"https:\\\/\\\/lospoliticosveracruz.com\\\/#\\\/schema\\\/person\\\/b8702bb0e538456e6efd07080bf2a4a2\"},\"headline\":\"Crisis petrolera pone en aprietos a Veracruz\",\"datePublished\":\"2016-04-12T22:20:45+00:00\",\"mainEntityOfPage\":{\"@id\":\"https:\\\/\\\/lospoliticosveracruz.com\\\/?p=22627\"},\"wordCount\":916,\"commentCount\":0,\"publisher\":{\"@id\":\"https:\\\/\\\/lospoliticosveracruz.com\\\/#organization\"},\"image\":{\"@id\":\"https:\\\/\\\/lospoliticosveracruz.com\\\/?p=22627#primaryimage\"},\"thumbnailUrl\":\"http:\\\/\\\/www.lospoliticosveracruz.com.mx\\\/wp-content\\\/uploads\\\/2014\\\/11\\\/pemex-300x228.jpg\",\"keywords\":[\"Petr\u00f3leos Mexicanos\",\"Veracruz\"],\"articleSection\":[\"De Opini\u00f3n\"],\"inLanguage\":\"es\",\"potentialAction\":[{\"@type\":\"CommentAction\",\"name\":\"Comment\",\"target\":[\"https:\\\/\\\/lospoliticosveracruz.com\\\/?p=22627#respond\"]}]},{\"@type\":\"WebPage\",\"@id\":\"https:\\\/\\\/lospoliticosveracruz.com\\\/?p=22627\",\"url\":\"https:\\\/\\\/lospoliticosveracruz.com\\\/?p=22627\",\"name\":\"Crisis petrolera pone en aprietos a Veracruz - Los pol\u00edticos Veracruz\",\"isPartOf\":{\"@id\":\"https:\\\/\\\/lospoliticosveracruz.com\\\/#website\"},\"primaryImageOfPage\":{\"@id\":\"https:\\\/\\\/lospoliticosveracruz.com\\\/?p=22627#primaryimage\"},\"image\":{\"@id\":\"https:\\\/\\\/lospoliticosveracruz.com\\\/?p=22627#primaryimage\"},\"thumbnailUrl\":\"http:\\\/\\\/www.lospoliticosveracruz.com.mx\\\/wp-content\\\/uploads\\\/2014\\\/11\\\/pemex-300x228.jpg\",\"datePublished\":\"2016-04-12T22:20:45+00:00\",\"breadcrumb\":{\"@id\":\"https:\\\/\\\/lospoliticosveracruz.com\\\/?p=22627#breadcrumb\"},\"inLanguage\":\"es\",\"potentialAction\":[{\"@type\":\"ReadAction\",\"target\":[\"https:\\\/\\\/lospoliticosveracruz.com\\\/?p=22627\"]}]},{\"@type\":\"ImageObject\",\"inLanguage\":\"es\",\"@id\":\"https:\\\/\\\/lospoliticosveracruz.com\\\/?p=22627#primaryimage\",\"url\":\"http:\\\/\\\/www.lospoliticosveracruz.com.mx\\\/wp-content\\\/uploads\\\/2014\\\/11\\\/pemex-300x228.jpg\",\"contentUrl\":\"http:\\\/\\\/www.lospoliticosveracruz.com.mx\\\/wp-content\\\/uploads\\\/2014\\\/11\\\/pemex-300x228.jpg\"},{\"@type\":\"BreadcrumbList\",\"@id\":\"https:\\\/\\\/lospoliticosveracruz.com\\\/?p=22627#breadcrumb\",\"itemListElement\":[{\"@type\":\"ListItem\",\"position\":1,\"name\":\"Portada\",\"item\":\"https:\\\/\\\/lospoliticosveracruz.com\\\/\"},{\"@type\":\"ListItem\",\"position\":2,\"name\":\"Crisis petrolera pone en aprietos a Veracruz\"}]},{\"@type\":\"WebSite\",\"@id\":\"https:\\\/\\\/lospoliticosveracruz.com\\\/#website\",\"url\":\"https:\\\/\\\/lospoliticosveracruz.com\\\/\",\"name\":\"Los pol\u00edticos Veracruz\",\"description\":\"\",\"publisher\":{\"@id\":\"https:\\\/\\\/lospoliticosveracruz.com\\\/#organization\"},\"potentialAction\":[{\"@type\":\"SearchAction\",\"target\":{\"@type\":\"EntryPoint\",\"urlTemplate\":\"https:\\\/\\\/lospoliticosveracruz.com\\\/?s={search_term_string}\"},\"query-input\":{\"@type\":\"PropertyValueSpecification\",\"valueRequired\":true,\"valueName\":\"search_term_string\"}}],\"inLanguage\":\"es\"},{\"@type\":\"Organization\",\"@id\":\"https:\\\/\\\/lospoliticosveracruz.com\\\/#organization\",\"name\":\"Los pol\u00edticos Veracruz\",\"url\":\"https:\\\/\\\/lospoliticosveracruz.com\\\/\",\"logo\":{\"@type\":\"ImageObject\",\"inLanguage\":\"es\",\"@id\":\"https:\\\/\\\/lospoliticosveracruz.com\\\/#\\\/schema\\\/logo\\\/image\\\/\",\"url\":\"https:\\\/\\\/lospoliticosveracruz.com\\\/wp-content\\\/uploads\\\/2025\\\/12\\\/Logo-Nuevo-LOS-POLITICOS-1.jpg\",\"contentUrl\":\"https:\\\/\\\/lospoliticosveracruz.com\\\/wp-content\\\/uploads\\\/2025\\\/12\\\/Logo-Nuevo-LOS-POLITICOS-1.jpg\",\"width\":260,\"height\":70,\"caption\":\"Los pol\u00edticos Veracruz\"},\"image\":{\"@id\":\"https:\\\/\\\/lospoliticosveracruz.com\\\/#\\\/schema\\\/logo\\\/image\\\/\"},\"sameAs\":[\"https:\\\/\\\/www.facebook.com\\\/people\\\/Notimemes-de-los-Polticos\\\/61565672886568\\\/\",\"https:\\\/\\\/x.com\\\/LosPoliticosVer\"]},{\"@type\":\"Person\",\"@id\":\"https:\\\/\\\/lospoliticosveracruz.com\\\/#\\\/schema\\\/person\\\/b8702bb0e538456e6efd07080bf2a4a2\",\"name\":\"Lo viste en Los Pol\u00edticos\",\"image\":{\"@type\":\"ImageObject\",\"inLanguage\":\"es\",\"@id\":\"https:\\\/\\\/secure.gravatar.com\\\/avatar\\\/3a8de04a2656d44082be478bd6c086daa447c4651605818287b9532d3d0bd435?s=96&d=mm&r=g\",\"url\":\"https:\\\/\\\/secure.gravatar.com\\\/avatar\\\/3a8de04a2656d44082be478bd6c086daa447c4651605818287b9532d3d0bd435?s=96&d=mm&r=g\",\"contentUrl\":\"https:\\\/\\\/secure.gravatar.com\\\/avatar\\\/3a8de04a2656d44082be478bd6c086daa447c4651605818287b9532d3d0bd435?s=96&d=mm&r=g\",\"caption\":\"Lo viste en Los Pol\u00edticos\"},\"url\":\"https:\\\/\\\/lospoliticosveracruz.com\\\/?author=2\"}]}<\/script>\n<!-- \/ Yoast SEO plugin. -->","yoast_head_json":{"title":"Crisis petrolera pone en aprietos a Veracruz - Los pol\u00edticos Veracruz","robots":{"index":"index","follow":"follow","max-snippet":"max-snippet:-1","max-image-preview":"max-image-preview:large","max-video-preview":"max-video-preview:-1"},"canonical":"https:\/\/lospoliticosveracruz.com\/?p=22627","og_locale":"es_ES","og_type":"article","og_title":"Crisis petrolera pone en aprietos a Veracruz - Los pol\u00edticos Veracruz","og_description":"Luis Alberto Romero Hora Cero Las malas noticias para Veracruz no s\u00f3lo se ubican en el contexto de la inseguridad (520 secuestros durante 5 a\u00f1os), de la corrupci\u00f3n gubernamental (a la que, en parte, se atribuye la enorme deuda p\u00fablica), de la impunidad (como, por ejemplo, el caso de los llamados Porkys de Boca del [&hellip;]","og_url":"https:\/\/lospoliticosveracruz.com\/?p=22627","og_site_name":"Los pol\u00edticos Veracruz","article_publisher":"https:\/\/www.facebook.com\/people\/Notimemes-de-los-Polticos\/61565672886568\/","article_published_time":"2016-04-12T22:20:45+00:00","og_image":[{"url":"http:\/\/www.lospoliticosveracruz.com.mx\/wp-content\/uploads\/2014\/11\/pemex-300x228.jpg","type":"","width":"","height":""}],"author":"Lo viste en Los Pol\u00edticos","twitter_card":"summary_large_image","twitter_creator":"@LosPoliticosVer","twitter_site":"@LosPoliticosVer","twitter_misc":{"Escrito por":"Lo viste en Los Pol\u00edticos","Tiempo de lectura":"5 minutos"},"schema":{"@context":"https:\/\/schema.org","@graph":[{"@type":"Article","@id":"https:\/\/lospoliticosveracruz.com\/?p=22627#article","isPartOf":{"@id":"https:\/\/lospoliticosveracruz.com\/?p=22627"},"author":{"name":"Lo viste en Los Pol\u00edticos","@id":"https:\/\/lospoliticosveracruz.com\/#\/schema\/person\/b8702bb0e538456e6efd07080bf2a4a2"},"headline":"Crisis petrolera pone en aprietos a Veracruz","datePublished":"2016-04-12T22:20:45+00:00","mainEntityOfPage":{"@id":"https:\/\/lospoliticosveracruz.com\/?p=22627"},"wordCount":916,"commentCount":0,"publisher":{"@id":"https:\/\/lospoliticosveracruz.com\/#organization"},"image":{"@id":"https:\/\/lospoliticosveracruz.com\/?p=22627#primaryimage"},"thumbnailUrl":"http:\/\/www.lospoliticosveracruz.com.mx\/wp-content\/uploads\/2014\/11\/pemex-300x228.jpg","keywords":["Petr\u00f3leos Mexicanos","Veracruz"],"articleSection":["De Opini\u00f3n"],"inLanguage":"es","potentialAction":[{"@type":"CommentAction","name":"Comment","target":["https:\/\/lospoliticosveracruz.com\/?p=22627#respond"]}]},{"@type":"WebPage","@id":"https:\/\/lospoliticosveracruz.com\/?p=22627","url":"https:\/\/lospoliticosveracruz.com\/?p=22627","name":"Crisis petrolera pone en aprietos a Veracruz - Los pol\u00edticos Veracruz","isPartOf":{"@id":"https:\/\/lospoliticosveracruz.com\/#website"},"primaryImageOfPage":{"@id":"https:\/\/lospoliticosveracruz.com\/?p=22627#primaryimage"},"image":{"@id":"https:\/\/lospoliticosveracruz.com\/?p=22627#primaryimage"},"thumbnailUrl":"http:\/\/www.lospoliticosveracruz.com.mx\/wp-content\/uploads\/2014\/11\/pemex-300x228.jpg","datePublished":"2016-04-12T22:20:45+00:00","breadcrumb":{"@id":"https:\/\/lospoliticosveracruz.com\/?p=22627#breadcrumb"},"inLanguage":"es","potentialAction":[{"@type":"ReadAction","target":["https:\/\/lospoliticosveracruz.com\/?p=22627"]}]},{"@type":"ImageObject","inLanguage":"es","@id":"https:\/\/lospoliticosveracruz.com\/?p=22627#primaryimage","url":"http:\/\/www.lospoliticosveracruz.com.mx\/wp-content\/uploads\/2014\/11\/pemex-300x228.jpg","contentUrl":"http:\/\/www.lospoliticosveracruz.com.mx\/wp-content\/uploads\/2014\/11\/pemex-300x228.jpg"},{"@type":"BreadcrumbList","@id":"https:\/\/lospoliticosveracruz.com\/?p=22627#breadcrumb","itemListElement":[{"@type":"ListItem","position":1,"name":"Portada","item":"https:\/\/lospoliticosveracruz.com\/"},{"@type":"ListItem","position":2,"name":"Crisis petrolera pone en aprietos a Veracruz"}]},{"@type":"WebSite","@id":"https:\/\/lospoliticosveracruz.com\/#website","url":"https:\/\/lospoliticosveracruz.com\/","name":"Los pol\u00edticos Veracruz","description":"","publisher":{"@id":"https:\/\/lospoliticosveracruz.com\/#organization"},"potentialAction":[{"@type":"SearchAction","target":{"@type":"EntryPoint","urlTemplate":"https:\/\/lospoliticosveracruz.com\/?s={search_term_string}"},"query-input":{"@type":"PropertyValueSpecification","valueRequired":true,"valueName":"search_term_string"}}],"inLanguage":"es"},{"@type":"Organization","@id":"https:\/\/lospoliticosveracruz.com\/#organization","name":"Los pol\u00edticos Veracruz","url":"https:\/\/lospoliticosveracruz.com\/","logo":{"@type":"ImageObject","inLanguage":"es","@id":"https:\/\/lospoliticosveracruz.com\/#\/schema\/logo\/image\/","url":"https:\/\/lospoliticosveracruz.com\/wp-content\/uploads\/2025\/12\/Logo-Nuevo-LOS-POLITICOS-1.jpg","contentUrl":"https:\/\/lospoliticosveracruz.com\/wp-content\/uploads\/2025\/12\/Logo-Nuevo-LOS-POLITICOS-1.jpg","width":260,"height":70,"caption":"Los pol\u00edticos Veracruz"},"image":{"@id":"https:\/\/lospoliticosveracruz.com\/#\/schema\/logo\/image\/"},"sameAs":["https:\/\/www.facebook.com\/people\/Notimemes-de-los-Polticos\/61565672886568\/","https:\/\/x.com\/LosPoliticosVer"]},{"@type":"Person","@id":"https:\/\/lospoliticosveracruz.com\/#\/schema\/person\/b8702bb0e538456e6efd07080bf2a4a2","name":"Lo viste en Los Pol\u00edticos","image":{"@type":"ImageObject","inLanguage":"es","@id":"https:\/\/secure.gravatar.com\/avatar\/3a8de04a2656d44082be478bd6c086daa447c4651605818287b9532d3d0bd435?s=96&d=mm&r=g","url":"https:\/\/secure.gravatar.com\/avatar\/3a8de04a2656d44082be478bd6c086daa447c4651605818287b9532d3d0bd435?s=96&d=mm&r=g","contentUrl":"https:\/\/secure.gravatar.com\/avatar\/3a8de04a2656d44082be478bd6c086daa447c4651605818287b9532d3d0bd435?s=96&d=mm&r=g","caption":"Lo viste en Los Pol\u00edticos"},"url":"https:\/\/lospoliticosveracruz.com\/?author=2"}]}},"_links":{"self":[{"href":"https:\/\/lospoliticosveracruz.com\/index.php?rest_route=\/wp\/v2\/posts\/22627","targetHints":{"allow":["GET"]}}],"collection":[{"href":"https:\/\/lospoliticosveracruz.com\/index.php?rest_route=\/wp\/v2\/posts"}],"about":[{"href":"https:\/\/lospoliticosveracruz.com\/index.php?rest_route=\/wp\/v2\/types\/post"}],"author":[{"embeddable":true,"href":"https:\/\/lospoliticosveracruz.com\/index.php?rest_route=\/wp\/v2\/users\/2"}],"replies":[{"embeddable":true,"href":"https:\/\/lospoliticosveracruz.com\/index.php?rest_route=%2Fwp%2Fv2%2Fcomments&post=22627"}],"version-history":[{"count":1,"href":"https:\/\/lospoliticosveracruz.com\/index.php?rest_route=\/wp\/v2\/posts\/22627\/revisions"}],"predecessor-version":[{"id":22628,"href":"https:\/\/lospoliticosveracruz.com\/index.php?rest_route=\/wp\/v2\/posts\/22627\/revisions\/22628"}],"wp:attachment":[{"href":"https:\/\/lospoliticosveracruz.com\/index.php?rest_route=%2Fwp%2Fv2%2Fmedia&parent=22627"}],"wp:term":[{"taxonomy":"category","embeddable":true,"href":"https:\/\/lospoliticosveracruz.com\/index.php?rest_route=%2Fwp%2Fv2%2Fcategories&post=22627"},{"taxonomy":"post_tag","embeddable":true,"href":"https:\/\/lospoliticosveracruz.com\/index.php?rest_route=%2Fwp%2Fv2%2Ftags&post=22627"}],"curies":[{"name":"wp","href":"https:\/\/api.w.org\/{rel}","templated":true}]}}