{"id":22635,"date":"2016-04-12T18:12:46","date_gmt":"2016-04-12T23:12:46","guid":{"rendered":"http:\/\/www.lospoliticosveracruz.com.mx\/?p=22635"},"modified":"2016-04-12T18:12:46","modified_gmt":"2016-04-12T23:12:46","slug":"primavera-violeta","status":"publish","type":"post","link":"https:\/\/lospoliticosveracruz.com\/?p=22635","title":{"rendered":"Primavera violeta"},"content":{"rendered":"<p><a href=\"http:\/\/www.lospoliticosveracruz.com.mx\/wp-content\/uploads\/2016\/04\/Primavera-violeta.png\"><img loading=\"lazy\" decoding=\"async\" class=\"alignnone size-medium wp-image-22637\" src=\"http:\/\/www.lospoliticosveracruz.com.mx\/wp-content\/uploads\/2016\/04\/Primavera-violeta-300x232.png\" alt=\"Primavera violeta\" width=\"300\" height=\"232\" \/><\/a><br \/>\n<strong>Paco Contreras<\/strong><\/p>\n<p><em>Mujeres que Saben Lat\u00edn<\/em><br \/>\nLa realidad rebasa por mucho a la peor de las ficciones, este primer tercio del a\u00f1o nos ha sorprendido con el aumento desproporcionado de hechos de violencia dirigidos a las mujeres, lo que nos lleva a recorrer no solo el estado de Veracruz sino toda la geograf\u00eda nacional. Es lamentable que sigamos presenciando acoso callejero, agresiones f\u00edsicas y verbales, abuso sexual, violaciones y feminicidios y por si fuera poco, se siga responsabilizando a las v\u00edctimas.<br \/>\nAlgunos de estos casos se han logrado conocer porqu\u00e9 las v\u00edctimas han enfrentado a sus agresores y adem\u00e1s decidieron hacer p\u00fablica la situaci\u00f3n, en otros son los esc\u00e1ndalos y la exhibici\u00f3n p\u00fablica de los agresores lo que ha puesto los reflectores sobre estas conductas masculinas, sin embargo, el machismo resurge para justificar, coludirse, re victimizar a las mujeres y eludir responsabilidades.<br \/>\nLas acciones de los colectivos, colectivas, grupos organizados y mujeres feministas de este pa\u00eds se van estructurando y a la distancia se van construyendo las propuestas y las acciones solidarias y sororales en las que las mujeres est\u00e1n cerrando filas para salir a la calle y hacerse escuchar, pues estas violencias las est\u00e1n nulificando, desapareciendo, atentando contra su libertad y quit\u00e1ndoles la vida.<br \/>\nAlgunas voces cuestionan la importancia de los temas que se tocan en el feminismo actual, desacredit\u00e1ndolos por considerar que estos no cuentan con la trascendencia que en el pasado se tuvo con la lucha por el voto y el trabajo, pero esto es negar la realidad: hoy en d\u00eda se lucha por la libertad de las mujeres y su derecho a vivir libres de violencia. En este sentido es necesario que sigamos trabajando fuertemente en la visibilizaci\u00f3n de las violencias machistas que est\u00e1n agrediendo y arranc\u00e1ndoles la vida.<br \/>\nLa sociedad civil se organiza nuevamente para pronunciarnos en las calles contra el patriarcado y las acciones que de \u00e9l emanan. Mujeres de todo el pa\u00eds hacen un llamado a la participaci\u00f3n de la poblaci\u00f3n a que se integren a los contingentes que cubrir\u00e1n de violeta las calles de las principales ciudades de nuestro territorio nacional el pr\u00f3ximo 24 de abril.<br \/>\nDesde esta columna consideramos de suma importancia la integraci\u00f3n de hombres en estas acciones y en los procesos reflexivos que favorezcan que cada d\u00eda nos hagamos presentes de manera organizada para levantar la voz a la par de las mujeres y generar acciones de apoyo y solidaridad que permitan hacer realidad la transformaci\u00f3n de esta sociedad desde la igualdad entre mujeres y hombres.<br \/>\nVarones que siguen este espacio de reflexi\u00f3n, les invitamos a que se sumen a los diversos contingentes que saldr\u00e1n a manifestarse, es importante nuestra participaci\u00f3n, hagamos saber a aquellos agresores (conocidos y especialmente a los desconocidos) que existimos, que no estamos dispuestos a perpetuar el machismo, ni a sostener un sistema que solo busca la supremac\u00eda masculina. Ya no m\u00e1s c\u00f3mplices de las violencias machistas, no m\u00e1s silencio ante la injusticia, no m\u00e1s evasi\u00f3n a la responsabilidad de nuestras violencias, no m\u00e1s justificaciones a los agresores, no m\u00e1s naturalizaci\u00f3n de la violencia.<br \/>\nAlgo que no debemos olvidar es que la participaci\u00f3n masculina en este llamado se suma al trabajo organizado de las mujeres, para lo cual debemos evitar protagonismos, apropiarnos de los espacios, reconocer como v\u00e1lidas cada una de las manifestaciones que de los colectivos se hagan y sobre todo, evitar \u201cmostrar a las compa\u00f1eras la mejor forma de hacer las cosas\u201d, porque en realidad, no lo sabemos.<br \/>\nHombres Responsabiliz\u00e1ndose de su Vida, se sumar\u00e1 como colectivo a la Movilizaci\u00f3n Nacional contra las Violencias Masculinas y tambi\u00e9n les invitamos a que nos acompa\u00f1en \u00e9ste y todos los mi\u00e9rcoles en punto de las 18:00 horas; en el Centro de Integraci\u00f3n Juvenil de Xalapa, Veracruz, d\u00f3nde reflexionamos este tema y otros m\u00e1s.<br \/>\nPor una vida libre de violencia.<\/p>\n","protected":false},"excerpt":{"rendered":"<p>Paco Contreras Mujeres que Saben Lat\u00edn La realidad rebasa por mucho a la peor de las ficciones, este primer tercio del a\u00f1o nos ha sorprendido con el aumento desproporcionado de hechos de violencia dirigidos a las mujeres, lo que nos lleva a recorrer no solo el estado de Veracruz sino toda la geograf\u00eda nacional. Es [&hellip;]<\/p>\n","protected":false},"author":2,"featured_media":0,"comment_status":"open","ping_status":"open","sticky":false,"template":"","format":"standard","meta":{"tdm_status":"","tdm_grid_status":"","footnotes":""},"categories":[70],"tags":[3569,195],"class_list":{"0":"post-22635","1":"post","2":"type-post","3":"status-publish","4":"format-standard","6":"category-de-opinion","7":"tag-feministas","8":"tag-veracruz"},"yoast_head":"<!-- This site is optimized with the Yoast SEO plugin v27.4 - https:\/\/yoast.com\/product\/yoast-seo-wordpress\/ -->\n<title>Primavera violeta - Los pol\u00edticos Veracruz<\/title>\n<meta name=\"robots\" content=\"index, follow, max-snippet:-1, max-image-preview:large, max-video-preview:-1\" \/>\n<link rel=\"canonical\" href=\"https:\/\/lospoliticosveracruz.com\/?p=22635\" \/>\n<meta property=\"og:locale\" content=\"es_ES\" \/>\n<meta property=\"og:type\" content=\"article\" \/>\n<meta property=\"og:title\" content=\"Primavera violeta - Los pol\u00edticos Veracruz\" \/>\n<meta property=\"og:description\" content=\"Paco Contreras Mujeres que Saben Lat\u00edn La realidad rebasa por mucho a la peor de las ficciones, este primer tercio del a\u00f1o nos ha sorprendido con el aumento desproporcionado de hechos de violencia dirigidos a las mujeres, lo que nos lleva a recorrer no solo el estado de Veracruz sino toda la geograf\u00eda nacional. Es [&hellip;]\" \/>\n<meta property=\"og:url\" content=\"https:\/\/lospoliticosveracruz.com\/?p=22635\" \/>\n<meta property=\"og:site_name\" content=\"Los pol\u00edticos Veracruz\" \/>\n<meta property=\"article:publisher\" content=\"https:\/\/www.facebook.com\/people\/Notimemes-de-los-Polticos\/61565672886568\/\" \/>\n<meta property=\"article:published_time\" content=\"2016-04-12T23:12:46+00:00\" \/>\n<meta property=\"og:image\" content=\"http:\/\/www.lospoliticosveracruz.com.mx\/wp-content\/uploads\/2016\/04\/Primavera-violeta-300x232.png\" \/>\n<meta name=\"author\" content=\"Lo viste en Los Pol\u00edticos\" \/>\n<meta name=\"twitter:card\" content=\"summary_large_image\" \/>\n<meta name=\"twitter:creator\" content=\"@LosPoliticosVer\" \/>\n<meta name=\"twitter:site\" content=\"@LosPoliticosVer\" \/>\n<meta name=\"twitter:label1\" content=\"Escrito por\" \/>\n\t<meta name=\"twitter:data1\" content=\"Lo viste en Los Pol\u00edticos\" \/>\n\t<meta name=\"twitter:label2\" content=\"Tiempo de lectura\" \/>\n\t<meta name=\"twitter:data2\" content=\"3 minutos\" \/>\n<script type=\"application\/ld+json\" class=\"yoast-schema-graph\">{\"@context\":\"https:\\\/\\\/schema.org\",\"@graph\":[{\"@type\":\"Article\",\"@id\":\"https:\\\/\\\/lospoliticosveracruz.com\\\/?p=22635#article\",\"isPartOf\":{\"@id\":\"https:\\\/\\\/lospoliticosveracruz.com\\\/?p=22635\"},\"author\":{\"name\":\"Lo viste en Los Pol\u00edticos\",\"@id\":\"https:\\\/\\\/lospoliticosveracruz.com\\\/#\\\/schema\\\/person\\\/b8702bb0e538456e6efd07080bf2a4a2\"},\"headline\":\"Primavera violeta\",\"datePublished\":\"2016-04-12T23:12:46+00:00\",\"mainEntityOfPage\":{\"@id\":\"https:\\\/\\\/lospoliticosveracruz.com\\\/?p=22635\"},\"wordCount\":685,\"commentCount\":0,\"publisher\":{\"@id\":\"https:\\\/\\\/lospoliticosveracruz.com\\\/#organization\"},\"image\":{\"@id\":\"https:\\\/\\\/lospoliticosveracruz.com\\\/?p=22635#primaryimage\"},\"thumbnailUrl\":\"http:\\\/\\\/www.lospoliticosveracruz.com.mx\\\/wp-content\\\/uploads\\\/2016\\\/04\\\/Primavera-violeta-300x232.png\",\"keywords\":[\"feministas\",\"Veracruz\"],\"articleSection\":[\"De Opini\u00f3n\"],\"inLanguage\":\"es\",\"potentialAction\":[{\"@type\":\"CommentAction\",\"name\":\"Comment\",\"target\":[\"https:\\\/\\\/lospoliticosveracruz.com\\\/?p=22635#respond\"]}]},{\"@type\":\"WebPage\",\"@id\":\"https:\\\/\\\/lospoliticosveracruz.com\\\/?p=22635\",\"url\":\"https:\\\/\\\/lospoliticosveracruz.com\\\/?p=22635\",\"name\":\"Primavera violeta - Los pol\u00edticos Veracruz\",\"isPartOf\":{\"@id\":\"https:\\\/\\\/lospoliticosveracruz.com\\\/#website\"},\"primaryImageOfPage\":{\"@id\":\"https:\\\/\\\/lospoliticosveracruz.com\\\/?p=22635#primaryimage\"},\"image\":{\"@id\":\"https:\\\/\\\/lospoliticosveracruz.com\\\/?p=22635#primaryimage\"},\"thumbnailUrl\":\"http:\\\/\\\/www.lospoliticosveracruz.com.mx\\\/wp-content\\\/uploads\\\/2016\\\/04\\\/Primavera-violeta-300x232.png\",\"datePublished\":\"2016-04-12T23:12:46+00:00\",\"breadcrumb\":{\"@id\":\"https:\\\/\\\/lospoliticosveracruz.com\\\/?p=22635#breadcrumb\"},\"inLanguage\":\"es\",\"potentialAction\":[{\"@type\":\"ReadAction\",\"target\":[\"https:\\\/\\\/lospoliticosveracruz.com\\\/?p=22635\"]}]},{\"@type\":\"ImageObject\",\"inLanguage\":\"es\",\"@id\":\"https:\\\/\\\/lospoliticosveracruz.com\\\/?p=22635#primaryimage\",\"url\":\"http:\\\/\\\/www.lospoliticosveracruz.com.mx\\\/wp-content\\\/uploads\\\/2016\\\/04\\\/Primavera-violeta-300x232.png\",\"contentUrl\":\"http:\\\/\\\/www.lospoliticosveracruz.com.mx\\\/wp-content\\\/uploads\\\/2016\\\/04\\\/Primavera-violeta-300x232.png\"},{\"@type\":\"BreadcrumbList\",\"@id\":\"https:\\\/\\\/lospoliticosveracruz.com\\\/?p=22635#breadcrumb\",\"itemListElement\":[{\"@type\":\"ListItem\",\"position\":1,\"name\":\"Portada\",\"item\":\"https:\\\/\\\/lospoliticosveracruz.com\\\/\"},{\"@type\":\"ListItem\",\"position\":2,\"name\":\"Primavera violeta\"}]},{\"@type\":\"WebSite\",\"@id\":\"https:\\\/\\\/lospoliticosveracruz.com\\\/#website\",\"url\":\"https:\\\/\\\/lospoliticosveracruz.com\\\/\",\"name\":\"Los pol\u00edticos Veracruz\",\"description\":\"\",\"publisher\":{\"@id\":\"https:\\\/\\\/lospoliticosveracruz.com\\\/#organization\"},\"potentialAction\":[{\"@type\":\"SearchAction\",\"target\":{\"@type\":\"EntryPoint\",\"urlTemplate\":\"https:\\\/\\\/lospoliticosveracruz.com\\\/?s={search_term_string}\"},\"query-input\":{\"@type\":\"PropertyValueSpecification\",\"valueRequired\":true,\"valueName\":\"search_term_string\"}}],\"inLanguage\":\"es\"},{\"@type\":\"Organization\",\"@id\":\"https:\\\/\\\/lospoliticosveracruz.com\\\/#organization\",\"name\":\"Los pol\u00edticos Veracruz\",\"url\":\"https:\\\/\\\/lospoliticosveracruz.com\\\/\",\"logo\":{\"@type\":\"ImageObject\",\"inLanguage\":\"es\",\"@id\":\"https:\\\/\\\/lospoliticosveracruz.com\\\/#\\\/schema\\\/logo\\\/image\\\/\",\"url\":\"https:\\\/\\\/lospoliticosveracruz.com\\\/wp-content\\\/uploads\\\/2025\\\/12\\\/Logo-Nuevo-LOS-POLITICOS-1.jpg\",\"contentUrl\":\"https:\\\/\\\/lospoliticosveracruz.com\\\/wp-content\\\/uploads\\\/2025\\\/12\\\/Logo-Nuevo-LOS-POLITICOS-1.jpg\",\"width\":260,\"height\":70,\"caption\":\"Los pol\u00edticos Veracruz\"},\"image\":{\"@id\":\"https:\\\/\\\/lospoliticosveracruz.com\\\/#\\\/schema\\\/logo\\\/image\\\/\"},\"sameAs\":[\"https:\\\/\\\/www.facebook.com\\\/people\\\/Notimemes-de-los-Polticos\\\/61565672886568\\\/\",\"https:\\\/\\\/x.com\\\/LosPoliticosVer\"]},{\"@type\":\"Person\",\"@id\":\"https:\\\/\\\/lospoliticosveracruz.com\\\/#\\\/schema\\\/person\\\/b8702bb0e538456e6efd07080bf2a4a2\",\"name\":\"Lo viste en Los Pol\u00edticos\",\"image\":{\"@type\":\"ImageObject\",\"inLanguage\":\"es\",\"@id\":\"https:\\\/\\\/secure.gravatar.com\\\/avatar\\\/3a8de04a2656d44082be478bd6c086daa447c4651605818287b9532d3d0bd435?s=96&d=mm&r=g\",\"url\":\"https:\\\/\\\/secure.gravatar.com\\\/avatar\\\/3a8de04a2656d44082be478bd6c086daa447c4651605818287b9532d3d0bd435?s=96&d=mm&r=g\",\"contentUrl\":\"https:\\\/\\\/secure.gravatar.com\\\/avatar\\\/3a8de04a2656d44082be478bd6c086daa447c4651605818287b9532d3d0bd435?s=96&d=mm&r=g\",\"caption\":\"Lo viste en Los Pol\u00edticos\"},\"url\":\"https:\\\/\\\/lospoliticosveracruz.com\\\/?author=2\"}]}<\/script>\n<!-- \/ Yoast SEO plugin. -->","yoast_head_json":{"title":"Primavera violeta - Los pol\u00edticos Veracruz","robots":{"index":"index","follow":"follow","max-snippet":"max-snippet:-1","max-image-preview":"max-image-preview:large","max-video-preview":"max-video-preview:-1"},"canonical":"https:\/\/lospoliticosveracruz.com\/?p=22635","og_locale":"es_ES","og_type":"article","og_title":"Primavera violeta - Los pol\u00edticos Veracruz","og_description":"Paco Contreras Mujeres que Saben Lat\u00edn La realidad rebasa por mucho a la peor de las ficciones, este primer tercio del a\u00f1o nos ha sorprendido con el aumento desproporcionado de hechos de violencia dirigidos a las mujeres, lo que nos lleva a recorrer no solo el estado de Veracruz sino toda la geograf\u00eda nacional. Es [&hellip;]","og_url":"https:\/\/lospoliticosveracruz.com\/?p=22635","og_site_name":"Los pol\u00edticos Veracruz","article_publisher":"https:\/\/www.facebook.com\/people\/Notimemes-de-los-Polticos\/61565672886568\/","article_published_time":"2016-04-12T23:12:46+00:00","og_image":[{"url":"http:\/\/www.lospoliticosveracruz.com.mx\/wp-content\/uploads\/2016\/04\/Primavera-violeta-300x232.png","type":"","width":"","height":""}],"author":"Lo viste en Los Pol\u00edticos","twitter_card":"summary_large_image","twitter_creator":"@LosPoliticosVer","twitter_site":"@LosPoliticosVer","twitter_misc":{"Escrito por":"Lo viste en Los Pol\u00edticos","Tiempo de lectura":"3 minutos"},"schema":{"@context":"https:\/\/schema.org","@graph":[{"@type":"Article","@id":"https:\/\/lospoliticosveracruz.com\/?p=22635#article","isPartOf":{"@id":"https:\/\/lospoliticosveracruz.com\/?p=22635"},"author":{"name":"Lo viste en Los Pol\u00edticos","@id":"https:\/\/lospoliticosveracruz.com\/#\/schema\/person\/b8702bb0e538456e6efd07080bf2a4a2"},"headline":"Primavera violeta","datePublished":"2016-04-12T23:12:46+00:00","mainEntityOfPage":{"@id":"https:\/\/lospoliticosveracruz.com\/?p=22635"},"wordCount":685,"commentCount":0,"publisher":{"@id":"https:\/\/lospoliticosveracruz.com\/#organization"},"image":{"@id":"https:\/\/lospoliticosveracruz.com\/?p=22635#primaryimage"},"thumbnailUrl":"http:\/\/www.lospoliticosveracruz.com.mx\/wp-content\/uploads\/2016\/04\/Primavera-violeta-300x232.png","keywords":["feministas","Veracruz"],"articleSection":["De Opini\u00f3n"],"inLanguage":"es","potentialAction":[{"@type":"CommentAction","name":"Comment","target":["https:\/\/lospoliticosveracruz.com\/?p=22635#respond"]}]},{"@type":"WebPage","@id":"https:\/\/lospoliticosveracruz.com\/?p=22635","url":"https:\/\/lospoliticosveracruz.com\/?p=22635","name":"Primavera violeta - Los pol\u00edticos Veracruz","isPartOf":{"@id":"https:\/\/lospoliticosveracruz.com\/#website"},"primaryImageOfPage":{"@id":"https:\/\/lospoliticosveracruz.com\/?p=22635#primaryimage"},"image":{"@id":"https:\/\/lospoliticosveracruz.com\/?p=22635#primaryimage"},"thumbnailUrl":"http:\/\/www.lospoliticosveracruz.com.mx\/wp-content\/uploads\/2016\/04\/Primavera-violeta-300x232.png","datePublished":"2016-04-12T23:12:46+00:00","breadcrumb":{"@id":"https:\/\/lospoliticosveracruz.com\/?p=22635#breadcrumb"},"inLanguage":"es","potentialAction":[{"@type":"ReadAction","target":["https:\/\/lospoliticosveracruz.com\/?p=22635"]}]},{"@type":"ImageObject","inLanguage":"es","@id":"https:\/\/lospoliticosveracruz.com\/?p=22635#primaryimage","url":"http:\/\/www.lospoliticosveracruz.com.mx\/wp-content\/uploads\/2016\/04\/Primavera-violeta-300x232.png","contentUrl":"http:\/\/www.lospoliticosveracruz.com.mx\/wp-content\/uploads\/2016\/04\/Primavera-violeta-300x232.png"},{"@type":"BreadcrumbList","@id":"https:\/\/lospoliticosveracruz.com\/?p=22635#breadcrumb","itemListElement":[{"@type":"ListItem","position":1,"name":"Portada","item":"https:\/\/lospoliticosveracruz.com\/"},{"@type":"ListItem","position":2,"name":"Primavera violeta"}]},{"@type":"WebSite","@id":"https:\/\/lospoliticosveracruz.com\/#website","url":"https:\/\/lospoliticosveracruz.com\/","name":"Los pol\u00edticos Veracruz","description":"","publisher":{"@id":"https:\/\/lospoliticosveracruz.com\/#organization"},"potentialAction":[{"@type":"SearchAction","target":{"@type":"EntryPoint","urlTemplate":"https:\/\/lospoliticosveracruz.com\/?s={search_term_string}"},"query-input":{"@type":"PropertyValueSpecification","valueRequired":true,"valueName":"search_term_string"}}],"inLanguage":"es"},{"@type":"Organization","@id":"https:\/\/lospoliticosveracruz.com\/#organization","name":"Los pol\u00edticos Veracruz","url":"https:\/\/lospoliticosveracruz.com\/","logo":{"@type":"ImageObject","inLanguage":"es","@id":"https:\/\/lospoliticosveracruz.com\/#\/schema\/logo\/image\/","url":"https:\/\/lospoliticosveracruz.com\/wp-content\/uploads\/2025\/12\/Logo-Nuevo-LOS-POLITICOS-1.jpg","contentUrl":"https:\/\/lospoliticosveracruz.com\/wp-content\/uploads\/2025\/12\/Logo-Nuevo-LOS-POLITICOS-1.jpg","width":260,"height":70,"caption":"Los pol\u00edticos Veracruz"},"image":{"@id":"https:\/\/lospoliticosveracruz.com\/#\/schema\/logo\/image\/"},"sameAs":["https:\/\/www.facebook.com\/people\/Notimemes-de-los-Polticos\/61565672886568\/","https:\/\/x.com\/LosPoliticosVer"]},{"@type":"Person","@id":"https:\/\/lospoliticosveracruz.com\/#\/schema\/person\/b8702bb0e538456e6efd07080bf2a4a2","name":"Lo viste en Los Pol\u00edticos","image":{"@type":"ImageObject","inLanguage":"es","@id":"https:\/\/secure.gravatar.com\/avatar\/3a8de04a2656d44082be478bd6c086daa447c4651605818287b9532d3d0bd435?s=96&d=mm&r=g","url":"https:\/\/secure.gravatar.com\/avatar\/3a8de04a2656d44082be478bd6c086daa447c4651605818287b9532d3d0bd435?s=96&d=mm&r=g","contentUrl":"https:\/\/secure.gravatar.com\/avatar\/3a8de04a2656d44082be478bd6c086daa447c4651605818287b9532d3d0bd435?s=96&d=mm&r=g","caption":"Lo viste en Los Pol\u00edticos"},"url":"https:\/\/lospoliticosveracruz.com\/?author=2"}]}},"_links":{"self":[{"href":"https:\/\/lospoliticosveracruz.com\/index.php?rest_route=\/wp\/v2\/posts\/22635","targetHints":{"allow":["GET"]}}],"collection":[{"href":"https:\/\/lospoliticosveracruz.com\/index.php?rest_route=\/wp\/v2\/posts"}],"about":[{"href":"https:\/\/lospoliticosveracruz.com\/index.php?rest_route=\/wp\/v2\/types\/post"}],"author":[{"embeddable":true,"href":"https:\/\/lospoliticosveracruz.com\/index.php?rest_route=\/wp\/v2\/users\/2"}],"replies":[{"embeddable":true,"href":"https:\/\/lospoliticosveracruz.com\/index.php?rest_route=%2Fwp%2Fv2%2Fcomments&post=22635"}],"version-history":[{"count":1,"href":"https:\/\/lospoliticosveracruz.com\/index.php?rest_route=\/wp\/v2\/posts\/22635\/revisions"}],"predecessor-version":[{"id":22638,"href":"https:\/\/lospoliticosveracruz.com\/index.php?rest_route=\/wp\/v2\/posts\/22635\/revisions\/22638"}],"wp:attachment":[{"href":"https:\/\/lospoliticosveracruz.com\/index.php?rest_route=%2Fwp%2Fv2%2Fmedia&parent=22635"}],"wp:term":[{"taxonomy":"category","embeddable":true,"href":"https:\/\/lospoliticosveracruz.com\/index.php?rest_route=%2Fwp%2Fv2%2Fcategories&post=22635"},{"taxonomy":"post_tag","embeddable":true,"href":"https:\/\/lospoliticosveracruz.com\/index.php?rest_route=%2Fwp%2Fv2%2Ftags&post=22635"}],"curies":[{"name":"wp","href":"https:\/\/api.w.org\/{rel}","templated":true}]}}