{"id":22645,"date":"2016-04-12T22:31:47","date_gmt":"2016-04-13T03:31:47","guid":{"rendered":"http:\/\/www.lospoliticosveracruz.com.mx\/?p=22645"},"modified":"2016-04-12T22:51:33","modified_gmt":"2016-04-13T03:51:33","slug":"paco-garrido-a-volar","status":"publish","type":"post","link":"https:\/\/lospoliticosveracruz.com\/?p=22645","title":{"rendered":"Paco Garrido \u00a1a volar!"},"content":{"rendered":"<p><a href=\"http:\/\/www.lospoliticosveracruz.com.mx\/wp-content\/uploads\/2016\/04\/Paco-Garrido.jpg\"><img loading=\"lazy\" decoding=\"async\" class=\"alignnone size-medium wp-image-22646\" src=\"http:\/\/www.lospoliticosveracruz.com.mx\/wp-content\/uploads\/2016\/04\/Paco-Garrido-300x278.jpg\" alt=\"Paco Garrido\" width=\"300\" height=\"278\" srcset=\"https:\/\/lospoliticosveracruz.com\/wp-content\/uploads\/2016\/04\/Paco-Garrido-300x278.jpg 300w, https:\/\/lospoliticosveracruz.com\/wp-content\/uploads\/2016\/04\/Paco-Garrido.jpg 600w\" sizes=\"auto, (max-width: 300px) 100vw, 300px\" \/><\/a><br \/>\n<strong>Salvador Mu\u00f1oz<\/strong><\/p>\n<p><em>Los Pol\u00edticos<\/em><\/p>\n<p>Paco est\u00e1 en desacuerdo con la alianza del partido AVE con el PRI. Es m\u00e1s, Paco est\u00e1 en desacuerdo con Alfredo Tress Jim\u00e9nez y su forma de llevar las riendas de un partido que llev\u00f3 cerca de seis a\u00f1os su conformaci\u00f3n. Y no obstante, dejar\u00e1 este partido una vez que concluyan las elecciones, porque de cierto modo tiene un compromiso que cumplir con aquellas personas que confiaron en \u00e9l y hoy est\u00e1n en el AVE&#8230;<br \/>\nEl diputado Paco Garrido S\u00e1nchez apenas y come. Estoy seguro que su sopa azteca debi\u00f3 enfriarse pero se concentra en la pl\u00e1tica que a veces tiene matices de indignaci\u00f3n, m\u00e1s en lo que se refiere a lo que \u00e9l considera exceso en las prerrogativas de los partidos, que al menos en el proceso electoral \u00a1se duplican! y no le saca decir cu\u00e1nto es lo que recibe el AVE: Un nada despreciable mill\u00f3n 750 mil pesos mensuales.<br \/>\nII<br \/>\nEl presidente de la Comisi\u00f3n de Vigilancia del Congreso local comenta que la \u201cdenuncia\u201d que cierto diputado present\u00f3 contra el alcalde de Boca del R\u00edo, Miguel \u00c1ngel Yunes M\u00e1rquez, \u201cno est\u00e1 encarpetada\u201d porque cuando la recibi\u00f3, asumi\u00f3 que no era la Comisi\u00f3n de Vigilancia la encargada de darle tr\u00e1mite. Habl\u00f3 con el diputado y \u00e9ste al final la llev\u00f3 a la fiscal\u00eda.<br \/>\nS\u00ed, al estar en esa Comisi\u00f3n del Congreso local, lucha contra algo m\u00e1s que intereses pol\u00edticos, contra la falta de credibilidad, no s\u00f3lo contra la figura del Diputado, sino la del mismo sistema.<br \/>\nLas cr\u00edticas hacia dicha Comisi\u00f3n y al Orfis son severas, pero pone un ejemplo muy simple: Cuando dicen que c\u00f3mo es posible que la Auditor\u00eda Superior de la Federaci\u00f3n sepa m\u00e1s de \u201cirregularidades\u201d en el Gobierno del Estado que ellos, se pasa por alto que casi un 60% de las auditor\u00edas que tiene la ASF fueron hechas por el Orfis\u2026 \u00a1Claro! Falta que al final, el Contralor del Estado realice su funci\u00f3n.<br \/>\nIII<br \/>\nLa Alianza flexible. As\u00ed llama Paco Garrido a la coalici\u00f3n que se hizo con el PRI y otros partidos rumbo a la renovaci\u00f3n de Gubernatura y Congreso. Precisa que como ciudadano y activo del AVE, H\u00e9ctor Yunes Landa tiene todo su respaldo, pero le parece algo il\u00f3gico que el peor adversario que pueden tener los candidatos del AVE por una curul \u00a1sean los mismos priistas! El ejemplo es claro y el m\u00e1s cercano: Emiliano Zapata, donde all\u00ed, hay candidato \u00fanico pero tiene en contra a la militancia tricolor. Otros ejemplos, como el de Coatepec, donde ser\u00e1 una contienda de todos contra todos, porque el Verde tendr\u00e1 su aspirante as\u00ed como el PRI, \u00a1hasta el Cardenista! adem\u00e1s del candidato de Alternativa Veracruzana.<br \/>\nEntiende que esta pluralidad de candidatos de partidos aliancistas es con la intenci\u00f3n de acarrear m\u00e1s votos para H\u00e9ctor Yunes Landa, pero al final, no deja de ser un arma de doble filo el hecho de que, en un momento dado, el chole\u00f1o tenga que alzarle la mano al del Verde, al del PRI, al Cardenista y al del AVE\u2026 apoyar a todos y a la vez a ninguno.<br \/>\nIV<br \/>\n\u00abYo como presidente, los exhorto a que no roben, pero los que lo quieran hacer, d\u00edganme, y yo les digo c\u00f3mo; yo les ense\u00f1o, siempre y cuando hagan obras\u00bb&#8230;<br \/>\nLa frase fue desafortunada, sin tino, que no nada m\u00e1s la dijo una sino en dos ocasiones, el dirigente del AVE, Alfredo Tress Jim\u00e9nez, reci\u00e9n Paco Garrido hab\u00eda asumido la presidencia de la Comisi\u00f3n de Vigilancia\u2026 ah\u00ed empez\u00f3 a desplumarse esa AVE que si ve un futuro cercano, es con Pepe Yunes Zorrilla, sabe que su presente en estos momentos es sacar adelante este proceso electoral, apoyando a H\u00e9ctor, a Alternativa y una vez concluidas las elecciones, \u00a1a volar del AVE!<\/p>\n<p><strong>Paola y Gabriel<\/strong><br \/>\nPaola atiende el pedido de volovanes. En una canasta, tiene de dulce y salados. Gabriel me habla y se\u00f1alando su nombre en la camisa, se presenta. Le extiendo mi mano y me pongo a sus \u00f3rdenes. Me ofrecen un caf\u00e9, pero les digo que voy a la cafeter\u00eda precisamente a tomar uno. Les pregunto si ya no venden donas Krispy y me dicen que las traer\u00e1n ma\u00f1ana. Yo no lo sab\u00eda, pero desde este lunes pasado hasta el viernes, estos vendedores del Instituto Down Xalapa estar\u00e1n en el Congreso del Estado ofreciendo sus productos. Si alguien est\u00e1 interesado en las famosas donas, puede ir este mi\u00e9rcoles al palacio de Encanto de 12 a 16 horas\u2026 as\u00ed, vale la pena romper la dieta. \u00a1Ah! Por supuesto, los volovanes est\u00e1n exquisitos.<\/p>\n<p><strong>Margarito<\/strong><br \/>\nLo conozco como Margarito. As\u00ed, sin apellido. Unos m\u00e1s le dicen \u201cEl Pantera\u201d. Chofer, seguridad, milusos, aunque al final, al menos conmigo, siempre fue una grata persona. Creo que la mayor\u00eda de nosotros sabemos lo que es andar sin chamba. Me consta, Margarito estuvo varios meses picando piedra por ac\u00e1, por all\u00e1, buscando una oportunidad de trabajo, no s\u00f3lo con H\u00e9ctor, sino con varios otros personajes de la pol\u00edtica. Lo encontr\u00e9 varias veces en varios eventos y era la misma respuesta: \u00ab\u00a1Nada!\u00bb<br \/>\nHace poco, entre un tumulto de gente, que me apretaba, empujaba, codeaba, una mano se extendi\u00f3 hacia m\u00ed y jal\u00f3 para sacarme en el atolladero en que estaba. Era Margarito, El Pantera. Le di las gracias. S\u00ed, ya ten\u00eda trabajo. No s\u00e9 si sea directamente con H\u00e9ctor o con gente cercana a H\u00e9ctor. Al final, s\u00f3lo celebro que una persona tenga empleo, m\u00e1s si lo disfruta.<br \/>\nJuzgar a Margarito por sus ex patrones es tan similar, guardando las proporciones, a querer juzgar a H\u00e9ctor Yunes por lo que hizo o dej\u00f3 de hacer en su administraci\u00f3n el Gobernador\u2026 y eso que no fue su patr\u00f3n.<\/p>\n<p>smcainito@gmail.com<\/p>\n","protected":false},"excerpt":{"rendered":"<p>Salvador Mu\u00f1oz Los Pol\u00edticos Paco est\u00e1 en desacuerdo con la alianza del partido AVE con el PRI. Es m\u00e1s, Paco est\u00e1 en desacuerdo con Alfredo Tress Jim\u00e9nez y su forma de llevar las riendas de un partido que llev\u00f3 cerca de seis a\u00f1os su conformaci\u00f3n. Y no obstante, dejar\u00e1 este partido una vez que concluyan [&hellip;]<\/p>\n","protected":false},"author":2,"featured_media":0,"comment_status":"open","ping_status":"open","sticky":false,"template":"","format":"standard","meta":{"tdm_status":"","tdm_grid_status":"","footnotes":""},"categories":[70],"tags":[1356,348,536],"class_list":{"0":"post-22645","1":"post","2":"type-post","3":"status-publish","4":"format-standard","6":"category-de-opinion","7":"tag-francisco-garrido-sanchez","8":"tag-hector-yunes-landa","9":"tag-miguel-angel-yunes-marquez"},"yoast_head":"<!-- This site is optimized with the Yoast SEO plugin v27.4 - https:\/\/yoast.com\/product\/yoast-seo-wordpress\/ -->\n<title>Paco Garrido \u00a1a volar! - Los pol\u00edticos Veracruz<\/title>\n<meta name=\"robots\" content=\"index, follow, max-snippet:-1, max-image-preview:large, max-video-preview:-1\" \/>\n<link rel=\"canonical\" href=\"https:\/\/lospoliticosveracruz.com\/?p=22645\" \/>\n<meta property=\"og:locale\" content=\"es_ES\" \/>\n<meta property=\"og:type\" content=\"article\" \/>\n<meta property=\"og:title\" content=\"Paco Garrido \u00a1a volar! - Los pol\u00edticos Veracruz\" \/>\n<meta property=\"og:description\" content=\"Salvador Mu\u00f1oz Los Pol\u00edticos Paco est\u00e1 en desacuerdo con la alianza del partido AVE con el PRI. Es m\u00e1s, Paco est\u00e1 en desacuerdo con Alfredo Tress Jim\u00e9nez y su forma de llevar las riendas de un partido que llev\u00f3 cerca de seis a\u00f1os su conformaci\u00f3n. Y no obstante, dejar\u00e1 este partido una vez que concluyan [&hellip;]\" \/>\n<meta property=\"og:url\" content=\"https:\/\/lospoliticosveracruz.com\/?p=22645\" \/>\n<meta property=\"og:site_name\" content=\"Los pol\u00edticos Veracruz\" \/>\n<meta property=\"article:publisher\" content=\"https:\/\/www.facebook.com\/people\/Notimemes-de-los-Polticos\/61565672886568\/\" \/>\n<meta property=\"article:published_time\" content=\"2016-04-13T03:31:47+00:00\" \/>\n<meta property=\"article:modified_time\" content=\"2016-04-13T03:51:33+00:00\" \/>\n<meta property=\"og:image\" content=\"http:\/\/www.lospoliticosveracruz.com.mx\/wp-content\/uploads\/2016\/04\/Paco-Garrido-300x278.jpg\" \/>\n<meta name=\"author\" content=\"Lo viste en Los Pol\u00edticos\" \/>\n<meta name=\"twitter:card\" content=\"summary_large_image\" \/>\n<meta name=\"twitter:creator\" content=\"@LosPoliticosVer\" \/>\n<meta name=\"twitter:site\" content=\"@LosPoliticosVer\" \/>\n<meta name=\"twitter:label1\" content=\"Escrito por\" \/>\n\t<meta name=\"twitter:data1\" content=\"Lo viste en Los Pol\u00edticos\" \/>\n\t<meta name=\"twitter:label2\" content=\"Tiempo de lectura\" \/>\n\t<meta name=\"twitter:data2\" content=\"5 minutos\" \/>\n<script type=\"application\/ld+json\" class=\"yoast-schema-graph\">{\"@context\":\"https:\\\/\\\/schema.org\",\"@graph\":[{\"@type\":\"Article\",\"@id\":\"https:\\\/\\\/lospoliticosveracruz.com\\\/?p=22645#article\",\"isPartOf\":{\"@id\":\"https:\\\/\\\/lospoliticosveracruz.com\\\/?p=22645\"},\"author\":{\"name\":\"Lo viste en Los Pol\u00edticos\",\"@id\":\"https:\\\/\\\/lospoliticosveracruz.com\\\/#\\\/schema\\\/person\\\/b8702bb0e538456e6efd07080bf2a4a2\"},\"headline\":\"Paco Garrido \u00a1a volar!\",\"datePublished\":\"2016-04-13T03:31:47+00:00\",\"dateModified\":\"2016-04-13T03:51:33+00:00\",\"mainEntityOfPage\":{\"@id\":\"https:\\\/\\\/lospoliticosveracruz.com\\\/?p=22645\"},\"wordCount\":1019,\"commentCount\":0,\"publisher\":{\"@id\":\"https:\\\/\\\/lospoliticosveracruz.com\\\/#organization\"},\"image\":{\"@id\":\"https:\\\/\\\/lospoliticosveracruz.com\\\/?p=22645#primaryimage\"},\"thumbnailUrl\":\"http:\\\/\\\/www.lospoliticosveracruz.com.mx\\\/wp-content\\\/uploads\\\/2016\\\/04\\\/Paco-Garrido-300x278.jpg\",\"keywords\":[\"Francisco Garrido S\u00e1nchez\",\"H\u00e9ctor Yunes Landa\",\"Miguel \u00c1ngel Yunes M\u00e1rquez\"],\"articleSection\":[\"De Opini\u00f3n\"],\"inLanguage\":\"es\",\"potentialAction\":[{\"@type\":\"CommentAction\",\"name\":\"Comment\",\"target\":[\"https:\\\/\\\/lospoliticosveracruz.com\\\/?p=22645#respond\"]}]},{\"@type\":\"WebPage\",\"@id\":\"https:\\\/\\\/lospoliticosveracruz.com\\\/?p=22645\",\"url\":\"https:\\\/\\\/lospoliticosveracruz.com\\\/?p=22645\",\"name\":\"Paco Garrido \u00a1a volar! - Los pol\u00edticos Veracruz\",\"isPartOf\":{\"@id\":\"https:\\\/\\\/lospoliticosveracruz.com\\\/#website\"},\"primaryImageOfPage\":{\"@id\":\"https:\\\/\\\/lospoliticosveracruz.com\\\/?p=22645#primaryimage\"},\"image\":{\"@id\":\"https:\\\/\\\/lospoliticosveracruz.com\\\/?p=22645#primaryimage\"},\"thumbnailUrl\":\"http:\\\/\\\/www.lospoliticosveracruz.com.mx\\\/wp-content\\\/uploads\\\/2016\\\/04\\\/Paco-Garrido-300x278.jpg\",\"datePublished\":\"2016-04-13T03:31:47+00:00\",\"dateModified\":\"2016-04-13T03:51:33+00:00\",\"breadcrumb\":{\"@id\":\"https:\\\/\\\/lospoliticosveracruz.com\\\/?p=22645#breadcrumb\"},\"inLanguage\":\"es\",\"potentialAction\":[{\"@type\":\"ReadAction\",\"target\":[\"https:\\\/\\\/lospoliticosveracruz.com\\\/?p=22645\"]}]},{\"@type\":\"ImageObject\",\"inLanguage\":\"es\",\"@id\":\"https:\\\/\\\/lospoliticosveracruz.com\\\/?p=22645#primaryimage\",\"url\":\"http:\\\/\\\/www.lospoliticosveracruz.com.mx\\\/wp-content\\\/uploads\\\/2016\\\/04\\\/Paco-Garrido-300x278.jpg\",\"contentUrl\":\"http:\\\/\\\/www.lospoliticosveracruz.com.mx\\\/wp-content\\\/uploads\\\/2016\\\/04\\\/Paco-Garrido-300x278.jpg\"},{\"@type\":\"BreadcrumbList\",\"@id\":\"https:\\\/\\\/lospoliticosveracruz.com\\\/?p=22645#breadcrumb\",\"itemListElement\":[{\"@type\":\"ListItem\",\"position\":1,\"name\":\"Portada\",\"item\":\"https:\\\/\\\/lospoliticosveracruz.com\\\/\"},{\"@type\":\"ListItem\",\"position\":2,\"name\":\"Paco Garrido \u00a1a volar!\"}]},{\"@type\":\"WebSite\",\"@id\":\"https:\\\/\\\/lospoliticosveracruz.com\\\/#website\",\"url\":\"https:\\\/\\\/lospoliticosveracruz.com\\\/\",\"name\":\"Los pol\u00edticos Veracruz\",\"description\":\"\",\"publisher\":{\"@id\":\"https:\\\/\\\/lospoliticosveracruz.com\\\/#organization\"},\"potentialAction\":[{\"@type\":\"SearchAction\",\"target\":{\"@type\":\"EntryPoint\",\"urlTemplate\":\"https:\\\/\\\/lospoliticosveracruz.com\\\/?s={search_term_string}\"},\"query-input\":{\"@type\":\"PropertyValueSpecification\",\"valueRequired\":true,\"valueName\":\"search_term_string\"}}],\"inLanguage\":\"es\"},{\"@type\":\"Organization\",\"@id\":\"https:\\\/\\\/lospoliticosveracruz.com\\\/#organization\",\"name\":\"Los pol\u00edticos Veracruz\",\"url\":\"https:\\\/\\\/lospoliticosveracruz.com\\\/\",\"logo\":{\"@type\":\"ImageObject\",\"inLanguage\":\"es\",\"@id\":\"https:\\\/\\\/lospoliticosveracruz.com\\\/#\\\/schema\\\/logo\\\/image\\\/\",\"url\":\"https:\\\/\\\/lospoliticosveracruz.com\\\/wp-content\\\/uploads\\\/2025\\\/12\\\/Logo-Nuevo-LOS-POLITICOS-1.jpg\",\"contentUrl\":\"https:\\\/\\\/lospoliticosveracruz.com\\\/wp-content\\\/uploads\\\/2025\\\/12\\\/Logo-Nuevo-LOS-POLITICOS-1.jpg\",\"width\":260,\"height\":70,\"caption\":\"Los pol\u00edticos Veracruz\"},\"image\":{\"@id\":\"https:\\\/\\\/lospoliticosveracruz.com\\\/#\\\/schema\\\/logo\\\/image\\\/\"},\"sameAs\":[\"https:\\\/\\\/www.facebook.com\\\/people\\\/Notimemes-de-los-Polticos\\\/61565672886568\\\/\",\"https:\\\/\\\/x.com\\\/LosPoliticosVer\"]},{\"@type\":\"Person\",\"@id\":\"https:\\\/\\\/lospoliticosveracruz.com\\\/#\\\/schema\\\/person\\\/b8702bb0e538456e6efd07080bf2a4a2\",\"name\":\"Lo viste en Los Pol\u00edticos\",\"image\":{\"@type\":\"ImageObject\",\"inLanguage\":\"es\",\"@id\":\"https:\\\/\\\/secure.gravatar.com\\\/avatar\\\/3a8de04a2656d44082be478bd6c086daa447c4651605818287b9532d3d0bd435?s=96&d=mm&r=g\",\"url\":\"https:\\\/\\\/secure.gravatar.com\\\/avatar\\\/3a8de04a2656d44082be478bd6c086daa447c4651605818287b9532d3d0bd435?s=96&d=mm&r=g\",\"contentUrl\":\"https:\\\/\\\/secure.gravatar.com\\\/avatar\\\/3a8de04a2656d44082be478bd6c086daa447c4651605818287b9532d3d0bd435?s=96&d=mm&r=g\",\"caption\":\"Lo viste en Los Pol\u00edticos\"},\"url\":\"https:\\\/\\\/lospoliticosveracruz.com\\\/?author=2\"}]}<\/script>\n<!-- \/ Yoast SEO plugin. -->","yoast_head_json":{"title":"Paco Garrido \u00a1a volar! - Los pol\u00edticos Veracruz","robots":{"index":"index","follow":"follow","max-snippet":"max-snippet:-1","max-image-preview":"max-image-preview:large","max-video-preview":"max-video-preview:-1"},"canonical":"https:\/\/lospoliticosveracruz.com\/?p=22645","og_locale":"es_ES","og_type":"article","og_title":"Paco Garrido \u00a1a volar! - Los pol\u00edticos Veracruz","og_description":"Salvador Mu\u00f1oz Los Pol\u00edticos Paco est\u00e1 en desacuerdo con la alianza del partido AVE con el PRI. Es m\u00e1s, Paco est\u00e1 en desacuerdo con Alfredo Tress Jim\u00e9nez y su forma de llevar las riendas de un partido que llev\u00f3 cerca de seis a\u00f1os su conformaci\u00f3n. Y no obstante, dejar\u00e1 este partido una vez que concluyan [&hellip;]","og_url":"https:\/\/lospoliticosveracruz.com\/?p=22645","og_site_name":"Los pol\u00edticos Veracruz","article_publisher":"https:\/\/www.facebook.com\/people\/Notimemes-de-los-Polticos\/61565672886568\/","article_published_time":"2016-04-13T03:31:47+00:00","article_modified_time":"2016-04-13T03:51:33+00:00","og_image":[{"url":"http:\/\/www.lospoliticosveracruz.com.mx\/wp-content\/uploads\/2016\/04\/Paco-Garrido-300x278.jpg","type":"","width":"","height":""}],"author":"Lo viste en Los Pol\u00edticos","twitter_card":"summary_large_image","twitter_creator":"@LosPoliticosVer","twitter_site":"@LosPoliticosVer","twitter_misc":{"Escrito por":"Lo viste en Los Pol\u00edticos","Tiempo de lectura":"5 minutos"},"schema":{"@context":"https:\/\/schema.org","@graph":[{"@type":"Article","@id":"https:\/\/lospoliticosveracruz.com\/?p=22645#article","isPartOf":{"@id":"https:\/\/lospoliticosveracruz.com\/?p=22645"},"author":{"name":"Lo viste en Los Pol\u00edticos","@id":"https:\/\/lospoliticosveracruz.com\/#\/schema\/person\/b8702bb0e538456e6efd07080bf2a4a2"},"headline":"Paco Garrido \u00a1a volar!","datePublished":"2016-04-13T03:31:47+00:00","dateModified":"2016-04-13T03:51:33+00:00","mainEntityOfPage":{"@id":"https:\/\/lospoliticosveracruz.com\/?p=22645"},"wordCount":1019,"commentCount":0,"publisher":{"@id":"https:\/\/lospoliticosveracruz.com\/#organization"},"image":{"@id":"https:\/\/lospoliticosveracruz.com\/?p=22645#primaryimage"},"thumbnailUrl":"http:\/\/www.lospoliticosveracruz.com.mx\/wp-content\/uploads\/2016\/04\/Paco-Garrido-300x278.jpg","keywords":["Francisco Garrido S\u00e1nchez","H\u00e9ctor Yunes Landa","Miguel \u00c1ngel Yunes M\u00e1rquez"],"articleSection":["De Opini\u00f3n"],"inLanguage":"es","potentialAction":[{"@type":"CommentAction","name":"Comment","target":["https:\/\/lospoliticosveracruz.com\/?p=22645#respond"]}]},{"@type":"WebPage","@id":"https:\/\/lospoliticosveracruz.com\/?p=22645","url":"https:\/\/lospoliticosveracruz.com\/?p=22645","name":"Paco Garrido \u00a1a volar! - Los pol\u00edticos Veracruz","isPartOf":{"@id":"https:\/\/lospoliticosveracruz.com\/#website"},"primaryImageOfPage":{"@id":"https:\/\/lospoliticosveracruz.com\/?p=22645#primaryimage"},"image":{"@id":"https:\/\/lospoliticosveracruz.com\/?p=22645#primaryimage"},"thumbnailUrl":"http:\/\/www.lospoliticosveracruz.com.mx\/wp-content\/uploads\/2016\/04\/Paco-Garrido-300x278.jpg","datePublished":"2016-04-13T03:31:47+00:00","dateModified":"2016-04-13T03:51:33+00:00","breadcrumb":{"@id":"https:\/\/lospoliticosveracruz.com\/?p=22645#breadcrumb"},"inLanguage":"es","potentialAction":[{"@type":"ReadAction","target":["https:\/\/lospoliticosveracruz.com\/?p=22645"]}]},{"@type":"ImageObject","inLanguage":"es","@id":"https:\/\/lospoliticosveracruz.com\/?p=22645#primaryimage","url":"http:\/\/www.lospoliticosveracruz.com.mx\/wp-content\/uploads\/2016\/04\/Paco-Garrido-300x278.jpg","contentUrl":"http:\/\/www.lospoliticosveracruz.com.mx\/wp-content\/uploads\/2016\/04\/Paco-Garrido-300x278.jpg"},{"@type":"BreadcrumbList","@id":"https:\/\/lospoliticosveracruz.com\/?p=22645#breadcrumb","itemListElement":[{"@type":"ListItem","position":1,"name":"Portada","item":"https:\/\/lospoliticosveracruz.com\/"},{"@type":"ListItem","position":2,"name":"Paco Garrido \u00a1a volar!"}]},{"@type":"WebSite","@id":"https:\/\/lospoliticosveracruz.com\/#website","url":"https:\/\/lospoliticosveracruz.com\/","name":"Los pol\u00edticos Veracruz","description":"","publisher":{"@id":"https:\/\/lospoliticosveracruz.com\/#organization"},"potentialAction":[{"@type":"SearchAction","target":{"@type":"EntryPoint","urlTemplate":"https:\/\/lospoliticosveracruz.com\/?s={search_term_string}"},"query-input":{"@type":"PropertyValueSpecification","valueRequired":true,"valueName":"search_term_string"}}],"inLanguage":"es"},{"@type":"Organization","@id":"https:\/\/lospoliticosveracruz.com\/#organization","name":"Los pol\u00edticos Veracruz","url":"https:\/\/lospoliticosveracruz.com\/","logo":{"@type":"ImageObject","inLanguage":"es","@id":"https:\/\/lospoliticosveracruz.com\/#\/schema\/logo\/image\/","url":"https:\/\/lospoliticosveracruz.com\/wp-content\/uploads\/2025\/12\/Logo-Nuevo-LOS-POLITICOS-1.jpg","contentUrl":"https:\/\/lospoliticosveracruz.com\/wp-content\/uploads\/2025\/12\/Logo-Nuevo-LOS-POLITICOS-1.jpg","width":260,"height":70,"caption":"Los pol\u00edticos Veracruz"},"image":{"@id":"https:\/\/lospoliticosveracruz.com\/#\/schema\/logo\/image\/"},"sameAs":["https:\/\/www.facebook.com\/people\/Notimemes-de-los-Polticos\/61565672886568\/","https:\/\/x.com\/LosPoliticosVer"]},{"@type":"Person","@id":"https:\/\/lospoliticosveracruz.com\/#\/schema\/person\/b8702bb0e538456e6efd07080bf2a4a2","name":"Lo viste en Los Pol\u00edticos","image":{"@type":"ImageObject","inLanguage":"es","@id":"https:\/\/secure.gravatar.com\/avatar\/3a8de04a2656d44082be478bd6c086daa447c4651605818287b9532d3d0bd435?s=96&d=mm&r=g","url":"https:\/\/secure.gravatar.com\/avatar\/3a8de04a2656d44082be478bd6c086daa447c4651605818287b9532d3d0bd435?s=96&d=mm&r=g","contentUrl":"https:\/\/secure.gravatar.com\/avatar\/3a8de04a2656d44082be478bd6c086daa447c4651605818287b9532d3d0bd435?s=96&d=mm&r=g","caption":"Lo viste en Los Pol\u00edticos"},"url":"https:\/\/lospoliticosveracruz.com\/?author=2"}]}},"_links":{"self":[{"href":"https:\/\/lospoliticosveracruz.com\/index.php?rest_route=\/wp\/v2\/posts\/22645","targetHints":{"allow":["GET"]}}],"collection":[{"href":"https:\/\/lospoliticosveracruz.com\/index.php?rest_route=\/wp\/v2\/posts"}],"about":[{"href":"https:\/\/lospoliticosveracruz.com\/index.php?rest_route=\/wp\/v2\/types\/post"}],"author":[{"embeddable":true,"href":"https:\/\/lospoliticosveracruz.com\/index.php?rest_route=\/wp\/v2\/users\/2"}],"replies":[{"embeddable":true,"href":"https:\/\/lospoliticosveracruz.com\/index.php?rest_route=%2Fwp%2Fv2%2Fcomments&post=22645"}],"version-history":[{"count":1,"href":"https:\/\/lospoliticosveracruz.com\/index.php?rest_route=\/wp\/v2\/posts\/22645\/revisions"}],"predecessor-version":[{"id":22647,"href":"https:\/\/lospoliticosveracruz.com\/index.php?rest_route=\/wp\/v2\/posts\/22645\/revisions\/22647"}],"wp:attachment":[{"href":"https:\/\/lospoliticosveracruz.com\/index.php?rest_route=%2Fwp%2Fv2%2Fmedia&parent=22645"}],"wp:term":[{"taxonomy":"category","embeddable":true,"href":"https:\/\/lospoliticosveracruz.com\/index.php?rest_route=%2Fwp%2Fv2%2Fcategories&post=22645"},{"taxonomy":"post_tag","embeddable":true,"href":"https:\/\/lospoliticosveracruz.com\/index.php?rest_route=%2Fwp%2Fv2%2Ftags&post=22645"}],"curies":[{"name":"wp","href":"https:\/\/api.w.org\/{rel}","templated":true}]}}