{"id":22668,"date":"2016-04-13T21:54:12","date_gmt":"2016-04-14T02:54:12","guid":{"rendered":"http:\/\/www.lospoliticosveracruz.com.mx\/?p=22668"},"modified":"2016-04-13T21:54:12","modified_gmt":"2016-04-14T02:54:12","slug":"coraje-en-tres-actos","status":"publish","type":"post","link":"https:\/\/lospoliticosveracruz.com\/?p=22668","title":{"rendered":"Coraje en tres actos"},"content":{"rendered":"<p><a href=\"http:\/\/www.lospoliticosveracruz.com.mx\/wp-content\/uploads\/2016\/04\/Ni-vivos-ni-muertos.jpg\"><img loading=\"lazy\" decoding=\"async\" class=\"alignnone size-medium wp-image-22670\" src=\"http:\/\/www.lospoliticosveracruz.com.mx\/wp-content\/uploads\/2016\/04\/Ni-vivos-ni-muertos-300x218.jpg\" alt=\"Ni vivos ni muertos\" width=\"300\" height=\"218\" \/><\/a><\/p>\n<p><strong>Jorge Arturo Rodr\u00edguez<\/strong><\/p>\n<p><em>Tierra de Babel<\/em><\/p>\n<p>Vamos de mal en peor; m\u00e1s malas que buenas, pa\u2019 donde quiera que voltee a ver, ah\u00ed est\u00e1 la maldici\u00f3n, en nuestras narices, enfrentito y duele, cala que no haya visos de mejor\u00eda. M\u00e9xico inundado de coraje y, al mismo tiempo, de desesperanza, en el hartazgo, pero muchos a\u00fan en la indiferencia.<br \/>\nEn agosto de 2014 apareci\u00f3 el libro Ni vivos ni muertos. La desaparici\u00f3n forzada en M\u00e9xico como estrategia de terror, del periodista Federico Mastrogiovanni, quien en entrevista se\u00f1al\u00f3 que no existen cifras absolutas respecto al n\u00famero de v\u00edctimas de desaparici\u00f3n forzada en el pa\u00eds pero se cuentan por decenas de miles, y advirti\u00f3 de una tendencia por parte del Estado a invisibilizar el problema, criminalizar a las v\u00edctimas y crear un juego de n\u00fameros donde se pierde la dimensi\u00f3n del problema.<br \/>\nSostuvo que \u201clas organizaciones civiles hablan de m\u00e1s de 27 mil, Gobernaci\u00f3n de 8 mil, lo que es muy triste si se considera que no son n\u00fameros, se trata de personas, familias, todas historias extremadamente tr\u00e1gicas y dolorosas\u201d. Agreg\u00f3 que la \u00fanica forma de poner un alto al problema es a trav\u00e9s de la participaci\u00f3n y el di\u00e1logo entre instituciones y sociedad, \u201cel \u00fanico actor que puede resolver este problema es el Estado junto con la sociedad civil, pero es fundamental que los ciudadanos se enteren de lo que est\u00e1 pasando y exijan justicia\u201d. Entendido, \u00bfqu\u00e9 hacemos, Quimosabi?<br \/>\nEn Purgatorio, novela de Tom\u00e1s Eloy Mart\u00ednez sobre los desaparecidos durante la dictadura militar argentina, se lee: \u201cEn una entrevista con corresponsales japoneses, la Anguila tuvo que dar una respuesta sobre la epidemia de desapariciones. \u2018Primero habr\u00eda que averiguar si lo que ustedes dicen que existi\u00f3 estuvo donde ustedes dicen que estuvo. La realidad puede ser muy enga\u00f1osa. Mucha gente se desespera por hacerse notar y desaparece s\u00f3lo para que no la olviden\u2019. Emilia lo vio en la televisi\u00f3n subrayando las s\u00edlabas mientras mov\u00eda hacia arriba y abajo la calavera brillosa de su cabeza: Un desaparecido es una inc\u00f3gnita, no tiene entidad, no est\u00e1 ni vivo ni muerto, no est\u00e1. Es un desaparecido. Y al decir no est\u00e1 alzaba los ojos al cielo. No se repita m\u00e1s esa palabra, sigui\u00f3, no tiene asidero. Est\u00e1 prohibido publicarla. Que desaparezca y se olvide\u201d. (Nexos\/noviembre 2015). \u00bfAs\u00ed de simple? \u00bfCu\u00e1nto nos costar\u00e1 el chistecito?<br \/>\nPero no pasa nada. En el cuento \u201cPendones\u201d, de Rosa Mar\u00eda Alcal\u00e1 Esqueda, leo: \u201c\u00a1Qu\u00e9 extra\u00f1os pendones adornan la ciudad! desde mi ventana los contemplo, sin dilucidar su contenido. \u00a1Qu\u00e9 raro! ayer no hab\u00eda. Hoy la ciudad luce desierta. \u00bfQu\u00e9 d\u00eda es? estoy atolondrado, sin saber qu\u00e9 d\u00eda es, ni a cu\u00e1l santo encomendarme. Tengo modorra, quiz\u00e1 duerma otro rato. Prendo la TV, esa ma\u00f1a que tengo de salir \u00abbien informado\u00bb. Nada nuevo. Lo de todos los d\u00edas. Estamos tan acostumbrados\u2026 Los c\u00e1rteles mataron y colgaron a 35 hombres en avenida central, para que sepamos que van en serio. Bueno, ahora s\u00e9 que no son pendones. Estando todo en orden, \u00a1a descansar!\u201d<br \/>\nM\u00e9xico desaparecido.<\/p>\n<p><strong>De cinismo y anexas<\/strong><\/p>\n<p>Pil\u00f3n: \u201c\u2026hay otros temas que seguramente pronto van a ser crisis como el del agua, la basura y la p\u00e9rdida de zonas verdes, por eso tenemos que estar preparados para lidiar en el corto plazo con una regi\u00f3n ambientalmente colapsada y en severo riesgo de que los problemas sean inmanejables\u201d, alert\u00f3 el maestro Javier Riojas Rodr\u00edguez, de la Universidad Iberoamericana Ciudad de M\u00e9xico. (sinembargo.mx).<br \/>\nSigan pensando su voto. Ni a quien irle\u2026<\/p>\n","protected":false},"excerpt":{"rendered":"<p>Jorge Arturo Rodr\u00edguez Tierra de Babel Vamos de mal en peor; m\u00e1s malas que buenas, pa\u2019 donde quiera que voltee a ver, ah\u00ed est\u00e1 la maldici\u00f3n, en nuestras narices, enfrentito y duele, cala que no haya visos de mejor\u00eda. M\u00e9xico inundado de coraje y, al mismo tiempo, de desesperanza, en el hartazgo, pero muchos a\u00fan [&hellip;]<\/p>\n","protected":false},"author":2,"featured_media":0,"comment_status":"open","ping_status":"open","sticky":false,"template":"","format":"standard","meta":{"tdm_status":"","tdm_grid_status":"","footnotes":""},"categories":[70],"tags":[5244,5241,5242,5243],"class_list":{"0":"post-22668","1":"post","2":"type-post","3":"status-publish","4":"format-standard","6":"category-de-opinion","7":"tag-federico-mastrogiovanni","8":"tag-ni-vivos-ni-muertos","9":"tag-purgatorio","10":"tag-tomas-eloy-martinez"},"yoast_head":"<!-- This site is optimized with the Yoast SEO plugin v27.4 - https:\/\/yoast.com\/product\/yoast-seo-wordpress\/ -->\n<title>Coraje en tres actos - Los pol\u00edticos Veracruz<\/title>\n<meta name=\"robots\" content=\"index, follow, max-snippet:-1, max-image-preview:large, max-video-preview:-1\" \/>\n<link rel=\"canonical\" href=\"https:\/\/lospoliticosveracruz.com\/?p=22668\" \/>\n<meta property=\"og:locale\" content=\"es_ES\" \/>\n<meta property=\"og:type\" content=\"article\" \/>\n<meta property=\"og:title\" content=\"Coraje en tres actos - Los pol\u00edticos Veracruz\" \/>\n<meta property=\"og:description\" content=\"Jorge Arturo Rodr\u00edguez Tierra de Babel Vamos de mal en peor; m\u00e1s malas que buenas, pa\u2019 donde quiera que voltee a ver, ah\u00ed est\u00e1 la maldici\u00f3n, en nuestras narices, enfrentito y duele, cala que no haya visos de mejor\u00eda. M\u00e9xico inundado de coraje y, al mismo tiempo, de desesperanza, en el hartazgo, pero muchos a\u00fan [&hellip;]\" \/>\n<meta property=\"og:url\" content=\"https:\/\/lospoliticosveracruz.com\/?p=22668\" \/>\n<meta property=\"og:site_name\" content=\"Los pol\u00edticos Veracruz\" \/>\n<meta property=\"article:publisher\" content=\"https:\/\/www.facebook.com\/people\/Notimemes-de-los-Polticos\/61565672886568\/\" \/>\n<meta property=\"article:published_time\" content=\"2016-04-14T02:54:12+00:00\" \/>\n<meta property=\"og:image\" content=\"http:\/\/www.lospoliticosveracruz.com.mx\/wp-content\/uploads\/2016\/04\/Ni-vivos-ni-muertos-300x218.jpg\" \/>\n<meta name=\"author\" content=\"Lo viste en Los Pol\u00edticos\" \/>\n<meta name=\"twitter:card\" content=\"summary_large_image\" \/>\n<meta name=\"twitter:creator\" content=\"@LosPoliticosVer\" \/>\n<meta name=\"twitter:site\" content=\"@LosPoliticosVer\" \/>\n<meta name=\"twitter:label1\" content=\"Escrito por\" \/>\n\t<meta name=\"twitter:data1\" content=\"Lo viste en Los Pol\u00edticos\" \/>\n\t<meta name=\"twitter:label2\" content=\"Tiempo de lectura\" \/>\n\t<meta name=\"twitter:data2\" content=\"3 minutos\" \/>\n<script type=\"application\/ld+json\" class=\"yoast-schema-graph\">{\"@context\":\"https:\\\/\\\/schema.org\",\"@graph\":[{\"@type\":\"Article\",\"@id\":\"https:\\\/\\\/lospoliticosveracruz.com\\\/?p=22668#article\",\"isPartOf\":{\"@id\":\"https:\\\/\\\/lospoliticosveracruz.com\\\/?p=22668\"},\"author\":{\"name\":\"Lo viste en Los Pol\u00edticos\",\"@id\":\"https:\\\/\\\/lospoliticosveracruz.com\\\/#\\\/schema\\\/person\\\/b8702bb0e538456e6efd07080bf2a4a2\"},\"headline\":\"Coraje en tres actos\",\"datePublished\":\"2016-04-14T02:54:12+00:00\",\"mainEntityOfPage\":{\"@id\":\"https:\\\/\\\/lospoliticosveracruz.com\\\/?p=22668\"},\"wordCount\":628,\"commentCount\":0,\"publisher\":{\"@id\":\"https:\\\/\\\/lospoliticosveracruz.com\\\/#organization\"},\"image\":{\"@id\":\"https:\\\/\\\/lospoliticosveracruz.com\\\/?p=22668#primaryimage\"},\"thumbnailUrl\":\"http:\\\/\\\/www.lospoliticosveracruz.com.mx\\\/wp-content\\\/uploads\\\/2016\\\/04\\\/Ni-vivos-ni-muertos-300x218.jpg\",\"keywords\":[\"Federico Mastrogiovanni\",\"Ni vivos ni muertos\",\"Purgatorio\",\"Tom\u00e1s Eloy Mart\u00ednez\"],\"articleSection\":[\"De Opini\u00f3n\"],\"inLanguage\":\"es\",\"potentialAction\":[{\"@type\":\"CommentAction\",\"name\":\"Comment\",\"target\":[\"https:\\\/\\\/lospoliticosveracruz.com\\\/?p=22668#respond\"]}]},{\"@type\":\"WebPage\",\"@id\":\"https:\\\/\\\/lospoliticosveracruz.com\\\/?p=22668\",\"url\":\"https:\\\/\\\/lospoliticosveracruz.com\\\/?p=22668\",\"name\":\"Coraje en tres actos - Los pol\u00edticos Veracruz\",\"isPartOf\":{\"@id\":\"https:\\\/\\\/lospoliticosveracruz.com\\\/#website\"},\"primaryImageOfPage\":{\"@id\":\"https:\\\/\\\/lospoliticosveracruz.com\\\/?p=22668#primaryimage\"},\"image\":{\"@id\":\"https:\\\/\\\/lospoliticosveracruz.com\\\/?p=22668#primaryimage\"},\"thumbnailUrl\":\"http:\\\/\\\/www.lospoliticosveracruz.com.mx\\\/wp-content\\\/uploads\\\/2016\\\/04\\\/Ni-vivos-ni-muertos-300x218.jpg\",\"datePublished\":\"2016-04-14T02:54:12+00:00\",\"breadcrumb\":{\"@id\":\"https:\\\/\\\/lospoliticosveracruz.com\\\/?p=22668#breadcrumb\"},\"inLanguage\":\"es\",\"potentialAction\":[{\"@type\":\"ReadAction\",\"target\":[\"https:\\\/\\\/lospoliticosveracruz.com\\\/?p=22668\"]}]},{\"@type\":\"ImageObject\",\"inLanguage\":\"es\",\"@id\":\"https:\\\/\\\/lospoliticosveracruz.com\\\/?p=22668#primaryimage\",\"url\":\"http:\\\/\\\/www.lospoliticosveracruz.com.mx\\\/wp-content\\\/uploads\\\/2016\\\/04\\\/Ni-vivos-ni-muertos-300x218.jpg\",\"contentUrl\":\"http:\\\/\\\/www.lospoliticosveracruz.com.mx\\\/wp-content\\\/uploads\\\/2016\\\/04\\\/Ni-vivos-ni-muertos-300x218.jpg\"},{\"@type\":\"BreadcrumbList\",\"@id\":\"https:\\\/\\\/lospoliticosveracruz.com\\\/?p=22668#breadcrumb\",\"itemListElement\":[{\"@type\":\"ListItem\",\"position\":1,\"name\":\"Portada\",\"item\":\"https:\\\/\\\/lospoliticosveracruz.com\\\/\"},{\"@type\":\"ListItem\",\"position\":2,\"name\":\"Coraje en tres actos\"}]},{\"@type\":\"WebSite\",\"@id\":\"https:\\\/\\\/lospoliticosveracruz.com\\\/#website\",\"url\":\"https:\\\/\\\/lospoliticosveracruz.com\\\/\",\"name\":\"Los pol\u00edticos Veracruz\",\"description\":\"\",\"publisher\":{\"@id\":\"https:\\\/\\\/lospoliticosveracruz.com\\\/#organization\"},\"potentialAction\":[{\"@type\":\"SearchAction\",\"target\":{\"@type\":\"EntryPoint\",\"urlTemplate\":\"https:\\\/\\\/lospoliticosveracruz.com\\\/?s={search_term_string}\"},\"query-input\":{\"@type\":\"PropertyValueSpecification\",\"valueRequired\":true,\"valueName\":\"search_term_string\"}}],\"inLanguage\":\"es\"},{\"@type\":\"Organization\",\"@id\":\"https:\\\/\\\/lospoliticosveracruz.com\\\/#organization\",\"name\":\"Los pol\u00edticos Veracruz\",\"url\":\"https:\\\/\\\/lospoliticosveracruz.com\\\/\",\"logo\":{\"@type\":\"ImageObject\",\"inLanguage\":\"es\",\"@id\":\"https:\\\/\\\/lospoliticosveracruz.com\\\/#\\\/schema\\\/logo\\\/image\\\/\",\"url\":\"https:\\\/\\\/lospoliticosveracruz.com\\\/wp-content\\\/uploads\\\/2025\\\/12\\\/Logo-Nuevo-LOS-POLITICOS-1.jpg\",\"contentUrl\":\"https:\\\/\\\/lospoliticosveracruz.com\\\/wp-content\\\/uploads\\\/2025\\\/12\\\/Logo-Nuevo-LOS-POLITICOS-1.jpg\",\"width\":260,\"height\":70,\"caption\":\"Los pol\u00edticos Veracruz\"},\"image\":{\"@id\":\"https:\\\/\\\/lospoliticosveracruz.com\\\/#\\\/schema\\\/logo\\\/image\\\/\"},\"sameAs\":[\"https:\\\/\\\/www.facebook.com\\\/people\\\/Notimemes-de-los-Polticos\\\/61565672886568\\\/\",\"https:\\\/\\\/x.com\\\/LosPoliticosVer\"]},{\"@type\":\"Person\",\"@id\":\"https:\\\/\\\/lospoliticosveracruz.com\\\/#\\\/schema\\\/person\\\/b8702bb0e538456e6efd07080bf2a4a2\",\"name\":\"Lo viste en Los Pol\u00edticos\",\"image\":{\"@type\":\"ImageObject\",\"inLanguage\":\"es\",\"@id\":\"https:\\\/\\\/secure.gravatar.com\\\/avatar\\\/3a8de04a2656d44082be478bd6c086daa447c4651605818287b9532d3d0bd435?s=96&d=mm&r=g\",\"url\":\"https:\\\/\\\/secure.gravatar.com\\\/avatar\\\/3a8de04a2656d44082be478bd6c086daa447c4651605818287b9532d3d0bd435?s=96&d=mm&r=g\",\"contentUrl\":\"https:\\\/\\\/secure.gravatar.com\\\/avatar\\\/3a8de04a2656d44082be478bd6c086daa447c4651605818287b9532d3d0bd435?s=96&d=mm&r=g\",\"caption\":\"Lo viste en Los Pol\u00edticos\"},\"url\":\"https:\\\/\\\/lospoliticosveracruz.com\\\/?author=2\"}]}<\/script>\n<!-- \/ Yoast SEO plugin. -->","yoast_head_json":{"title":"Coraje en tres actos - Los pol\u00edticos Veracruz","robots":{"index":"index","follow":"follow","max-snippet":"max-snippet:-1","max-image-preview":"max-image-preview:large","max-video-preview":"max-video-preview:-1"},"canonical":"https:\/\/lospoliticosveracruz.com\/?p=22668","og_locale":"es_ES","og_type":"article","og_title":"Coraje en tres actos - Los pol\u00edticos Veracruz","og_description":"Jorge Arturo Rodr\u00edguez Tierra de Babel Vamos de mal en peor; m\u00e1s malas que buenas, pa\u2019 donde quiera que voltee a ver, ah\u00ed est\u00e1 la maldici\u00f3n, en nuestras narices, enfrentito y duele, cala que no haya visos de mejor\u00eda. M\u00e9xico inundado de coraje y, al mismo tiempo, de desesperanza, en el hartazgo, pero muchos a\u00fan [&hellip;]","og_url":"https:\/\/lospoliticosveracruz.com\/?p=22668","og_site_name":"Los pol\u00edticos Veracruz","article_publisher":"https:\/\/www.facebook.com\/people\/Notimemes-de-los-Polticos\/61565672886568\/","article_published_time":"2016-04-14T02:54:12+00:00","og_image":[{"url":"http:\/\/www.lospoliticosveracruz.com.mx\/wp-content\/uploads\/2016\/04\/Ni-vivos-ni-muertos-300x218.jpg","type":"","width":"","height":""}],"author":"Lo viste en Los Pol\u00edticos","twitter_card":"summary_large_image","twitter_creator":"@LosPoliticosVer","twitter_site":"@LosPoliticosVer","twitter_misc":{"Escrito por":"Lo viste en Los Pol\u00edticos","Tiempo de lectura":"3 minutos"},"schema":{"@context":"https:\/\/schema.org","@graph":[{"@type":"Article","@id":"https:\/\/lospoliticosveracruz.com\/?p=22668#article","isPartOf":{"@id":"https:\/\/lospoliticosveracruz.com\/?p=22668"},"author":{"name":"Lo viste en Los Pol\u00edticos","@id":"https:\/\/lospoliticosveracruz.com\/#\/schema\/person\/b8702bb0e538456e6efd07080bf2a4a2"},"headline":"Coraje en tres actos","datePublished":"2016-04-14T02:54:12+00:00","mainEntityOfPage":{"@id":"https:\/\/lospoliticosveracruz.com\/?p=22668"},"wordCount":628,"commentCount":0,"publisher":{"@id":"https:\/\/lospoliticosveracruz.com\/#organization"},"image":{"@id":"https:\/\/lospoliticosveracruz.com\/?p=22668#primaryimage"},"thumbnailUrl":"http:\/\/www.lospoliticosveracruz.com.mx\/wp-content\/uploads\/2016\/04\/Ni-vivos-ni-muertos-300x218.jpg","keywords":["Federico Mastrogiovanni","Ni vivos ni muertos","Purgatorio","Tom\u00e1s Eloy Mart\u00ednez"],"articleSection":["De Opini\u00f3n"],"inLanguage":"es","potentialAction":[{"@type":"CommentAction","name":"Comment","target":["https:\/\/lospoliticosveracruz.com\/?p=22668#respond"]}]},{"@type":"WebPage","@id":"https:\/\/lospoliticosveracruz.com\/?p=22668","url":"https:\/\/lospoliticosveracruz.com\/?p=22668","name":"Coraje en tres actos - Los pol\u00edticos Veracruz","isPartOf":{"@id":"https:\/\/lospoliticosveracruz.com\/#website"},"primaryImageOfPage":{"@id":"https:\/\/lospoliticosveracruz.com\/?p=22668#primaryimage"},"image":{"@id":"https:\/\/lospoliticosveracruz.com\/?p=22668#primaryimage"},"thumbnailUrl":"http:\/\/www.lospoliticosveracruz.com.mx\/wp-content\/uploads\/2016\/04\/Ni-vivos-ni-muertos-300x218.jpg","datePublished":"2016-04-14T02:54:12+00:00","breadcrumb":{"@id":"https:\/\/lospoliticosveracruz.com\/?p=22668#breadcrumb"},"inLanguage":"es","potentialAction":[{"@type":"ReadAction","target":["https:\/\/lospoliticosveracruz.com\/?p=22668"]}]},{"@type":"ImageObject","inLanguage":"es","@id":"https:\/\/lospoliticosveracruz.com\/?p=22668#primaryimage","url":"http:\/\/www.lospoliticosveracruz.com.mx\/wp-content\/uploads\/2016\/04\/Ni-vivos-ni-muertos-300x218.jpg","contentUrl":"http:\/\/www.lospoliticosveracruz.com.mx\/wp-content\/uploads\/2016\/04\/Ni-vivos-ni-muertos-300x218.jpg"},{"@type":"BreadcrumbList","@id":"https:\/\/lospoliticosveracruz.com\/?p=22668#breadcrumb","itemListElement":[{"@type":"ListItem","position":1,"name":"Portada","item":"https:\/\/lospoliticosveracruz.com\/"},{"@type":"ListItem","position":2,"name":"Coraje en tres actos"}]},{"@type":"WebSite","@id":"https:\/\/lospoliticosveracruz.com\/#website","url":"https:\/\/lospoliticosveracruz.com\/","name":"Los pol\u00edticos Veracruz","description":"","publisher":{"@id":"https:\/\/lospoliticosveracruz.com\/#organization"},"potentialAction":[{"@type":"SearchAction","target":{"@type":"EntryPoint","urlTemplate":"https:\/\/lospoliticosveracruz.com\/?s={search_term_string}"},"query-input":{"@type":"PropertyValueSpecification","valueRequired":true,"valueName":"search_term_string"}}],"inLanguage":"es"},{"@type":"Organization","@id":"https:\/\/lospoliticosveracruz.com\/#organization","name":"Los pol\u00edticos Veracruz","url":"https:\/\/lospoliticosveracruz.com\/","logo":{"@type":"ImageObject","inLanguage":"es","@id":"https:\/\/lospoliticosveracruz.com\/#\/schema\/logo\/image\/","url":"https:\/\/lospoliticosveracruz.com\/wp-content\/uploads\/2025\/12\/Logo-Nuevo-LOS-POLITICOS-1.jpg","contentUrl":"https:\/\/lospoliticosveracruz.com\/wp-content\/uploads\/2025\/12\/Logo-Nuevo-LOS-POLITICOS-1.jpg","width":260,"height":70,"caption":"Los pol\u00edticos Veracruz"},"image":{"@id":"https:\/\/lospoliticosveracruz.com\/#\/schema\/logo\/image\/"},"sameAs":["https:\/\/www.facebook.com\/people\/Notimemes-de-los-Polticos\/61565672886568\/","https:\/\/x.com\/LosPoliticosVer"]},{"@type":"Person","@id":"https:\/\/lospoliticosveracruz.com\/#\/schema\/person\/b8702bb0e538456e6efd07080bf2a4a2","name":"Lo viste en Los Pol\u00edticos","image":{"@type":"ImageObject","inLanguage":"es","@id":"https:\/\/secure.gravatar.com\/avatar\/3a8de04a2656d44082be478bd6c086daa447c4651605818287b9532d3d0bd435?s=96&d=mm&r=g","url":"https:\/\/secure.gravatar.com\/avatar\/3a8de04a2656d44082be478bd6c086daa447c4651605818287b9532d3d0bd435?s=96&d=mm&r=g","contentUrl":"https:\/\/secure.gravatar.com\/avatar\/3a8de04a2656d44082be478bd6c086daa447c4651605818287b9532d3d0bd435?s=96&d=mm&r=g","caption":"Lo viste en Los Pol\u00edticos"},"url":"https:\/\/lospoliticosveracruz.com\/?author=2"}]}},"_links":{"self":[{"href":"https:\/\/lospoliticosveracruz.com\/index.php?rest_route=\/wp\/v2\/posts\/22668","targetHints":{"allow":["GET"]}}],"collection":[{"href":"https:\/\/lospoliticosveracruz.com\/index.php?rest_route=\/wp\/v2\/posts"}],"about":[{"href":"https:\/\/lospoliticosveracruz.com\/index.php?rest_route=\/wp\/v2\/types\/post"}],"author":[{"embeddable":true,"href":"https:\/\/lospoliticosveracruz.com\/index.php?rest_route=\/wp\/v2\/users\/2"}],"replies":[{"embeddable":true,"href":"https:\/\/lospoliticosveracruz.com\/index.php?rest_route=%2Fwp%2Fv2%2Fcomments&post=22668"}],"version-history":[{"count":1,"href":"https:\/\/lospoliticosveracruz.com\/index.php?rest_route=\/wp\/v2\/posts\/22668\/revisions"}],"predecessor-version":[{"id":22671,"href":"https:\/\/lospoliticosveracruz.com\/index.php?rest_route=\/wp\/v2\/posts\/22668\/revisions\/22671"}],"wp:attachment":[{"href":"https:\/\/lospoliticosveracruz.com\/index.php?rest_route=%2Fwp%2Fv2%2Fmedia&parent=22668"}],"wp:term":[{"taxonomy":"category","embeddable":true,"href":"https:\/\/lospoliticosveracruz.com\/index.php?rest_route=%2Fwp%2Fv2%2Fcategories&post=22668"},{"taxonomy":"post_tag","embeddable":true,"href":"https:\/\/lospoliticosveracruz.com\/index.php?rest_route=%2Fwp%2Fv2%2Ftags&post=22668"}],"curies":[{"name":"wp","href":"https:\/\/api.w.org\/{rel}","templated":true}]}}