{"id":22672,"date":"2016-04-13T22:02:27","date_gmt":"2016-04-14T03:02:27","guid":{"rendered":"http:\/\/www.lospoliticosveracruz.com.mx\/?p=22672"},"modified":"2016-04-13T22:02:27","modified_gmt":"2016-04-14T03:02:27","slug":"la-renuncia-de-garrido-y-el-no-le-ruego-de-tress","status":"publish","type":"post","link":"https:\/\/lospoliticosveracruz.com\/?p=22672","title":{"rendered":"La renuncia de Garrido y el \u201cno le ruego\u201d de Tress"},"content":{"rendered":"<p><a href=\"http:\/\/www.lospoliticosveracruz.com.mx\/wp-content\/uploads\/2016\/04\/Paco-Garrido-Tress-Jim\u00e9nez.jpg\"><img loading=\"lazy\" decoding=\"async\" class=\"alignnone size-medium wp-image-22673\" src=\"http:\/\/www.lospoliticosveracruz.com.mx\/wp-content\/uploads\/2016\/04\/Paco-Garrido-Tress-Jim\u00e9nez-300x200.jpg\" alt=\"Paco Garrido Tress Jim\u00e9nez\" width=\"300\" height=\"200\" \/><\/a><br \/>\n<strong>Luis Alberto Romero<\/strong><\/p>\n<p><em>Hora Cero<\/em><\/p>\n<p>En tiempos electorales, las renuncias de militantes y los reacomodos de los actores pol\u00edticos en los partidos se pueden considerar, hasta cierto punto, como un fen\u00f3meno normal; los cambios de camiseta son frecuentes: Alba Leonila M\u00e9ndez Herrera, por citar un ejemplo, pas\u00f3 del PAN al PT; V\u00edctor Alejandro V\u00e1zquez Cuevas, del PAN al PES; Juan Bueno tambi\u00e9n renuncia al blanquiazul y se declar\u00f3 candidato independiente; Eduardo Vega Yunes, del PRI al AVE; Mariely Manterola Sainz, del PRI al PAN; Rodrigo Garc\u00eda Escalante, del PRI al Verde; Antonio Luna Rosales, del PAN al Verde; Fidel Robles, del PT a Morena, etc\u00e9tera. La lista podr\u00eda resultar tan larga como innecesaria.<br \/>\nEl caso m\u00e1s reciente se registr\u00f3 en la Legislatura del estado, donde el diputado Francisco Garrido S\u00e1nchez anunci\u00f3 que renuncia a su hoy ex partido para declararse legislador independiente.<br \/>\nLos desencuentros entre ese instituto pol\u00edtico y su \u00fanico diputado local fueron tan frecuentes que se pod\u00eda decir que era cuesti\u00f3n de tiempo para que las diferencias se convirtieran en ruptura; y \u00e9sta, en renuncia.<br \/>\nA pesar de ello, la dirigencia del AVE fue tomada por sorpresa, sobre todo porque hace dos d\u00edas se registr\u00f3 una reuni\u00f3n entre las partes y, aunque no hubo acuerdos, todo transcurri\u00f3 hasta cierto punto normal.<br \/>\nPosteriormente, sin decir agua va, Paco Garrido declar\u00f3 que por no estar de acuerdo con los dirigentes del AVE, prefer\u00eda renunciar al partido; dijo tambi\u00e9n que Alternativa Veracruzana hab\u00eda perdido el rumbo y la congruencia; que no escuchaba las voces de quienes le dieron forma y vida; y que se hab\u00eda dejado de reconocer el trabajo de la militancia. En s\u00edntesis, que AVE dej\u00f3 de ser una alternativa; parad\u00f3jico.<br \/>\n\u00bfEsperaba algo diferente el hoy diputado local independiente?, sobre todo porque se trata de un partido creado a partir de ex militantes de otras fuerzas pol\u00edticas; Alfredo Tress Jim\u00e9nez, su fundador, por ejemplo, fue dirigente estatal de Convergencia por la Democracia, hoy Movimiento Ciudadano; su actual secretario general, Alberto Meza Abud, era militante destacado de Acci\u00f3n Nacional; y la mayor\u00eda de sus candidatos a cargos de elecci\u00f3n popular han estado identificados con otros partidos.<br \/>\nQuienes le conocen de cerca apuntan que Francisco Garrido nunca fue un activo real de AVE; era un peque\u00f1o empresario con una carrera universitaria trunca; de hecho, se le atribu\u00eda mayor cercan\u00eda con el senador Jos\u00e9 Francisco Yunes Zorrilla que con el partido que le llev\u00f3 a la Legislatura del Estado.<br \/>\nPor eso no fue sorpresiva la renuncia de Garrido S\u00e1nchez a un partido al que muy poco aportaba; era m\u00e1s bien, como dec\u00eda l\u00edneas arriba, s\u00f3lo cuesti\u00f3n de tiempo.<br \/>\nUno de los desencuentros ocurri\u00f3 en octubre pasado, cuando p\u00fablicamente, el dirigente de AVE cuestion\u00f3 a su diputado por haber aprobado el incremento del dos al tres por ciento en el Impuesto a la N\u00f3mina; el partido, dijo Tress en aquella ocasi\u00f3n, rechaza el aumento a la carga tributaria de los veracruzanos.<br \/>\nTres meses despu\u00e9s, durante enero, Paco Garrido amag\u00f3 con renunciar al partido, a lo que el l\u00edder de AVE respondi\u00f3 pr\u00e1cticamente con un \u201csi quiere irse, que se vaya\u201d.<br \/>\nEste mi\u00e9rcoles platicaba v\u00eda telef\u00f3nica con Alfredo Tress; comenta que de ninguna manera puede retener a su hoy ex diputado local; dice que si Garrido quiere irse del partido, \u201cno le podemos rogar, ni suplicar; no lo har\u00edamos con nadie, con ning\u00fan militante\u201d.<br \/>\nApunta que no puede, en su calidad de dirigente de AVE, emitir una opini\u00f3n sobre los motivos de la renuncia, \u201cporque \u00e9sta no se ha presentado de manera formal; no est\u00e1 en mi escritorio ni se ha presentado ante instancia alguna del partido\u201d.<br \/>\nAVE, se\u00f1ala Tress Jim\u00e9nez, \u201ces igual con Garrido, sin \u00e9l o a pesar de \u00e9l\u201d<br \/>\nPara fines pr\u00e1cticos, muy poco pierde el instituto que encabeza Alfredo Tress con la renuncia de Garrido S\u00e1nchez, quien, por cierto, es uno de los fundadores del partido, creado a partir de la asociaci\u00f3n \u201cAlternancia Democr\u00e1tica\u201d, que encabezaba el propio diputado, as\u00ed como Jos\u00e9 Octavio C\u00f3rdova y Rafael Efr\u00e9n Ayala.<br \/>\nFrancisco Garrido ser\u00e1, durante el poco tiempo que le queda en la Legislatura, un diputado sin partido; lo m\u00e1s probable es que despu\u00e9s se le vea a lado del senador Jos\u00e9 Francisco Yunes, en el intento por llegar a la gubernatura en 2018.<br \/>\nAVE se queda con el reto de mantener el nada despreciable 6.65 por ciento de los votos que logr\u00f3 en el proceso local de 2013, el primero en que particip\u00f3, cuando con m\u00e1s de 211 mil sufragios obtuvo el triunfo en 16 de los 212 ayuntamientos en disputa.<\/p>\n<p><strong>Meade en Sedesol, la perspectiva de g\u00e9nero<\/strong><br \/>\nEl secretario de Desarrollo Social del gobierno federal, Jos\u00e9 Antonio Meade Kuribre\u00f1a, acompa\u00f1\u00f3 al titular de la Secretar\u00eda de Educaci\u00f3n, Aurelio Nu\u00f1o Mayer, durante la visita a Perote.<br \/>\nLos citados funcionarios entregaron certificados de estudios a un grupo de adultos mayores, en una acci\u00f3n conjunta entre dichas dependencias, que trabajan de manera coordinada en estrategias de combate al rezado educativo y social.<br \/>\nEl de Perote no es el primer evento organizado por SEP y Sedesol; el pasado lunes, los representantes de dichas oficinas suscribieron un convenio encaminado a fortalecer la igualdad de trato y oportunidades para mujeres y hombres, sin importar su condici\u00f3n social, sexo o preferencia sexual, as\u00ed como para eliminar todo tipo de violencia de g\u00e9nero.<br \/>\nEn ese esfuerzo para fomentar los valores relacionados con la equidad, Jos\u00e9 Antonio Meade, al frente de la Sedesol, puso en marcha acciones para promover, en las reglas de operaci\u00f3n de los programas sociales, la igualdad de trato; es decir, pol\u00edticas p\u00fablicas con perspectiva de g\u00e9nero.<br \/>\nPues bien, el evento desarrollado en Perote es un paso m\u00e1s de la Sedesol para fortalecer la equidad de g\u00e9nero y la igualdad de oportunidades. Habr\u00eda que agregar que la dependencia tiene a 26 millones de mujeres mexicanas como beneficiarias de programas sociales. @luisromero85<\/p>\n","protected":false},"excerpt":{"rendered":"<p>Luis Alberto Romero Hora Cero En tiempos electorales, las renuncias de militantes y los reacomodos de los actores pol\u00edticos en los partidos se pueden considerar, hasta cierto punto, como un fen\u00f3meno normal; los cambios de camiseta son frecuentes: Alba Leonila M\u00e9ndez Herrera, por citar un ejemplo, pas\u00f3 del PAN al PT; V\u00edctor Alejandro V\u00e1zquez Cuevas, [&hellip;]<\/p>\n","protected":false},"author":2,"featured_media":0,"comment_status":"open","ping_status":"open","sticky":false,"template":"","format":"standard","meta":{"tdm_status":"","tdm_grid_status":"","footnotes":""},"categories":[70],"tags":[1356],"class_list":{"0":"post-22672","1":"post","2":"type-post","3":"status-publish","4":"format-standard","6":"category-de-opinion","7":"tag-francisco-garrido-sanchez"},"yoast_head":"<!-- This site is optimized with the Yoast SEO plugin v27.4 - https:\/\/yoast.com\/product\/yoast-seo-wordpress\/ -->\n<title>La renuncia de Garrido y el \u201cno le ruego\u201d de Tress - Los pol\u00edticos Veracruz<\/title>\n<meta name=\"robots\" content=\"index, follow, max-snippet:-1, max-image-preview:large, max-video-preview:-1\" \/>\n<link rel=\"canonical\" href=\"https:\/\/lospoliticosveracruz.com\/?p=22672\" \/>\n<meta property=\"og:locale\" content=\"es_ES\" \/>\n<meta property=\"og:type\" content=\"article\" \/>\n<meta property=\"og:title\" content=\"La renuncia de Garrido y el \u201cno le ruego\u201d de Tress - Los pol\u00edticos Veracruz\" \/>\n<meta property=\"og:description\" content=\"Luis Alberto Romero Hora Cero En tiempos electorales, las renuncias de militantes y los reacomodos de los actores pol\u00edticos en los partidos se pueden considerar, hasta cierto punto, como un fen\u00f3meno normal; los cambios de camiseta son frecuentes: Alba Leonila M\u00e9ndez Herrera, por citar un ejemplo, pas\u00f3 del PAN al PT; V\u00edctor Alejandro V\u00e1zquez Cuevas, [&hellip;]\" \/>\n<meta property=\"og:url\" content=\"https:\/\/lospoliticosveracruz.com\/?p=22672\" \/>\n<meta property=\"og:site_name\" content=\"Los pol\u00edticos Veracruz\" \/>\n<meta property=\"article:publisher\" content=\"https:\/\/www.facebook.com\/people\/Notimemes-de-los-Polticos\/61565672886568\/\" \/>\n<meta property=\"article:published_time\" content=\"2016-04-14T03:02:27+00:00\" \/>\n<meta property=\"og:image\" content=\"https:\/\/lospoliticosveracruz.com\/wp-content\/uploads\/2016\/07\/Logo-Dor.jpg\" \/>\n\t<meta property=\"og:image:width\" content=\"200\" \/>\n\t<meta property=\"og:image:height\" content=\"200\" \/>\n\t<meta property=\"og:image:type\" content=\"image\/jpeg\" \/>\n<meta name=\"author\" content=\"Lo viste en Los Pol\u00edticos\" \/>\n<meta name=\"twitter:card\" content=\"summary_large_image\" \/>\n<meta name=\"twitter:creator\" content=\"@LosPoliticosVer\" \/>\n<meta name=\"twitter:site\" content=\"@LosPoliticosVer\" \/>\n<meta name=\"twitter:label1\" content=\"Escrito por\" \/>\n\t<meta name=\"twitter:data1\" content=\"Lo viste en Los Pol\u00edticos\" \/>\n\t<meta name=\"twitter:label2\" content=\"Tiempo de lectura\" \/>\n\t<meta name=\"twitter:data2\" content=\"5 minutos\" \/>\n<script type=\"application\/ld+json\" class=\"yoast-schema-graph\">{\"@context\":\"https:\\\/\\\/schema.org\",\"@graph\":[{\"@type\":\"Article\",\"@id\":\"https:\\\/\\\/lospoliticosveracruz.com\\\/?p=22672#article\",\"isPartOf\":{\"@id\":\"https:\\\/\\\/lospoliticosveracruz.com\\\/?p=22672\"},\"author\":{\"name\":\"Lo viste en Los Pol\u00edticos\",\"@id\":\"https:\\\/\\\/lospoliticosveracruz.com\\\/#\\\/schema\\\/person\\\/b8702bb0e538456e6efd07080bf2a4a2\"},\"headline\":\"La renuncia de Garrido y el \u201cno le ruego\u201d de Tress\",\"datePublished\":\"2016-04-14T03:02:27+00:00\",\"mainEntityOfPage\":{\"@id\":\"https:\\\/\\\/lospoliticosveracruz.com\\\/?p=22672\"},\"wordCount\":1052,\"commentCount\":0,\"publisher\":{\"@id\":\"https:\\\/\\\/lospoliticosveracruz.com\\\/#organization\"},\"keywords\":[\"Francisco Garrido S\u00e1nchez\"],\"articleSection\":[\"De Opini\u00f3n\"],\"inLanguage\":\"es\",\"potentialAction\":[{\"@type\":\"CommentAction\",\"name\":\"Comment\",\"target\":[\"https:\\\/\\\/lospoliticosveracruz.com\\\/?p=22672#respond\"]}]},{\"@type\":\"WebPage\",\"@id\":\"https:\\\/\\\/lospoliticosveracruz.com\\\/?p=22672\",\"url\":\"https:\\\/\\\/lospoliticosveracruz.com\\\/?p=22672\",\"name\":\"La renuncia de Garrido y el \u201cno le ruego\u201d de Tress - Los pol\u00edticos Veracruz\",\"isPartOf\":{\"@id\":\"https:\\\/\\\/lospoliticosveracruz.com\\\/#website\"},\"datePublished\":\"2016-04-14T03:02:27+00:00\",\"breadcrumb\":{\"@id\":\"https:\\\/\\\/lospoliticosveracruz.com\\\/?p=22672#breadcrumb\"},\"inLanguage\":\"es\",\"potentialAction\":[{\"@type\":\"ReadAction\",\"target\":[\"https:\\\/\\\/lospoliticosveracruz.com\\\/?p=22672\"]}]},{\"@type\":\"BreadcrumbList\",\"@id\":\"https:\\\/\\\/lospoliticosveracruz.com\\\/?p=22672#breadcrumb\",\"itemListElement\":[{\"@type\":\"ListItem\",\"position\":1,\"name\":\"Portada\",\"item\":\"https:\\\/\\\/lospoliticosveracruz.com\\\/\"},{\"@type\":\"ListItem\",\"position\":2,\"name\":\"La renuncia de Garrido y el \u201cno le ruego\u201d de Tress\"}]},{\"@type\":\"WebSite\",\"@id\":\"https:\\\/\\\/lospoliticosveracruz.com\\\/#website\",\"url\":\"https:\\\/\\\/lospoliticosveracruz.com\\\/\",\"name\":\"Los pol\u00edticos Veracruz\",\"description\":\"\",\"publisher\":{\"@id\":\"https:\\\/\\\/lospoliticosveracruz.com\\\/#organization\"},\"potentialAction\":[{\"@type\":\"SearchAction\",\"target\":{\"@type\":\"EntryPoint\",\"urlTemplate\":\"https:\\\/\\\/lospoliticosveracruz.com\\\/?s={search_term_string}\"},\"query-input\":{\"@type\":\"PropertyValueSpecification\",\"valueRequired\":true,\"valueName\":\"search_term_string\"}}],\"inLanguage\":\"es\"},{\"@type\":\"Organization\",\"@id\":\"https:\\\/\\\/lospoliticosveracruz.com\\\/#organization\",\"name\":\"Los pol\u00edticos Veracruz\",\"url\":\"https:\\\/\\\/lospoliticosveracruz.com\\\/\",\"logo\":{\"@type\":\"ImageObject\",\"inLanguage\":\"es\",\"@id\":\"https:\\\/\\\/lospoliticosveracruz.com\\\/#\\\/schema\\\/logo\\\/image\\\/\",\"url\":\"https:\\\/\\\/lospoliticosveracruz.com\\\/wp-content\\\/uploads\\\/2025\\\/12\\\/Logo-Nuevo-LOS-POLITICOS-1.jpg\",\"contentUrl\":\"https:\\\/\\\/lospoliticosveracruz.com\\\/wp-content\\\/uploads\\\/2025\\\/12\\\/Logo-Nuevo-LOS-POLITICOS-1.jpg\",\"width\":260,\"height\":70,\"caption\":\"Los pol\u00edticos Veracruz\"},\"image\":{\"@id\":\"https:\\\/\\\/lospoliticosveracruz.com\\\/#\\\/schema\\\/logo\\\/image\\\/\"},\"sameAs\":[\"https:\\\/\\\/www.facebook.com\\\/people\\\/Notimemes-de-los-Polticos\\\/61565672886568\\\/\",\"https:\\\/\\\/x.com\\\/LosPoliticosVer\"]},{\"@type\":\"Person\",\"@id\":\"https:\\\/\\\/lospoliticosveracruz.com\\\/#\\\/schema\\\/person\\\/b8702bb0e538456e6efd07080bf2a4a2\",\"name\":\"Lo viste en Los Pol\u00edticos\",\"image\":{\"@type\":\"ImageObject\",\"inLanguage\":\"es\",\"@id\":\"https:\\\/\\\/secure.gravatar.com\\\/avatar\\\/3a8de04a2656d44082be478bd6c086daa447c4651605818287b9532d3d0bd435?s=96&d=mm&r=g\",\"url\":\"https:\\\/\\\/secure.gravatar.com\\\/avatar\\\/3a8de04a2656d44082be478bd6c086daa447c4651605818287b9532d3d0bd435?s=96&d=mm&r=g\",\"contentUrl\":\"https:\\\/\\\/secure.gravatar.com\\\/avatar\\\/3a8de04a2656d44082be478bd6c086daa447c4651605818287b9532d3d0bd435?s=96&d=mm&r=g\",\"caption\":\"Lo viste en Los Pol\u00edticos\"},\"url\":\"https:\\\/\\\/lospoliticosveracruz.com\\\/?author=2\"}]}<\/script>\n<!-- \/ Yoast SEO plugin. -->","yoast_head_json":{"title":"La renuncia de Garrido y el \u201cno le ruego\u201d de Tress - Los pol\u00edticos Veracruz","robots":{"index":"index","follow":"follow","max-snippet":"max-snippet:-1","max-image-preview":"max-image-preview:large","max-video-preview":"max-video-preview:-1"},"canonical":"https:\/\/lospoliticosveracruz.com\/?p=22672","og_locale":"es_ES","og_type":"article","og_title":"La renuncia de Garrido y el \u201cno le ruego\u201d de Tress - Los pol\u00edticos Veracruz","og_description":"Luis Alberto Romero Hora Cero En tiempos electorales, las renuncias de militantes y los reacomodos de los actores pol\u00edticos en los partidos se pueden considerar, hasta cierto punto, como un fen\u00f3meno normal; los cambios de camiseta son frecuentes: Alba Leonila M\u00e9ndez Herrera, por citar un ejemplo, pas\u00f3 del PAN al PT; V\u00edctor Alejandro V\u00e1zquez Cuevas, [&hellip;]","og_url":"https:\/\/lospoliticosveracruz.com\/?p=22672","og_site_name":"Los pol\u00edticos Veracruz","article_publisher":"https:\/\/www.facebook.com\/people\/Notimemes-de-los-Polticos\/61565672886568\/","article_published_time":"2016-04-14T03:02:27+00:00","og_image":[{"width":200,"height":200,"url":"https:\/\/lospoliticosveracruz.com\/wp-content\/uploads\/2016\/07\/Logo-Dor.jpg","type":"image\/jpeg"}],"author":"Lo viste en Los Pol\u00edticos","twitter_card":"summary_large_image","twitter_creator":"@LosPoliticosVer","twitter_site":"@LosPoliticosVer","twitter_misc":{"Escrito por":"Lo viste en Los Pol\u00edticos","Tiempo de lectura":"5 minutos"},"schema":{"@context":"https:\/\/schema.org","@graph":[{"@type":"Article","@id":"https:\/\/lospoliticosveracruz.com\/?p=22672#article","isPartOf":{"@id":"https:\/\/lospoliticosveracruz.com\/?p=22672"},"author":{"name":"Lo viste en Los Pol\u00edticos","@id":"https:\/\/lospoliticosveracruz.com\/#\/schema\/person\/b8702bb0e538456e6efd07080bf2a4a2"},"headline":"La renuncia de Garrido y el \u201cno le ruego\u201d de Tress","datePublished":"2016-04-14T03:02:27+00:00","mainEntityOfPage":{"@id":"https:\/\/lospoliticosveracruz.com\/?p=22672"},"wordCount":1052,"commentCount":0,"publisher":{"@id":"https:\/\/lospoliticosveracruz.com\/#organization"},"keywords":["Francisco Garrido S\u00e1nchez"],"articleSection":["De Opini\u00f3n"],"inLanguage":"es","potentialAction":[{"@type":"CommentAction","name":"Comment","target":["https:\/\/lospoliticosveracruz.com\/?p=22672#respond"]}]},{"@type":"WebPage","@id":"https:\/\/lospoliticosveracruz.com\/?p=22672","url":"https:\/\/lospoliticosveracruz.com\/?p=22672","name":"La renuncia de Garrido y el \u201cno le ruego\u201d de Tress - Los pol\u00edticos Veracruz","isPartOf":{"@id":"https:\/\/lospoliticosveracruz.com\/#website"},"datePublished":"2016-04-14T03:02:27+00:00","breadcrumb":{"@id":"https:\/\/lospoliticosveracruz.com\/?p=22672#breadcrumb"},"inLanguage":"es","potentialAction":[{"@type":"ReadAction","target":["https:\/\/lospoliticosveracruz.com\/?p=22672"]}]},{"@type":"BreadcrumbList","@id":"https:\/\/lospoliticosveracruz.com\/?p=22672#breadcrumb","itemListElement":[{"@type":"ListItem","position":1,"name":"Portada","item":"https:\/\/lospoliticosveracruz.com\/"},{"@type":"ListItem","position":2,"name":"La renuncia de Garrido y el \u201cno le ruego\u201d de Tress"}]},{"@type":"WebSite","@id":"https:\/\/lospoliticosveracruz.com\/#website","url":"https:\/\/lospoliticosveracruz.com\/","name":"Los pol\u00edticos Veracruz","description":"","publisher":{"@id":"https:\/\/lospoliticosveracruz.com\/#organization"},"potentialAction":[{"@type":"SearchAction","target":{"@type":"EntryPoint","urlTemplate":"https:\/\/lospoliticosveracruz.com\/?s={search_term_string}"},"query-input":{"@type":"PropertyValueSpecification","valueRequired":true,"valueName":"search_term_string"}}],"inLanguage":"es"},{"@type":"Organization","@id":"https:\/\/lospoliticosveracruz.com\/#organization","name":"Los pol\u00edticos Veracruz","url":"https:\/\/lospoliticosveracruz.com\/","logo":{"@type":"ImageObject","inLanguage":"es","@id":"https:\/\/lospoliticosveracruz.com\/#\/schema\/logo\/image\/","url":"https:\/\/lospoliticosveracruz.com\/wp-content\/uploads\/2025\/12\/Logo-Nuevo-LOS-POLITICOS-1.jpg","contentUrl":"https:\/\/lospoliticosveracruz.com\/wp-content\/uploads\/2025\/12\/Logo-Nuevo-LOS-POLITICOS-1.jpg","width":260,"height":70,"caption":"Los pol\u00edticos Veracruz"},"image":{"@id":"https:\/\/lospoliticosveracruz.com\/#\/schema\/logo\/image\/"},"sameAs":["https:\/\/www.facebook.com\/people\/Notimemes-de-los-Polticos\/61565672886568\/","https:\/\/x.com\/LosPoliticosVer"]},{"@type":"Person","@id":"https:\/\/lospoliticosveracruz.com\/#\/schema\/person\/b8702bb0e538456e6efd07080bf2a4a2","name":"Lo viste en Los Pol\u00edticos","image":{"@type":"ImageObject","inLanguage":"es","@id":"https:\/\/secure.gravatar.com\/avatar\/3a8de04a2656d44082be478bd6c086daa447c4651605818287b9532d3d0bd435?s=96&d=mm&r=g","url":"https:\/\/secure.gravatar.com\/avatar\/3a8de04a2656d44082be478bd6c086daa447c4651605818287b9532d3d0bd435?s=96&d=mm&r=g","contentUrl":"https:\/\/secure.gravatar.com\/avatar\/3a8de04a2656d44082be478bd6c086daa447c4651605818287b9532d3d0bd435?s=96&d=mm&r=g","caption":"Lo viste en Los Pol\u00edticos"},"url":"https:\/\/lospoliticosveracruz.com\/?author=2"}]}},"_links":{"self":[{"href":"https:\/\/lospoliticosveracruz.com\/index.php?rest_route=\/wp\/v2\/posts\/22672","targetHints":{"allow":["GET"]}}],"collection":[{"href":"https:\/\/lospoliticosveracruz.com\/index.php?rest_route=\/wp\/v2\/posts"}],"about":[{"href":"https:\/\/lospoliticosveracruz.com\/index.php?rest_route=\/wp\/v2\/types\/post"}],"author":[{"embeddable":true,"href":"https:\/\/lospoliticosveracruz.com\/index.php?rest_route=\/wp\/v2\/users\/2"}],"replies":[{"embeddable":true,"href":"https:\/\/lospoliticosveracruz.com\/index.php?rest_route=%2Fwp%2Fv2%2Fcomments&post=22672"}],"version-history":[{"count":1,"href":"https:\/\/lospoliticosveracruz.com\/index.php?rest_route=\/wp\/v2\/posts\/22672\/revisions"}],"predecessor-version":[{"id":22674,"href":"https:\/\/lospoliticosveracruz.com\/index.php?rest_route=\/wp\/v2\/posts\/22672\/revisions\/22674"}],"wp:attachment":[{"href":"https:\/\/lospoliticosveracruz.com\/index.php?rest_route=%2Fwp%2Fv2%2Fmedia&parent=22672"}],"wp:term":[{"taxonomy":"category","embeddable":true,"href":"https:\/\/lospoliticosveracruz.com\/index.php?rest_route=%2Fwp%2Fv2%2Fcategories&post=22672"},{"taxonomy":"post_tag","embeddable":true,"href":"https:\/\/lospoliticosveracruz.com\/index.php?rest_route=%2Fwp%2Fv2%2Ftags&post=22672"}],"curies":[{"name":"wp","href":"https:\/\/api.w.org\/{rel}","templated":true}]}}