{"id":22675,"date":"2016-04-13T22:14:16","date_gmt":"2016-04-14T03:14:16","guid":{"rendered":"http:\/\/www.lospoliticosveracruz.com.mx\/?p=22675"},"modified":"2016-04-13T22:14:16","modified_gmt":"2016-04-14T03:14:16","slug":"el-semaforo-en-tantoyuca","status":"publish","type":"post","link":"https:\/\/lospoliticosveracruz.com\/?p=22675","title":{"rendered":"El sem\u00e1foro en Tantoyuca"},"content":{"rendered":"<p><a href=\"http:\/\/www.lospoliticosveracruz.com.mx\/wp-content\/uploads\/2016\/04\/Jorge-Flores-Lara.jpg\"><img loading=\"lazy\" decoding=\"async\" class=\"alignnone size-medium wp-image-22676\" src=\"http:\/\/www.lospoliticosveracruz.com.mx\/wp-content\/uploads\/2016\/04\/Jorge-Flores-Lara-300x200.jpg\" alt=\"Jorge Flores Lara\" width=\"300\" height=\"200\" \/><\/a><br \/>\n<strong>Salvador Mu\u00f1oz<\/strong><\/p>\n<p><em>Los Pol\u00edticos<\/em><\/p>\n<p>Me agarra el sem\u00e1foro en rojo justo antes de cruzar la avenida Am\u00e9ricas\u2026 es casi el mediod\u00eda y el sol pega a todo lo que da. Ni modo\u2026 a esperar el verde. En eso, pasa un carro blanco con los logos de la alianza \u201cPara Rescatar a Veracruz\u201d. Al lado del copiloto veo a un personaje que se me hace conocido\u2026 \u00a1claro! es Jorge Flores Lara, el candidato de facto a la curul del PAN-PRD por el distrito de Tantoyuca.<br \/>\nHace poco habl\u00e9 con \u00e9l y record\u00e9 algunas cosas interesantes en torno a lo que se vive en Veracruz pol\u00edtico-electoralmente hablando. Perm\u00edtanme encapsular algunas de sus expresiones:<br \/>\n<strong>EL GOBERNADOR Y LA GENTE<\/strong><br \/>\n\u201cQuieren sangre, quieren ver en el bote a quien ha saqueado el estado, pero no podemos aplicar una justicia a ciegas, tenemos que basarnos en un estado de derecho\u2026 M\u00e1s all\u00e1 de tener a un gobernador carcelero, tendremos un gobernador que dentro del \u00e1rea de Procuraci\u00f2n de Justicia tenga el compromiso de mandar a gente honorable que sin inventar chivos expiatorios, sin generar ambientes de morbo para saciar la petici\u00f3n de justicia de una sociedad, genere una comisi\u00f3n para aplicar la Ley\u2026 No basta decir que se meter\u00e1 a la c\u00e1rcel porque eso no soluciona los problemas, sino ver qu\u00e9 fue lo que se rob\u00f3, a qui\u00e9n, c\u00f3mo, d\u00f3nde tienen el dinero y qui\u00e9n lo tiene\u201d.<br \/>\n<strong>LAS OPCIONES<\/strong><br \/>\nAll\u00e1 por 1999, mataron a balazos a don Silvino, padre de Jorge Flores, quien desde hace a\u00f1os, viene realizando un fuerte activismo por los derechos de los campesinos y de los ind\u00edgenas. Un dia antes del fat\u00eddico desenlace, ten\u00edan programado tomar varias oficinas en Tuxpan, P\u00e1nuco y en Xalapa. Era un domingo, recuerda, y al mediod\u00eda, le avisan que acababan de matar a su padre.<br \/>\nAlgunos de sus compa\u00f1eros de movimiento le recomendaron parar la manifestaci\u00f3n programada pero \u00e9l desisti\u00f3. S\u00f3lo pidi\u00f3 una cosa: \u201cDejen que los vivos velen a sus muertos\u201d. Y as\u00ed, el lunes, se llev\u00f3 a cabo la toma de oficinas mientras en la tumba de don Silvino, Jorge Flores Lara reflexionaba: \u201cCuando llama la desgracia tienes dos opciones: una, quejarte, dolerte, llenarte de terror y miedo; meterte debajo de tu cama y esperar que el destino te alcance; la otra: pararte y hacer todo lo posible porque lo que acabas de vivir nunca alcance a los tuyos. \u00a1Y le entr\u00e9 con m\u00e1s ganas!\u201d<br \/>\nY entonces, all\u00e1 por el 2000, se cre\u00f3 el Frente Popular Democr\u00e1tico de las Huastecas, con cerca de cien organizaciones.<br \/>\n<strong>\u00bfCU\u00c1L GEN\u00c9TICA?<\/strong><br \/>\n\u201cConoc\u00ed la pobreza, me puse zapatos a los diez a\u00f1os; a veces nada m\u00e1s com\u00edamos frijolitos, pero eso s\u00ed, mi mam\u00e1 (Alberta Lara) nos ten\u00eda aseados&#8230; mi pap\u00e1 era sastre, y de los recortes que le quedaban, nos hac\u00eda pantalones, de cuatro colores, y yo dec\u00eda: Estamos pobres\u201d.<br \/>\nAl participar en la lucha social, entra a las comunidades de Tantoyuca y ve que la gente est\u00e1 sumida en la miseria social. \u201cEn una ollita de agua, donde defecan animales, beben burros, donde en el estiaje tienen que colar el agua, y no tienen ni siquiera para una cubeta de pl\u00e1stico para llevar agua, ves chiquita a la gente, y t\u00fa puedes decir: es la gen\u00e9tica. \u00bfCu\u00e1l gen\u00e9tica? son los s\u00edntomas de la desnutrici\u00f3n hist\u00f3rica\u2026 pues eso es hambre, contra eso hay que trabajar&#8230; necesitamos que estas leyes que dictan que todos los veracruzanos tienen derecho a una vida digna, a un esquema de salud, se hagan efectivas y nadie, ning\u00fan dirigente social, incluido yo, acude al amparo ante esas omisiones sociales para hacer valer los derechos que como persona no se han respetado. No se trata de llegar al Congreso y ser comparsa de quien est\u00e9 en el poder, as\u00ed sea tu aliado electoral, por el cual ganaste o quitaste a quien estaba en el Gobierno, porque si no es as\u00ed, esa curul deber\u00eda ocuparla otro\u201d.<br \/>\n<strong>DESAPARECER SECRETAR\u00cdAS<\/strong><br \/>\n\u201cNos jactamos con el Centenario de la Constituci\u00f3n (2017) como de vanguardia, pero es la m\u00e1s ignorada, mancillada, la menos acatada, y la que por ning\u00fan motivo gener\u00f3 las condiciones que estipulaba en los primeros art\u00edculos: garant\u00edas b\u00e1sicas de una vida digna, alimentaci\u00f3n, vivienda, educaci\u00f3n y salud. Por eso, puedo decir que M\u00e9xico es un pa\u00eds de igualdad: \u00a1Aqu\u00ed nos chingamos parejo, la pobreza est\u00e1 generalizada!\u201d<br \/>\nPor ello, entre los acuerdos de la Alianza PAN-PRD, est\u00e1 planeado el saneamiento de las instituciones, \u201cempezando por la de seguridad y finanzas, hasta la posibilidad de generar una reingenier\u00eda, donde podr\u00edan desaparecer instituciones obsoletas que sirven para distraer recursos, tener en la n\u00f3mina a los amigos, a los cuates, en detrimento de obras de impacto social, educaci\u00f3n, salud\u2026\u201d<br \/>\n\u2013\u00bfC\u00f3mo cu\u00e1les?<br \/>\n\u2013Apenas estamos revisando el organigrama, pero te pongo un ejemplo: Sedesol estatal, Protecci\u00f3n Civil, DIF\u2026 tres instancias que monitorean necesidades de la poblaci\u00f3n vulnerable como son alimento, techo, cobertores, lo hacen las tres dependencias, de una forma diversa y electorera. Alguna de las tres tendr\u00e1 que desaparecer y hacer una sola, que permita un mayor control de la entrega de recursos. Est\u00e1 igual el tema de los recursos que se van al campo, como Sedarpa, Inveder\u2026 y lo mismo pasa en otras \u00e1reas. Hay que trabajar con especialistas, que la sociedad participe\u2026<br \/>\nEl sem\u00e1foro en la avenida Am\u00e9ricas se pone en verde\u2026 \u00bfy en Tantoyuca se pondr\u00e1 en Amarillo y Azul?<\/p>\n<p>smcainito@gmail.com<\/p>\n","protected":false},"excerpt":{"rendered":"<p>Salvador Mu\u00f1oz Los Pol\u00edticos Me agarra el sem\u00e1foro en rojo justo antes de cruzar la avenida Am\u00e9ricas\u2026 es casi el mediod\u00eda y el sol pega a todo lo que da. Ni modo\u2026 a esperar el verde. En eso, pasa un carro blanco con los logos de la alianza \u201cPara Rescatar a Veracruz\u201d. Al lado del [&hellip;]<\/p>\n","protected":false},"author":2,"featured_media":0,"comment_status":"open","ping_status":"open","sticky":false,"template":"","format":"standard","meta":{"tdm_status":"","tdm_grid_status":"","footnotes":""},"categories":[70],"tags":[5169],"class_list":{"0":"post-22675","1":"post","2":"type-post","3":"status-publish","4":"format-standard","6":"category-de-opinion","7":"tag-jorge-flores-lara"},"yoast_head":"<!-- This site is optimized with the Yoast SEO plugin v27.4 - https:\/\/yoast.com\/product\/yoast-seo-wordpress\/ -->\n<title>El sem\u00e1foro en Tantoyuca - Los pol\u00edticos Veracruz<\/title>\n<meta name=\"robots\" content=\"index, follow, max-snippet:-1, max-image-preview:large, max-video-preview:-1\" \/>\n<link rel=\"canonical\" href=\"https:\/\/lospoliticosveracruz.com\/?p=22675\" \/>\n<meta property=\"og:locale\" content=\"es_ES\" \/>\n<meta property=\"og:type\" content=\"article\" \/>\n<meta property=\"og:title\" content=\"El sem\u00e1foro en Tantoyuca - Los pol\u00edticos Veracruz\" \/>\n<meta property=\"og:description\" content=\"Salvador Mu\u00f1oz Los Pol\u00edticos Me agarra el sem\u00e1foro en rojo justo antes de cruzar la avenida Am\u00e9ricas\u2026 es casi el mediod\u00eda y el sol pega a todo lo que da. Ni modo\u2026 a esperar el verde. En eso, pasa un carro blanco con los logos de la alianza \u201cPara Rescatar a Veracruz\u201d. Al lado del [&hellip;]\" \/>\n<meta property=\"og:url\" content=\"https:\/\/lospoliticosveracruz.com\/?p=22675\" \/>\n<meta property=\"og:site_name\" content=\"Los pol\u00edticos Veracruz\" \/>\n<meta property=\"article:publisher\" content=\"https:\/\/www.facebook.com\/people\/Notimemes-de-los-Polticos\/61565672886568\/\" \/>\n<meta property=\"article:published_time\" content=\"2016-04-14T03:14:16+00:00\" \/>\n<meta property=\"og:image\" content=\"http:\/\/www.lospoliticosveracruz.com.mx\/wp-content\/uploads\/2016\/04\/Jorge-Flores-Lara-300x200.jpg\" \/>\n<meta name=\"author\" content=\"Lo viste en Los Pol\u00edticos\" \/>\n<meta name=\"twitter:card\" content=\"summary_large_image\" \/>\n<meta name=\"twitter:creator\" content=\"@LosPoliticosVer\" \/>\n<meta name=\"twitter:site\" content=\"@LosPoliticosVer\" \/>\n<meta name=\"twitter:label1\" content=\"Escrito por\" \/>\n\t<meta name=\"twitter:data1\" content=\"Lo viste en Los Pol\u00edticos\" \/>\n\t<meta name=\"twitter:label2\" content=\"Tiempo de lectura\" \/>\n\t<meta name=\"twitter:data2\" content=\"5 minutos\" \/>\n<script type=\"application\/ld+json\" class=\"yoast-schema-graph\">{\"@context\":\"https:\\\/\\\/schema.org\",\"@graph\":[{\"@type\":\"Article\",\"@id\":\"https:\\\/\\\/lospoliticosveracruz.com\\\/?p=22675#article\",\"isPartOf\":{\"@id\":\"https:\\\/\\\/lospoliticosveracruz.com\\\/?p=22675\"},\"author\":{\"name\":\"Lo viste en Los Pol\u00edticos\",\"@id\":\"https:\\\/\\\/lospoliticosveracruz.com\\\/#\\\/schema\\\/person\\\/b8702bb0e538456e6efd07080bf2a4a2\"},\"headline\":\"El sem\u00e1foro en Tantoyuca\",\"datePublished\":\"2016-04-14T03:14:16+00:00\",\"mainEntityOfPage\":{\"@id\":\"https:\\\/\\\/lospoliticosveracruz.com\\\/?p=22675\"},\"wordCount\":959,\"commentCount\":0,\"publisher\":{\"@id\":\"https:\\\/\\\/lospoliticosveracruz.com\\\/#organization\"},\"image\":{\"@id\":\"https:\\\/\\\/lospoliticosveracruz.com\\\/?p=22675#primaryimage\"},\"thumbnailUrl\":\"http:\\\/\\\/www.lospoliticosveracruz.com.mx\\\/wp-content\\\/uploads\\\/2016\\\/04\\\/Jorge-Flores-Lara-300x200.jpg\",\"keywords\":[\"Jorge Flores Lara\"],\"articleSection\":[\"De Opini\u00f3n\"],\"inLanguage\":\"es\",\"potentialAction\":[{\"@type\":\"CommentAction\",\"name\":\"Comment\",\"target\":[\"https:\\\/\\\/lospoliticosveracruz.com\\\/?p=22675#respond\"]}]},{\"@type\":\"WebPage\",\"@id\":\"https:\\\/\\\/lospoliticosveracruz.com\\\/?p=22675\",\"url\":\"https:\\\/\\\/lospoliticosveracruz.com\\\/?p=22675\",\"name\":\"El sem\u00e1foro en Tantoyuca - Los pol\u00edticos Veracruz\",\"isPartOf\":{\"@id\":\"https:\\\/\\\/lospoliticosveracruz.com\\\/#website\"},\"primaryImageOfPage\":{\"@id\":\"https:\\\/\\\/lospoliticosveracruz.com\\\/?p=22675#primaryimage\"},\"image\":{\"@id\":\"https:\\\/\\\/lospoliticosveracruz.com\\\/?p=22675#primaryimage\"},\"thumbnailUrl\":\"http:\\\/\\\/www.lospoliticosveracruz.com.mx\\\/wp-content\\\/uploads\\\/2016\\\/04\\\/Jorge-Flores-Lara-300x200.jpg\",\"datePublished\":\"2016-04-14T03:14:16+00:00\",\"breadcrumb\":{\"@id\":\"https:\\\/\\\/lospoliticosveracruz.com\\\/?p=22675#breadcrumb\"},\"inLanguage\":\"es\",\"potentialAction\":[{\"@type\":\"ReadAction\",\"target\":[\"https:\\\/\\\/lospoliticosveracruz.com\\\/?p=22675\"]}]},{\"@type\":\"ImageObject\",\"inLanguage\":\"es\",\"@id\":\"https:\\\/\\\/lospoliticosveracruz.com\\\/?p=22675#primaryimage\",\"url\":\"http:\\\/\\\/www.lospoliticosveracruz.com.mx\\\/wp-content\\\/uploads\\\/2016\\\/04\\\/Jorge-Flores-Lara-300x200.jpg\",\"contentUrl\":\"http:\\\/\\\/www.lospoliticosveracruz.com.mx\\\/wp-content\\\/uploads\\\/2016\\\/04\\\/Jorge-Flores-Lara-300x200.jpg\"},{\"@type\":\"BreadcrumbList\",\"@id\":\"https:\\\/\\\/lospoliticosveracruz.com\\\/?p=22675#breadcrumb\",\"itemListElement\":[{\"@type\":\"ListItem\",\"position\":1,\"name\":\"Portada\",\"item\":\"https:\\\/\\\/lospoliticosveracruz.com\\\/\"},{\"@type\":\"ListItem\",\"position\":2,\"name\":\"El sem\u00e1foro en Tantoyuca\"}]},{\"@type\":\"WebSite\",\"@id\":\"https:\\\/\\\/lospoliticosveracruz.com\\\/#website\",\"url\":\"https:\\\/\\\/lospoliticosveracruz.com\\\/\",\"name\":\"Los pol\u00edticos Veracruz\",\"description\":\"\",\"publisher\":{\"@id\":\"https:\\\/\\\/lospoliticosveracruz.com\\\/#organization\"},\"potentialAction\":[{\"@type\":\"SearchAction\",\"target\":{\"@type\":\"EntryPoint\",\"urlTemplate\":\"https:\\\/\\\/lospoliticosveracruz.com\\\/?s={search_term_string}\"},\"query-input\":{\"@type\":\"PropertyValueSpecification\",\"valueRequired\":true,\"valueName\":\"search_term_string\"}}],\"inLanguage\":\"es\"},{\"@type\":\"Organization\",\"@id\":\"https:\\\/\\\/lospoliticosveracruz.com\\\/#organization\",\"name\":\"Los pol\u00edticos Veracruz\",\"url\":\"https:\\\/\\\/lospoliticosveracruz.com\\\/\",\"logo\":{\"@type\":\"ImageObject\",\"inLanguage\":\"es\",\"@id\":\"https:\\\/\\\/lospoliticosveracruz.com\\\/#\\\/schema\\\/logo\\\/image\\\/\",\"url\":\"https:\\\/\\\/lospoliticosveracruz.com\\\/wp-content\\\/uploads\\\/2025\\\/12\\\/Logo-Nuevo-LOS-POLITICOS-1.jpg\",\"contentUrl\":\"https:\\\/\\\/lospoliticosveracruz.com\\\/wp-content\\\/uploads\\\/2025\\\/12\\\/Logo-Nuevo-LOS-POLITICOS-1.jpg\",\"width\":260,\"height\":70,\"caption\":\"Los pol\u00edticos Veracruz\"},\"image\":{\"@id\":\"https:\\\/\\\/lospoliticosveracruz.com\\\/#\\\/schema\\\/logo\\\/image\\\/\"},\"sameAs\":[\"https:\\\/\\\/www.facebook.com\\\/people\\\/Notimemes-de-los-Polticos\\\/61565672886568\\\/\",\"https:\\\/\\\/x.com\\\/LosPoliticosVer\"]},{\"@type\":\"Person\",\"@id\":\"https:\\\/\\\/lospoliticosveracruz.com\\\/#\\\/schema\\\/person\\\/b8702bb0e538456e6efd07080bf2a4a2\",\"name\":\"Lo viste en Los Pol\u00edticos\",\"image\":{\"@type\":\"ImageObject\",\"inLanguage\":\"es\",\"@id\":\"https:\\\/\\\/secure.gravatar.com\\\/avatar\\\/3a8de04a2656d44082be478bd6c086daa447c4651605818287b9532d3d0bd435?s=96&d=mm&r=g\",\"url\":\"https:\\\/\\\/secure.gravatar.com\\\/avatar\\\/3a8de04a2656d44082be478bd6c086daa447c4651605818287b9532d3d0bd435?s=96&d=mm&r=g\",\"contentUrl\":\"https:\\\/\\\/secure.gravatar.com\\\/avatar\\\/3a8de04a2656d44082be478bd6c086daa447c4651605818287b9532d3d0bd435?s=96&d=mm&r=g\",\"caption\":\"Lo viste en Los Pol\u00edticos\"},\"url\":\"https:\\\/\\\/lospoliticosveracruz.com\\\/?author=2\"}]}<\/script>\n<!-- \/ Yoast SEO plugin. -->","yoast_head_json":{"title":"El sem\u00e1foro en Tantoyuca - Los pol\u00edticos Veracruz","robots":{"index":"index","follow":"follow","max-snippet":"max-snippet:-1","max-image-preview":"max-image-preview:large","max-video-preview":"max-video-preview:-1"},"canonical":"https:\/\/lospoliticosveracruz.com\/?p=22675","og_locale":"es_ES","og_type":"article","og_title":"El sem\u00e1foro en Tantoyuca - Los pol\u00edticos Veracruz","og_description":"Salvador Mu\u00f1oz Los Pol\u00edticos Me agarra el sem\u00e1foro en rojo justo antes de cruzar la avenida Am\u00e9ricas\u2026 es casi el mediod\u00eda y el sol pega a todo lo que da. Ni modo\u2026 a esperar el verde. En eso, pasa un carro blanco con los logos de la alianza \u201cPara Rescatar a Veracruz\u201d. Al lado del [&hellip;]","og_url":"https:\/\/lospoliticosveracruz.com\/?p=22675","og_site_name":"Los pol\u00edticos Veracruz","article_publisher":"https:\/\/www.facebook.com\/people\/Notimemes-de-los-Polticos\/61565672886568\/","article_published_time":"2016-04-14T03:14:16+00:00","og_image":[{"url":"http:\/\/www.lospoliticosveracruz.com.mx\/wp-content\/uploads\/2016\/04\/Jorge-Flores-Lara-300x200.jpg","type":"","width":"","height":""}],"author":"Lo viste en Los Pol\u00edticos","twitter_card":"summary_large_image","twitter_creator":"@LosPoliticosVer","twitter_site":"@LosPoliticosVer","twitter_misc":{"Escrito por":"Lo viste en Los Pol\u00edticos","Tiempo de lectura":"5 minutos"},"schema":{"@context":"https:\/\/schema.org","@graph":[{"@type":"Article","@id":"https:\/\/lospoliticosveracruz.com\/?p=22675#article","isPartOf":{"@id":"https:\/\/lospoliticosveracruz.com\/?p=22675"},"author":{"name":"Lo viste en Los Pol\u00edticos","@id":"https:\/\/lospoliticosveracruz.com\/#\/schema\/person\/b8702bb0e538456e6efd07080bf2a4a2"},"headline":"El sem\u00e1foro en Tantoyuca","datePublished":"2016-04-14T03:14:16+00:00","mainEntityOfPage":{"@id":"https:\/\/lospoliticosveracruz.com\/?p=22675"},"wordCount":959,"commentCount":0,"publisher":{"@id":"https:\/\/lospoliticosveracruz.com\/#organization"},"image":{"@id":"https:\/\/lospoliticosveracruz.com\/?p=22675#primaryimage"},"thumbnailUrl":"http:\/\/www.lospoliticosveracruz.com.mx\/wp-content\/uploads\/2016\/04\/Jorge-Flores-Lara-300x200.jpg","keywords":["Jorge Flores Lara"],"articleSection":["De Opini\u00f3n"],"inLanguage":"es","potentialAction":[{"@type":"CommentAction","name":"Comment","target":["https:\/\/lospoliticosveracruz.com\/?p=22675#respond"]}]},{"@type":"WebPage","@id":"https:\/\/lospoliticosveracruz.com\/?p=22675","url":"https:\/\/lospoliticosveracruz.com\/?p=22675","name":"El sem\u00e1foro en Tantoyuca - Los pol\u00edticos Veracruz","isPartOf":{"@id":"https:\/\/lospoliticosveracruz.com\/#website"},"primaryImageOfPage":{"@id":"https:\/\/lospoliticosveracruz.com\/?p=22675#primaryimage"},"image":{"@id":"https:\/\/lospoliticosveracruz.com\/?p=22675#primaryimage"},"thumbnailUrl":"http:\/\/www.lospoliticosveracruz.com.mx\/wp-content\/uploads\/2016\/04\/Jorge-Flores-Lara-300x200.jpg","datePublished":"2016-04-14T03:14:16+00:00","breadcrumb":{"@id":"https:\/\/lospoliticosveracruz.com\/?p=22675#breadcrumb"},"inLanguage":"es","potentialAction":[{"@type":"ReadAction","target":["https:\/\/lospoliticosveracruz.com\/?p=22675"]}]},{"@type":"ImageObject","inLanguage":"es","@id":"https:\/\/lospoliticosveracruz.com\/?p=22675#primaryimage","url":"http:\/\/www.lospoliticosveracruz.com.mx\/wp-content\/uploads\/2016\/04\/Jorge-Flores-Lara-300x200.jpg","contentUrl":"http:\/\/www.lospoliticosveracruz.com.mx\/wp-content\/uploads\/2016\/04\/Jorge-Flores-Lara-300x200.jpg"},{"@type":"BreadcrumbList","@id":"https:\/\/lospoliticosveracruz.com\/?p=22675#breadcrumb","itemListElement":[{"@type":"ListItem","position":1,"name":"Portada","item":"https:\/\/lospoliticosveracruz.com\/"},{"@type":"ListItem","position":2,"name":"El sem\u00e1foro en Tantoyuca"}]},{"@type":"WebSite","@id":"https:\/\/lospoliticosveracruz.com\/#website","url":"https:\/\/lospoliticosveracruz.com\/","name":"Los pol\u00edticos Veracruz","description":"","publisher":{"@id":"https:\/\/lospoliticosveracruz.com\/#organization"},"potentialAction":[{"@type":"SearchAction","target":{"@type":"EntryPoint","urlTemplate":"https:\/\/lospoliticosveracruz.com\/?s={search_term_string}"},"query-input":{"@type":"PropertyValueSpecification","valueRequired":true,"valueName":"search_term_string"}}],"inLanguage":"es"},{"@type":"Organization","@id":"https:\/\/lospoliticosveracruz.com\/#organization","name":"Los pol\u00edticos Veracruz","url":"https:\/\/lospoliticosveracruz.com\/","logo":{"@type":"ImageObject","inLanguage":"es","@id":"https:\/\/lospoliticosveracruz.com\/#\/schema\/logo\/image\/","url":"https:\/\/lospoliticosveracruz.com\/wp-content\/uploads\/2025\/12\/Logo-Nuevo-LOS-POLITICOS-1.jpg","contentUrl":"https:\/\/lospoliticosveracruz.com\/wp-content\/uploads\/2025\/12\/Logo-Nuevo-LOS-POLITICOS-1.jpg","width":260,"height":70,"caption":"Los pol\u00edticos Veracruz"},"image":{"@id":"https:\/\/lospoliticosveracruz.com\/#\/schema\/logo\/image\/"},"sameAs":["https:\/\/www.facebook.com\/people\/Notimemes-de-los-Polticos\/61565672886568\/","https:\/\/x.com\/LosPoliticosVer"]},{"@type":"Person","@id":"https:\/\/lospoliticosveracruz.com\/#\/schema\/person\/b8702bb0e538456e6efd07080bf2a4a2","name":"Lo viste en Los Pol\u00edticos","image":{"@type":"ImageObject","inLanguage":"es","@id":"https:\/\/secure.gravatar.com\/avatar\/3a8de04a2656d44082be478bd6c086daa447c4651605818287b9532d3d0bd435?s=96&d=mm&r=g","url":"https:\/\/secure.gravatar.com\/avatar\/3a8de04a2656d44082be478bd6c086daa447c4651605818287b9532d3d0bd435?s=96&d=mm&r=g","contentUrl":"https:\/\/secure.gravatar.com\/avatar\/3a8de04a2656d44082be478bd6c086daa447c4651605818287b9532d3d0bd435?s=96&d=mm&r=g","caption":"Lo viste en Los Pol\u00edticos"},"url":"https:\/\/lospoliticosveracruz.com\/?author=2"}]}},"_links":{"self":[{"href":"https:\/\/lospoliticosveracruz.com\/index.php?rest_route=\/wp\/v2\/posts\/22675","targetHints":{"allow":["GET"]}}],"collection":[{"href":"https:\/\/lospoliticosveracruz.com\/index.php?rest_route=\/wp\/v2\/posts"}],"about":[{"href":"https:\/\/lospoliticosveracruz.com\/index.php?rest_route=\/wp\/v2\/types\/post"}],"author":[{"embeddable":true,"href":"https:\/\/lospoliticosveracruz.com\/index.php?rest_route=\/wp\/v2\/users\/2"}],"replies":[{"embeddable":true,"href":"https:\/\/lospoliticosveracruz.com\/index.php?rest_route=%2Fwp%2Fv2%2Fcomments&post=22675"}],"version-history":[{"count":1,"href":"https:\/\/lospoliticosveracruz.com\/index.php?rest_route=\/wp\/v2\/posts\/22675\/revisions"}],"predecessor-version":[{"id":22677,"href":"https:\/\/lospoliticosveracruz.com\/index.php?rest_route=\/wp\/v2\/posts\/22675\/revisions\/22677"}],"wp:attachment":[{"href":"https:\/\/lospoliticosveracruz.com\/index.php?rest_route=%2Fwp%2Fv2%2Fmedia&parent=22675"}],"wp:term":[{"taxonomy":"category","embeddable":true,"href":"https:\/\/lospoliticosveracruz.com\/index.php?rest_route=%2Fwp%2Fv2%2Fcategories&post=22675"},{"taxonomy":"post_tag","embeddable":true,"href":"https:\/\/lospoliticosveracruz.com\/index.php?rest_route=%2Fwp%2Fv2%2Ftags&post=22675"}],"curies":[{"name":"wp","href":"https:\/\/api.w.org\/{rel}","templated":true}]}}