{"id":22682,"date":"2016-04-13T22:59:27","date_gmt":"2016-04-14T03:59:27","guid":{"rendered":"http:\/\/www.lospoliticosveracruz.com.mx\/?p=22682"},"modified":"2016-04-13T22:59:27","modified_gmt":"2016-04-14T03:59:27","slug":"veracruz-de-cinco-estrellas-hector","status":"publish","type":"post","link":"https:\/\/lospoliticosveracruz.com\/?p=22682","title":{"rendered":"Veracruz, de cinco estrellas: H\u00e9ctor"},"content":{"rendered":"<blockquote><p><a href=\"http:\/\/www.lospoliticosveracruz.com.mx\/wp-content\/uploads\/2016\/04\/H\u00e9ctor-Yunes-Landa1.jpg\"><img loading=\"lazy\" decoding=\"async\" class=\"alignnone size-medium wp-image-22683\" src=\"http:\/\/www.lospoliticosveracruz.com.mx\/wp-content\/uploads\/2016\/04\/H\u00e9ctor-Yunes-Landa1-300x200.jpg\" alt=\"H\u00e9ctor Yunes Landa\" width=\"300\" height=\"200\" \/><\/a><\/p>\n<p>\u00abPara ofertar los destinos de Veracruz, habr\u00e1 mejor infraestructura, desarrollo de productos y promoci\u00f3n\u00bb<\/p><\/blockquote>\n<p>Boca del R\u00edo, Ver.13 de abril de 2016.- El candidato de la coalici\u00f3n \u201cPara Mejorar Veracruz\u201d, H\u00e9ctor Yunes Landa anunci\u00f3 que a partir del primero de diciembre, siendo Gobernador de Veracruz, pondr\u00e1 en marcha el programa \u201cTurismo Cinco Estrellas\u201d a fin de incrementar la oferta de destinos con mejor infraestructura, desarrollo de productos y de promoci\u00f3n.<\/p>\n<p>Al medio d\u00eda, el tambi\u00e9n candidato por el Partido Verde Ecologista de M\u00e9xico (PVEM), Yunes Landa estuvo colocando medallones a autom\u00f3viles del servicio p\u00fablico y a particulares que apoyan su campa\u00f1a rumbo a la gubernatura.<\/p>\n<p>En un improvisado templete, H\u00e9ctor Yunes dio un mensaje en el cual destac\u00f3 que Veracruz cuenta con zonas como Costa Esmeralda\u2013Taj\u00edn, sus Pueblos M\u00e1gicos, la Selva de los Tuxtlas, donde se puede practicar el turismo de aventura, de negocios y n\u00e1utico que har\u00e1n que la entidad sea una visita obligada tanto de connacionales como extranjeros.<\/p>\n<p>Se\u00f1al\u00f3 que se apoyar\u00e1 con recursos, pero tambi\u00e9n con centros de capacitaci\u00f3n y profesionalizaci\u00f3n, a los prestadores de servicios, para dar una atenci\u00f3n de clase mundial y con ello, \u201clos turistas se queden m\u00e1s, gasten m\u00e1s y regresen nuevamente\u00bb, apunt\u00f3.<\/p>\n<p>Adem\u00e1s, se\u00f1al\u00f3 que se promover\u00e1n los productos 100% veracruzanos y que los insumos que se utilizan por ejemplo en los hoteles, sean hechos por manos veracruzanas.<\/p>\n<p>\u201cTrabajar\u00e9 por una mejor infraestructura, mejorando las carreteras hacia los centros tur\u00edsticos, como el Salto de Eyipantla o Papantla, por mencionarles un par de ejemplos, deben estar en \u00f3ptimas condiciones\u201d, cit\u00f3 Yunes Landa.<br \/>\nTambi\u00e9n se pronunci\u00f3 por desarrollar nuevos productos tur\u00edsticos por regi\u00f3n y as\u00ed facilitar el financiamiento a trav\u00e9s de inversi\u00f3n p\u00fablico-privada.<\/p>\n<p>\u201cAh\u00ed tienen el Festival Internacional de la Salsa, juego de luces en San Juan de Ul\u00faa, en el Baluarte de Santiago o en la Isla de Sacrificios. Tendremos una plataforma digital para la comercializaci\u00f3n de la oferta tur\u00edstica en la entidad\u201d, se\u00f1al\u00f3.<\/p>\n<p>Dijo que con la iniciativa privada, se crear\u00e1 una oficina de Congresos y Convenciones para dar auge al turismo de reuniones.<\/p>\n<p>Para poner en todo lo alto a nuestra gastronom\u00eda, -mencion\u00f3 H\u00e9ctor Yunes- incluiremos a Veracruz al programa federal de Fomento a la Gastronom\u00eda Nacional denominado \u201cVen a Comer\u201d.<\/p>\n<p>Concluy\u00f3 diciendo que de manera coordinada con la Federaci\u00f3n se trabajar\u00e1 en la instalaci\u00f3n de se\u00f1al\u00e9tica tur\u00edstica, un mapeo del estado para identificar y priorizar las principales necesidades.\u201dEn mi gobierno haremos de Veracruz, un destino tur\u00edstico de 5 estrellas\u201d.<\/p>\n","protected":false},"excerpt":{"rendered":"<p>\u00abPara ofertar los destinos de Veracruz, habr\u00e1 mejor infraestructura, desarrollo de productos y promoci\u00f3n\u00bb Boca del R\u00edo, Ver.13 de abril de 2016.- El candidato de la coalici\u00f3n \u201cPara Mejorar Veracruz\u201d, H\u00e9ctor Yunes Landa anunci\u00f3 que a partir del primero de diciembre, siendo Gobernador de Veracruz, pondr\u00e1 en marcha el programa \u201cTurismo Cinco Estrellas\u201d a fin [&hellip;]<\/p>\n","protected":false},"author":2,"featured_media":0,"comment_status":"open","ping_status":"open","sticky":false,"template":"","format":"standard","meta":{"tdm_status":"","tdm_grid_status":"","footnotes":""},"categories":[73],"tags":[348,198,195],"class_list":{"0":"post-22682","1":"post","2":"type-post","3":"status-publish","4":"format-standard","6":"category-de-boleto","7":"tag-hector-yunes-landa","8":"tag-turismo","9":"tag-veracruz"},"yoast_head":"<!-- This site is optimized with the Yoast SEO plugin v27.4 - https:\/\/yoast.com\/product\/yoast-seo-wordpress\/ -->\n<title>Veracruz, de cinco estrellas: H\u00e9ctor - Los pol\u00edticos Veracruz<\/title>\n<meta name=\"robots\" content=\"index, follow, max-snippet:-1, max-image-preview:large, max-video-preview:-1\" \/>\n<link rel=\"canonical\" href=\"https:\/\/lospoliticosveracruz.com\/?p=22682\" \/>\n<meta property=\"og:locale\" content=\"es_ES\" \/>\n<meta property=\"og:type\" content=\"article\" \/>\n<meta property=\"og:title\" content=\"Veracruz, de cinco estrellas: H\u00e9ctor - Los pol\u00edticos Veracruz\" \/>\n<meta property=\"og:description\" content=\"\u00abPara ofertar los destinos de Veracruz, habr\u00e1 mejor infraestructura, desarrollo de productos y promoci\u00f3n\u00bb Boca del R\u00edo, Ver.13 de abril de 2016.- El candidato de la coalici\u00f3n \u201cPara Mejorar Veracruz\u201d, H\u00e9ctor Yunes Landa anunci\u00f3 que a partir del primero de diciembre, siendo Gobernador de Veracruz, pondr\u00e1 en marcha el programa \u201cTurismo Cinco Estrellas\u201d a fin [&hellip;]\" \/>\n<meta property=\"og:url\" content=\"https:\/\/lospoliticosveracruz.com\/?p=22682\" \/>\n<meta property=\"og:site_name\" content=\"Los pol\u00edticos Veracruz\" \/>\n<meta property=\"article:publisher\" content=\"https:\/\/www.facebook.com\/people\/Notimemes-de-los-Polticos\/61565672886568\/\" \/>\n<meta property=\"article:published_time\" content=\"2016-04-14T03:59:27+00:00\" \/>\n<meta property=\"og:image\" content=\"https:\/\/lospoliticosveracruz.com\/wp-content\/uploads\/2016\/07\/Logo-Dor.jpg\" \/>\n\t<meta property=\"og:image:width\" content=\"200\" \/>\n\t<meta property=\"og:image:height\" content=\"200\" \/>\n\t<meta property=\"og:image:type\" content=\"image\/jpeg\" \/>\n<meta name=\"author\" content=\"Lo viste en Los Pol\u00edticos\" \/>\n<meta name=\"twitter:card\" content=\"summary_large_image\" \/>\n<meta name=\"twitter:creator\" content=\"@LosPoliticosVer\" \/>\n<meta name=\"twitter:site\" content=\"@LosPoliticosVer\" \/>\n<meta name=\"twitter:label1\" content=\"Escrito por\" \/>\n\t<meta name=\"twitter:data1\" content=\"Lo viste en Los Pol\u00edticos\" \/>\n\t<meta name=\"twitter:label2\" content=\"Tiempo de lectura\" \/>\n\t<meta name=\"twitter:data2\" content=\"2 minutos\" \/>\n<script type=\"application\/ld+json\" class=\"yoast-schema-graph\">{\"@context\":\"https:\\\/\\\/schema.org\",\"@graph\":[{\"@type\":\"Article\",\"@id\":\"https:\\\/\\\/lospoliticosveracruz.com\\\/?p=22682#article\",\"isPartOf\":{\"@id\":\"https:\\\/\\\/lospoliticosveracruz.com\\\/?p=22682\"},\"author\":{\"name\":\"Lo viste en Los Pol\u00edticos\",\"@id\":\"https:\\\/\\\/lospoliticosveracruz.com\\\/#\\\/schema\\\/person\\\/b8702bb0e538456e6efd07080bf2a4a2\"},\"headline\":\"Veracruz, de cinco estrellas: H\u00e9ctor\",\"datePublished\":\"2016-04-14T03:59:27+00:00\",\"mainEntityOfPage\":{\"@id\":\"https:\\\/\\\/lospoliticosveracruz.com\\\/?p=22682\"},\"wordCount\":461,\"commentCount\":0,\"publisher\":{\"@id\":\"https:\\\/\\\/lospoliticosveracruz.com\\\/#organization\"},\"keywords\":[\"H\u00e9ctor Yunes Landa\",\"Turismo\",\"Veracruz\"],\"articleSection\":[\"De Boleto\"],\"inLanguage\":\"es\",\"potentialAction\":[{\"@type\":\"CommentAction\",\"name\":\"Comment\",\"target\":[\"https:\\\/\\\/lospoliticosveracruz.com\\\/?p=22682#respond\"]}]},{\"@type\":\"WebPage\",\"@id\":\"https:\\\/\\\/lospoliticosveracruz.com\\\/?p=22682\",\"url\":\"https:\\\/\\\/lospoliticosveracruz.com\\\/?p=22682\",\"name\":\"Veracruz, de cinco estrellas: H\u00e9ctor - Los pol\u00edticos Veracruz\",\"isPartOf\":{\"@id\":\"https:\\\/\\\/lospoliticosveracruz.com\\\/#website\"},\"datePublished\":\"2016-04-14T03:59:27+00:00\",\"breadcrumb\":{\"@id\":\"https:\\\/\\\/lospoliticosveracruz.com\\\/?p=22682#breadcrumb\"},\"inLanguage\":\"es\",\"potentialAction\":[{\"@type\":\"ReadAction\",\"target\":[\"https:\\\/\\\/lospoliticosveracruz.com\\\/?p=22682\"]}]},{\"@type\":\"BreadcrumbList\",\"@id\":\"https:\\\/\\\/lospoliticosveracruz.com\\\/?p=22682#breadcrumb\",\"itemListElement\":[{\"@type\":\"ListItem\",\"position\":1,\"name\":\"Portada\",\"item\":\"https:\\\/\\\/lospoliticosveracruz.com\\\/\"},{\"@type\":\"ListItem\",\"position\":2,\"name\":\"Veracruz, de cinco estrellas: H\u00e9ctor\"}]},{\"@type\":\"WebSite\",\"@id\":\"https:\\\/\\\/lospoliticosveracruz.com\\\/#website\",\"url\":\"https:\\\/\\\/lospoliticosveracruz.com\\\/\",\"name\":\"Los pol\u00edticos Veracruz\",\"description\":\"\",\"publisher\":{\"@id\":\"https:\\\/\\\/lospoliticosveracruz.com\\\/#organization\"},\"potentialAction\":[{\"@type\":\"SearchAction\",\"target\":{\"@type\":\"EntryPoint\",\"urlTemplate\":\"https:\\\/\\\/lospoliticosveracruz.com\\\/?s={search_term_string}\"},\"query-input\":{\"@type\":\"PropertyValueSpecification\",\"valueRequired\":true,\"valueName\":\"search_term_string\"}}],\"inLanguage\":\"es\"},{\"@type\":\"Organization\",\"@id\":\"https:\\\/\\\/lospoliticosveracruz.com\\\/#organization\",\"name\":\"Los pol\u00edticos Veracruz\",\"url\":\"https:\\\/\\\/lospoliticosveracruz.com\\\/\",\"logo\":{\"@type\":\"ImageObject\",\"inLanguage\":\"es\",\"@id\":\"https:\\\/\\\/lospoliticosveracruz.com\\\/#\\\/schema\\\/logo\\\/image\\\/\",\"url\":\"https:\\\/\\\/lospoliticosveracruz.com\\\/wp-content\\\/uploads\\\/2025\\\/12\\\/Logo-Nuevo-LOS-POLITICOS-1.jpg\",\"contentUrl\":\"https:\\\/\\\/lospoliticosveracruz.com\\\/wp-content\\\/uploads\\\/2025\\\/12\\\/Logo-Nuevo-LOS-POLITICOS-1.jpg\",\"width\":260,\"height\":70,\"caption\":\"Los pol\u00edticos Veracruz\"},\"image\":{\"@id\":\"https:\\\/\\\/lospoliticosveracruz.com\\\/#\\\/schema\\\/logo\\\/image\\\/\"},\"sameAs\":[\"https:\\\/\\\/www.facebook.com\\\/people\\\/Notimemes-de-los-Polticos\\\/61565672886568\\\/\",\"https:\\\/\\\/x.com\\\/LosPoliticosVer\"]},{\"@type\":\"Person\",\"@id\":\"https:\\\/\\\/lospoliticosveracruz.com\\\/#\\\/schema\\\/person\\\/b8702bb0e538456e6efd07080bf2a4a2\",\"name\":\"Lo viste en Los Pol\u00edticos\",\"image\":{\"@type\":\"ImageObject\",\"inLanguage\":\"es\",\"@id\":\"https:\\\/\\\/secure.gravatar.com\\\/avatar\\\/3a8de04a2656d44082be478bd6c086daa447c4651605818287b9532d3d0bd435?s=96&d=mm&r=g\",\"url\":\"https:\\\/\\\/secure.gravatar.com\\\/avatar\\\/3a8de04a2656d44082be478bd6c086daa447c4651605818287b9532d3d0bd435?s=96&d=mm&r=g\",\"contentUrl\":\"https:\\\/\\\/secure.gravatar.com\\\/avatar\\\/3a8de04a2656d44082be478bd6c086daa447c4651605818287b9532d3d0bd435?s=96&d=mm&r=g\",\"caption\":\"Lo viste en Los Pol\u00edticos\"},\"url\":\"https:\\\/\\\/lospoliticosveracruz.com\\\/?author=2\"}]}<\/script>\n<!-- \/ Yoast SEO plugin. -->","yoast_head_json":{"title":"Veracruz, de cinco estrellas: H\u00e9ctor - Los pol\u00edticos Veracruz","robots":{"index":"index","follow":"follow","max-snippet":"max-snippet:-1","max-image-preview":"max-image-preview:large","max-video-preview":"max-video-preview:-1"},"canonical":"https:\/\/lospoliticosveracruz.com\/?p=22682","og_locale":"es_ES","og_type":"article","og_title":"Veracruz, de cinco estrellas: H\u00e9ctor - Los pol\u00edticos Veracruz","og_description":"\u00abPara ofertar los destinos de Veracruz, habr\u00e1 mejor infraestructura, desarrollo de productos y promoci\u00f3n\u00bb Boca del R\u00edo, Ver.13 de abril de 2016.- El candidato de la coalici\u00f3n \u201cPara Mejorar Veracruz\u201d, H\u00e9ctor Yunes Landa anunci\u00f3 que a partir del primero de diciembre, siendo Gobernador de Veracruz, pondr\u00e1 en marcha el programa \u201cTurismo Cinco Estrellas\u201d a fin [&hellip;]","og_url":"https:\/\/lospoliticosveracruz.com\/?p=22682","og_site_name":"Los pol\u00edticos Veracruz","article_publisher":"https:\/\/www.facebook.com\/people\/Notimemes-de-los-Polticos\/61565672886568\/","article_published_time":"2016-04-14T03:59:27+00:00","og_image":[{"width":200,"height":200,"url":"https:\/\/lospoliticosveracruz.com\/wp-content\/uploads\/2016\/07\/Logo-Dor.jpg","type":"image\/jpeg"}],"author":"Lo viste en Los Pol\u00edticos","twitter_card":"summary_large_image","twitter_creator":"@LosPoliticosVer","twitter_site":"@LosPoliticosVer","twitter_misc":{"Escrito por":"Lo viste en Los Pol\u00edticos","Tiempo de lectura":"2 minutos"},"schema":{"@context":"https:\/\/schema.org","@graph":[{"@type":"Article","@id":"https:\/\/lospoliticosveracruz.com\/?p=22682#article","isPartOf":{"@id":"https:\/\/lospoliticosveracruz.com\/?p=22682"},"author":{"name":"Lo viste en Los Pol\u00edticos","@id":"https:\/\/lospoliticosveracruz.com\/#\/schema\/person\/b8702bb0e538456e6efd07080bf2a4a2"},"headline":"Veracruz, de cinco estrellas: H\u00e9ctor","datePublished":"2016-04-14T03:59:27+00:00","mainEntityOfPage":{"@id":"https:\/\/lospoliticosveracruz.com\/?p=22682"},"wordCount":461,"commentCount":0,"publisher":{"@id":"https:\/\/lospoliticosveracruz.com\/#organization"},"keywords":["H\u00e9ctor Yunes Landa","Turismo","Veracruz"],"articleSection":["De Boleto"],"inLanguage":"es","potentialAction":[{"@type":"CommentAction","name":"Comment","target":["https:\/\/lospoliticosveracruz.com\/?p=22682#respond"]}]},{"@type":"WebPage","@id":"https:\/\/lospoliticosveracruz.com\/?p=22682","url":"https:\/\/lospoliticosveracruz.com\/?p=22682","name":"Veracruz, de cinco estrellas: H\u00e9ctor - Los pol\u00edticos Veracruz","isPartOf":{"@id":"https:\/\/lospoliticosveracruz.com\/#website"},"datePublished":"2016-04-14T03:59:27+00:00","breadcrumb":{"@id":"https:\/\/lospoliticosveracruz.com\/?p=22682#breadcrumb"},"inLanguage":"es","potentialAction":[{"@type":"ReadAction","target":["https:\/\/lospoliticosveracruz.com\/?p=22682"]}]},{"@type":"BreadcrumbList","@id":"https:\/\/lospoliticosveracruz.com\/?p=22682#breadcrumb","itemListElement":[{"@type":"ListItem","position":1,"name":"Portada","item":"https:\/\/lospoliticosveracruz.com\/"},{"@type":"ListItem","position":2,"name":"Veracruz, de cinco estrellas: H\u00e9ctor"}]},{"@type":"WebSite","@id":"https:\/\/lospoliticosveracruz.com\/#website","url":"https:\/\/lospoliticosveracruz.com\/","name":"Los pol\u00edticos Veracruz","description":"","publisher":{"@id":"https:\/\/lospoliticosveracruz.com\/#organization"},"potentialAction":[{"@type":"SearchAction","target":{"@type":"EntryPoint","urlTemplate":"https:\/\/lospoliticosveracruz.com\/?s={search_term_string}"},"query-input":{"@type":"PropertyValueSpecification","valueRequired":true,"valueName":"search_term_string"}}],"inLanguage":"es"},{"@type":"Organization","@id":"https:\/\/lospoliticosveracruz.com\/#organization","name":"Los pol\u00edticos Veracruz","url":"https:\/\/lospoliticosveracruz.com\/","logo":{"@type":"ImageObject","inLanguage":"es","@id":"https:\/\/lospoliticosveracruz.com\/#\/schema\/logo\/image\/","url":"https:\/\/lospoliticosveracruz.com\/wp-content\/uploads\/2025\/12\/Logo-Nuevo-LOS-POLITICOS-1.jpg","contentUrl":"https:\/\/lospoliticosveracruz.com\/wp-content\/uploads\/2025\/12\/Logo-Nuevo-LOS-POLITICOS-1.jpg","width":260,"height":70,"caption":"Los pol\u00edticos Veracruz"},"image":{"@id":"https:\/\/lospoliticosveracruz.com\/#\/schema\/logo\/image\/"},"sameAs":["https:\/\/www.facebook.com\/people\/Notimemes-de-los-Polticos\/61565672886568\/","https:\/\/x.com\/LosPoliticosVer"]},{"@type":"Person","@id":"https:\/\/lospoliticosveracruz.com\/#\/schema\/person\/b8702bb0e538456e6efd07080bf2a4a2","name":"Lo viste en Los Pol\u00edticos","image":{"@type":"ImageObject","inLanguage":"es","@id":"https:\/\/secure.gravatar.com\/avatar\/3a8de04a2656d44082be478bd6c086daa447c4651605818287b9532d3d0bd435?s=96&d=mm&r=g","url":"https:\/\/secure.gravatar.com\/avatar\/3a8de04a2656d44082be478bd6c086daa447c4651605818287b9532d3d0bd435?s=96&d=mm&r=g","contentUrl":"https:\/\/secure.gravatar.com\/avatar\/3a8de04a2656d44082be478bd6c086daa447c4651605818287b9532d3d0bd435?s=96&d=mm&r=g","caption":"Lo viste en Los Pol\u00edticos"},"url":"https:\/\/lospoliticosveracruz.com\/?author=2"}]}},"_links":{"self":[{"href":"https:\/\/lospoliticosveracruz.com\/index.php?rest_route=\/wp\/v2\/posts\/22682","targetHints":{"allow":["GET"]}}],"collection":[{"href":"https:\/\/lospoliticosveracruz.com\/index.php?rest_route=\/wp\/v2\/posts"}],"about":[{"href":"https:\/\/lospoliticosveracruz.com\/index.php?rest_route=\/wp\/v2\/types\/post"}],"author":[{"embeddable":true,"href":"https:\/\/lospoliticosveracruz.com\/index.php?rest_route=\/wp\/v2\/users\/2"}],"replies":[{"embeddable":true,"href":"https:\/\/lospoliticosveracruz.com\/index.php?rest_route=%2Fwp%2Fv2%2Fcomments&post=22682"}],"version-history":[{"count":1,"href":"https:\/\/lospoliticosveracruz.com\/index.php?rest_route=\/wp\/v2\/posts\/22682\/revisions"}],"predecessor-version":[{"id":22684,"href":"https:\/\/lospoliticosveracruz.com\/index.php?rest_route=\/wp\/v2\/posts\/22682\/revisions\/22684"}],"wp:attachment":[{"href":"https:\/\/lospoliticosveracruz.com\/index.php?rest_route=%2Fwp%2Fv2%2Fmedia&parent=22682"}],"wp:term":[{"taxonomy":"category","embeddable":true,"href":"https:\/\/lospoliticosveracruz.com\/index.php?rest_route=%2Fwp%2Fv2%2Fcategories&post=22682"},{"taxonomy":"post_tag","embeddable":true,"href":"https:\/\/lospoliticosveracruz.com\/index.php?rest_route=%2Fwp%2Fv2%2Ftags&post=22682"}],"curies":[{"name":"wp","href":"https:\/\/api.w.org\/{rel}","templated":true}]}}