{"id":22685,"date":"2016-04-14T09:24:45","date_gmt":"2016-04-14T14:24:45","guid":{"rendered":"http:\/\/www.lospoliticosveracruz.com.mx\/?p=22685"},"modified":"2016-04-14T09:24:45","modified_gmt":"2016-04-14T14:24:45","slug":"los-obama-golpes-de-amlo","status":"publish","type":"post","link":"https:\/\/lospoliticosveracruz.com\/?p=22685","title":{"rendered":"Los Obama-golpes de AMLO"},"content":{"rendered":"<p><a href=\"http:\/\/www.lospoliticosveracruz.com.mx\/wp-content\/uploads\/2016\/04\/Video-Peje.jpg\"><img loading=\"lazy\" decoding=\"async\" class=\"alignnone size-medium wp-image-22662\" src=\"http:\/\/www.lospoliticosveracruz.com.mx\/wp-content\/uploads\/2016\/04\/Video-Peje-300x278.jpg\" alt=\"Video Peje\" width=\"300\" height=\"278\" \/><\/a><\/p>\n<p><strong>M\u00f3nica Camarena Crespo<\/strong><\/p>\n<p><em>Parque Ju\u00e1rez<\/em><br \/>\nNadie puede negar que las tropicales \u201cpeje-frases\u201d llaman la atenci\u00f3n; sus seguidores, simpatizantes y creyentes fervientes seguramente las repiten, las gozan, disfrutan de su ingenio, para los objetos de la cr\u00edtica de Andr\u00e9s Manuel L\u00f3pez Obrador no dejan de ser un asunto medi\u00e1tico en tiempos de elecciones.<br \/>\nSin embargo, llama la atenci\u00f3n su insistencia en comparar fortunas de pol\u00edticos mexicanos, asignaciones presupuestales federales, con los gastos del Presidente de Estados Unidos Barak Obama.<br \/>\nTal vez L\u00f3pez Obrador es un consumado admirador del dem\u00f3crata, porque los ejemplos siempre los conduce hacia las pr\u00e1cticas y gastos del mandatario estadounidense.<br \/>\nVayamos con los casos inmediatos; acerca del nuevo avi\u00f3n presidencial \u201c Ni Obama lo tiene \u201c atajo el peje en sendos spots, por obvias razones cuestionados. Se trato de un dato interesante, si es que nos hubiese proporcionado tambi\u00e9n el costo actual del Air Force One, el impresionante avi\u00f3n que utilizan los Presidente de los EEUU.<br \/>\nEl avi\u00f3n que actualmente transporta a Obama, desde 2001 es el centro de gobierno de los Estados Unidos de Am\u00e9rica mientras el presidente est\u00e9 dentro de la aeronave en cualquier parte del mundo.<br \/>\nAunque el Air Force One tiene dos pisos, al igual que un Boeing 747 regular, su interior est\u00e1 reconfigurado para permitir las tareas presidenciales; Puede contener comida hasta para 2,000 personas cuando est\u00e1 completamente cargado, algunas de ellas almacenadas en congeladores. Las comidas son preparadas en dos cocinas, que est\u00e1n equipadas para alimentar a 100 personas a la vez.<br \/>\nSe trata pues, de un avi\u00f3n sumamente equipado m\u00e1s que grande de tama\u00f1o o de modelo reciente; la tecnolog\u00eda que debe incluirse en dicho avi\u00f3n debe ser constantemente actualizada por transportar a uno de los lideres m\u00e1s importantes del mundo.<br \/>\nDicho sea de paso, seria incalculable el precio del Air Force One, por el equipamiento, tal vez por ello se puede comparar con el nuevo avi\u00f3n que transporta al Presidente Enrique Pe\u00f1a Nieto, equipo e invitados.<br \/>\nComo quiera que sea, Andr\u00e9s Manuel L\u00f3pez Obrador escogi\u00f3 el avi\u00f3n de Obama para pegarle al Presidente de M\u00e9xico; ahora enfilo sus tropicales comentarios en tiempos de campa\u00f1a hacia el candidato de la alianza PAN-PRD, Miguel \u00c1ngel Yunes Linares, de quien dice, tiene m\u00e1s propiedades que Obama.<br \/>\nLo que queda claro es que AMLO es admirador de Barak Obama, tal vez al t\u00e9rmino del actual periodo del dem\u00f3crata lo inviten a participar como conferencista del partido MORENA, as\u00ed podr\u00eda reafirmar la promoci\u00f3n que le hizo el tabasque\u00f1o ac\u00e1 en M\u00e9xico.<br \/>\nTambi\u00e9n seria bueno saber si lo que dijo del abanderado de la coalici\u00f3n PAN-PRD por la gubernatura de Veracruz es totalmente cierto o parcialmente apegado a la realidad.<br \/>\n\u00c1gora<br \/>\nLas campa\u00f1as de los candidatos a diputados federales se vislumbran en tono gris, en algunos casos, m\u00e1s que ayudar van a generar jiribilla en sus respectivos partidos y a los candidatos a la gubernatura.<br \/>\n@monicamarena<\/p>\n","protected":false},"excerpt":{"rendered":"<p>M\u00f3nica Camarena Crespo Parque Ju\u00e1rez Nadie puede negar que las tropicales \u201cpeje-frases\u201d llaman la atenci\u00f3n; sus seguidores, simpatizantes y creyentes fervientes seguramente las repiten, las gozan, disfrutan de su ingenio, para los objetos de la cr\u00edtica de Andr\u00e9s Manuel L\u00f3pez Obrador no dejan de ser un asunto medi\u00e1tico en tiempos de elecciones. Sin embargo, llama [&hellip;]<\/p>\n","protected":false},"author":2,"featured_media":0,"comment_status":"open","ping_status":"open","sticky":false,"template":"","format":"standard","meta":{"tdm_status":"","tdm_grid_status":"","footnotes":""},"categories":[70],"tags":[618,428,1026,5247],"class_list":{"0":"post-22685","1":"post","2":"type-post","3":"status-publish","4":"format-standard","6":"category-de-opinion","7":"tag-andres-manuel-lopez-obrador","8":"tag-miguel-angel-yunes-linares","9":"tag-morena","10":"tag-peje"},"yoast_head":"<!-- This site is optimized with the Yoast SEO plugin v27.4 - https:\/\/yoast.com\/product\/yoast-seo-wordpress\/ -->\n<title>Los Obama-golpes de AMLO - Los pol\u00edticos Veracruz<\/title>\n<meta name=\"robots\" content=\"index, follow, max-snippet:-1, max-image-preview:large, max-video-preview:-1\" \/>\n<link rel=\"canonical\" href=\"https:\/\/lospoliticosveracruz.com\/?p=22685\" \/>\n<meta property=\"og:locale\" content=\"es_ES\" \/>\n<meta property=\"og:type\" content=\"article\" \/>\n<meta property=\"og:title\" content=\"Los Obama-golpes de AMLO - Los pol\u00edticos Veracruz\" \/>\n<meta property=\"og:description\" content=\"M\u00f3nica Camarena Crespo Parque Ju\u00e1rez Nadie puede negar que las tropicales \u201cpeje-frases\u201d llaman la atenci\u00f3n; sus seguidores, simpatizantes y creyentes fervientes seguramente las repiten, las gozan, disfrutan de su ingenio, para los objetos de la cr\u00edtica de Andr\u00e9s Manuel L\u00f3pez Obrador no dejan de ser un asunto medi\u00e1tico en tiempos de elecciones. Sin embargo, llama [&hellip;]\" \/>\n<meta property=\"og:url\" content=\"https:\/\/lospoliticosveracruz.com\/?p=22685\" \/>\n<meta property=\"og:site_name\" content=\"Los pol\u00edticos Veracruz\" \/>\n<meta property=\"article:publisher\" content=\"https:\/\/www.facebook.com\/people\/Notimemes-de-los-Polticos\/61565672886568\/\" \/>\n<meta property=\"article:published_time\" content=\"2016-04-14T14:24:45+00:00\" \/>\n<meta property=\"og:image\" content=\"http:\/\/www.lospoliticosveracruz.com.mx\/wp-content\/uploads\/2016\/04\/Video-Peje-300x278.jpg\" \/>\n<meta name=\"author\" content=\"Lo viste en Los Pol\u00edticos\" \/>\n<meta name=\"twitter:card\" content=\"summary_large_image\" \/>\n<meta name=\"twitter:creator\" content=\"@LosPoliticosVer\" \/>\n<meta name=\"twitter:site\" content=\"@LosPoliticosVer\" \/>\n<meta name=\"twitter:label1\" content=\"Escrito por\" \/>\n\t<meta name=\"twitter:data1\" content=\"Lo viste en Los Pol\u00edticos\" \/>\n\t<meta name=\"twitter:label2\" content=\"Tiempo de lectura\" \/>\n\t<meta name=\"twitter:data2\" content=\"3 minutos\" \/>\n<script type=\"application\/ld+json\" class=\"yoast-schema-graph\">{\"@context\":\"https:\\\/\\\/schema.org\",\"@graph\":[{\"@type\":\"Article\",\"@id\":\"https:\\\/\\\/lospoliticosveracruz.com\\\/?p=22685#article\",\"isPartOf\":{\"@id\":\"https:\\\/\\\/lospoliticosveracruz.com\\\/?p=22685\"},\"author\":{\"name\":\"Lo viste en Los Pol\u00edticos\",\"@id\":\"https:\\\/\\\/lospoliticosveracruz.com\\\/#\\\/schema\\\/person\\\/b8702bb0e538456e6efd07080bf2a4a2\"},\"headline\":\"Los Obama-golpes de AMLO\",\"datePublished\":\"2016-04-14T14:24:45+00:00\",\"mainEntityOfPage\":{\"@id\":\"https:\\\/\\\/lospoliticosveracruz.com\\\/?p=22685\"},\"wordCount\":520,\"commentCount\":0,\"publisher\":{\"@id\":\"https:\\\/\\\/lospoliticosveracruz.com\\\/#organization\"},\"image\":{\"@id\":\"https:\\\/\\\/lospoliticosveracruz.com\\\/?p=22685#primaryimage\"},\"thumbnailUrl\":\"http:\\\/\\\/www.lospoliticosveracruz.com.mx\\\/wp-content\\\/uploads\\\/2016\\\/04\\\/Video-Peje-300x278.jpg\",\"keywords\":[\"Andr\u00e9s Manuel L\u00f3pez Obrador\",\"Miguel Angel Yunes Linares\",\"Morena\",\"Peje\"],\"articleSection\":[\"De Opini\u00f3n\"],\"inLanguage\":\"es\",\"potentialAction\":[{\"@type\":\"CommentAction\",\"name\":\"Comment\",\"target\":[\"https:\\\/\\\/lospoliticosveracruz.com\\\/?p=22685#respond\"]}]},{\"@type\":\"WebPage\",\"@id\":\"https:\\\/\\\/lospoliticosveracruz.com\\\/?p=22685\",\"url\":\"https:\\\/\\\/lospoliticosveracruz.com\\\/?p=22685\",\"name\":\"Los Obama-golpes de AMLO - Los pol\u00edticos Veracruz\",\"isPartOf\":{\"@id\":\"https:\\\/\\\/lospoliticosveracruz.com\\\/#website\"},\"primaryImageOfPage\":{\"@id\":\"https:\\\/\\\/lospoliticosveracruz.com\\\/?p=22685#primaryimage\"},\"image\":{\"@id\":\"https:\\\/\\\/lospoliticosveracruz.com\\\/?p=22685#primaryimage\"},\"thumbnailUrl\":\"http:\\\/\\\/www.lospoliticosveracruz.com.mx\\\/wp-content\\\/uploads\\\/2016\\\/04\\\/Video-Peje-300x278.jpg\",\"datePublished\":\"2016-04-14T14:24:45+00:00\",\"breadcrumb\":{\"@id\":\"https:\\\/\\\/lospoliticosveracruz.com\\\/?p=22685#breadcrumb\"},\"inLanguage\":\"es\",\"potentialAction\":[{\"@type\":\"ReadAction\",\"target\":[\"https:\\\/\\\/lospoliticosveracruz.com\\\/?p=22685\"]}]},{\"@type\":\"ImageObject\",\"inLanguage\":\"es\",\"@id\":\"https:\\\/\\\/lospoliticosveracruz.com\\\/?p=22685#primaryimage\",\"url\":\"http:\\\/\\\/www.lospoliticosveracruz.com.mx\\\/wp-content\\\/uploads\\\/2016\\\/04\\\/Video-Peje-300x278.jpg\",\"contentUrl\":\"http:\\\/\\\/www.lospoliticosveracruz.com.mx\\\/wp-content\\\/uploads\\\/2016\\\/04\\\/Video-Peje-300x278.jpg\"},{\"@type\":\"BreadcrumbList\",\"@id\":\"https:\\\/\\\/lospoliticosveracruz.com\\\/?p=22685#breadcrumb\",\"itemListElement\":[{\"@type\":\"ListItem\",\"position\":1,\"name\":\"Portada\",\"item\":\"https:\\\/\\\/lospoliticosveracruz.com\\\/\"},{\"@type\":\"ListItem\",\"position\":2,\"name\":\"Los Obama-golpes de AMLO\"}]},{\"@type\":\"WebSite\",\"@id\":\"https:\\\/\\\/lospoliticosveracruz.com\\\/#website\",\"url\":\"https:\\\/\\\/lospoliticosveracruz.com\\\/\",\"name\":\"Los pol\u00edticos Veracruz\",\"description\":\"\",\"publisher\":{\"@id\":\"https:\\\/\\\/lospoliticosveracruz.com\\\/#organization\"},\"potentialAction\":[{\"@type\":\"SearchAction\",\"target\":{\"@type\":\"EntryPoint\",\"urlTemplate\":\"https:\\\/\\\/lospoliticosveracruz.com\\\/?s={search_term_string}\"},\"query-input\":{\"@type\":\"PropertyValueSpecification\",\"valueRequired\":true,\"valueName\":\"search_term_string\"}}],\"inLanguage\":\"es\"},{\"@type\":\"Organization\",\"@id\":\"https:\\\/\\\/lospoliticosveracruz.com\\\/#organization\",\"name\":\"Los pol\u00edticos Veracruz\",\"url\":\"https:\\\/\\\/lospoliticosveracruz.com\\\/\",\"logo\":{\"@type\":\"ImageObject\",\"inLanguage\":\"es\",\"@id\":\"https:\\\/\\\/lospoliticosveracruz.com\\\/#\\\/schema\\\/logo\\\/image\\\/\",\"url\":\"https:\\\/\\\/lospoliticosveracruz.com\\\/wp-content\\\/uploads\\\/2025\\\/12\\\/Logo-Nuevo-LOS-POLITICOS-1.jpg\",\"contentUrl\":\"https:\\\/\\\/lospoliticosveracruz.com\\\/wp-content\\\/uploads\\\/2025\\\/12\\\/Logo-Nuevo-LOS-POLITICOS-1.jpg\",\"width\":260,\"height\":70,\"caption\":\"Los pol\u00edticos Veracruz\"},\"image\":{\"@id\":\"https:\\\/\\\/lospoliticosveracruz.com\\\/#\\\/schema\\\/logo\\\/image\\\/\"},\"sameAs\":[\"https:\\\/\\\/www.facebook.com\\\/people\\\/Notimemes-de-los-Polticos\\\/61565672886568\\\/\",\"https:\\\/\\\/x.com\\\/LosPoliticosVer\"]},{\"@type\":\"Person\",\"@id\":\"https:\\\/\\\/lospoliticosveracruz.com\\\/#\\\/schema\\\/person\\\/b8702bb0e538456e6efd07080bf2a4a2\",\"name\":\"Lo viste en Los Pol\u00edticos\",\"image\":{\"@type\":\"ImageObject\",\"inLanguage\":\"es\",\"@id\":\"https:\\\/\\\/secure.gravatar.com\\\/avatar\\\/3a8de04a2656d44082be478bd6c086daa447c4651605818287b9532d3d0bd435?s=96&d=mm&r=g\",\"url\":\"https:\\\/\\\/secure.gravatar.com\\\/avatar\\\/3a8de04a2656d44082be478bd6c086daa447c4651605818287b9532d3d0bd435?s=96&d=mm&r=g\",\"contentUrl\":\"https:\\\/\\\/secure.gravatar.com\\\/avatar\\\/3a8de04a2656d44082be478bd6c086daa447c4651605818287b9532d3d0bd435?s=96&d=mm&r=g\",\"caption\":\"Lo viste en Los Pol\u00edticos\"},\"url\":\"https:\\\/\\\/lospoliticosveracruz.com\\\/?author=2\"}]}<\/script>\n<!-- \/ Yoast SEO plugin. -->","yoast_head_json":{"title":"Los Obama-golpes de AMLO - Los pol\u00edticos Veracruz","robots":{"index":"index","follow":"follow","max-snippet":"max-snippet:-1","max-image-preview":"max-image-preview:large","max-video-preview":"max-video-preview:-1"},"canonical":"https:\/\/lospoliticosveracruz.com\/?p=22685","og_locale":"es_ES","og_type":"article","og_title":"Los Obama-golpes de AMLO - Los pol\u00edticos Veracruz","og_description":"M\u00f3nica Camarena Crespo Parque Ju\u00e1rez Nadie puede negar que las tropicales \u201cpeje-frases\u201d llaman la atenci\u00f3n; sus seguidores, simpatizantes y creyentes fervientes seguramente las repiten, las gozan, disfrutan de su ingenio, para los objetos de la cr\u00edtica de Andr\u00e9s Manuel L\u00f3pez Obrador no dejan de ser un asunto medi\u00e1tico en tiempos de elecciones. Sin embargo, llama [&hellip;]","og_url":"https:\/\/lospoliticosveracruz.com\/?p=22685","og_site_name":"Los pol\u00edticos Veracruz","article_publisher":"https:\/\/www.facebook.com\/people\/Notimemes-de-los-Polticos\/61565672886568\/","article_published_time":"2016-04-14T14:24:45+00:00","og_image":[{"url":"http:\/\/www.lospoliticosveracruz.com.mx\/wp-content\/uploads\/2016\/04\/Video-Peje-300x278.jpg","type":"","width":"","height":""}],"author":"Lo viste en Los Pol\u00edticos","twitter_card":"summary_large_image","twitter_creator":"@LosPoliticosVer","twitter_site":"@LosPoliticosVer","twitter_misc":{"Escrito por":"Lo viste en Los Pol\u00edticos","Tiempo de lectura":"3 minutos"},"schema":{"@context":"https:\/\/schema.org","@graph":[{"@type":"Article","@id":"https:\/\/lospoliticosveracruz.com\/?p=22685#article","isPartOf":{"@id":"https:\/\/lospoliticosveracruz.com\/?p=22685"},"author":{"name":"Lo viste en Los Pol\u00edticos","@id":"https:\/\/lospoliticosveracruz.com\/#\/schema\/person\/b8702bb0e538456e6efd07080bf2a4a2"},"headline":"Los Obama-golpes de AMLO","datePublished":"2016-04-14T14:24:45+00:00","mainEntityOfPage":{"@id":"https:\/\/lospoliticosveracruz.com\/?p=22685"},"wordCount":520,"commentCount":0,"publisher":{"@id":"https:\/\/lospoliticosveracruz.com\/#organization"},"image":{"@id":"https:\/\/lospoliticosveracruz.com\/?p=22685#primaryimage"},"thumbnailUrl":"http:\/\/www.lospoliticosveracruz.com.mx\/wp-content\/uploads\/2016\/04\/Video-Peje-300x278.jpg","keywords":["Andr\u00e9s Manuel L\u00f3pez Obrador","Miguel Angel Yunes Linares","Morena","Peje"],"articleSection":["De Opini\u00f3n"],"inLanguage":"es","potentialAction":[{"@type":"CommentAction","name":"Comment","target":["https:\/\/lospoliticosveracruz.com\/?p=22685#respond"]}]},{"@type":"WebPage","@id":"https:\/\/lospoliticosveracruz.com\/?p=22685","url":"https:\/\/lospoliticosveracruz.com\/?p=22685","name":"Los Obama-golpes de AMLO - Los pol\u00edticos Veracruz","isPartOf":{"@id":"https:\/\/lospoliticosveracruz.com\/#website"},"primaryImageOfPage":{"@id":"https:\/\/lospoliticosveracruz.com\/?p=22685#primaryimage"},"image":{"@id":"https:\/\/lospoliticosveracruz.com\/?p=22685#primaryimage"},"thumbnailUrl":"http:\/\/www.lospoliticosveracruz.com.mx\/wp-content\/uploads\/2016\/04\/Video-Peje-300x278.jpg","datePublished":"2016-04-14T14:24:45+00:00","breadcrumb":{"@id":"https:\/\/lospoliticosveracruz.com\/?p=22685#breadcrumb"},"inLanguage":"es","potentialAction":[{"@type":"ReadAction","target":["https:\/\/lospoliticosveracruz.com\/?p=22685"]}]},{"@type":"ImageObject","inLanguage":"es","@id":"https:\/\/lospoliticosveracruz.com\/?p=22685#primaryimage","url":"http:\/\/www.lospoliticosveracruz.com.mx\/wp-content\/uploads\/2016\/04\/Video-Peje-300x278.jpg","contentUrl":"http:\/\/www.lospoliticosveracruz.com.mx\/wp-content\/uploads\/2016\/04\/Video-Peje-300x278.jpg"},{"@type":"BreadcrumbList","@id":"https:\/\/lospoliticosveracruz.com\/?p=22685#breadcrumb","itemListElement":[{"@type":"ListItem","position":1,"name":"Portada","item":"https:\/\/lospoliticosveracruz.com\/"},{"@type":"ListItem","position":2,"name":"Los Obama-golpes de AMLO"}]},{"@type":"WebSite","@id":"https:\/\/lospoliticosveracruz.com\/#website","url":"https:\/\/lospoliticosveracruz.com\/","name":"Los pol\u00edticos Veracruz","description":"","publisher":{"@id":"https:\/\/lospoliticosveracruz.com\/#organization"},"potentialAction":[{"@type":"SearchAction","target":{"@type":"EntryPoint","urlTemplate":"https:\/\/lospoliticosveracruz.com\/?s={search_term_string}"},"query-input":{"@type":"PropertyValueSpecification","valueRequired":true,"valueName":"search_term_string"}}],"inLanguage":"es"},{"@type":"Organization","@id":"https:\/\/lospoliticosveracruz.com\/#organization","name":"Los pol\u00edticos Veracruz","url":"https:\/\/lospoliticosveracruz.com\/","logo":{"@type":"ImageObject","inLanguage":"es","@id":"https:\/\/lospoliticosveracruz.com\/#\/schema\/logo\/image\/","url":"https:\/\/lospoliticosveracruz.com\/wp-content\/uploads\/2025\/12\/Logo-Nuevo-LOS-POLITICOS-1.jpg","contentUrl":"https:\/\/lospoliticosveracruz.com\/wp-content\/uploads\/2025\/12\/Logo-Nuevo-LOS-POLITICOS-1.jpg","width":260,"height":70,"caption":"Los pol\u00edticos Veracruz"},"image":{"@id":"https:\/\/lospoliticosveracruz.com\/#\/schema\/logo\/image\/"},"sameAs":["https:\/\/www.facebook.com\/people\/Notimemes-de-los-Polticos\/61565672886568\/","https:\/\/x.com\/LosPoliticosVer"]},{"@type":"Person","@id":"https:\/\/lospoliticosveracruz.com\/#\/schema\/person\/b8702bb0e538456e6efd07080bf2a4a2","name":"Lo viste en Los Pol\u00edticos","image":{"@type":"ImageObject","inLanguage":"es","@id":"https:\/\/secure.gravatar.com\/avatar\/3a8de04a2656d44082be478bd6c086daa447c4651605818287b9532d3d0bd435?s=96&d=mm&r=g","url":"https:\/\/secure.gravatar.com\/avatar\/3a8de04a2656d44082be478bd6c086daa447c4651605818287b9532d3d0bd435?s=96&d=mm&r=g","contentUrl":"https:\/\/secure.gravatar.com\/avatar\/3a8de04a2656d44082be478bd6c086daa447c4651605818287b9532d3d0bd435?s=96&d=mm&r=g","caption":"Lo viste en Los Pol\u00edticos"},"url":"https:\/\/lospoliticosveracruz.com\/?author=2"}]}},"_links":{"self":[{"href":"https:\/\/lospoliticosveracruz.com\/index.php?rest_route=\/wp\/v2\/posts\/22685","targetHints":{"allow":["GET"]}}],"collection":[{"href":"https:\/\/lospoliticosveracruz.com\/index.php?rest_route=\/wp\/v2\/posts"}],"about":[{"href":"https:\/\/lospoliticosveracruz.com\/index.php?rest_route=\/wp\/v2\/types\/post"}],"author":[{"embeddable":true,"href":"https:\/\/lospoliticosveracruz.com\/index.php?rest_route=\/wp\/v2\/users\/2"}],"replies":[{"embeddable":true,"href":"https:\/\/lospoliticosveracruz.com\/index.php?rest_route=%2Fwp%2Fv2%2Fcomments&post=22685"}],"version-history":[{"count":1,"href":"https:\/\/lospoliticosveracruz.com\/index.php?rest_route=\/wp\/v2\/posts\/22685\/revisions"}],"predecessor-version":[{"id":22686,"href":"https:\/\/lospoliticosveracruz.com\/index.php?rest_route=\/wp\/v2\/posts\/22685\/revisions\/22686"}],"wp:attachment":[{"href":"https:\/\/lospoliticosveracruz.com\/index.php?rest_route=%2Fwp%2Fv2%2Fmedia&parent=22685"}],"wp:term":[{"taxonomy":"category","embeddable":true,"href":"https:\/\/lospoliticosveracruz.com\/index.php?rest_route=%2Fwp%2Fv2%2Fcategories&post=22685"},{"taxonomy":"post_tag","embeddable":true,"href":"https:\/\/lospoliticosveracruz.com\/index.php?rest_route=%2Fwp%2Fv2%2Ftags&post=22685"}],"curies":[{"name":"wp","href":"https:\/\/api.w.org\/{rel}","templated":true}]}}