{"id":22693,"date":"2016-04-14T21:20:03","date_gmt":"2016-04-15T02:20:03","guid":{"rendered":"http:\/\/www.lospoliticosveracruz.com.mx\/?p=22693"},"modified":"2016-04-14T21:21:19","modified_gmt":"2016-04-15T02:21:19","slug":"ya-declaraste","status":"publish","type":"post","link":"https:\/\/lospoliticosveracruz.com\/?p=22693","title":{"rendered":"\u00bfYa declaraste?"},"content":{"rendered":"<p><a href=\"http:\/\/www.lospoliticosveracruz.com.mx\/wp-content\/uploads\/2016\/04\/Declaraci\u00f3n-SAT.jpg\"><img loading=\"lazy\" decoding=\"async\" class=\"alignnone wp-image-22694 size-medium\" src=\"http:\/\/www.lospoliticosveracruz.com.mx\/wp-content\/uploads\/2016\/04\/Declaraci\u00f3n-SAT-300x200.jpg\" alt=\"\" width=\"300\" height=\"200\" \/><\/a><\/p>\n<p><strong>Brenda Caballero<\/strong><br \/>\n<em>N\u00fameros Rojos<\/em><\/p>\n<p>Antes de saludar a su hijo, la primera pregunta que sale de la madre es: \u00bfya hiciste tu declaraci\u00f3n anual? El hijo sorprendido le responde: Hola, ma, bien gracias y t\u00fauuu.<br \/>\n\u00a1Pero si no te tardas ni diez minutos! Le dice la madre a un hijo afligido, ante lo complicado que le resultan los asuntos fiscales.<br \/>\n\u00c9se es el promocional que nos invita a hacer la declaraci\u00f3n anual como personas f\u00edsicas en abril.<br \/>\nAhora que si vemos el video de Ra\u00fal, el promocional dice \u00a1no te tardas ni cinco minutos!<br \/>\nDesde luego que la publicidad es tan mala como el acceso a la p\u00e1gina del Sistema de Atenci\u00f3n Tributaria (SAT) \u00a1Diez minutos tarda uno en entrar a la p\u00e1gina y que cargue la aplicaci\u00f3n! Es m\u00e1s \u00a1ni un contador la hace en diez minutos!<br \/>\nAunque d\u00e9jeme comentarle que ahora ya est\u00e1 todo bien cruzado en el portal, pues al entrar al apartado de Ingresos ya viene cargado previamente los ingresos obtenidos, as\u00ed como cu\u00e1nto le retuvieron de Impuesto sobre la Renta.<br \/>\n\u00bfQu\u00e9 necesita para accesar? Deber\u00e1 tener a la mano su RFC as\u00ed como su clave de ocho d\u00edgitos conocida como contrase\u00f1a.<br \/>\n\u00bfQu\u00e9 puede deducir como gastos? \u00c9sta es la pregunta del mill\u00f3n. Aqu\u00ed debe considerar sus gastos m\u00e9dicos, hospitalarios, gastos dentales, medicinas, siempre y cuando las compre en hospitales y \u00e9stos las facturen. No aplica compradas en farmacias. Hasta 152 mil como aportaciones a sociedades de inversi\u00f3n, siempre y cuando se compruebe que se est\u00e1 ahorrando, donativos (hasta 7 por ciento de la base gravable del ejercicio anterior), gastos funerarios efectuados en el ejercicio, compra de lentes graduados hasta por 2 mil 500 pesos, colegiaturas.<br \/>\nEs importante destacar que, para que estos gastos personales puedan ser deducibles, deber\u00e1n haber sido pagados con tarjeta de cr\u00e9dito, d\u00e9bito, transferencia o cheque.<br \/>\nEstos datos ya aparecen precargados en su portal del SAT, pero si tiene alg\u00fan cr\u00e9dito hipotecario para que sean deducidos sus intereses reales, deber\u00e1 anotar el RFC, la cantidad y el concepto manualmente tomado de su constancia que le expide su banco. Si ha hecho aportaciones a su Afore, tambi\u00e9n deber\u00e1 ingresa los datos manualmente.<br \/>\nPero \u00bfpuedo meter todos los gastos con las caracter\u00edsticas anteriores que tenga?<br \/>\nEs importante recordar que hasta el a\u00f1o 2015 estaban limitadas las deducciones a cuatro veces el salario m\u00ednimo, es decir hasta 98 mil pesos o el 10 por ciento de sus ingresos. Desde luego que la mayor\u00eda de las veces toma el 10 por ciento, pues como hay que devolver, la autoridad fiscal prefiere que sea lo menos posible.<br \/>\nSi al presentar la declaraci\u00f3n tuvo saldo a favor menor a diez mil pesos, no necesitar\u00e1 firmar su declaraci\u00f3n con Firma Electr\u00f3nica Avanzada mejor conocida como Fiel; pero si su saldo a favor fue de diez mil hasta 150 mil pesos, necesitar\u00e1 la e.firma o Fiel para enviar su declaraci\u00f3n. Ojo: la Fiel tiene fecha de caducidad, as\u00ed es que ruegue a Dios que no se haya vencido, pues de lo contrario en estas fechas las citas en la Oficina de Hacienda est\u00e1n agotadas.<br \/>\nAhora que si le da a pagar, no puede inventar deducciones personales, ya que la aplicaci\u00f3n tiene bien detallados los gastos con RFC, Nombre, Cantidad, Concepto.<br \/>\nPor \u00faltimo, la aplicaci\u00f3n hace el c\u00e1lculo y determina el impuesto a favor o a pagar. En este caso le dan hasta 6 meses para cubrir su adeudo.<br \/>\nSeg\u00fan el SAT, los contribuyentes que presentaron de manera correcta su declaraci\u00f3n entre el 4 y 5 de abril recibieron en promedio 7 mil 221 pesos. Desde luego que no informa el promedio de la cantidad que pagaron los dem\u00e1s.<br \/>\n***<br \/>\nY hablando de otras declaraciones pero pol\u00edticas, m\u00e1s de 600 mil personas lograron llevar el 3 de 3 al Senado con la finalidad de combatir la corrupci\u00f3n gubernamental. De esta forma, el Senado empez\u00f3 el proceso formal del proyecto que obliga a los servidores p\u00fablicos a hacer p\u00fablicos sus bienes, el pago de impuestos y sus conflictos de intereses. Esperemos que esta iniciativa avance y no se quede en la congeladora.<br \/>\nEmail: caballero_brenda@hotmail.com<\/p>\n","protected":false},"excerpt":{"rendered":"<p>Brenda Caballero N\u00fameros Rojos Antes de saludar a su hijo, la primera pregunta que sale de la madre es: \u00bfya hiciste tu declaraci\u00f3n anual? El hijo sorprendido le responde: Hola, ma, bien gracias y t\u00fauuu. \u00a1Pero si no te tardas ni diez minutos! Le dice la madre a un hijo afligido, ante lo complicado que [&hellip;]<\/p>\n","protected":false},"author":2,"featured_media":0,"comment_status":"open","ping_status":"open","sticky":false,"template":"","format":"standard","meta":{"tdm_status":"","tdm_grid_status":"","footnotes":""},"categories":[70],"tags":[5248,5249,115],"class_list":{"0":"post-22693","1":"post","2":"type-post","3":"status-publish","4":"format-standard","6":"category-de-opinion","7":"tag-declaracion","8":"tag-fiel","9":"tag-sat"},"yoast_head":"<!-- This site is optimized with the Yoast SEO plugin v27.4 - https:\/\/yoast.com\/product\/yoast-seo-wordpress\/ -->\n<title>\u00bfYa declaraste? - Los pol\u00edticos Veracruz<\/title>\n<meta name=\"robots\" content=\"index, follow, max-snippet:-1, max-image-preview:large, max-video-preview:-1\" \/>\n<link rel=\"canonical\" href=\"https:\/\/lospoliticosveracruz.com\/?p=22693\" \/>\n<meta property=\"og:locale\" content=\"es_ES\" \/>\n<meta property=\"og:type\" content=\"article\" \/>\n<meta property=\"og:title\" content=\"\u00bfYa declaraste? - Los pol\u00edticos Veracruz\" \/>\n<meta property=\"og:description\" content=\"Brenda Caballero N\u00fameros Rojos Antes de saludar a su hijo, la primera pregunta que sale de la madre es: \u00bfya hiciste tu declaraci\u00f3n anual? El hijo sorprendido le responde: Hola, ma, bien gracias y t\u00fauuu. \u00a1Pero si no te tardas ni diez minutos! Le dice la madre a un hijo afligido, ante lo complicado que [&hellip;]\" \/>\n<meta property=\"og:url\" content=\"https:\/\/lospoliticosveracruz.com\/?p=22693\" \/>\n<meta property=\"og:site_name\" content=\"Los pol\u00edticos Veracruz\" \/>\n<meta property=\"article:publisher\" content=\"https:\/\/www.facebook.com\/people\/Notimemes-de-los-Polticos\/61565672886568\/\" \/>\n<meta property=\"article:published_time\" content=\"2016-04-15T02:20:03+00:00\" \/>\n<meta property=\"article:modified_time\" content=\"2016-04-15T02:21:19+00:00\" \/>\n<meta property=\"og:image\" content=\"https:\/\/lospoliticosveracruz.com\/wp-content\/uploads\/2016\/07\/Logo-Dor.jpg\" \/>\n\t<meta property=\"og:image:width\" content=\"200\" \/>\n\t<meta property=\"og:image:height\" content=\"200\" \/>\n\t<meta property=\"og:image:type\" content=\"image\/jpeg\" \/>\n<meta name=\"author\" content=\"Lo viste en Los Pol\u00edticos\" \/>\n<meta name=\"twitter:card\" content=\"summary_large_image\" \/>\n<meta name=\"twitter:creator\" content=\"@LosPoliticosVer\" \/>\n<meta name=\"twitter:site\" content=\"@LosPoliticosVer\" \/>\n<meta name=\"twitter:label1\" content=\"Escrito por\" \/>\n\t<meta name=\"twitter:data1\" content=\"Lo viste en Los Pol\u00edticos\" \/>\n\t<meta name=\"twitter:label2\" content=\"Tiempo de lectura\" \/>\n\t<meta name=\"twitter:data2\" content=\"4 minutos\" \/>\n<script type=\"application\/ld+json\" class=\"yoast-schema-graph\">{\"@context\":\"https:\\\/\\\/schema.org\",\"@graph\":[{\"@type\":\"Article\",\"@id\":\"https:\\\/\\\/lospoliticosveracruz.com\\\/?p=22693#article\",\"isPartOf\":{\"@id\":\"https:\\\/\\\/lospoliticosveracruz.com\\\/?p=22693\"},\"author\":{\"name\":\"Lo viste en Los Pol\u00edticos\",\"@id\":\"https:\\\/\\\/lospoliticosveracruz.com\\\/#\\\/schema\\\/person\\\/b8702bb0e538456e6efd07080bf2a4a2\"},\"headline\":\"\u00bfYa declaraste?\",\"datePublished\":\"2016-04-15T02:20:03+00:00\",\"dateModified\":\"2016-04-15T02:21:19+00:00\",\"mainEntityOfPage\":{\"@id\":\"https:\\\/\\\/lospoliticosveracruz.com\\\/?p=22693\"},\"wordCount\":714,\"commentCount\":0,\"publisher\":{\"@id\":\"https:\\\/\\\/lospoliticosveracruz.com\\\/#organization\"},\"keywords\":[\"declaraci\u00f3n\",\"Fiel\",\"SAT\"],\"articleSection\":[\"De Opini\u00f3n\"],\"inLanguage\":\"es\",\"potentialAction\":[{\"@type\":\"CommentAction\",\"name\":\"Comment\",\"target\":[\"https:\\\/\\\/lospoliticosveracruz.com\\\/?p=22693#respond\"]}]},{\"@type\":\"WebPage\",\"@id\":\"https:\\\/\\\/lospoliticosveracruz.com\\\/?p=22693\",\"url\":\"https:\\\/\\\/lospoliticosveracruz.com\\\/?p=22693\",\"name\":\"\u00bfYa declaraste? - Los pol\u00edticos Veracruz\",\"isPartOf\":{\"@id\":\"https:\\\/\\\/lospoliticosveracruz.com\\\/#website\"},\"datePublished\":\"2016-04-15T02:20:03+00:00\",\"dateModified\":\"2016-04-15T02:21:19+00:00\",\"breadcrumb\":{\"@id\":\"https:\\\/\\\/lospoliticosveracruz.com\\\/?p=22693#breadcrumb\"},\"inLanguage\":\"es\",\"potentialAction\":[{\"@type\":\"ReadAction\",\"target\":[\"https:\\\/\\\/lospoliticosveracruz.com\\\/?p=22693\"]}]},{\"@type\":\"BreadcrumbList\",\"@id\":\"https:\\\/\\\/lospoliticosveracruz.com\\\/?p=22693#breadcrumb\",\"itemListElement\":[{\"@type\":\"ListItem\",\"position\":1,\"name\":\"Portada\",\"item\":\"https:\\\/\\\/lospoliticosveracruz.com\\\/\"},{\"@type\":\"ListItem\",\"position\":2,\"name\":\"\u00bfYa declaraste?\"}]},{\"@type\":\"WebSite\",\"@id\":\"https:\\\/\\\/lospoliticosveracruz.com\\\/#website\",\"url\":\"https:\\\/\\\/lospoliticosveracruz.com\\\/\",\"name\":\"Los pol\u00edticos Veracruz\",\"description\":\"\",\"publisher\":{\"@id\":\"https:\\\/\\\/lospoliticosveracruz.com\\\/#organization\"},\"potentialAction\":[{\"@type\":\"SearchAction\",\"target\":{\"@type\":\"EntryPoint\",\"urlTemplate\":\"https:\\\/\\\/lospoliticosveracruz.com\\\/?s={search_term_string}\"},\"query-input\":{\"@type\":\"PropertyValueSpecification\",\"valueRequired\":true,\"valueName\":\"search_term_string\"}}],\"inLanguage\":\"es\"},{\"@type\":\"Organization\",\"@id\":\"https:\\\/\\\/lospoliticosveracruz.com\\\/#organization\",\"name\":\"Los pol\u00edticos Veracruz\",\"url\":\"https:\\\/\\\/lospoliticosveracruz.com\\\/\",\"logo\":{\"@type\":\"ImageObject\",\"inLanguage\":\"es\",\"@id\":\"https:\\\/\\\/lospoliticosveracruz.com\\\/#\\\/schema\\\/logo\\\/image\\\/\",\"url\":\"https:\\\/\\\/lospoliticosveracruz.com\\\/wp-content\\\/uploads\\\/2025\\\/12\\\/Logo-Nuevo-LOS-POLITICOS-1.jpg\",\"contentUrl\":\"https:\\\/\\\/lospoliticosveracruz.com\\\/wp-content\\\/uploads\\\/2025\\\/12\\\/Logo-Nuevo-LOS-POLITICOS-1.jpg\",\"width\":260,\"height\":70,\"caption\":\"Los pol\u00edticos Veracruz\"},\"image\":{\"@id\":\"https:\\\/\\\/lospoliticosveracruz.com\\\/#\\\/schema\\\/logo\\\/image\\\/\"},\"sameAs\":[\"https:\\\/\\\/www.facebook.com\\\/people\\\/Notimemes-de-los-Polticos\\\/61565672886568\\\/\",\"https:\\\/\\\/x.com\\\/LosPoliticosVer\"]},{\"@type\":\"Person\",\"@id\":\"https:\\\/\\\/lospoliticosveracruz.com\\\/#\\\/schema\\\/person\\\/b8702bb0e538456e6efd07080bf2a4a2\",\"name\":\"Lo viste en Los Pol\u00edticos\",\"image\":{\"@type\":\"ImageObject\",\"inLanguage\":\"es\",\"@id\":\"https:\\\/\\\/secure.gravatar.com\\\/avatar\\\/3a8de04a2656d44082be478bd6c086daa447c4651605818287b9532d3d0bd435?s=96&d=mm&r=g\",\"url\":\"https:\\\/\\\/secure.gravatar.com\\\/avatar\\\/3a8de04a2656d44082be478bd6c086daa447c4651605818287b9532d3d0bd435?s=96&d=mm&r=g\",\"contentUrl\":\"https:\\\/\\\/secure.gravatar.com\\\/avatar\\\/3a8de04a2656d44082be478bd6c086daa447c4651605818287b9532d3d0bd435?s=96&d=mm&r=g\",\"caption\":\"Lo viste en Los Pol\u00edticos\"},\"url\":\"https:\\\/\\\/lospoliticosveracruz.com\\\/?author=2\"}]}<\/script>\n<!-- \/ Yoast SEO plugin. -->","yoast_head_json":{"title":"\u00bfYa declaraste? - Los pol\u00edticos Veracruz","robots":{"index":"index","follow":"follow","max-snippet":"max-snippet:-1","max-image-preview":"max-image-preview:large","max-video-preview":"max-video-preview:-1"},"canonical":"https:\/\/lospoliticosveracruz.com\/?p=22693","og_locale":"es_ES","og_type":"article","og_title":"\u00bfYa declaraste? - Los pol\u00edticos Veracruz","og_description":"Brenda Caballero N\u00fameros Rojos Antes de saludar a su hijo, la primera pregunta que sale de la madre es: \u00bfya hiciste tu declaraci\u00f3n anual? El hijo sorprendido le responde: Hola, ma, bien gracias y t\u00fauuu. \u00a1Pero si no te tardas ni diez minutos! Le dice la madre a un hijo afligido, ante lo complicado que [&hellip;]","og_url":"https:\/\/lospoliticosveracruz.com\/?p=22693","og_site_name":"Los pol\u00edticos Veracruz","article_publisher":"https:\/\/www.facebook.com\/people\/Notimemes-de-los-Polticos\/61565672886568\/","article_published_time":"2016-04-15T02:20:03+00:00","article_modified_time":"2016-04-15T02:21:19+00:00","og_image":[{"width":200,"height":200,"url":"https:\/\/lospoliticosveracruz.com\/wp-content\/uploads\/2016\/07\/Logo-Dor.jpg","type":"image\/jpeg"}],"author":"Lo viste en Los Pol\u00edticos","twitter_card":"summary_large_image","twitter_creator":"@LosPoliticosVer","twitter_site":"@LosPoliticosVer","twitter_misc":{"Escrito por":"Lo viste en Los Pol\u00edticos","Tiempo de lectura":"4 minutos"},"schema":{"@context":"https:\/\/schema.org","@graph":[{"@type":"Article","@id":"https:\/\/lospoliticosveracruz.com\/?p=22693#article","isPartOf":{"@id":"https:\/\/lospoliticosveracruz.com\/?p=22693"},"author":{"name":"Lo viste en Los Pol\u00edticos","@id":"https:\/\/lospoliticosveracruz.com\/#\/schema\/person\/b8702bb0e538456e6efd07080bf2a4a2"},"headline":"\u00bfYa declaraste?","datePublished":"2016-04-15T02:20:03+00:00","dateModified":"2016-04-15T02:21:19+00:00","mainEntityOfPage":{"@id":"https:\/\/lospoliticosveracruz.com\/?p=22693"},"wordCount":714,"commentCount":0,"publisher":{"@id":"https:\/\/lospoliticosveracruz.com\/#organization"},"keywords":["declaraci\u00f3n","Fiel","SAT"],"articleSection":["De Opini\u00f3n"],"inLanguage":"es","potentialAction":[{"@type":"CommentAction","name":"Comment","target":["https:\/\/lospoliticosveracruz.com\/?p=22693#respond"]}]},{"@type":"WebPage","@id":"https:\/\/lospoliticosveracruz.com\/?p=22693","url":"https:\/\/lospoliticosveracruz.com\/?p=22693","name":"\u00bfYa declaraste? - Los pol\u00edticos Veracruz","isPartOf":{"@id":"https:\/\/lospoliticosveracruz.com\/#website"},"datePublished":"2016-04-15T02:20:03+00:00","dateModified":"2016-04-15T02:21:19+00:00","breadcrumb":{"@id":"https:\/\/lospoliticosveracruz.com\/?p=22693#breadcrumb"},"inLanguage":"es","potentialAction":[{"@type":"ReadAction","target":["https:\/\/lospoliticosveracruz.com\/?p=22693"]}]},{"@type":"BreadcrumbList","@id":"https:\/\/lospoliticosveracruz.com\/?p=22693#breadcrumb","itemListElement":[{"@type":"ListItem","position":1,"name":"Portada","item":"https:\/\/lospoliticosveracruz.com\/"},{"@type":"ListItem","position":2,"name":"\u00bfYa declaraste?"}]},{"@type":"WebSite","@id":"https:\/\/lospoliticosveracruz.com\/#website","url":"https:\/\/lospoliticosveracruz.com\/","name":"Los pol\u00edticos Veracruz","description":"","publisher":{"@id":"https:\/\/lospoliticosveracruz.com\/#organization"},"potentialAction":[{"@type":"SearchAction","target":{"@type":"EntryPoint","urlTemplate":"https:\/\/lospoliticosveracruz.com\/?s={search_term_string}"},"query-input":{"@type":"PropertyValueSpecification","valueRequired":true,"valueName":"search_term_string"}}],"inLanguage":"es"},{"@type":"Organization","@id":"https:\/\/lospoliticosveracruz.com\/#organization","name":"Los pol\u00edticos Veracruz","url":"https:\/\/lospoliticosveracruz.com\/","logo":{"@type":"ImageObject","inLanguage":"es","@id":"https:\/\/lospoliticosveracruz.com\/#\/schema\/logo\/image\/","url":"https:\/\/lospoliticosveracruz.com\/wp-content\/uploads\/2025\/12\/Logo-Nuevo-LOS-POLITICOS-1.jpg","contentUrl":"https:\/\/lospoliticosveracruz.com\/wp-content\/uploads\/2025\/12\/Logo-Nuevo-LOS-POLITICOS-1.jpg","width":260,"height":70,"caption":"Los pol\u00edticos Veracruz"},"image":{"@id":"https:\/\/lospoliticosveracruz.com\/#\/schema\/logo\/image\/"},"sameAs":["https:\/\/www.facebook.com\/people\/Notimemes-de-los-Polticos\/61565672886568\/","https:\/\/x.com\/LosPoliticosVer"]},{"@type":"Person","@id":"https:\/\/lospoliticosveracruz.com\/#\/schema\/person\/b8702bb0e538456e6efd07080bf2a4a2","name":"Lo viste en Los Pol\u00edticos","image":{"@type":"ImageObject","inLanguage":"es","@id":"https:\/\/secure.gravatar.com\/avatar\/3a8de04a2656d44082be478bd6c086daa447c4651605818287b9532d3d0bd435?s=96&d=mm&r=g","url":"https:\/\/secure.gravatar.com\/avatar\/3a8de04a2656d44082be478bd6c086daa447c4651605818287b9532d3d0bd435?s=96&d=mm&r=g","contentUrl":"https:\/\/secure.gravatar.com\/avatar\/3a8de04a2656d44082be478bd6c086daa447c4651605818287b9532d3d0bd435?s=96&d=mm&r=g","caption":"Lo viste en Los Pol\u00edticos"},"url":"https:\/\/lospoliticosveracruz.com\/?author=2"}]}},"_links":{"self":[{"href":"https:\/\/lospoliticosveracruz.com\/index.php?rest_route=\/wp\/v2\/posts\/22693","targetHints":{"allow":["GET"]}}],"collection":[{"href":"https:\/\/lospoliticosveracruz.com\/index.php?rest_route=\/wp\/v2\/posts"}],"about":[{"href":"https:\/\/lospoliticosveracruz.com\/index.php?rest_route=\/wp\/v2\/types\/post"}],"author":[{"embeddable":true,"href":"https:\/\/lospoliticosveracruz.com\/index.php?rest_route=\/wp\/v2\/users\/2"}],"replies":[{"embeddable":true,"href":"https:\/\/lospoliticosveracruz.com\/index.php?rest_route=%2Fwp%2Fv2%2Fcomments&post=22693"}],"version-history":[{"count":2,"href":"https:\/\/lospoliticosveracruz.com\/index.php?rest_route=\/wp\/v2\/posts\/22693\/revisions"}],"predecessor-version":[{"id":22696,"href":"https:\/\/lospoliticosveracruz.com\/index.php?rest_route=\/wp\/v2\/posts\/22693\/revisions\/22696"}],"wp:attachment":[{"href":"https:\/\/lospoliticosveracruz.com\/index.php?rest_route=%2Fwp%2Fv2%2Fmedia&parent=22693"}],"wp:term":[{"taxonomy":"category","embeddable":true,"href":"https:\/\/lospoliticosveracruz.com\/index.php?rest_route=%2Fwp%2Fv2%2Fcategories&post=22693"},{"taxonomy":"post_tag","embeddable":true,"href":"https:\/\/lospoliticosveracruz.com\/index.php?rest_route=%2Fwp%2Fv2%2Ftags&post=22693"}],"curies":[{"name":"wp","href":"https:\/\/api.w.org\/{rel}","templated":true}]}}