{"id":22711,"date":"2016-04-15T14:40:59","date_gmt":"2016-04-15T19:40:59","guid":{"rendered":"http:\/\/www.lospoliticosveracruz.com.mx\/?p=22711"},"modified":"2016-04-15T14:40:59","modified_gmt":"2016-04-15T19:40:59","slug":"asesinos-en-serie-en-xalapa","status":"publish","type":"post","link":"https:\/\/lospoliticosveracruz.com\/?p=22711","title":{"rendered":"\u00a1Asesinos en serie en Xalapa!"},"content":{"rendered":"<p><a href=\"http:\/\/www.lospoliticosveracruz.com.mx\/wp-content\/uploads\/2016\/04\/Asesinos.jpg\"><img loading=\"lazy\" decoding=\"async\" class=\"alignnone size-medium wp-image-22712\" src=\"http:\/\/www.lospoliticosveracruz.com.mx\/wp-content\/uploads\/2016\/04\/Asesinos-300x186.jpg\" alt=\"Asesinos\" width=\"300\" height=\"186\" \/><\/a><\/p>\n<blockquote><p>Este s\u00e1bado, en el Centro Recreativo Xalape\u00f1o;\u00a0charla dirigida a escritores, cineastas, artistas, estudiantes de derecho, ciencias forenses, psic\u00f3logos, soci\u00f3logos, y p\u00fablico en general<\/p><\/blockquote>\n<p>La Direcci\u00f3n de Cultura, Educaci\u00f3n y Deporte del Ayuntamiento de Xalapa, invita a la Charla \u201cAsesinos en serie\u201d, a realizarse este s\u00e1bado 16 de abril, a las 18:00 horas, en la sala 4 del Centro Recreativo Xalape\u00f1o.<\/p>\n<p>En el evento participar\u00e1n los expertos Lucia Bort Lorenzo, M\u00f3nica Ballester Gonz\u00e1lez y Carlos Manuel Cruz Meza. La charla est\u00e1 dirigida a escritores, cineastas, artistas, estudiantes de derecho, ciencias forenses, psic\u00f3logos, soci\u00f3logos, y en general a personas interesadas en la figura del asesino en serie.<\/p>\n<p>Este t\u00e9rmino fue acu\u00f1ado por el militar y agente del FBI Robert K. Ressler, en la d\u00e9cada de los setenta, aunque el concepto existe desde principios del siglo XX. Antes se les denominaba asesinos de extra\u00f1os o asesinos m\u00faltiples. Un asesino en serie (o asesino serial) es aquel que mata a tres o m\u00e1s personas, mediando entre los cr\u00edmenes un lapso determinado, durante el cual el criminal no mata, aunque s\u00ed recuerda con frecuencia los asesinatos; este lapso por lo general es de algunos d\u00edas, aunque a medida que el asesino comete m\u00e1s cr\u00edmenes, es frecuente que los lapsos se acorten.<\/p>\n<p>Algunos investigadores afirman que inclusive con una sola v\u00edctima puede detectarse a un asesino en serie potencial, basados en la intencionalidad; se considera que, al detener al criminal, se trunca la secuencia homicida.<\/p>\n<p>Lucia Bort Lorenzo naci\u00f3 en Valencia, Espa\u00f1a. Est\u00e1 graduada en Criminolog\u00eda por la Facultad de Derecho, Universidad de Valencia (2010-2014), y es Perito Judicial en Investigaci\u00f3n Criminal (especializada en Derecho Penal, Criminolog\u00eda, Criminal\u00edstica e Investigaci\u00f3n de Accidentes de Tr\u00e1fico), impartido por Bas Formaci\u00f3n (2014).<\/p>\n<p>Por su parte, M\u00f3nica Ballester Gonz\u00e1lez naci\u00f3 en Valencia, Espa\u00f1a. Est\u00e1 graduada en Criminolog\u00eda por la Universidad de Valencia, Espa\u00f1a, es Perito Judicial en Investigaci\u00f3n Criminal, Master en Criminal\u00edstica, Investigaci\u00f3n Criminal y Escena del Crimen por la Universidad Camilo Jos\u00e9 Cela, Madrid, entre otras.<\/p>\n<p>Por \u00faltimo, Carlos Manuel Cruz Meza es escritor, promotor cultural, periodista, comentarista de cine y literatura en programas televisivos, fot\u00f3grafo, productor de cine y discos, dise\u00f1ador gr\u00e1fico, bloguero e investigador de historia criminal. Fue becario en el Programa de J\u00f3venes Creadores del\u00a0FOESCA\u00a0y el\u00a0IVEC\u00a0en\u00a01994\u00a0y\u00a02004, en el \u00e1rea de Letras. Colabora en revistas, peri\u00f3dicos y suplementos de diversas partes del pa\u00eds.<\/p>\n","protected":false},"excerpt":{"rendered":"<p>Este s\u00e1bado, en el Centro Recreativo Xalape\u00f1o;\u00a0charla dirigida a escritores, cineastas, artistas, estudiantes de derecho, ciencias forenses, psic\u00f3logos, soci\u00f3logos, y p\u00fablico en general La Direcci\u00f3n de Cultura, Educaci\u00f3n y Deporte del Ayuntamiento de Xalapa, invita a la Charla \u201cAsesinos en serie\u201d, a realizarse este s\u00e1bado 16 de abril, a las 18:00 horas, en la sala [&hellip;]<\/p>\n","protected":false},"author":2,"featured_media":0,"comment_status":"open","ping_status":"open","sticky":false,"template":"","format":"standard","meta":{"tdm_status":"","tdm_grid_status":"","footnotes":""},"categories":[73],"tags":[5256,5254,5255,96],"class_list":{"0":"post-22711","1":"post","2":"type-post","3":"status-publish","4":"format-standard","6":"category-de-boleto","7":"tag-carlos-manuel-cruz-meza","8":"tag-lucia-bort-lorenzo","9":"tag-monica-ballester-gonzalez","10":"tag-xalapa"},"yoast_head":"<!-- This site is optimized with the Yoast SEO plugin v27.4 - https:\/\/yoast.com\/product\/yoast-seo-wordpress\/ -->\n<title>\u00a1Asesinos en serie en Xalapa! - Los pol\u00edticos Veracruz<\/title>\n<meta name=\"robots\" content=\"index, follow, max-snippet:-1, max-image-preview:large, max-video-preview:-1\" \/>\n<link rel=\"canonical\" href=\"https:\/\/lospoliticosveracruz.com\/?p=22711\" \/>\n<meta property=\"og:locale\" content=\"es_ES\" \/>\n<meta property=\"og:type\" content=\"article\" \/>\n<meta property=\"og:title\" content=\"\u00a1Asesinos en serie en Xalapa! - Los pol\u00edticos Veracruz\" \/>\n<meta property=\"og:description\" content=\"Este s\u00e1bado, en el Centro Recreativo Xalape\u00f1o;\u00a0charla dirigida a escritores, cineastas, artistas, estudiantes de derecho, ciencias forenses, psic\u00f3logos, soci\u00f3logos, y p\u00fablico en general La Direcci\u00f3n de Cultura, Educaci\u00f3n y Deporte del Ayuntamiento de Xalapa, invita a la Charla \u201cAsesinos en serie\u201d, a realizarse este s\u00e1bado 16 de abril, a las 18:00 horas, en la sala [&hellip;]\" \/>\n<meta property=\"og:url\" content=\"https:\/\/lospoliticosveracruz.com\/?p=22711\" \/>\n<meta property=\"og:site_name\" content=\"Los pol\u00edticos Veracruz\" \/>\n<meta property=\"article:publisher\" content=\"https:\/\/www.facebook.com\/people\/Notimemes-de-los-Polticos\/61565672886568\/\" \/>\n<meta property=\"article:published_time\" content=\"2016-04-15T19:40:59+00:00\" \/>\n<meta property=\"og:image\" content=\"http:\/\/www.lospoliticosveracruz.com.mx\/wp-content\/uploads\/2016\/04\/Asesinos-300x186.jpg\" \/>\n<meta name=\"author\" content=\"Lo viste en Los Pol\u00edticos\" \/>\n<meta name=\"twitter:card\" content=\"summary_large_image\" \/>\n<meta name=\"twitter:creator\" content=\"@LosPoliticosVer\" \/>\n<meta name=\"twitter:site\" content=\"@LosPoliticosVer\" \/>\n<meta name=\"twitter:label1\" content=\"Escrito por\" \/>\n\t<meta name=\"twitter:data1\" content=\"Lo viste en Los Pol\u00edticos\" \/>\n\t<meta name=\"twitter:label2\" content=\"Tiempo de lectura\" \/>\n\t<meta name=\"twitter:data2\" content=\"2 minutos\" \/>\n<script type=\"application\/ld+json\" class=\"yoast-schema-graph\">{\"@context\":\"https:\\\/\\\/schema.org\",\"@graph\":[{\"@type\":\"Article\",\"@id\":\"https:\\\/\\\/lospoliticosveracruz.com\\\/?p=22711#article\",\"isPartOf\":{\"@id\":\"https:\\\/\\\/lospoliticosveracruz.com\\\/?p=22711\"},\"author\":{\"name\":\"Lo viste en Los Pol\u00edticos\",\"@id\":\"https:\\\/\\\/lospoliticosveracruz.com\\\/#\\\/schema\\\/person\\\/b8702bb0e538456e6efd07080bf2a4a2\"},\"headline\":\"\u00a1Asesinos en serie en Xalapa!\",\"datePublished\":\"2016-04-15T19:40:59+00:00\",\"mainEntityOfPage\":{\"@id\":\"https:\\\/\\\/lospoliticosveracruz.com\\\/?p=22711\"},\"wordCount\":440,\"commentCount\":0,\"publisher\":{\"@id\":\"https:\\\/\\\/lospoliticosveracruz.com\\\/#organization\"},\"image\":{\"@id\":\"https:\\\/\\\/lospoliticosveracruz.com\\\/?p=22711#primaryimage\"},\"thumbnailUrl\":\"http:\\\/\\\/www.lospoliticosveracruz.com.mx\\\/wp-content\\\/uploads\\\/2016\\\/04\\\/Asesinos-300x186.jpg\",\"keywords\":[\"Carlos Manuel Cruz Meza\",\"Lucia Bort Lorenzo\",\"M\u00f3nica Ballester Gonz\u00e1lez\",\"Xalapa\"],\"articleSection\":[\"De Boleto\"],\"inLanguage\":\"es\",\"potentialAction\":[{\"@type\":\"CommentAction\",\"name\":\"Comment\",\"target\":[\"https:\\\/\\\/lospoliticosveracruz.com\\\/?p=22711#respond\"]}]},{\"@type\":\"WebPage\",\"@id\":\"https:\\\/\\\/lospoliticosveracruz.com\\\/?p=22711\",\"url\":\"https:\\\/\\\/lospoliticosveracruz.com\\\/?p=22711\",\"name\":\"\u00a1Asesinos en serie en Xalapa! - Los pol\u00edticos Veracruz\",\"isPartOf\":{\"@id\":\"https:\\\/\\\/lospoliticosveracruz.com\\\/#website\"},\"primaryImageOfPage\":{\"@id\":\"https:\\\/\\\/lospoliticosveracruz.com\\\/?p=22711#primaryimage\"},\"image\":{\"@id\":\"https:\\\/\\\/lospoliticosveracruz.com\\\/?p=22711#primaryimage\"},\"thumbnailUrl\":\"http:\\\/\\\/www.lospoliticosveracruz.com.mx\\\/wp-content\\\/uploads\\\/2016\\\/04\\\/Asesinos-300x186.jpg\",\"datePublished\":\"2016-04-15T19:40:59+00:00\",\"breadcrumb\":{\"@id\":\"https:\\\/\\\/lospoliticosveracruz.com\\\/?p=22711#breadcrumb\"},\"inLanguage\":\"es\",\"potentialAction\":[{\"@type\":\"ReadAction\",\"target\":[\"https:\\\/\\\/lospoliticosveracruz.com\\\/?p=22711\"]}]},{\"@type\":\"ImageObject\",\"inLanguage\":\"es\",\"@id\":\"https:\\\/\\\/lospoliticosveracruz.com\\\/?p=22711#primaryimage\",\"url\":\"http:\\\/\\\/www.lospoliticosveracruz.com.mx\\\/wp-content\\\/uploads\\\/2016\\\/04\\\/Asesinos-300x186.jpg\",\"contentUrl\":\"http:\\\/\\\/www.lospoliticosveracruz.com.mx\\\/wp-content\\\/uploads\\\/2016\\\/04\\\/Asesinos-300x186.jpg\"},{\"@type\":\"BreadcrumbList\",\"@id\":\"https:\\\/\\\/lospoliticosveracruz.com\\\/?p=22711#breadcrumb\",\"itemListElement\":[{\"@type\":\"ListItem\",\"position\":1,\"name\":\"Portada\",\"item\":\"https:\\\/\\\/lospoliticosveracruz.com\\\/\"},{\"@type\":\"ListItem\",\"position\":2,\"name\":\"\u00a1Asesinos en serie en Xalapa!\"}]},{\"@type\":\"WebSite\",\"@id\":\"https:\\\/\\\/lospoliticosveracruz.com\\\/#website\",\"url\":\"https:\\\/\\\/lospoliticosveracruz.com\\\/\",\"name\":\"Los pol\u00edticos Veracruz\",\"description\":\"\",\"publisher\":{\"@id\":\"https:\\\/\\\/lospoliticosveracruz.com\\\/#organization\"},\"potentialAction\":[{\"@type\":\"SearchAction\",\"target\":{\"@type\":\"EntryPoint\",\"urlTemplate\":\"https:\\\/\\\/lospoliticosveracruz.com\\\/?s={search_term_string}\"},\"query-input\":{\"@type\":\"PropertyValueSpecification\",\"valueRequired\":true,\"valueName\":\"search_term_string\"}}],\"inLanguage\":\"es\"},{\"@type\":\"Organization\",\"@id\":\"https:\\\/\\\/lospoliticosveracruz.com\\\/#organization\",\"name\":\"Los pol\u00edticos Veracruz\",\"url\":\"https:\\\/\\\/lospoliticosveracruz.com\\\/\",\"logo\":{\"@type\":\"ImageObject\",\"inLanguage\":\"es\",\"@id\":\"https:\\\/\\\/lospoliticosveracruz.com\\\/#\\\/schema\\\/logo\\\/image\\\/\",\"url\":\"https:\\\/\\\/lospoliticosveracruz.com\\\/wp-content\\\/uploads\\\/2025\\\/12\\\/Logo-Nuevo-LOS-POLITICOS-1.jpg\",\"contentUrl\":\"https:\\\/\\\/lospoliticosveracruz.com\\\/wp-content\\\/uploads\\\/2025\\\/12\\\/Logo-Nuevo-LOS-POLITICOS-1.jpg\",\"width\":260,\"height\":70,\"caption\":\"Los pol\u00edticos Veracruz\"},\"image\":{\"@id\":\"https:\\\/\\\/lospoliticosveracruz.com\\\/#\\\/schema\\\/logo\\\/image\\\/\"},\"sameAs\":[\"https:\\\/\\\/www.facebook.com\\\/people\\\/Notimemes-de-los-Polticos\\\/61565672886568\\\/\",\"https:\\\/\\\/x.com\\\/LosPoliticosVer\"]},{\"@type\":\"Person\",\"@id\":\"https:\\\/\\\/lospoliticosveracruz.com\\\/#\\\/schema\\\/person\\\/b8702bb0e538456e6efd07080bf2a4a2\",\"name\":\"Lo viste en Los Pol\u00edticos\",\"image\":{\"@type\":\"ImageObject\",\"inLanguage\":\"es\",\"@id\":\"https:\\\/\\\/secure.gravatar.com\\\/avatar\\\/3a8de04a2656d44082be478bd6c086daa447c4651605818287b9532d3d0bd435?s=96&d=mm&r=g\",\"url\":\"https:\\\/\\\/secure.gravatar.com\\\/avatar\\\/3a8de04a2656d44082be478bd6c086daa447c4651605818287b9532d3d0bd435?s=96&d=mm&r=g\",\"contentUrl\":\"https:\\\/\\\/secure.gravatar.com\\\/avatar\\\/3a8de04a2656d44082be478bd6c086daa447c4651605818287b9532d3d0bd435?s=96&d=mm&r=g\",\"caption\":\"Lo viste en Los Pol\u00edticos\"},\"url\":\"https:\\\/\\\/lospoliticosveracruz.com\\\/?author=2\"}]}<\/script>\n<!-- \/ Yoast SEO plugin. -->","yoast_head_json":{"title":"\u00a1Asesinos en serie en Xalapa! - Los pol\u00edticos Veracruz","robots":{"index":"index","follow":"follow","max-snippet":"max-snippet:-1","max-image-preview":"max-image-preview:large","max-video-preview":"max-video-preview:-1"},"canonical":"https:\/\/lospoliticosveracruz.com\/?p=22711","og_locale":"es_ES","og_type":"article","og_title":"\u00a1Asesinos en serie en Xalapa! - Los pol\u00edticos Veracruz","og_description":"Este s\u00e1bado, en el Centro Recreativo Xalape\u00f1o;\u00a0charla dirigida a escritores, cineastas, artistas, estudiantes de derecho, ciencias forenses, psic\u00f3logos, soci\u00f3logos, y p\u00fablico en general La Direcci\u00f3n de Cultura, Educaci\u00f3n y Deporte del Ayuntamiento de Xalapa, invita a la Charla \u201cAsesinos en serie\u201d, a realizarse este s\u00e1bado 16 de abril, a las 18:00 horas, en la sala [&hellip;]","og_url":"https:\/\/lospoliticosveracruz.com\/?p=22711","og_site_name":"Los pol\u00edticos Veracruz","article_publisher":"https:\/\/www.facebook.com\/people\/Notimemes-de-los-Polticos\/61565672886568\/","article_published_time":"2016-04-15T19:40:59+00:00","og_image":[{"url":"http:\/\/www.lospoliticosveracruz.com.mx\/wp-content\/uploads\/2016\/04\/Asesinos-300x186.jpg","type":"","width":"","height":""}],"author":"Lo viste en Los Pol\u00edticos","twitter_card":"summary_large_image","twitter_creator":"@LosPoliticosVer","twitter_site":"@LosPoliticosVer","twitter_misc":{"Escrito por":"Lo viste en Los Pol\u00edticos","Tiempo de lectura":"2 minutos"},"schema":{"@context":"https:\/\/schema.org","@graph":[{"@type":"Article","@id":"https:\/\/lospoliticosveracruz.com\/?p=22711#article","isPartOf":{"@id":"https:\/\/lospoliticosveracruz.com\/?p=22711"},"author":{"name":"Lo viste en Los Pol\u00edticos","@id":"https:\/\/lospoliticosveracruz.com\/#\/schema\/person\/b8702bb0e538456e6efd07080bf2a4a2"},"headline":"\u00a1Asesinos en serie en Xalapa!","datePublished":"2016-04-15T19:40:59+00:00","mainEntityOfPage":{"@id":"https:\/\/lospoliticosveracruz.com\/?p=22711"},"wordCount":440,"commentCount":0,"publisher":{"@id":"https:\/\/lospoliticosveracruz.com\/#organization"},"image":{"@id":"https:\/\/lospoliticosveracruz.com\/?p=22711#primaryimage"},"thumbnailUrl":"http:\/\/www.lospoliticosveracruz.com.mx\/wp-content\/uploads\/2016\/04\/Asesinos-300x186.jpg","keywords":["Carlos Manuel Cruz Meza","Lucia Bort Lorenzo","M\u00f3nica Ballester Gonz\u00e1lez","Xalapa"],"articleSection":["De Boleto"],"inLanguage":"es","potentialAction":[{"@type":"CommentAction","name":"Comment","target":["https:\/\/lospoliticosveracruz.com\/?p=22711#respond"]}]},{"@type":"WebPage","@id":"https:\/\/lospoliticosveracruz.com\/?p=22711","url":"https:\/\/lospoliticosveracruz.com\/?p=22711","name":"\u00a1Asesinos en serie en Xalapa! - Los pol\u00edticos Veracruz","isPartOf":{"@id":"https:\/\/lospoliticosveracruz.com\/#website"},"primaryImageOfPage":{"@id":"https:\/\/lospoliticosveracruz.com\/?p=22711#primaryimage"},"image":{"@id":"https:\/\/lospoliticosveracruz.com\/?p=22711#primaryimage"},"thumbnailUrl":"http:\/\/www.lospoliticosveracruz.com.mx\/wp-content\/uploads\/2016\/04\/Asesinos-300x186.jpg","datePublished":"2016-04-15T19:40:59+00:00","breadcrumb":{"@id":"https:\/\/lospoliticosveracruz.com\/?p=22711#breadcrumb"},"inLanguage":"es","potentialAction":[{"@type":"ReadAction","target":["https:\/\/lospoliticosveracruz.com\/?p=22711"]}]},{"@type":"ImageObject","inLanguage":"es","@id":"https:\/\/lospoliticosveracruz.com\/?p=22711#primaryimage","url":"http:\/\/www.lospoliticosveracruz.com.mx\/wp-content\/uploads\/2016\/04\/Asesinos-300x186.jpg","contentUrl":"http:\/\/www.lospoliticosveracruz.com.mx\/wp-content\/uploads\/2016\/04\/Asesinos-300x186.jpg"},{"@type":"BreadcrumbList","@id":"https:\/\/lospoliticosveracruz.com\/?p=22711#breadcrumb","itemListElement":[{"@type":"ListItem","position":1,"name":"Portada","item":"https:\/\/lospoliticosveracruz.com\/"},{"@type":"ListItem","position":2,"name":"\u00a1Asesinos en serie en Xalapa!"}]},{"@type":"WebSite","@id":"https:\/\/lospoliticosveracruz.com\/#website","url":"https:\/\/lospoliticosveracruz.com\/","name":"Los pol\u00edticos Veracruz","description":"","publisher":{"@id":"https:\/\/lospoliticosveracruz.com\/#organization"},"potentialAction":[{"@type":"SearchAction","target":{"@type":"EntryPoint","urlTemplate":"https:\/\/lospoliticosveracruz.com\/?s={search_term_string}"},"query-input":{"@type":"PropertyValueSpecification","valueRequired":true,"valueName":"search_term_string"}}],"inLanguage":"es"},{"@type":"Organization","@id":"https:\/\/lospoliticosveracruz.com\/#organization","name":"Los pol\u00edticos Veracruz","url":"https:\/\/lospoliticosveracruz.com\/","logo":{"@type":"ImageObject","inLanguage":"es","@id":"https:\/\/lospoliticosveracruz.com\/#\/schema\/logo\/image\/","url":"https:\/\/lospoliticosveracruz.com\/wp-content\/uploads\/2025\/12\/Logo-Nuevo-LOS-POLITICOS-1.jpg","contentUrl":"https:\/\/lospoliticosveracruz.com\/wp-content\/uploads\/2025\/12\/Logo-Nuevo-LOS-POLITICOS-1.jpg","width":260,"height":70,"caption":"Los pol\u00edticos Veracruz"},"image":{"@id":"https:\/\/lospoliticosveracruz.com\/#\/schema\/logo\/image\/"},"sameAs":["https:\/\/www.facebook.com\/people\/Notimemes-de-los-Polticos\/61565672886568\/","https:\/\/x.com\/LosPoliticosVer"]},{"@type":"Person","@id":"https:\/\/lospoliticosveracruz.com\/#\/schema\/person\/b8702bb0e538456e6efd07080bf2a4a2","name":"Lo viste en Los Pol\u00edticos","image":{"@type":"ImageObject","inLanguage":"es","@id":"https:\/\/secure.gravatar.com\/avatar\/3a8de04a2656d44082be478bd6c086daa447c4651605818287b9532d3d0bd435?s=96&d=mm&r=g","url":"https:\/\/secure.gravatar.com\/avatar\/3a8de04a2656d44082be478bd6c086daa447c4651605818287b9532d3d0bd435?s=96&d=mm&r=g","contentUrl":"https:\/\/secure.gravatar.com\/avatar\/3a8de04a2656d44082be478bd6c086daa447c4651605818287b9532d3d0bd435?s=96&d=mm&r=g","caption":"Lo viste en Los Pol\u00edticos"},"url":"https:\/\/lospoliticosveracruz.com\/?author=2"}]}},"_links":{"self":[{"href":"https:\/\/lospoliticosveracruz.com\/index.php?rest_route=\/wp\/v2\/posts\/22711","targetHints":{"allow":["GET"]}}],"collection":[{"href":"https:\/\/lospoliticosveracruz.com\/index.php?rest_route=\/wp\/v2\/posts"}],"about":[{"href":"https:\/\/lospoliticosveracruz.com\/index.php?rest_route=\/wp\/v2\/types\/post"}],"author":[{"embeddable":true,"href":"https:\/\/lospoliticosveracruz.com\/index.php?rest_route=\/wp\/v2\/users\/2"}],"replies":[{"embeddable":true,"href":"https:\/\/lospoliticosveracruz.com\/index.php?rest_route=%2Fwp%2Fv2%2Fcomments&post=22711"}],"version-history":[{"count":1,"href":"https:\/\/lospoliticosveracruz.com\/index.php?rest_route=\/wp\/v2\/posts\/22711\/revisions"}],"predecessor-version":[{"id":22713,"href":"https:\/\/lospoliticosveracruz.com\/index.php?rest_route=\/wp\/v2\/posts\/22711\/revisions\/22713"}],"wp:attachment":[{"href":"https:\/\/lospoliticosveracruz.com\/index.php?rest_route=%2Fwp%2Fv2%2Fmedia&parent=22711"}],"wp:term":[{"taxonomy":"category","embeddable":true,"href":"https:\/\/lospoliticosveracruz.com\/index.php?rest_route=%2Fwp%2Fv2%2Fcategories&post=22711"},{"taxonomy":"post_tag","embeddable":true,"href":"https:\/\/lospoliticosveracruz.com\/index.php?rest_route=%2Fwp%2Fv2%2Ftags&post=22711"}],"curies":[{"name":"wp","href":"https:\/\/api.w.org\/{rel}","templated":true}]}}