{"id":22720,"date":"2016-04-16T01:04:52","date_gmt":"2016-04-16T06:04:52","guid":{"rendered":"http:\/\/www.lospoliticosveracruz.com.mx\/?p=22720"},"modified":"2016-04-16T01:04:52","modified_gmt":"2016-04-16T06:04:52","slug":"carta-de-una-madre","status":"publish","type":"post","link":"https:\/\/lospoliticosveracruz.com\/?p=22720","title":{"rendered":"Carta de una madre"},"content":{"rendered":"<p><a href=\"http:\/\/www.lospoliticosveracruz.com.mx\/wp-content\/uploads\/2016\/03\/Porkys.jpg\"><img loading=\"lazy\" decoding=\"async\" class=\"alignnone size-medium wp-image-22256\" src=\"http:\/\/www.lospoliticosveracruz.com.mx\/wp-content\/uploads\/2016\/03\/Porkys-300x152.jpg\" alt=\"Porkys\" width=\"300\" height=\"152\" \/><\/a><br \/>\n<strong>Brenda Caballero<\/strong><br \/>\n<em>N\u00fameros Rojos<\/em><\/p>\n<p>\u201cQuien est\u00e9 libre de pecado que tire la primera piedra\u201d, dice el evangelio seg\u00fan San Juan.<br \/>\nSi practica alguna religi\u00f3n, entender\u00e1 este mensaje b\u00edblico sin lugar a dudas. Si no, estoy segura ha escuchado esta frase que se ha vuelto una forma de vida.<br \/>\nY vuelve a mi cabeza cuando leo la carta de la se\u00f1ora Roc\u00edo Acosta Fern\u00e1ndez de Rodr\u00edguez, madre de Gerardo Rodr\u00edguez Acosta, dirigida a los medios de comunicaci\u00f3n nacionales e internacionales, a los \u201cl\u00edderes de opini\u00f3n\u201d, a Javier Fern\u00e1ndez, a Daphne Fern\u00e1ndez y a la opini\u00f3n p\u00fablica.<br \/>\nGerardo es el \u00fanico joven del llamado grupo de Los Porkys exonerado de cargos mediante diferente tipo de pruebas; es decir, que no es responsable de los delitos en contra de la persona de Daphne Fern\u00e1ndez.<br \/>\nReconozco que la carta la se\u00f1ora Roc\u00edo toc\u00f3 muchos puntos \u00e1lgidos para nuestra sociedad, \u00e9sa que critica todo pero que no pone ni un granito de arena para cambiar las cosas; incluso la mayor\u00eda de las veces lo hace sin dar la cara, s\u00f3lo por las redes sociales, \u00e9sas que en su nombre llevan su raz\u00f3n de ser: una red que atrapa a todos los que participamos en ella, aunque de diferente manera.<br \/>\nSu carta, llena de tristeza, coraje y enojo, nos critica a todos los que emitimos un juicio a priori sin tener pruebas contundentes que nos justifiquen y nos den la raz\u00f3n.<br \/>\nAclaro que no estoy a favor de los cuatro j\u00f3venes, ni de Daphne Fern\u00e1ndez, incluso nunca opin\u00e9 al respecto, simplemente porque para m\u00ed los cinco son v\u00edctimas del morbo y de una sociedad que en lugar de ayudar, tergiversa la informaci\u00f3n.<br \/>\nA\u00fan recuerdo cuando alguien comparti\u00f3 la nota de los j\u00f3venes con sus fotograf\u00edas escribiendo: \u201cM\u00edrelos bien y no los deje entrar a ning\u00fan lado\u201d, \u201cpagar\u00e1n esos malditos violadores\u201d, y as\u00ed, miles y tal vez millones de piedras se aventaron hacia los muchachos desde lugares tan rec\u00f3nditos del pa\u00eds.<br \/>\nPero las piedras no s\u00f3lo fueron para los chicos; hubo da\u00f1o colateral, incluso para terceras personas que no ten\u00edan ninguna relaci\u00f3n. All\u00ed tiene el caso de la mam\u00e1 de uno de ellos, due\u00f1a de panader\u00edas donde la gente dej\u00f3 de ir a comprar por ser la madre de uno de \u201clos Porkys\u201d, asunto que preocup\u00f3 significativamente a los empleados que tem\u00edan ser despedidos ante las bajas ventas\u2026 \u00bfqu\u00e9 culpa tienen ellos?<br \/>\nHoy, la autoridad determina inocente a Gerardo, aunque su madre se pregunta en su misiva \u201c\u00bfC\u00f3mo va a ser reparado, qui\u00e9n lo va a reparar?\u201d, en referencia al estigma con el que va a vivir su hijo el resto de su vida, pues aunque la autoridad ha dicho su veredicto, para muchos es y seguir\u00e1 siendo culpable.<br \/>\nNo tengo hijos, pero si usted los tiene, piense que no est\u00e1 exento de estar en el lugar de la se\u00f1ora Roc\u00edo Acosta o del se\u00f1or Javier Fern\u00e1ndez. Det\u00e9ngase un momento a pensar en c\u00f3mo el linchamiento medi\u00e1tico puede hacer m\u00e1s da\u00f1o que la purga de un delito, porque este \u00faltimo tiene una vigencia y hasta puede cumplir la condena en menos tiempo, mientras el otro, el otro dura toda la vida.<br \/>\nMucha raz\u00f3n de la se\u00f1ora Roc\u00edo cuando se expresa en su carta de \u201cesos l\u00edderes de opini\u00f3n\u201d: \u201cDe eso que ustedes hasta sentenciaron en el juzgado de la inmoralidad en que se mueven todos los d\u00edas\u201d.<br \/>\nDejemos de ser esos l\u00edderes \u201cde opini\u00f3n\u201d que arrojan piedras, no sea que despu\u00e9s nos reboten con fuerza en lo que m\u00e1s amamos.<\/p>\n<p>Email: caballero_brenda@hotmail.com<\/p>\n","protected":false},"excerpt":{"rendered":"<p>Brenda Caballero N\u00fameros Rojos \u201cQuien est\u00e9 libre de pecado que tire la primera piedra\u201d, dice el evangelio seg\u00fan San Juan. Si practica alguna religi\u00f3n, entender\u00e1 este mensaje b\u00edblico sin lugar a dudas. Si no, estoy segura ha escuchado esta frase que se ha vuelto una forma de vida. Y vuelve a mi cabeza cuando leo [&hellip;]<\/p>\n","protected":false},"author":2,"featured_media":0,"comment_status":"open","ping_status":"open","sticky":false,"template":"","format":"standard","meta":{"tdm_status":"","tdm_grid_status":"","footnotes":""},"categories":[70],"tags":[5259,2647,5258],"class_list":{"0":"post-22720","1":"post","2":"type-post","3":"status-publish","4":"format-standard","6":"category-de-opinion","7":"tag-daphne-fernandez","8":"tag-los-porkys","9":"tag-rocio-acosta-fernandez-de-rodriguez"},"yoast_head":"<!-- This site is optimized with the Yoast SEO plugin v27.4 - https:\/\/yoast.com\/product\/yoast-seo-wordpress\/ -->\n<title>Carta de una madre - Los pol\u00edticos Veracruz<\/title>\n<meta name=\"robots\" content=\"index, follow, max-snippet:-1, max-image-preview:large, max-video-preview:-1\" \/>\n<link rel=\"canonical\" href=\"https:\/\/lospoliticosveracruz.com\/?p=22720\" \/>\n<meta property=\"og:locale\" content=\"es_ES\" \/>\n<meta property=\"og:type\" content=\"article\" \/>\n<meta property=\"og:title\" content=\"Carta de una madre - Los pol\u00edticos Veracruz\" \/>\n<meta property=\"og:description\" content=\"Brenda Caballero N\u00fameros Rojos \u201cQuien est\u00e9 libre de pecado que tire la primera piedra\u201d, dice el evangelio seg\u00fan San Juan. Si practica alguna religi\u00f3n, entender\u00e1 este mensaje b\u00edblico sin lugar a dudas. Si no, estoy segura ha escuchado esta frase que se ha vuelto una forma de vida. Y vuelve a mi cabeza cuando leo [&hellip;]\" \/>\n<meta property=\"og:url\" content=\"https:\/\/lospoliticosveracruz.com\/?p=22720\" \/>\n<meta property=\"og:site_name\" content=\"Los pol\u00edticos Veracruz\" \/>\n<meta property=\"article:publisher\" content=\"https:\/\/www.facebook.com\/people\/Notimemes-de-los-Polticos\/61565672886568\/\" \/>\n<meta property=\"article:published_time\" content=\"2016-04-16T06:04:52+00:00\" \/>\n<meta property=\"og:image\" content=\"http:\/\/www.lospoliticosveracruz.com.mx\/wp-content\/uploads\/2016\/03\/Porkys-300x152.jpg\" \/>\n<meta name=\"author\" content=\"Lo viste en Los Pol\u00edticos\" \/>\n<meta name=\"twitter:card\" content=\"summary_large_image\" \/>\n<meta name=\"twitter:creator\" content=\"@LosPoliticosVer\" \/>\n<meta name=\"twitter:site\" content=\"@LosPoliticosVer\" \/>\n<meta name=\"twitter:label1\" content=\"Escrito por\" \/>\n\t<meta name=\"twitter:data1\" content=\"Lo viste en Los Pol\u00edticos\" \/>\n\t<meta name=\"twitter:label2\" content=\"Tiempo de lectura\" \/>\n\t<meta name=\"twitter:data2\" content=\"3 minutos\" \/>\n<script type=\"application\/ld+json\" class=\"yoast-schema-graph\">{\"@context\":\"https:\\\/\\\/schema.org\",\"@graph\":[{\"@type\":\"Article\",\"@id\":\"https:\\\/\\\/lospoliticosveracruz.com\\\/?p=22720#article\",\"isPartOf\":{\"@id\":\"https:\\\/\\\/lospoliticosveracruz.com\\\/?p=22720\"},\"author\":{\"name\":\"Lo viste en Los Pol\u00edticos\",\"@id\":\"https:\\\/\\\/lospoliticosveracruz.com\\\/#\\\/schema\\\/person\\\/b8702bb0e538456e6efd07080bf2a4a2\"},\"headline\":\"Carta de una madre\",\"datePublished\":\"2016-04-16T06:04:52+00:00\",\"mainEntityOfPage\":{\"@id\":\"https:\\\/\\\/lospoliticosveracruz.com\\\/?p=22720\"},\"wordCount\":655,\"commentCount\":0,\"publisher\":{\"@id\":\"https:\\\/\\\/lospoliticosveracruz.com\\\/#organization\"},\"image\":{\"@id\":\"https:\\\/\\\/lospoliticosveracruz.com\\\/?p=22720#primaryimage\"},\"thumbnailUrl\":\"http:\\\/\\\/www.lospoliticosveracruz.com.mx\\\/wp-content\\\/uploads\\\/2016\\\/03\\\/Porkys-300x152.jpg\",\"keywords\":[\"Daphne Fern\u00e1ndez\",\"Los Porkys\",\"Roc\u00edo Acosta Fern\u00e1ndez de Rodr\u00edguez\"],\"articleSection\":[\"De Opini\u00f3n\"],\"inLanguage\":\"es\",\"potentialAction\":[{\"@type\":\"CommentAction\",\"name\":\"Comment\",\"target\":[\"https:\\\/\\\/lospoliticosveracruz.com\\\/?p=22720#respond\"]}]},{\"@type\":\"WebPage\",\"@id\":\"https:\\\/\\\/lospoliticosveracruz.com\\\/?p=22720\",\"url\":\"https:\\\/\\\/lospoliticosveracruz.com\\\/?p=22720\",\"name\":\"Carta de una madre - Los pol\u00edticos Veracruz\",\"isPartOf\":{\"@id\":\"https:\\\/\\\/lospoliticosveracruz.com\\\/#website\"},\"primaryImageOfPage\":{\"@id\":\"https:\\\/\\\/lospoliticosveracruz.com\\\/?p=22720#primaryimage\"},\"image\":{\"@id\":\"https:\\\/\\\/lospoliticosveracruz.com\\\/?p=22720#primaryimage\"},\"thumbnailUrl\":\"http:\\\/\\\/www.lospoliticosveracruz.com.mx\\\/wp-content\\\/uploads\\\/2016\\\/03\\\/Porkys-300x152.jpg\",\"datePublished\":\"2016-04-16T06:04:52+00:00\",\"breadcrumb\":{\"@id\":\"https:\\\/\\\/lospoliticosveracruz.com\\\/?p=22720#breadcrumb\"},\"inLanguage\":\"es\",\"potentialAction\":[{\"@type\":\"ReadAction\",\"target\":[\"https:\\\/\\\/lospoliticosveracruz.com\\\/?p=22720\"]}]},{\"@type\":\"ImageObject\",\"inLanguage\":\"es\",\"@id\":\"https:\\\/\\\/lospoliticosveracruz.com\\\/?p=22720#primaryimage\",\"url\":\"http:\\\/\\\/www.lospoliticosveracruz.com.mx\\\/wp-content\\\/uploads\\\/2016\\\/03\\\/Porkys-300x152.jpg\",\"contentUrl\":\"http:\\\/\\\/www.lospoliticosveracruz.com.mx\\\/wp-content\\\/uploads\\\/2016\\\/03\\\/Porkys-300x152.jpg\"},{\"@type\":\"BreadcrumbList\",\"@id\":\"https:\\\/\\\/lospoliticosveracruz.com\\\/?p=22720#breadcrumb\",\"itemListElement\":[{\"@type\":\"ListItem\",\"position\":1,\"name\":\"Portada\",\"item\":\"https:\\\/\\\/lospoliticosveracruz.com\\\/\"},{\"@type\":\"ListItem\",\"position\":2,\"name\":\"Carta de una madre\"}]},{\"@type\":\"WebSite\",\"@id\":\"https:\\\/\\\/lospoliticosveracruz.com\\\/#website\",\"url\":\"https:\\\/\\\/lospoliticosveracruz.com\\\/\",\"name\":\"Los pol\u00edticos Veracruz\",\"description\":\"\",\"publisher\":{\"@id\":\"https:\\\/\\\/lospoliticosveracruz.com\\\/#organization\"},\"potentialAction\":[{\"@type\":\"SearchAction\",\"target\":{\"@type\":\"EntryPoint\",\"urlTemplate\":\"https:\\\/\\\/lospoliticosveracruz.com\\\/?s={search_term_string}\"},\"query-input\":{\"@type\":\"PropertyValueSpecification\",\"valueRequired\":true,\"valueName\":\"search_term_string\"}}],\"inLanguage\":\"es\"},{\"@type\":\"Organization\",\"@id\":\"https:\\\/\\\/lospoliticosveracruz.com\\\/#organization\",\"name\":\"Los pol\u00edticos Veracruz\",\"url\":\"https:\\\/\\\/lospoliticosveracruz.com\\\/\",\"logo\":{\"@type\":\"ImageObject\",\"inLanguage\":\"es\",\"@id\":\"https:\\\/\\\/lospoliticosveracruz.com\\\/#\\\/schema\\\/logo\\\/image\\\/\",\"url\":\"https:\\\/\\\/lospoliticosveracruz.com\\\/wp-content\\\/uploads\\\/2025\\\/12\\\/Logo-Nuevo-LOS-POLITICOS-1.jpg\",\"contentUrl\":\"https:\\\/\\\/lospoliticosveracruz.com\\\/wp-content\\\/uploads\\\/2025\\\/12\\\/Logo-Nuevo-LOS-POLITICOS-1.jpg\",\"width\":260,\"height\":70,\"caption\":\"Los pol\u00edticos Veracruz\"},\"image\":{\"@id\":\"https:\\\/\\\/lospoliticosveracruz.com\\\/#\\\/schema\\\/logo\\\/image\\\/\"},\"sameAs\":[\"https:\\\/\\\/www.facebook.com\\\/people\\\/Notimemes-de-los-Polticos\\\/61565672886568\\\/\",\"https:\\\/\\\/x.com\\\/LosPoliticosVer\"]},{\"@type\":\"Person\",\"@id\":\"https:\\\/\\\/lospoliticosveracruz.com\\\/#\\\/schema\\\/person\\\/b8702bb0e538456e6efd07080bf2a4a2\",\"name\":\"Lo viste en Los Pol\u00edticos\",\"image\":{\"@type\":\"ImageObject\",\"inLanguage\":\"es\",\"@id\":\"https:\\\/\\\/secure.gravatar.com\\\/avatar\\\/3a8de04a2656d44082be478bd6c086daa447c4651605818287b9532d3d0bd435?s=96&d=mm&r=g\",\"url\":\"https:\\\/\\\/secure.gravatar.com\\\/avatar\\\/3a8de04a2656d44082be478bd6c086daa447c4651605818287b9532d3d0bd435?s=96&d=mm&r=g\",\"contentUrl\":\"https:\\\/\\\/secure.gravatar.com\\\/avatar\\\/3a8de04a2656d44082be478bd6c086daa447c4651605818287b9532d3d0bd435?s=96&d=mm&r=g\",\"caption\":\"Lo viste en Los Pol\u00edticos\"},\"url\":\"https:\\\/\\\/lospoliticosveracruz.com\\\/?author=2\"}]}<\/script>\n<!-- \/ Yoast SEO plugin. -->","yoast_head_json":{"title":"Carta de una madre - Los pol\u00edticos Veracruz","robots":{"index":"index","follow":"follow","max-snippet":"max-snippet:-1","max-image-preview":"max-image-preview:large","max-video-preview":"max-video-preview:-1"},"canonical":"https:\/\/lospoliticosveracruz.com\/?p=22720","og_locale":"es_ES","og_type":"article","og_title":"Carta de una madre - Los pol\u00edticos Veracruz","og_description":"Brenda Caballero N\u00fameros Rojos \u201cQuien est\u00e9 libre de pecado que tire la primera piedra\u201d, dice el evangelio seg\u00fan San Juan. Si practica alguna religi\u00f3n, entender\u00e1 este mensaje b\u00edblico sin lugar a dudas. Si no, estoy segura ha escuchado esta frase que se ha vuelto una forma de vida. Y vuelve a mi cabeza cuando leo [&hellip;]","og_url":"https:\/\/lospoliticosveracruz.com\/?p=22720","og_site_name":"Los pol\u00edticos Veracruz","article_publisher":"https:\/\/www.facebook.com\/people\/Notimemes-de-los-Polticos\/61565672886568\/","article_published_time":"2016-04-16T06:04:52+00:00","og_image":[{"url":"http:\/\/www.lospoliticosveracruz.com.mx\/wp-content\/uploads\/2016\/03\/Porkys-300x152.jpg","type":"","width":"","height":""}],"author":"Lo viste en Los Pol\u00edticos","twitter_card":"summary_large_image","twitter_creator":"@LosPoliticosVer","twitter_site":"@LosPoliticosVer","twitter_misc":{"Escrito por":"Lo viste en Los Pol\u00edticos","Tiempo de lectura":"3 minutos"},"schema":{"@context":"https:\/\/schema.org","@graph":[{"@type":"Article","@id":"https:\/\/lospoliticosveracruz.com\/?p=22720#article","isPartOf":{"@id":"https:\/\/lospoliticosveracruz.com\/?p=22720"},"author":{"name":"Lo viste en Los Pol\u00edticos","@id":"https:\/\/lospoliticosveracruz.com\/#\/schema\/person\/b8702bb0e538456e6efd07080bf2a4a2"},"headline":"Carta de una madre","datePublished":"2016-04-16T06:04:52+00:00","mainEntityOfPage":{"@id":"https:\/\/lospoliticosveracruz.com\/?p=22720"},"wordCount":655,"commentCount":0,"publisher":{"@id":"https:\/\/lospoliticosveracruz.com\/#organization"},"image":{"@id":"https:\/\/lospoliticosveracruz.com\/?p=22720#primaryimage"},"thumbnailUrl":"http:\/\/www.lospoliticosveracruz.com.mx\/wp-content\/uploads\/2016\/03\/Porkys-300x152.jpg","keywords":["Daphne Fern\u00e1ndez","Los Porkys","Roc\u00edo Acosta Fern\u00e1ndez de Rodr\u00edguez"],"articleSection":["De Opini\u00f3n"],"inLanguage":"es","potentialAction":[{"@type":"CommentAction","name":"Comment","target":["https:\/\/lospoliticosveracruz.com\/?p=22720#respond"]}]},{"@type":"WebPage","@id":"https:\/\/lospoliticosveracruz.com\/?p=22720","url":"https:\/\/lospoliticosveracruz.com\/?p=22720","name":"Carta de una madre - Los pol\u00edticos Veracruz","isPartOf":{"@id":"https:\/\/lospoliticosveracruz.com\/#website"},"primaryImageOfPage":{"@id":"https:\/\/lospoliticosveracruz.com\/?p=22720#primaryimage"},"image":{"@id":"https:\/\/lospoliticosveracruz.com\/?p=22720#primaryimage"},"thumbnailUrl":"http:\/\/www.lospoliticosveracruz.com.mx\/wp-content\/uploads\/2016\/03\/Porkys-300x152.jpg","datePublished":"2016-04-16T06:04:52+00:00","breadcrumb":{"@id":"https:\/\/lospoliticosveracruz.com\/?p=22720#breadcrumb"},"inLanguage":"es","potentialAction":[{"@type":"ReadAction","target":["https:\/\/lospoliticosveracruz.com\/?p=22720"]}]},{"@type":"ImageObject","inLanguage":"es","@id":"https:\/\/lospoliticosveracruz.com\/?p=22720#primaryimage","url":"http:\/\/www.lospoliticosveracruz.com.mx\/wp-content\/uploads\/2016\/03\/Porkys-300x152.jpg","contentUrl":"http:\/\/www.lospoliticosveracruz.com.mx\/wp-content\/uploads\/2016\/03\/Porkys-300x152.jpg"},{"@type":"BreadcrumbList","@id":"https:\/\/lospoliticosveracruz.com\/?p=22720#breadcrumb","itemListElement":[{"@type":"ListItem","position":1,"name":"Portada","item":"https:\/\/lospoliticosveracruz.com\/"},{"@type":"ListItem","position":2,"name":"Carta de una madre"}]},{"@type":"WebSite","@id":"https:\/\/lospoliticosveracruz.com\/#website","url":"https:\/\/lospoliticosveracruz.com\/","name":"Los pol\u00edticos Veracruz","description":"","publisher":{"@id":"https:\/\/lospoliticosveracruz.com\/#organization"},"potentialAction":[{"@type":"SearchAction","target":{"@type":"EntryPoint","urlTemplate":"https:\/\/lospoliticosveracruz.com\/?s={search_term_string}"},"query-input":{"@type":"PropertyValueSpecification","valueRequired":true,"valueName":"search_term_string"}}],"inLanguage":"es"},{"@type":"Organization","@id":"https:\/\/lospoliticosveracruz.com\/#organization","name":"Los pol\u00edticos Veracruz","url":"https:\/\/lospoliticosveracruz.com\/","logo":{"@type":"ImageObject","inLanguage":"es","@id":"https:\/\/lospoliticosveracruz.com\/#\/schema\/logo\/image\/","url":"https:\/\/lospoliticosveracruz.com\/wp-content\/uploads\/2025\/12\/Logo-Nuevo-LOS-POLITICOS-1.jpg","contentUrl":"https:\/\/lospoliticosveracruz.com\/wp-content\/uploads\/2025\/12\/Logo-Nuevo-LOS-POLITICOS-1.jpg","width":260,"height":70,"caption":"Los pol\u00edticos Veracruz"},"image":{"@id":"https:\/\/lospoliticosveracruz.com\/#\/schema\/logo\/image\/"},"sameAs":["https:\/\/www.facebook.com\/people\/Notimemes-de-los-Polticos\/61565672886568\/","https:\/\/x.com\/LosPoliticosVer"]},{"@type":"Person","@id":"https:\/\/lospoliticosveracruz.com\/#\/schema\/person\/b8702bb0e538456e6efd07080bf2a4a2","name":"Lo viste en Los Pol\u00edticos","image":{"@type":"ImageObject","inLanguage":"es","@id":"https:\/\/secure.gravatar.com\/avatar\/3a8de04a2656d44082be478bd6c086daa447c4651605818287b9532d3d0bd435?s=96&d=mm&r=g","url":"https:\/\/secure.gravatar.com\/avatar\/3a8de04a2656d44082be478bd6c086daa447c4651605818287b9532d3d0bd435?s=96&d=mm&r=g","contentUrl":"https:\/\/secure.gravatar.com\/avatar\/3a8de04a2656d44082be478bd6c086daa447c4651605818287b9532d3d0bd435?s=96&d=mm&r=g","caption":"Lo viste en Los Pol\u00edticos"},"url":"https:\/\/lospoliticosveracruz.com\/?author=2"}]}},"_links":{"self":[{"href":"https:\/\/lospoliticosveracruz.com\/index.php?rest_route=\/wp\/v2\/posts\/22720","targetHints":{"allow":["GET"]}}],"collection":[{"href":"https:\/\/lospoliticosveracruz.com\/index.php?rest_route=\/wp\/v2\/posts"}],"about":[{"href":"https:\/\/lospoliticosveracruz.com\/index.php?rest_route=\/wp\/v2\/types\/post"}],"author":[{"embeddable":true,"href":"https:\/\/lospoliticosveracruz.com\/index.php?rest_route=\/wp\/v2\/users\/2"}],"replies":[{"embeddable":true,"href":"https:\/\/lospoliticosveracruz.com\/index.php?rest_route=%2Fwp%2Fv2%2Fcomments&post=22720"}],"version-history":[{"count":1,"href":"https:\/\/lospoliticosveracruz.com\/index.php?rest_route=\/wp\/v2\/posts\/22720\/revisions"}],"predecessor-version":[{"id":22721,"href":"https:\/\/lospoliticosveracruz.com\/index.php?rest_route=\/wp\/v2\/posts\/22720\/revisions\/22721"}],"wp:attachment":[{"href":"https:\/\/lospoliticosveracruz.com\/index.php?rest_route=%2Fwp%2Fv2%2Fmedia&parent=22720"}],"wp:term":[{"taxonomy":"category","embeddable":true,"href":"https:\/\/lospoliticosveracruz.com\/index.php?rest_route=%2Fwp%2Fv2%2Fcategories&post=22720"},{"taxonomy":"post_tag","embeddable":true,"href":"https:\/\/lospoliticosveracruz.com\/index.php?rest_route=%2Fwp%2Fv2%2Ftags&post=22720"}],"curies":[{"name":"wp","href":"https:\/\/api.w.org\/{rel}","templated":true}]}}